{"id":2889,"date":"2024-11-23T11:08:25","date_gmt":"2024-11-23T09:08:25","guid":{"rendered":"https:\/\/www.inkultura-online.de\/politisch_unkorrekt\/?p=2889"},"modified":"2024-11-23T11:08:25","modified_gmt":"2024-11-23T09:08:25","slug":"mehr-nietzsche-wagen","status":"publish","type":"post","link":"https:\/\/www.inkultura-online.de\/politisch_unkorrekt\/mehr-nietzsche-wagen\/","title":{"rendered":"Mehr Nietzsche wagen"},"content":{"rendered":"<p>Die sozialistische Idee \u201eBildung f\u00fcr alle\u201c steht im Kern f\u00fcr Chancengleichheit und die M\u00f6glichkeit, jedem Menschen Zugang zu Wissen und pers\u00f6nlichen Entwicklungsm\u00f6glichkeiten zu er\u00f6ffnen \u2013 und ist grandios gescheitert.<!--more--><\/p>\n<p>Theorie:<\/p>\n<p>Das zentrale Argument f\u00fcr Bildung f\u00fcr alle ist die Chancengleichheit. Ein solcher Ansatz soll sicherstellen, dass niemand aufgrund von sozialer Herkunft, finanziellen Mitteln oder anderen \u00e4u\u00dferen Umst\u00e4nden von Wissen und pers\u00f6nlichem Wachstum ausgeschlossen wird. Dar\u00fcber hinaus soll ein breites Bildungsangebot erm\u00f6glichen, dass Menschen ihre Interessen entdecken und sich in unterschiedlichen Bereichen entfalten k\u00f6nnen, selbst in solchen, die ihnen zun\u00e4chst unbekannt oder fremd erscheinen. Nicht zuletzt f\u00f6rdert eine gut gebildete Gesellschaft das kritische Denken und die F\u00e4higkeit, fundierte Entscheidungen zu treffen \u2013 beides essenzielle Grundlagen f\u00fcr eine funktionierende Demokratie.<\/p>\n<p>Realit\u00e4t:<\/p>\n<p>Kritisches Denken wird derzeit als Delegitimierung des Staates bezeichnet.<\/p>\n<p>Theorie:<\/p>\n<p>Zweifellos ist es wichtig, innerhalb des Rahmens einer allgemeinen Bildungsstrategie auf die individuellen Bed\u00fcrfnisse einzugehen. Eine solche Individualisierung k\u00f6nnte durch flexible Bildungswege erm\u00f6glicht werden, die unterschiedliche St\u00e4rken und Neigungen f\u00f6rdern \u2013 sei es auf handwerklicher, k\u00fcnstlerischer oder akademischer Ebene. Fr\u00fchzeitige Potenzialerkennung k\u00f6nnte dabei helfen, Talente und Interessen rechtzeitig zu entdecken und gezielt zu f\u00f6rdern. Auch die Idee des lebenslangen Lernens, das \u00fcber die klassische Schulzeit hinausgeht und an pers\u00f6nliche Bed\u00fcrfnisse angepasst ist, spielt in diesem Zusammenhang eine wichtige Rolle.<\/p>\n<p>Realit\u00e4t:<\/p>\n<p>Das p\u00e4dagogische Personal hat aktuell keine Zeit, Begabte gezielt zu f\u00f6rdern, denn es muss R\u00fccksicht auf die D\u00fcmmsten nehmen. Das politische Mantra lautet: \u201eAlle m\u00fcssen mit\u201c \u2013 egal wie faul oder untalentiert.<\/p>\n<p>Theorie:<\/p>\n<p>Theoretisch sollte eine sinnvolle Bildungspolitik daher eine Balance zwischen allgemeiner Bildung f\u00fcr alle und individueller F\u00f6rderung finden. Dies erm\u00f6glicht sowohl die F\u00f6rderung gesellschaftlicher Gleichheit als auch die Unterst\u00fctzung pers\u00f6nlicher St\u00e4rken. Die Kombination dieser Ans\u00e4tze soll gew\u00e4hrleisten, dass Bildung nicht nur ein Recht, sondern auch eine Chance f\u00fcr jeden Einzelnen ist, sein volles Potenzial zu entfalten.<\/p>\n<p>Realit\u00e4t:<\/p>\n<p>In der deutschen Neidgesellschaft darf keiner besser sein als der andere. Das politische Mantra lautet: \u201eAlle sind gleich.\u201c<\/p>\n<p>Theorie:<\/p>\n<p>Lebenslanges Lernen sollte kein Fremdwort, denn es bietet die M\u00f6glichkeit, starre Vorstellungen und fr\u00fchere Festlegungen zu \u00fcberwinden. Menschen k\u00f6nnen im Laufe ihres Lebens immer wieder neue Interessen und F\u00e4higkeiten entwickeln, unabh\u00e4ngig von ihrem Ausgangspunkt. So wird Bildung zu einem dynamischen, fortw\u00e4hrenden Prozess, der Raum f\u00fcr Ver\u00e4nderung und Wachstum l\u00e4sst, anstatt durch fr\u00fche Einordnungen begrenzt zu sein.<\/p>\n<p>Realit\u00e4t:<\/p>\n<p>Je mehr die prek\u00e4ren Jobs und unsicheren Arbeitsverh\u00e4ltnisse zunehmen, desto geringer ist die M\u00f6glichkeit einer pers\u00f6nlichen Entwicklung. Brot soll auf den Tisch und die Miete p\u00fcnktlich bezahlt werden.<\/p>\n<p>Theorie:<\/p>\n<p>Was jeder funktionierende Staat und jede prosperierende Wirtschaft braucht, ist die F\u00f6rderung der Besten und Kl\u00fcgsten. Sie ist f\u00fcr jede Gesellschaft von entscheidender Bedeutung, da sie Innovationen vorantreiben und gesellschaftlichen Fortschritt erm\u00f6glichen kann. Gerade in Deutschland besteht eine gewisse Skepsis gegen\u00fcber einer elit\u00e4ren F\u00f6rderung, die oft als unvereinbar mit dem Ideal der Chancengleichheit angesehen wird.<\/p>\n<p>Um dieses Spannungsfeld zu l\u00f6sen, w\u00e4re es hilfreich, Exzellenzf\u00f6rderung und allgemeine Chancengleichheit nicht als Gegens\u00e4tze zu betrachten. Stattdessen k\u00f6nnten Programme entwickelt werden, die Begabungen unabh\u00e4ngig von Herkunft oder finanziellen Mitteln identifizieren und f\u00f6rdern, w\u00e4hrend gleichzeitig eine breite Bildungsbasis erhalten bleibt. Dadurch w\u00fcrde die F\u00f6rderung der Besten nicht als Privileg weniger, sondern als Teil einer inklusiven Bildungsstrategie wahrgenommen. Es w\u00e4re ein Schritt hin zu einer Gesellschaft, die individuelle St\u00e4rken w\u00fcrdigt, ohne die Gemeinschaft aus dem Blick zu verlieren.<\/p>\n<p>Das Argument, dass sich Masse und Exzellenz gegenseitig ausschlie\u00dfen, hat in der Bildungsdebatte kaum Spuren hinterlassen. Exzellenz erfordert eine gezielte F\u00f6rderung, die auf spezifische Talente und hohe Leistungsanspr\u00fcche ausgerichtet ist, w\u00e4hrend Masse einen breiten Zugang und die F\u00f6rderung aller einschlie\u00dft. Der Versuch, beides in gleichem Ma\u00dfe zu verfolgen, birgt die Gefahr, dass weder die Breite ausreichend unterst\u00fctzt noch die Spitze ausreichend gef\u00f6rdert wird.<\/p>\n<p>Allerdings ist es m\u00f6glich, diese Gegens\u00e4tze in einer Balance zu halten. Ein Bildungssystem k\u00f6nnte darauf abzielen, zun\u00e4chst eine solide Grundbildung f\u00fcr alle zu gew\u00e4hrleisten und gleichzeitig Strukturen zu schaffen, die es erm\u00f6glichen, besondere Talente fr\u00fchzeitig zu erkennen und individuell zu f\u00f6rdern. Beispielsweise k\u00f6nnten spezielle F\u00f6rderprogramme, Eliteschulen oder hochrangige Stipendien parallel zu einem breiten Bildungsangebot existieren, ohne dass diese sich gegenseitig behindern.<\/p>\n<p>Realit\u00e4t:<\/p>\n<p>Das sieht die deutsche Einheitsfront der Gleichmacher in unserem Land v\u00f6llig gegens\u00e4tzlich.<\/p>\n<p>Desiderat:<\/p>\n<p>Die einfache, im deutschen Bildungssystem jedoch nicht vorgesehene L\u00f6sung liegt darin, Exzellenzf\u00f6rderung nicht als Ausschluss, sondern als Erg\u00e4nzung zu betrachten. W\u00e4hrend die Masse von einer allgemeinen Bildung profitiert, k\u00f6nnen die Besten durch gezielte Ma\u00dfnahmen herausgefordert werden, ohne dass dies zu Lasten der Chancengleichheit geht. Ein solches System erfordert jedoch sorgf\u00e4ltige Planung und gesellschaftliche Akzeptanz, da der Begriff \u201eElite\u201c in Deutschland zu Unrecht negativ konnotiert ist. Es braucht eine Kultur, die Exzellenz als einen Gewinn f\u00fcr die gesamte Gesellschaft versteht, nicht als Privileg einer kleinen Gruppe.<\/p>\n<p>Die sozialistische Ideologie, alle \u201e\u00fcber einen Kamm zu scheren\u201c, mag aus einer guten Absicht heraus entstehen \u2013 etwa um Chancengleichheit zu f\u00f6rdern oder gesellschaftliche Spaltungen zu vermeiden. Doch die Kehrseite ist, dass solche Vereinheitlichung der Vielfalt von Begabungen und Interessen nicht gerecht wird. Bildung wird dadurch standardisiert, was, wie wir derzeit Zeugen werden, zu Mittelma\u00df und Schlechterem f\u00fchrt, anstatt Exzellenz hervorzubringen.<\/p>\n<p>Wenn diese Haltung in der Politik dominiert, entsteht ein Teufelskreis: Eine Bildungspolitik, die Masse priorisiert, vernachl\u00e4ssigt die F\u00f6rderung herausragender Talente. Das Ergebnis ist eine Gesellschaft, die ihr Potenzial nicht aussch\u00f6pft, w\u00e4hrend andere L\u00e4nder ihre Besten gezielt f\u00f6rdern und dadurch in Wissenschaft, Wirtschaft und Kultur f\u00fchrend werden.<\/p>\n<p>Der entscheidende Punkt ist, dass Exzellenzf\u00f6rderung und Chancengleichheit keine Gegens\u00e4tze sein m\u00fcssen. Es geht nicht darum, Bildung zu privatisieren oder sozial exklusive Eliten zu schaffen, sondern darum, Strukturen zu entwickeln, die es jedem erm\u00f6glichen, sein volles Potenzial zu entfalten \u2013 egal, ob in der Breite oder an der Spitze. Eine kluge Politik m\u00fcsste den Mut haben, diesen Weg zu gehen, auch wenn er mit kurzfristigen Widerst\u00e4nden verbunden ist.<\/p>\n<p>Schlussbemerkung: Schlag nach bei Nietzsche!<\/p>\n<p>Friedrich Nietzsche hatte in seinem Werk durchaus \u00dcberlegungen zur P\u00e4dagogik, auch wenn er kein systematisches Konzept entworfen hat. Seine Gedanken zur Bildung und Erziehung sind eng mit seinen philosophischen Ansichten verkn\u00fcpft und stehen oft im Widerspruch zu den g\u00e4ngigen Bildungsidealen seiner Zeit \u2013 und erst recht zur heutigen.<\/p>\n<p>Im Mittelpunkt steht f\u00fcr Nietzsche die Idee, dass Bildung nicht blo\u00df der Wissensvermittlung dient, sondern ein Prozess der Selbst\u00fcberwindung und Pers\u00f6nlichkeitsbildung ist. Der Mensch soll sich stetig entwickeln, seine Schw\u00e4chen \u00fcberwinden und ein h\u00f6heres Selbst erreichen. Dabei betont Nietzsche die Bedeutung der individuellen Freiheit, sich von gesellschaftlichen Konventionen und Dogmen zu l\u00f6sen, um ein authentisches Leben zu f\u00fchren.<\/p>\n<p>In seinem Werk \u201eSchopenhauer als Erzieher\u201c kritisiert Nietzsche die damalige Bildungslandschaft, die er als oberfl\u00e4chlich und rein zweckorientiert empfindet. Er wendet sich gegen eine Anpassung der Bildung an wirtschaftliche oder politische Bed\u00fcrfnisse und fordert stattdessen eine Bildung, die den Einzelnen zu einem sch\u00f6pferischen und freien Geist formt. Dabei misst er gro\u00dfen Pers\u00f6nlichkeiten eine zentrale Rolle in der Erziehung bei. Nicht durch systematische Belehrung, sondern durch ihr Beispiel sollen solche Vorbilder \u2013 wie etwa Philosophen oder K\u00fcnstler \u2013 den Menschen inspirieren und pr\u00e4gen.<\/p>\n<p>Kunst spielt in Nietzsches Vorstellung von Bildung ebenfalls eine zentrale Rolle. Vor allem Musik und Trag\u00f6die betrachtet er als wichtige Mittel, um das Leben zu bejahen und existenzielle Krisen zu bew\u00e4ltigen. Eine \u00e4sthetische Erziehung soll den Menschen dazu bef\u00e4higen, das Leben in seiner ganzen Tiefe zu erfahren. Das ultimative Ziel der Erziehung sieht Nietzsche in der Hervorbringung eines \u201efreien Geistes\u201c, eines Menschen, der unabh\u00e4ngig denkt, die Werte der Gesellschaft kritisch hinterfragt und eigene Werte schafft. Diese Freiheit ist jedoch nur durch Disziplin, Mut und die Bereitschaft, Leiden zu ertragen, zu erlangen.<\/p>\n<p>Nietzsches p\u00e4dagogische \u00dcberlegungen stellen eine radikale Alternative zu traditionellen Erziehungskonzepten dar. Sie sind gepr\u00e4gt von einem starken Individualismus und darauf ausgerichtet, Kreativit\u00e4t, Freiheit und Authentizit\u00e4t zu f\u00f6rdern. Seine Ideen sind weniger als praktisches Programm, sondern vielmehr als philosophische Inspiration zu verstehen, die darauf abzielt, das volle Potenzial des Menschen zu entfalten.<\/p>\n<p>Realit\u00e4t:<\/p>\n<p>Vor solch einem umfassend gebildeten und gefestigte Individuum hat der moderne Staat Angst, denn dieser braucht zur Durchsetzung seinen Agenden Schafe und keine W\u00f6lfe.<\/p>\n<p>Und dennoch: Einfach mehr Nietzsche wagen!<\/p>\n<p>Wir brauchen die, die \u201e<i>\u2026 <\/i><i>einen tanzenden Stern geb\u00e4ren <\/i>[&#8230;]<i> k\u00f6nnen<\/i>.\u201c<\/p>\n","protected":false},"excerpt":{"rendered":"<p>Die sozialistische Idee \u201eBildung f\u00fcr alle\u201c steht im Kern f\u00fcr Chancengleichheit und die M\u00f6glichkeit, jedem Menschen Zugang zu Wissen und pers\u00f6nlichen Entwicklungsm\u00f6glichkeiten zu er\u00f6ffnen \u2013 und ist grandios gescheitert.<\/p>\n","protected":false},"author":1,"featured_media":0,"comment_status":"closed","ping_status":"closed","sticky":false,"template":"","format":"standard","meta":{"footnotes":""},"categories":[444],"tags":[876,1751,880,1752],"class_list":["post-2889","post","type-post","status-publish","format-standard","hentry","category-gedanken-zum-tag","tag-bildung","tag-exzellenz","tag-masse","tag-neidgesellschaft"],"yoast_head":"<!-- This site is optimized with the Yoast SEO plugin v27.5 - https:\/\/yoast.com\/product\/yoast-seo-wordpress\/ -->\n<title>Mehr Nietzsche wagen - Zeitgeist? Frei!<\/title>\n<meta name=\"robots\" content=\"index, follow, max-snippet:-1, max-image-preview:large, max-video-preview:-1\" \/>\n<link rel=\"canonical\" href=\"https:\/\/www.inkultura-online.de\/politisch_unkorrekt\/mehr-nietzsche-wagen\/\" \/>\n<meta property=\"og:locale\" content=\"de_DE\" \/>\n<meta property=\"og:type\" content=\"article\" \/>\n<meta property=\"og:title\" content=\"Mehr Nietzsche wagen - Zeitgeist? Frei!\" \/>\n<meta property=\"og:description\" content=\"Die sozialistische Idee \u201eBildung f\u00fcr alle\u201c steht im Kern f\u00fcr Chancengleichheit und die M\u00f6glichkeit, jedem Menschen Zugang zu Wissen und pers\u00f6nlichen Entwicklungsm\u00f6glichkeiten zu er\u00f6ffnen \u2013 und ist grandios gescheitert.\" \/>\n<meta property=\"og:url\" content=\"https:\/\/www.inkultura-online.de\/politisch_unkorrekt\/mehr-nietzsche-wagen\/\" \/>\n<meta property=\"og:site_name\" content=\"Zeitgeist? Frei!\" \/>\n<meta property=\"article:published_time\" content=\"2024-11-23T09:08:25+00:00\" \/>\n<meta name=\"author\" content=\"Orator\" \/>\n<meta name=\"twitter:label1\" content=\"Verfasst von\" \/>\n\t<meta name=\"twitter:data1\" content=\"Orator\" \/>\n\t<meta name=\"twitter:label2\" content=\"Gesch\u00e4tzte Lesezeit\" \/>\n\t<meta name=\"twitter:data2\" content=\"8\u00a0Minuten\" \/>\n<script type=\"application\/ld+json\" class=\"yoast-schema-graph\">{\"@context\":\"https:\\\/\\\/schema.org\",\"@graph\":[{\"@type\":\"Article\",\"@id\":\"https:\\\/\\\/www.inkultura-online.de\\\/politisch_unkorrekt\\\/mehr-nietzsche-wagen\\\/#article\",\"isPartOf\":{\"@id\":\"https:\\\/\\\/www.inkultura-online.de\\\/politisch_unkorrekt\\\/mehr-nietzsche-wagen\\\/\"},\"author\":{\"name\":\"Orator\",\"@id\":\"https:\\\/\\\/www.inkultura-online.de\\\/politisch_unkorrekt\\\/#\\\/schema\\\/person\\\/5b30b80e385478896a1de221e1994d86\"},\"headline\":\"Mehr Nietzsche wagen\",\"datePublished\":\"2024-11-23T09:08:25+00:00\",\"mainEntityOfPage\":{\"@id\":\"https:\\\/\\\/www.inkultura-online.de\\\/politisch_unkorrekt\\\/mehr-nietzsche-wagen\\\/\"},\"wordCount\":1461,\"publisher\":{\"@id\":\"https:\\\/\\\/www.inkultura-online.de\\\/politisch_unkorrekt\\\/#\\\/schema\\\/person\\\/5b30b80e385478896a1de221e1994d86\"},\"keywords\":[\"Bildung\",\"Exzellenz\",\"Masse\",\"Neidgesellschaft\"],\"articleSection\":[\"Gedanken zum Tag\"],\"inLanguage\":\"de\"},{\"@type\":\"WebPage\",\"@id\":\"https:\\\/\\\/www.inkultura-online.de\\\/politisch_unkorrekt\\\/mehr-nietzsche-wagen\\\/\",\"url\":\"https:\\\/\\\/www.inkultura-online.de\\\/politisch_unkorrekt\\\/mehr-nietzsche-wagen\\\/\",\"name\":\"Mehr Nietzsche wagen - Zeitgeist? Frei!\",\"isPartOf\":{\"@id\":\"https:\\\/\\\/www.inkultura-online.de\\\/politisch_unkorrekt\\\/#website\"},\"datePublished\":\"2024-11-23T09:08:25+00:00\",\"breadcrumb\":{\"@id\":\"https:\\\/\\\/www.inkultura-online.de\\\/politisch_unkorrekt\\\/mehr-nietzsche-wagen\\\/#breadcrumb\"},\"inLanguage\":\"de\",\"potentialAction\":[{\"@type\":\"ReadAction\",\"target\":[\"https:\\\/\\\/www.inkultura-online.de\\\/politisch_unkorrekt\\\/mehr-nietzsche-wagen\\\/\"]}]},{\"@type\":\"BreadcrumbList\",\"@id\":\"https:\\\/\\\/www.inkultura-online.de\\\/politisch_unkorrekt\\\/mehr-nietzsche-wagen\\\/#breadcrumb\",\"itemListElement\":[{\"@type\":\"ListItem\",\"position\":1,\"name\":\"Home\",\"item\":\"https:\\\/\\\/www.inkultura-online.de\\\/politisch_unkorrekt\\\/\"},{\"@type\":\"ListItem\",\"position\":2,\"name\":\"Mehr Nietzsche wagen\"}]},{\"@type\":\"WebSite\",\"@id\":\"https:\\\/\\\/www.inkultura-online.de\\\/politisch_unkorrekt\\\/#website\",\"url\":\"https:\\\/\\\/www.inkultura-online.de\\\/politisch_unkorrekt\\\/\",\"name\":\"Zeitgeist? Frei!\",\"description\":\"Was Ihr den Geist der Zeiten hei\u00dft...\",\"publisher\":{\"@id\":\"https:\\\/\\\/www.inkultura-online.de\\\/politisch_unkorrekt\\\/#\\\/schema\\\/person\\\/5b30b80e385478896a1de221e1994d86\"},\"potentialAction\":[{\"@type\":\"SearchAction\",\"target\":{\"@type\":\"EntryPoint\",\"urlTemplate\":\"https:\\\/\\\/www.inkultura-online.de\\\/politisch_unkorrekt\\\/?s={search_term_string}\"},\"query-input\":{\"@type\":\"PropertyValueSpecification\",\"valueRequired\":true,\"valueName\":\"search_term_string\"}}],\"inLanguage\":\"de\"},{\"@type\":[\"Person\",\"Organization\"],\"@id\":\"https:\\\/\\\/www.inkultura-online.de\\\/politisch_unkorrekt\\\/#\\\/schema\\\/person\\\/5b30b80e385478896a1de221e1994d86\",\"name\":\"Orator\",\"image\":{\"@type\":\"ImageObject\",\"inLanguage\":\"de\",\"@id\":\"https:\\\/\\\/secure.gravatar.com\\\/avatar\\\/96e03166d31716e9c437060430eb7605c45a8ce6fb6dab483637ca6915dd0844?s=96&d=mm&r=g\",\"url\":\"https:\\\/\\\/secure.gravatar.com\\\/avatar\\\/96e03166d31716e9c437060430eb7605c45a8ce6fb6dab483637ca6915dd0844?s=96&d=mm&r=g\",\"contentUrl\":\"https:\\\/\\\/secure.gravatar.com\\\/avatar\\\/96e03166d31716e9c437060430eb7605c45a8ce6fb6dab483637ca6915dd0844?s=96&d=mm&r=g\",\"caption\":\"Orator\"},\"logo\":{\"@id\":\"https:\\\/\\\/secure.gravatar.com\\\/avatar\\\/96e03166d31716e9c437060430eb7605c45a8ce6fb6dab483637ca6915dd0844?s=96&d=mm&r=g\"},\"url\":\"https:\\\/\\\/www.inkultura-online.de\\\/politisch_unkorrekt\\\/author\\\/1korrektor21-2\\\/\"}]}<\/script>\n<!-- \/ Yoast SEO plugin. -->","yoast_head_json":{"title":"Mehr Nietzsche wagen - Zeitgeist? Frei!","robots":{"index":"index","follow":"follow","max-snippet":"max-snippet:-1","max-image-preview":"max-image-preview:large","max-video-preview":"max-video-preview:-1"},"canonical":"https:\/\/www.inkultura-online.de\/politisch_unkorrekt\/mehr-nietzsche-wagen\/","og_locale":"de_DE","og_type":"article","og_title":"Mehr Nietzsche wagen - Zeitgeist? Frei!","og_description":"Die sozialistische Idee \u201eBildung f\u00fcr alle\u201c steht im Kern f\u00fcr Chancengleichheit und die M\u00f6glichkeit, jedem Menschen Zugang zu Wissen und pers\u00f6nlichen Entwicklungsm\u00f6glichkeiten zu er\u00f6ffnen \u2013 und ist grandios gescheitert.","og_url":"https:\/\/www.inkultura-online.de\/politisch_unkorrekt\/mehr-nietzsche-wagen\/","og_site_name":"Zeitgeist? Frei!","article_published_time":"2024-11-23T09:08:25+00:00","author":"Orator","twitter_misc":{"Verfasst von":"Orator","Gesch\u00e4tzte Lesezeit":"8\u00a0Minuten"},"schema":{"@context":"https:\/\/schema.org","@graph":[{"@type":"Article","@id":"https:\/\/www.inkultura-online.de\/politisch_unkorrekt\/mehr-nietzsche-wagen\/#article","isPartOf":{"@id":"https:\/\/www.inkultura-online.de\/politisch_unkorrekt\/mehr-nietzsche-wagen\/"},"author":{"name":"Orator","@id":"https:\/\/www.inkultura-online.de\/politisch_unkorrekt\/#\/schema\/person\/5b30b80e385478896a1de221e1994d86"},"headline":"Mehr Nietzsche wagen","datePublished":"2024-11-23T09:08:25+00:00","mainEntityOfPage":{"@id":"https:\/\/www.inkultura-online.de\/politisch_unkorrekt\/mehr-nietzsche-wagen\/"},"wordCount":1461,"publisher":{"@id":"https:\/\/www.inkultura-online.de\/politisch_unkorrekt\/#\/schema\/person\/5b30b80e385478896a1de221e1994d86"},"keywords":["Bildung","Exzellenz","Masse","Neidgesellschaft"],"articleSection":["Gedanken zum Tag"],"inLanguage":"de"},{"@type":"WebPage","@id":"https:\/\/www.inkultura-online.de\/politisch_unkorrekt\/mehr-nietzsche-wagen\/","url":"https:\/\/www.inkultura-online.de\/politisch_unkorrekt\/mehr-nietzsche-wagen\/","name":"Mehr Nietzsche wagen - Zeitgeist? Frei!","isPartOf":{"@id":"https:\/\/www.inkultura-online.de\/politisch_unkorrekt\/#website"},"datePublished":"2024-11-23T09:08:25+00:00","breadcrumb":{"@id":"https:\/\/www.inkultura-online.de\/politisch_unkorrekt\/mehr-nietzsche-wagen\/#breadcrumb"},"inLanguage":"de","potentialAction":[{"@type":"ReadAction","target":["https:\/\/www.inkultura-online.de\/politisch_unkorrekt\/mehr-nietzsche-wagen\/"]}]},{"@type":"BreadcrumbList","@id":"https:\/\/www.inkultura-online.de\/politisch_unkorrekt\/mehr-nietzsche-wagen\/#breadcrumb","itemListElement":[{"@type":"ListItem","position":1,"name":"Home","item":"https:\/\/www.inkultura-online.de\/politisch_unkorrekt\/"},{"@type":"ListItem","position":2,"name":"Mehr Nietzsche wagen"}]},{"@type":"WebSite","@id":"https:\/\/www.inkultura-online.de\/politisch_unkorrekt\/#website","url":"https:\/\/www.inkultura-online.de\/politisch_unkorrekt\/","name":"Zeitgeist? Frei!","description":"Was Ihr den Geist der Zeiten hei\u00dft...","publisher":{"@id":"https:\/\/www.inkultura-online.de\/politisch_unkorrekt\/#\/schema\/person\/5b30b80e385478896a1de221e1994d86"},"potentialAction":[{"@type":"SearchAction","target":{"@type":"EntryPoint","urlTemplate":"https:\/\/www.inkultura-online.de\/politisch_unkorrekt\/?s={search_term_string}"},"query-input":{"@type":"PropertyValueSpecification","valueRequired":true,"valueName":"search_term_string"}}],"inLanguage":"de"},{"@type":["Person","Organization"],"@id":"https:\/\/www.inkultura-online.de\/politisch_unkorrekt\/#\/schema\/person\/5b30b80e385478896a1de221e1994d86","name":"Orator","image":{"@type":"ImageObject","inLanguage":"de","@id":"https:\/\/secure.gravatar.com\/avatar\/96e03166d31716e9c437060430eb7605c45a8ce6fb6dab483637ca6915dd0844?s=96&d=mm&r=g","url":"https:\/\/secure.gravatar.com\/avatar\/96e03166d31716e9c437060430eb7605c45a8ce6fb6dab483637ca6915dd0844?s=96&d=mm&r=g","contentUrl":"https:\/\/secure.gravatar.com\/avatar\/96e03166d31716e9c437060430eb7605c45a8ce6fb6dab483637ca6915dd0844?s=96&d=mm&r=g","caption":"Orator"},"logo":{"@id":"https:\/\/secure.gravatar.com\/avatar\/96e03166d31716e9c437060430eb7605c45a8ce6fb6dab483637ca6915dd0844?s=96&d=mm&r=g"},"url":"https:\/\/www.inkultura-online.de\/politisch_unkorrekt\/author\/1korrektor21-2\/"}]}},"_links":{"self":[{"href":"https:\/\/www.inkultura-online.de\/politisch_unkorrekt\/wp-json\/wp\/v2\/posts\/2889","targetHints":{"allow":["GET"]}}],"collection":[{"href":"https:\/\/www.inkultura-online.de\/politisch_unkorrekt\/wp-json\/wp\/v2\/posts"}],"about":[{"href":"https:\/\/www.inkultura-online.de\/politisch_unkorrekt\/wp-json\/wp\/v2\/types\/post"}],"author":[{"embeddable":true,"href":"https:\/\/www.inkultura-online.de\/politisch_unkorrekt\/wp-json\/wp\/v2\/users\/1"}],"replies":[{"embeddable":true,"href":"https:\/\/www.inkultura-online.de\/politisch_unkorrekt\/wp-json\/wp\/v2\/comments?post=2889"}],"version-history":[{"count":1,"href":"https:\/\/www.inkultura-online.de\/politisch_unkorrekt\/wp-json\/wp\/v2\/posts\/2889\/revisions"}],"predecessor-version":[{"id":2890,"href":"https:\/\/www.inkultura-online.de\/politisch_unkorrekt\/wp-json\/wp\/v2\/posts\/2889\/revisions\/2890"}],"wp:attachment":[{"href":"https:\/\/www.inkultura-online.de\/politisch_unkorrekt\/wp-json\/wp\/v2\/media?parent=2889"}],"wp:term":[{"taxonomy":"category","embeddable":true,"href":"https:\/\/www.inkultura-online.de\/politisch_unkorrekt\/wp-json\/wp\/v2\/categories?post=2889"},{"taxonomy":"post_tag","embeddable":true,"href":"https:\/\/www.inkultura-online.de\/politisch_unkorrekt\/wp-json\/wp\/v2\/tags?post=2889"}],"curies":[{"name":"wp","href":"https:\/\/api.w.org\/{rel}","templated":true}]}}