{"id":2892,"date":"2024-11-26T15:57:04","date_gmt":"2024-11-26T13:57:04","guid":{"rendered":"https:\/\/www.inkultura-online.de\/politisch_unkorrekt\/?p=2892"},"modified":"2024-11-26T15:57:04","modified_gmt":"2024-11-26T13:57:04","slug":"zum-abschied-ein-zuendfunke-fuer-den-krieg","status":"publish","type":"post","link":"https:\/\/www.inkultura-online.de\/politisch_unkorrekt\/zum-abschied-ein-zuendfunke-fuer-den-krieg\/","title":{"rendered":"Zum Abschied ein Z\u00fcndfunke f\u00fcr den Krieg"},"content":{"rendered":"<p>Die Welt mag kurz aufgeatmet haben, als klar wurde, dass Donald Trump erneut als designierter Pr\u00e4sident der Vereinigten Staaten feststeht. Doch diese Erleichterung wird durch ein letztes Erbe des scheidenden Amtsinhabers Joe Biden getr\u00fcbt, das den Charakter eines vergifteten Abschiedsgeschenks tr\u00e4gt.<!--more--><\/p>\n<p>Mit seiner Entscheidung, der Ukraine den Einsatz weitreichender, amerikanischer Waffensysteme gegen russisches Territorium zu gestatten, wird ein Pulverfass entz\u00fcndet, dessen Sprengkraft die Weltordnung nachhaltig ersch\u00fcttern k\u00f6nnte. Man stelle sich vor, Kamala Harris w\u00e4re Bidens Nachfolgerin geworden \u2013 ein Szenario, das wohl unweigerlich im nuklearen Abgrund geendet h\u00e4tte.<\/p>\n<p>Die aktuellen Entwicklungen zeigen, dass hinter dieser eskalierenden Entscheidung Kr\u00e4fte stehen, die nichts weniger anstreben als eine Konfrontation mit Russland. Eine Konfrontation, die \u2013 wenn Moskau seine angek\u00fcndigte \u201eangemessene Reaktion\u201c wahrmacht \u2013 genau jenes Chaos schaffen k\u00f6nnte, das als N\u00e4hrboden f\u00fcr die Realisierung einer dystopischen \u201eNeuen Weltordnung\u201c dient.<\/p>\n<p>Es \u00fcberrascht kaum, dass Gro\u00dfbritannien und Frankreich sich demonstrativ hinter Bidens Entscheidung stellen. Beiden Nationen steht das Wasser wirtschaftlich und gesellschaftlich bis zum Hals. Ein Krieg, der ihre immensen Staatsschulden auf einen Schlag ausl\u00f6scht und die Machteliten erm\u00e4chtigt, ihre finstere Agenda umzusetzen, k\u00e4me da wie gerufen. In diesem Zusammenhang l\u00e4sst sich auch das Verhalten der politischen Akteure in Deutschland deuten: Die Vorstellung von Frieden scheint in ihrem Vokabular nicht mehr existent, w\u00e4hrend sie mit wachsender Offenheit f\u00fcr einen Konflikt mit Russland trommeln.<\/p>\n<p>Unter den \u00fcblichen Verd\u00e4chtigen \u2013 <span style=\"font-family: Liberation Serif;\">darf man noch Namen nennen, ohne einen morgendlichen \u00dcberraschungsbesuch der Staatsmacht bef\u00fcrchten zu m\u00fcssen? <\/span><span style=\"font-family: Liberation Serif;\">\u2013<\/span><span style=\"font-family: Liberation Serif;\"> ,<\/span>Waffenlobbyisten, die sich im Schatten des Systems bereichern und kriegsbegeisterte Funktion\u00e4re, die sich wohl als erste in die Sicherheit ihrer Bunkeranlagen zur\u00fcckziehen w\u00fcrden, heben sich besonders die Gr\u00fcnen hervor. Die Partei, einst als Friedensbewegung gestartet, ist heute zum Sprachrohr eines aggressiven Militarismus mutiert.<\/p>\n<p>Ein k\u00fcrzlich abgehaltener Parteitag der Gr\u00fcnen war ein eindrucksvolles Beispiel f\u00fcr diese neue Ausrichtung. Lediglich eine einzige Stimme wagte es, den militaristischen Kurs der Partei zu hinterfragen \u2013 und wurde daf\u00fcr mit eisigem Schweigen abgestraft. Stattdessen dominierten Reden, die den Mythos eines hybriden Krieges befeuerten, den Russland angeblich gegen Europa f\u00fchre.<\/p>\n<p>Beweise f\u00fcr diese Behauptungen? Fehlanzeige. Doch in der dogmatischen Selbstwahrnehmung der Gr\u00fcnen als moralische Instanz gen\u00fcgt der Glaube, um Tatsachen zu schaffen. Es passt ins Bild, dass unmittelbar nach dem Parteitag die gr\u00fcnen Vorzeigefiguren Robert Habeck und Annalena Baerbock erneut die Lieferung von Taurus-Marschflugk\u00f6rpern an die Ukraine forderten. Ein Blick in die Lebensl\u00e4ufe der beiden gen\u00fcgt, um zu erkennen, welchen Interessen sie tats\u00e4chlich dienen und durch welche Netzwerke sie gepr\u00e4gt wurden. So schlie\u00dft sich der Kreis, in dessen Zentrum die Vision einer \u201eNeuen Weltordnung\u201c steht \u2013 einer Ordnung, die den B\u00fcrgern jegliche Autonomie entrei\u00dft.<\/p>\n<p>Was f\u00fcr eine Ironie: Die Hoffnung der B\u00fcrger gilt ausgerechnet Olaf Scholz. Trotz des anhaltenden Drucks durch Medien und Politik hat er bislang standhaft abgelehnt, Taurus-Marschflugk\u00f6rper an die Ukraine zu liefern. Sollte er diesem Standpunkt treu bleiben, k\u00f6nnte dies sein einziger positiver Beitrag zur Geschichte werden \u2013 ein letztes, d\u00fcnnes Bollwerk gegen die Raserei jener, die bereit sind, die Welt ins Chaos zu st\u00fcrzen, um ihre eigenen Interessen zu wahren. Dieses Verm\u00e4chtnis, so bitter es auch anmutet, k\u00f6nnte eines Tages als das einzig Konstruktive in Erinnerung bleiben, was die Kanzlerschaft Scholz zu bieten hatte.<\/p>\n<p>Bis dahin jedoch bleibt die Frage offen, ob die politischen und wirtschaftlichen Kr\u00e4fte, die diesen Kurs der Eskalation vorantreiben, gestoppt werden k\u00f6nnen \u2013 oder ob die Welt in einen Abgrund st\u00fcrzt, der ihre Zukunft auf ewig \u00fcberschattet.<\/p>\n","protected":false},"excerpt":{"rendered":"<p>Die Welt mag kurz aufgeatmet haben, als klar wurde, dass Donald Trump erneut als designierter Pr\u00e4sident der Vereinigten Staaten feststeht. Doch diese Erleichterung wird durch ein letztes Erbe des scheidenden Amtsinhabers Joe Biden getr\u00fcbt, das den Charakter eines vergifteten Abschiedsgeschenks &hellip; <a href=\"https:\/\/www.inkultura-online.de\/politisch_unkorrekt\/zum-abschied-ein-zuendfunke-fuer-den-krieg\/\">Weiterlesen <span class=\"meta-nav\">&rarr;<\/span><\/a><\/p>\n","protected":false},"author":1,"featured_media":0,"comment_status":"closed","ping_status":"closed","sticky":false,"template":"","format":"standard","meta":{"footnotes":""},"categories":[2,1,444,9,10],"tags":[1455,578,177,336,1278,175,1753,176,1754],"class_list":["post-2892","post","type-post","status-publish","format-standard","hentry","category-antipathie","category-fundstuecke","category-gedanken-zum-tag","category-staaten-untereinander","category-systemfehler","tag-annalena-baerbock","tag-die-gruenen","tag-kriegstreiber","tag-neue-weltordnung","tag-robert-habeck","tag-russland","tag-ukraiinekrieg","tag-ukraine","tag-waffenlobbyisten"],"yoast_head":"<!-- This site is optimized with the Yoast SEO plugin v27.5 - https:\/\/yoast.com\/product\/yoast-seo-wordpress\/ -->\n<title>Zum Abschied ein Z\u00fcndfunke f\u00fcr den Krieg - Zeitgeist? Frei!<\/title>\n<meta name=\"robots\" content=\"index, follow, max-snippet:-1, max-image-preview:large, max-video-preview:-1\" \/>\n<link rel=\"canonical\" href=\"https:\/\/www.inkultura-online.de\/politisch_unkorrekt\/zum-abschied-ein-zuendfunke-fuer-den-krieg\/\" \/>\n<meta property=\"og:locale\" content=\"de_DE\" \/>\n<meta property=\"og:type\" content=\"article\" \/>\n<meta property=\"og:title\" content=\"Zum Abschied ein Z\u00fcndfunke f\u00fcr den Krieg - Zeitgeist? Frei!\" \/>\n<meta property=\"og:description\" content=\"Die Welt mag kurz aufgeatmet haben, als klar wurde, dass Donald Trump erneut als designierter Pr\u00e4sident der Vereinigten Staaten feststeht. Doch diese Erleichterung wird durch ein letztes Erbe des scheidenden Amtsinhabers Joe Biden getr\u00fcbt, das den Charakter eines vergifteten Abschiedsgeschenks &hellip; Weiterlesen &rarr;\" \/>\n<meta property=\"og:url\" content=\"https:\/\/www.inkultura-online.de\/politisch_unkorrekt\/zum-abschied-ein-zuendfunke-fuer-den-krieg\/\" \/>\n<meta property=\"og:site_name\" content=\"Zeitgeist? Frei!\" \/>\n<meta property=\"article:published_time\" content=\"2024-11-26T13:57:04+00:00\" \/>\n<meta name=\"author\" content=\"Orator\" \/>\n<meta name=\"twitter:label1\" content=\"Verfasst von\" \/>\n\t<meta name=\"twitter:data1\" content=\"Orator\" \/>\n\t<meta name=\"twitter:label2\" content=\"Gesch\u00e4tzte Lesezeit\" \/>\n\t<meta name=\"twitter:data2\" content=\"4\u00a0Minuten\" \/>\n<script type=\"application\/ld+json\" class=\"yoast-schema-graph\">{\"@context\":\"https:\\\/\\\/schema.org\",\"@graph\":[{\"@type\":\"Article\",\"@id\":\"https:\\\/\\\/www.inkultura-online.de\\\/politisch_unkorrekt\\\/zum-abschied-ein-zuendfunke-fuer-den-krieg\\\/#article\",\"isPartOf\":{\"@id\":\"https:\\\/\\\/www.inkultura-online.de\\\/politisch_unkorrekt\\\/zum-abschied-ein-zuendfunke-fuer-den-krieg\\\/\"},\"author\":{\"name\":\"Orator\",\"@id\":\"https:\\\/\\\/www.inkultura-online.de\\\/politisch_unkorrekt\\\/#\\\/schema\\\/person\\\/5b30b80e385478896a1de221e1994d86\"},\"headline\":\"Zum Abschied ein Z\u00fcndfunke f\u00fcr den Krieg\",\"datePublished\":\"2024-11-26T13:57:04+00:00\",\"mainEntityOfPage\":{\"@id\":\"https:\\\/\\\/www.inkultura-online.de\\\/politisch_unkorrekt\\\/zum-abschied-ein-zuendfunke-fuer-den-krieg\\\/\"},\"wordCount\":612,\"publisher\":{\"@id\":\"https:\\\/\\\/www.inkultura-online.de\\\/politisch_unkorrekt\\\/#\\\/schema\\\/person\\\/5b30b80e385478896a1de221e1994d86\"},\"keywords\":[\"Annalena Baerbock\",\"die Gr\u00fcnen\",\"Kriegstreiber\",\"Neue Weltordnung\",\"Robert Habeck\",\"Russland\",\"Ukraiinekrieg\",\"Ukraine\",\"Waffenlobbyisten\"],\"articleSection\":[\"Antipathie\",\"Fundst\u00fccke\",\"Gedanken zum Tag\",\"Staaten untereinander\",\"Systemfehler\"],\"inLanguage\":\"de\"},{\"@type\":\"WebPage\",\"@id\":\"https:\\\/\\\/www.inkultura-online.de\\\/politisch_unkorrekt\\\/zum-abschied-ein-zuendfunke-fuer-den-krieg\\\/\",\"url\":\"https:\\\/\\\/www.inkultura-online.de\\\/politisch_unkorrekt\\\/zum-abschied-ein-zuendfunke-fuer-den-krieg\\\/\",\"name\":\"Zum Abschied ein Z\u00fcndfunke f\u00fcr den Krieg - Zeitgeist? Frei!\",\"isPartOf\":{\"@id\":\"https:\\\/\\\/www.inkultura-online.de\\\/politisch_unkorrekt\\\/#website\"},\"datePublished\":\"2024-11-26T13:57:04+00:00\",\"breadcrumb\":{\"@id\":\"https:\\\/\\\/www.inkultura-online.de\\\/politisch_unkorrekt\\\/zum-abschied-ein-zuendfunke-fuer-den-krieg\\\/#breadcrumb\"},\"inLanguage\":\"de\",\"potentialAction\":[{\"@type\":\"ReadAction\",\"target\":[\"https:\\\/\\\/www.inkultura-online.de\\\/politisch_unkorrekt\\\/zum-abschied-ein-zuendfunke-fuer-den-krieg\\\/\"]}]},{\"@type\":\"BreadcrumbList\",\"@id\":\"https:\\\/\\\/www.inkultura-online.de\\\/politisch_unkorrekt\\\/zum-abschied-ein-zuendfunke-fuer-den-krieg\\\/#breadcrumb\",\"itemListElement\":[{\"@type\":\"ListItem\",\"position\":1,\"name\":\"Home\",\"item\":\"https:\\\/\\\/www.inkultura-online.de\\\/politisch_unkorrekt\\\/\"},{\"@type\":\"ListItem\",\"position\":2,\"name\":\"Zum Abschied ein Z\u00fcndfunke f\u00fcr den Krieg\"}]},{\"@type\":\"WebSite\",\"@id\":\"https:\\\/\\\/www.inkultura-online.de\\\/politisch_unkorrekt\\\/#website\",\"url\":\"https:\\\/\\\/www.inkultura-online.de\\\/politisch_unkorrekt\\\/\",\"name\":\"Zeitgeist? Frei!\",\"description\":\"Was Ihr den Geist der Zeiten hei\u00dft...\",\"publisher\":{\"@id\":\"https:\\\/\\\/www.inkultura-online.de\\\/politisch_unkorrekt\\\/#\\\/schema\\\/person\\\/5b30b80e385478896a1de221e1994d86\"},\"potentialAction\":[{\"@type\":\"SearchAction\",\"target\":{\"@type\":\"EntryPoint\",\"urlTemplate\":\"https:\\\/\\\/www.inkultura-online.de\\\/politisch_unkorrekt\\\/?s={search_term_string}\"},\"query-input\":{\"@type\":\"PropertyValueSpecification\",\"valueRequired\":true,\"valueName\":\"search_term_string\"}}],\"inLanguage\":\"de\"},{\"@type\":[\"Person\",\"Organization\"],\"@id\":\"https:\\\/\\\/www.inkultura-online.de\\\/politisch_unkorrekt\\\/#\\\/schema\\\/person\\\/5b30b80e385478896a1de221e1994d86\",\"name\":\"Orator\",\"image\":{\"@type\":\"ImageObject\",\"inLanguage\":\"de\",\"@id\":\"https:\\\/\\\/secure.gravatar.com\\\/avatar\\\/96e03166d31716e9c437060430eb7605c45a8ce6fb6dab483637ca6915dd0844?s=96&d=mm&r=g\",\"url\":\"https:\\\/\\\/secure.gravatar.com\\\/avatar\\\/96e03166d31716e9c437060430eb7605c45a8ce6fb6dab483637ca6915dd0844?s=96&d=mm&r=g\",\"contentUrl\":\"https:\\\/\\\/secure.gravatar.com\\\/avatar\\\/96e03166d31716e9c437060430eb7605c45a8ce6fb6dab483637ca6915dd0844?s=96&d=mm&r=g\",\"caption\":\"Orator\"},\"logo\":{\"@id\":\"https:\\\/\\\/secure.gravatar.com\\\/avatar\\\/96e03166d31716e9c437060430eb7605c45a8ce6fb6dab483637ca6915dd0844?s=96&d=mm&r=g\"},\"url\":\"https:\\\/\\\/www.inkultura-online.de\\\/politisch_unkorrekt\\\/author\\\/1korrektor21-2\\\/\"}]}<\/script>\n<!-- \/ Yoast SEO plugin. -->","yoast_head_json":{"title":"Zum Abschied ein Z\u00fcndfunke f\u00fcr den Krieg - Zeitgeist? Frei!","robots":{"index":"index","follow":"follow","max-snippet":"max-snippet:-1","max-image-preview":"max-image-preview:large","max-video-preview":"max-video-preview:-1"},"canonical":"https:\/\/www.inkultura-online.de\/politisch_unkorrekt\/zum-abschied-ein-zuendfunke-fuer-den-krieg\/","og_locale":"de_DE","og_type":"article","og_title":"Zum Abschied ein Z\u00fcndfunke f\u00fcr den Krieg - Zeitgeist? Frei!","og_description":"Die Welt mag kurz aufgeatmet haben, als klar wurde, dass Donald Trump erneut als designierter Pr\u00e4sident der Vereinigten Staaten feststeht. Doch diese Erleichterung wird durch ein letztes Erbe des scheidenden Amtsinhabers Joe Biden getr\u00fcbt, das den Charakter eines vergifteten Abschiedsgeschenks &hellip; Weiterlesen &rarr;","og_url":"https:\/\/www.inkultura-online.de\/politisch_unkorrekt\/zum-abschied-ein-zuendfunke-fuer-den-krieg\/","og_site_name":"Zeitgeist? Frei!","article_published_time":"2024-11-26T13:57:04+00:00","author":"Orator","twitter_misc":{"Verfasst von":"Orator","Gesch\u00e4tzte Lesezeit":"4\u00a0Minuten"},"schema":{"@context":"https:\/\/schema.org","@graph":[{"@type":"Article","@id":"https:\/\/www.inkultura-online.de\/politisch_unkorrekt\/zum-abschied-ein-zuendfunke-fuer-den-krieg\/#article","isPartOf":{"@id":"https:\/\/www.inkultura-online.de\/politisch_unkorrekt\/zum-abschied-ein-zuendfunke-fuer-den-krieg\/"},"author":{"name":"Orator","@id":"https:\/\/www.inkultura-online.de\/politisch_unkorrekt\/#\/schema\/person\/5b30b80e385478896a1de221e1994d86"},"headline":"Zum Abschied ein Z\u00fcndfunke f\u00fcr den Krieg","datePublished":"2024-11-26T13:57:04+00:00","mainEntityOfPage":{"@id":"https:\/\/www.inkultura-online.de\/politisch_unkorrekt\/zum-abschied-ein-zuendfunke-fuer-den-krieg\/"},"wordCount":612,"publisher":{"@id":"https:\/\/www.inkultura-online.de\/politisch_unkorrekt\/#\/schema\/person\/5b30b80e385478896a1de221e1994d86"},"keywords":["Annalena Baerbock","die Gr\u00fcnen","Kriegstreiber","Neue Weltordnung","Robert Habeck","Russland","Ukraiinekrieg","Ukraine","Waffenlobbyisten"],"articleSection":["Antipathie","Fundst\u00fccke","Gedanken zum Tag","Staaten untereinander","Systemfehler"],"inLanguage":"de"},{"@type":"WebPage","@id":"https:\/\/www.inkultura-online.de\/politisch_unkorrekt\/zum-abschied-ein-zuendfunke-fuer-den-krieg\/","url":"https:\/\/www.inkultura-online.de\/politisch_unkorrekt\/zum-abschied-ein-zuendfunke-fuer-den-krieg\/","name":"Zum Abschied ein Z\u00fcndfunke f\u00fcr den Krieg - Zeitgeist? Frei!","isPartOf":{"@id":"https:\/\/www.inkultura-online.de\/politisch_unkorrekt\/#website"},"datePublished":"2024-11-26T13:57:04+00:00","breadcrumb":{"@id":"https:\/\/www.inkultura-online.de\/politisch_unkorrekt\/zum-abschied-ein-zuendfunke-fuer-den-krieg\/#breadcrumb"},"inLanguage":"de","potentialAction":[{"@type":"ReadAction","target":["https:\/\/www.inkultura-online.de\/politisch_unkorrekt\/zum-abschied-ein-zuendfunke-fuer-den-krieg\/"]}]},{"@type":"BreadcrumbList","@id":"https:\/\/www.inkultura-online.de\/politisch_unkorrekt\/zum-abschied-ein-zuendfunke-fuer-den-krieg\/#breadcrumb","itemListElement":[{"@type":"ListItem","position":1,"name":"Home","item":"https:\/\/www.inkultura-online.de\/politisch_unkorrekt\/"},{"@type":"ListItem","position":2,"name":"Zum Abschied ein Z\u00fcndfunke f\u00fcr den Krieg"}]},{"@type":"WebSite","@id":"https:\/\/www.inkultura-online.de\/politisch_unkorrekt\/#website","url":"https:\/\/www.inkultura-online.de\/politisch_unkorrekt\/","name":"Zeitgeist? Frei!","description":"Was Ihr den Geist der Zeiten hei\u00dft...","publisher":{"@id":"https:\/\/www.inkultura-online.de\/politisch_unkorrekt\/#\/schema\/person\/5b30b80e385478896a1de221e1994d86"},"potentialAction":[{"@type":"SearchAction","target":{"@type":"EntryPoint","urlTemplate":"https:\/\/www.inkultura-online.de\/politisch_unkorrekt\/?s={search_term_string}"},"query-input":{"@type":"PropertyValueSpecification","valueRequired":true,"valueName":"search_term_string"}}],"inLanguage":"de"},{"@type":["Person","Organization"],"@id":"https:\/\/www.inkultura-online.de\/politisch_unkorrekt\/#\/schema\/person\/5b30b80e385478896a1de221e1994d86","name":"Orator","image":{"@type":"ImageObject","inLanguage":"de","@id":"https:\/\/secure.gravatar.com\/avatar\/96e03166d31716e9c437060430eb7605c45a8ce6fb6dab483637ca6915dd0844?s=96&d=mm&r=g","url":"https:\/\/secure.gravatar.com\/avatar\/96e03166d31716e9c437060430eb7605c45a8ce6fb6dab483637ca6915dd0844?s=96&d=mm&r=g","contentUrl":"https:\/\/secure.gravatar.com\/avatar\/96e03166d31716e9c437060430eb7605c45a8ce6fb6dab483637ca6915dd0844?s=96&d=mm&r=g","caption":"Orator"},"logo":{"@id":"https:\/\/secure.gravatar.com\/avatar\/96e03166d31716e9c437060430eb7605c45a8ce6fb6dab483637ca6915dd0844?s=96&d=mm&r=g"},"url":"https:\/\/www.inkultura-online.de\/politisch_unkorrekt\/author\/1korrektor21-2\/"}]}},"_links":{"self":[{"href":"https:\/\/www.inkultura-online.de\/politisch_unkorrekt\/wp-json\/wp\/v2\/posts\/2892","targetHints":{"allow":["GET"]}}],"collection":[{"href":"https:\/\/www.inkultura-online.de\/politisch_unkorrekt\/wp-json\/wp\/v2\/posts"}],"about":[{"href":"https:\/\/www.inkultura-online.de\/politisch_unkorrekt\/wp-json\/wp\/v2\/types\/post"}],"author":[{"embeddable":true,"href":"https:\/\/www.inkultura-online.de\/politisch_unkorrekt\/wp-json\/wp\/v2\/users\/1"}],"replies":[{"embeddable":true,"href":"https:\/\/www.inkultura-online.de\/politisch_unkorrekt\/wp-json\/wp\/v2\/comments?post=2892"}],"version-history":[{"count":1,"href":"https:\/\/www.inkultura-online.de\/politisch_unkorrekt\/wp-json\/wp\/v2\/posts\/2892\/revisions"}],"predecessor-version":[{"id":2893,"href":"https:\/\/www.inkultura-online.de\/politisch_unkorrekt\/wp-json\/wp\/v2\/posts\/2892\/revisions\/2893"}],"wp:attachment":[{"href":"https:\/\/www.inkultura-online.de\/politisch_unkorrekt\/wp-json\/wp\/v2\/media?parent=2892"}],"wp:term":[{"taxonomy":"category","embeddable":true,"href":"https:\/\/www.inkultura-online.de\/politisch_unkorrekt\/wp-json\/wp\/v2\/categories?post=2892"},{"taxonomy":"post_tag","embeddable":true,"href":"https:\/\/www.inkultura-online.de\/politisch_unkorrekt\/wp-json\/wp\/v2\/tags?post=2892"}],"curies":[{"name":"wp","href":"https:\/\/api.w.org\/{rel}","templated":true}]}}