{"id":2894,"date":"2024-11-27T16:20:11","date_gmt":"2024-11-27T14:20:11","guid":{"rendered":"https:\/\/www.inkultura-online.de\/politisch_unkorrekt\/?p=2894"},"modified":"2024-11-27T16:26:10","modified_gmt":"2024-11-27T14:26:10","slug":"sockenschuss-oder-kriegswinterhilfe","status":"publish","type":"post","link":"https:\/\/www.inkultura-online.de\/politisch_unkorrekt\/sockenschuss-oder-kriegswinterhilfe\/","title":{"rendered":"Sockenschuss oder (Kriegs)Winterhilfe?"},"content":{"rendered":"<p>Hinsichtlich der nach Br\u00fcssel abgeschobenen Politreste haben wir uns ja bereits an einiges gew\u00f6hnt. Die historisch einzigartige Bananenkr\u00fcmmungsverordnung, die weltweit bewunderte Gurkenrichtlinie und die pr\u00e4zise Vermessung von Pr\u00e4servativen \u2013 ein Hoch auf die technokratische Penisvermessung! \u2013, Verbrennerverbote, ein am Horizont bereits auftauchendes Rauchverbot im Freien und andere, den B\u00fcrger kujonierende und \u00fcberwiegend \u00fcbergriffig-\u00fcberfl\u00fcssige Vorgaben; allesamt Elaborate gelangweilter Sesselkleber mit \u00fcberbordendem Sendungsbed\u00fcrfnis.<!--more--><\/p>\n<p>Keine Besserung in Sicht und da geht noch mehr. Im Zuge der <a href=\"https:\/\/eu-recycling.com\/Archive\/44579\" target=\"_blank\" rel=\"noopener\">\u00fcberarbeiteten E-Abfallrichtlinie<\/a> wird es bei Strafandrohung verboten, gebrauchte und aussortierte Textilien \u2013 Bettw\u00e4sche, Hemden, alte Socken, vollgesch&#8230; Hosen, etc. \u2013 im normalen Hausm\u00fcll zu entsorgen, sondern diese geh\u00f6ren laut EUkratie ab dem 1. Januar 2025 in die Kleiderboxen.<\/p>\n<p>Da werden sich aber diejenigen, die diese ausrangierten Textilien sortieren \u2013 der \u00fcberwiegende Teil dieser Altkleidersammlung geht nach Afrika, wo sie sich seit Jahren als Vernichter der dortigen Textilindustrie erwiesen haben \u2013 aber freuen.<\/p>\n<p>Die alten nach K\u00e4se m\u00fcffelnden Socken von Opa Paul und die uringef\u00e4rbte Bettw\u00e4sche von Tante Trude als Exportschlager \u201eMade by EU.\u201c Herr, lass Hirn vom Himmel fallen und erl\u00f6se uns von dem Wahnsinn der EUkraten.<\/p>\n<p>Oder, das jedenfalls fragt sich der aufmerksame Beobachter des politischen Zeitgeists, gehen Opas alte Socken gar nicht nach Afrika, sondern kommen der noch zu gr\u00fcndenden Winterhilfe zugute? W\u00e4re doch nur logisch. Wir, die B\u00fcrger, sollen uns doch an die kommende Kriegswirtschaft gew\u00f6hnen.<\/p>\n<p>In diesem Sinn: Alte Socken (nat\u00fcrlich nur paarweise) und vollgepisste Laken an die Front! Der Sieg wird unser sein!<\/p>\n","protected":false},"excerpt":{"rendered":"<p>Hinsichtlich der nach Br\u00fcssel abgeschobenen Politreste haben wir uns ja bereits an einiges gew\u00f6hnt. Die historisch einzigartige Bananenkr\u00fcmmungsverordnung, die weltweit bewunderte Gurkenrichtlinie und die pr\u00e4zise Vermessung von Pr\u00e4servativen \u2013 ein Hoch auf die technokratische Penisvermessung! \u2013, Verbrennerverbote, ein am Horizont &hellip; <a href=\"https:\/\/www.inkultura-online.de\/politisch_unkorrekt\/sockenschuss-oder-kriegswinterhilfe\/\">Weiterlesen <span class=\"meta-nav\">&rarr;<\/span><\/a><\/p>\n","protected":false},"author":1,"featured_media":0,"comment_status":"closed","ping_status":"closed","sticky":false,"template":"","format":"standard","meta":{"footnotes":""},"categories":[444,10],"tags":[1755,1756,1757],"class_list":["post-2894","post","type-post","status-publish","format-standard","hentry","category-gedanken-zum-tag","category-systemfehler","tag-eu-abfallverordnung","tag-eu-wahnsinn","tag-eurokratie"],"yoast_head":"<!-- This site is optimized with the Yoast SEO plugin v27.5 - https:\/\/yoast.com\/product\/yoast-seo-wordpress\/ -->\n<title>Sockenschuss oder (Kriegs)Winterhilfe? - Zeitgeist? Frei!<\/title>\n<meta name=\"robots\" content=\"index, follow, max-snippet:-1, max-image-preview:large, max-video-preview:-1\" \/>\n<link rel=\"canonical\" href=\"https:\/\/www.inkultura-online.de\/politisch_unkorrekt\/sockenschuss-oder-kriegswinterhilfe\/\" \/>\n<meta property=\"og:locale\" content=\"de_DE\" \/>\n<meta property=\"og:type\" content=\"article\" \/>\n<meta property=\"og:title\" content=\"Sockenschuss oder (Kriegs)Winterhilfe? - Zeitgeist? Frei!\" \/>\n<meta property=\"og:description\" content=\"Hinsichtlich der nach Br\u00fcssel abgeschobenen Politreste haben wir uns ja bereits an einiges gew\u00f6hnt. Die historisch einzigartige Bananenkr\u00fcmmungsverordnung, die weltweit bewunderte Gurkenrichtlinie und die pr\u00e4zise Vermessung von Pr\u00e4servativen \u2013 ein Hoch auf die technokratische Penisvermessung! \u2013, Verbrennerverbote, ein am Horizont &hellip; Weiterlesen &rarr;\" \/>\n<meta property=\"og:url\" content=\"https:\/\/www.inkultura-online.de\/politisch_unkorrekt\/sockenschuss-oder-kriegswinterhilfe\/\" \/>\n<meta property=\"og:site_name\" content=\"Zeitgeist? Frei!\" \/>\n<meta property=\"article:published_time\" content=\"2024-11-27T14:20:11+00:00\" \/>\n<meta property=\"article:modified_time\" content=\"2024-11-27T14:26:10+00:00\" \/>\n<meta name=\"author\" content=\"Orator\" \/>\n<meta name=\"twitter:label1\" content=\"Verfasst von\" \/>\n\t<meta name=\"twitter:data1\" content=\"Orator\" \/>\n\t<meta name=\"twitter:label2\" content=\"Gesch\u00e4tzte Lesezeit\" \/>\n\t<meta name=\"twitter:data2\" content=\"2\u00a0Minuten\" \/>\n<script type=\"application\/ld+json\" class=\"yoast-schema-graph\">{\"@context\":\"https:\\\/\\\/schema.org\",\"@graph\":[{\"@type\":\"Article\",\"@id\":\"https:\\\/\\\/www.inkultura-online.de\\\/politisch_unkorrekt\\\/sockenschuss-oder-kriegswinterhilfe\\\/#article\",\"isPartOf\":{\"@id\":\"https:\\\/\\\/www.inkultura-online.de\\\/politisch_unkorrekt\\\/sockenschuss-oder-kriegswinterhilfe\\\/\"},\"author\":{\"name\":\"Orator\",\"@id\":\"https:\\\/\\\/www.inkultura-online.de\\\/politisch_unkorrekt\\\/#\\\/schema\\\/person\\\/5b30b80e385478896a1de221e1994d86\"},\"headline\":\"Sockenschuss oder (Kriegs)Winterhilfe?\",\"datePublished\":\"2024-11-27T14:20:11+00:00\",\"dateModified\":\"2024-11-27T14:26:10+00:00\",\"mainEntityOfPage\":{\"@id\":\"https:\\\/\\\/www.inkultura-online.de\\\/politisch_unkorrekt\\\/sockenschuss-oder-kriegswinterhilfe\\\/\"},\"wordCount\":259,\"publisher\":{\"@id\":\"https:\\\/\\\/www.inkultura-online.de\\\/politisch_unkorrekt\\\/#\\\/schema\\\/person\\\/5b30b80e385478896a1de221e1994d86\"},\"keywords\":[\"EU-Abfallverordnung\",\"EU-Wahnsinn\",\"Eurokratie\"],\"articleSection\":[\"Gedanken zum Tag\",\"Systemfehler\"],\"inLanguage\":\"de\"},{\"@type\":\"WebPage\",\"@id\":\"https:\\\/\\\/www.inkultura-online.de\\\/politisch_unkorrekt\\\/sockenschuss-oder-kriegswinterhilfe\\\/\",\"url\":\"https:\\\/\\\/www.inkultura-online.de\\\/politisch_unkorrekt\\\/sockenschuss-oder-kriegswinterhilfe\\\/\",\"name\":\"Sockenschuss oder (Kriegs)Winterhilfe? - Zeitgeist? Frei!\",\"isPartOf\":{\"@id\":\"https:\\\/\\\/www.inkultura-online.de\\\/politisch_unkorrekt\\\/#website\"},\"datePublished\":\"2024-11-27T14:20:11+00:00\",\"dateModified\":\"2024-11-27T14:26:10+00:00\",\"breadcrumb\":{\"@id\":\"https:\\\/\\\/www.inkultura-online.de\\\/politisch_unkorrekt\\\/sockenschuss-oder-kriegswinterhilfe\\\/#breadcrumb\"},\"inLanguage\":\"de\",\"potentialAction\":[{\"@type\":\"ReadAction\",\"target\":[\"https:\\\/\\\/www.inkultura-online.de\\\/politisch_unkorrekt\\\/sockenschuss-oder-kriegswinterhilfe\\\/\"]}]},{\"@type\":\"BreadcrumbList\",\"@id\":\"https:\\\/\\\/www.inkultura-online.de\\\/politisch_unkorrekt\\\/sockenschuss-oder-kriegswinterhilfe\\\/#breadcrumb\",\"itemListElement\":[{\"@type\":\"ListItem\",\"position\":1,\"name\":\"Home\",\"item\":\"https:\\\/\\\/www.inkultura-online.de\\\/politisch_unkorrekt\\\/\"},{\"@type\":\"ListItem\",\"position\":2,\"name\":\"Sockenschuss oder (Kriegs)Winterhilfe?\"}]},{\"@type\":\"WebSite\",\"@id\":\"https:\\\/\\\/www.inkultura-online.de\\\/politisch_unkorrekt\\\/#website\",\"url\":\"https:\\\/\\\/www.inkultura-online.de\\\/politisch_unkorrekt\\\/\",\"name\":\"Zeitgeist? Frei!\",\"description\":\"Was Ihr den Geist der Zeiten hei\u00dft...\",\"publisher\":{\"@id\":\"https:\\\/\\\/www.inkultura-online.de\\\/politisch_unkorrekt\\\/#\\\/schema\\\/person\\\/5b30b80e385478896a1de221e1994d86\"},\"potentialAction\":[{\"@type\":\"SearchAction\",\"target\":{\"@type\":\"EntryPoint\",\"urlTemplate\":\"https:\\\/\\\/www.inkultura-online.de\\\/politisch_unkorrekt\\\/?s={search_term_string}\"},\"query-input\":{\"@type\":\"PropertyValueSpecification\",\"valueRequired\":true,\"valueName\":\"search_term_string\"}}],\"inLanguage\":\"de\"},{\"@type\":[\"Person\",\"Organization\"],\"@id\":\"https:\\\/\\\/www.inkultura-online.de\\\/politisch_unkorrekt\\\/#\\\/schema\\\/person\\\/5b30b80e385478896a1de221e1994d86\",\"name\":\"Orator\",\"image\":{\"@type\":\"ImageObject\",\"inLanguage\":\"de\",\"@id\":\"https:\\\/\\\/secure.gravatar.com\\\/avatar\\\/96e03166d31716e9c437060430eb7605c45a8ce6fb6dab483637ca6915dd0844?s=96&d=mm&r=g\",\"url\":\"https:\\\/\\\/secure.gravatar.com\\\/avatar\\\/96e03166d31716e9c437060430eb7605c45a8ce6fb6dab483637ca6915dd0844?s=96&d=mm&r=g\",\"contentUrl\":\"https:\\\/\\\/secure.gravatar.com\\\/avatar\\\/96e03166d31716e9c437060430eb7605c45a8ce6fb6dab483637ca6915dd0844?s=96&d=mm&r=g\",\"caption\":\"Orator\"},\"logo\":{\"@id\":\"https:\\\/\\\/secure.gravatar.com\\\/avatar\\\/96e03166d31716e9c437060430eb7605c45a8ce6fb6dab483637ca6915dd0844?s=96&d=mm&r=g\"},\"url\":\"https:\\\/\\\/www.inkultura-online.de\\\/politisch_unkorrekt\\\/author\\\/1korrektor21-2\\\/\"}]}<\/script>\n<!-- \/ Yoast SEO plugin. -->","yoast_head_json":{"title":"Sockenschuss oder (Kriegs)Winterhilfe? - Zeitgeist? Frei!","robots":{"index":"index","follow":"follow","max-snippet":"max-snippet:-1","max-image-preview":"max-image-preview:large","max-video-preview":"max-video-preview:-1"},"canonical":"https:\/\/www.inkultura-online.de\/politisch_unkorrekt\/sockenschuss-oder-kriegswinterhilfe\/","og_locale":"de_DE","og_type":"article","og_title":"Sockenschuss oder (Kriegs)Winterhilfe? - Zeitgeist? Frei!","og_description":"Hinsichtlich der nach Br\u00fcssel abgeschobenen Politreste haben wir uns ja bereits an einiges gew\u00f6hnt. Die historisch einzigartige Bananenkr\u00fcmmungsverordnung, die weltweit bewunderte Gurkenrichtlinie und die pr\u00e4zise Vermessung von Pr\u00e4servativen \u2013 ein Hoch auf die technokratische Penisvermessung! \u2013, Verbrennerverbote, ein am Horizont &hellip; Weiterlesen &rarr;","og_url":"https:\/\/www.inkultura-online.de\/politisch_unkorrekt\/sockenschuss-oder-kriegswinterhilfe\/","og_site_name":"Zeitgeist? Frei!","article_published_time":"2024-11-27T14:20:11+00:00","article_modified_time":"2024-11-27T14:26:10+00:00","author":"Orator","twitter_misc":{"Verfasst von":"Orator","Gesch\u00e4tzte Lesezeit":"2\u00a0Minuten"},"schema":{"@context":"https:\/\/schema.org","@graph":[{"@type":"Article","@id":"https:\/\/www.inkultura-online.de\/politisch_unkorrekt\/sockenschuss-oder-kriegswinterhilfe\/#article","isPartOf":{"@id":"https:\/\/www.inkultura-online.de\/politisch_unkorrekt\/sockenschuss-oder-kriegswinterhilfe\/"},"author":{"name":"Orator","@id":"https:\/\/www.inkultura-online.de\/politisch_unkorrekt\/#\/schema\/person\/5b30b80e385478896a1de221e1994d86"},"headline":"Sockenschuss oder (Kriegs)Winterhilfe?","datePublished":"2024-11-27T14:20:11+00:00","dateModified":"2024-11-27T14:26:10+00:00","mainEntityOfPage":{"@id":"https:\/\/www.inkultura-online.de\/politisch_unkorrekt\/sockenschuss-oder-kriegswinterhilfe\/"},"wordCount":259,"publisher":{"@id":"https:\/\/www.inkultura-online.de\/politisch_unkorrekt\/#\/schema\/person\/5b30b80e385478896a1de221e1994d86"},"keywords":["EU-Abfallverordnung","EU-Wahnsinn","Eurokratie"],"articleSection":["Gedanken zum Tag","Systemfehler"],"inLanguage":"de"},{"@type":"WebPage","@id":"https:\/\/www.inkultura-online.de\/politisch_unkorrekt\/sockenschuss-oder-kriegswinterhilfe\/","url":"https:\/\/www.inkultura-online.de\/politisch_unkorrekt\/sockenschuss-oder-kriegswinterhilfe\/","name":"Sockenschuss oder (Kriegs)Winterhilfe? - Zeitgeist? Frei!","isPartOf":{"@id":"https:\/\/www.inkultura-online.de\/politisch_unkorrekt\/#website"},"datePublished":"2024-11-27T14:20:11+00:00","dateModified":"2024-11-27T14:26:10+00:00","breadcrumb":{"@id":"https:\/\/www.inkultura-online.de\/politisch_unkorrekt\/sockenschuss-oder-kriegswinterhilfe\/#breadcrumb"},"inLanguage":"de","potentialAction":[{"@type":"ReadAction","target":["https:\/\/www.inkultura-online.de\/politisch_unkorrekt\/sockenschuss-oder-kriegswinterhilfe\/"]}]},{"@type":"BreadcrumbList","@id":"https:\/\/www.inkultura-online.de\/politisch_unkorrekt\/sockenschuss-oder-kriegswinterhilfe\/#breadcrumb","itemListElement":[{"@type":"ListItem","position":1,"name":"Home","item":"https:\/\/www.inkultura-online.de\/politisch_unkorrekt\/"},{"@type":"ListItem","position":2,"name":"Sockenschuss oder (Kriegs)Winterhilfe?"}]},{"@type":"WebSite","@id":"https:\/\/www.inkultura-online.de\/politisch_unkorrekt\/#website","url":"https:\/\/www.inkultura-online.de\/politisch_unkorrekt\/","name":"Zeitgeist? Frei!","description":"Was Ihr den Geist der Zeiten hei\u00dft...","publisher":{"@id":"https:\/\/www.inkultura-online.de\/politisch_unkorrekt\/#\/schema\/person\/5b30b80e385478896a1de221e1994d86"},"potentialAction":[{"@type":"SearchAction","target":{"@type":"EntryPoint","urlTemplate":"https:\/\/www.inkultura-online.de\/politisch_unkorrekt\/?s={search_term_string}"},"query-input":{"@type":"PropertyValueSpecification","valueRequired":true,"valueName":"search_term_string"}}],"inLanguage":"de"},{"@type":["Person","Organization"],"@id":"https:\/\/www.inkultura-online.de\/politisch_unkorrekt\/#\/schema\/person\/5b30b80e385478896a1de221e1994d86","name":"Orator","image":{"@type":"ImageObject","inLanguage":"de","@id":"https:\/\/secure.gravatar.com\/avatar\/96e03166d31716e9c437060430eb7605c45a8ce6fb6dab483637ca6915dd0844?s=96&d=mm&r=g","url":"https:\/\/secure.gravatar.com\/avatar\/96e03166d31716e9c437060430eb7605c45a8ce6fb6dab483637ca6915dd0844?s=96&d=mm&r=g","contentUrl":"https:\/\/secure.gravatar.com\/avatar\/96e03166d31716e9c437060430eb7605c45a8ce6fb6dab483637ca6915dd0844?s=96&d=mm&r=g","caption":"Orator"},"logo":{"@id":"https:\/\/secure.gravatar.com\/avatar\/96e03166d31716e9c437060430eb7605c45a8ce6fb6dab483637ca6915dd0844?s=96&d=mm&r=g"},"url":"https:\/\/www.inkultura-online.de\/politisch_unkorrekt\/author\/1korrektor21-2\/"}]}},"_links":{"self":[{"href":"https:\/\/www.inkultura-online.de\/politisch_unkorrekt\/wp-json\/wp\/v2\/posts\/2894","targetHints":{"allow":["GET"]}}],"collection":[{"href":"https:\/\/www.inkultura-online.de\/politisch_unkorrekt\/wp-json\/wp\/v2\/posts"}],"about":[{"href":"https:\/\/www.inkultura-online.de\/politisch_unkorrekt\/wp-json\/wp\/v2\/types\/post"}],"author":[{"embeddable":true,"href":"https:\/\/www.inkultura-online.de\/politisch_unkorrekt\/wp-json\/wp\/v2\/users\/1"}],"replies":[{"embeddable":true,"href":"https:\/\/www.inkultura-online.de\/politisch_unkorrekt\/wp-json\/wp\/v2\/comments?post=2894"}],"version-history":[{"count":2,"href":"https:\/\/www.inkultura-online.de\/politisch_unkorrekt\/wp-json\/wp\/v2\/posts\/2894\/revisions"}],"predecessor-version":[{"id":2896,"href":"https:\/\/www.inkultura-online.de\/politisch_unkorrekt\/wp-json\/wp\/v2\/posts\/2894\/revisions\/2896"}],"wp:attachment":[{"href":"https:\/\/www.inkultura-online.de\/politisch_unkorrekt\/wp-json\/wp\/v2\/media?parent=2894"}],"wp:term":[{"taxonomy":"category","embeddable":true,"href":"https:\/\/www.inkultura-online.de\/politisch_unkorrekt\/wp-json\/wp\/v2\/categories?post=2894"},{"taxonomy":"post_tag","embeddable":true,"href":"https:\/\/www.inkultura-online.de\/politisch_unkorrekt\/wp-json\/wp\/v2\/tags?post=2894"}],"curies":[{"name":"wp","href":"https:\/\/api.w.org\/{rel}","templated":true}]}}