{"id":2899,"date":"2025-04-06T16:12:43","date_gmt":"2025-04-06T14:12:43","guid":{"rendered":"https:\/\/www.inkultura-online.de\/politisch_unkorrekt\/?p=2899"},"modified":"2025-04-06T16:12:43","modified_gmt":"2025-04-06T14:12:43","slug":"zwei-denker-und-ein-ausweg-aus-der-massenkonformitaet","status":"publish","type":"post","link":"https:\/\/www.inkultura-online.de\/politisch_unkorrekt\/zwei-denker-und-ein-ausweg-aus-der-massenkonformitaet\/","title":{"rendered":"Zwei Denker und ein Ausweg aus der Massenkonformit\u00e4t?"},"content":{"rendered":"<p>Ralph Waldo Emerson und Friedrich Nietzsche teilen in ihrem Denken eine ausgepr\u00e4gte Betonung der Individualit\u00e4t und des Selbst, wobei beide Philosophen den Menschen als Sch\u00f6pfer seines eigenen Lebens und seiner Werte sehen. Beide fordern dazu auf, sich von gesellschaftlichen und konventionellen Zw\u00e4ngen zu befreien, um ein authentisches und selbstbestimmtes Dasein zu f\u00fchren. Dabei wird der Mensch als ein st\u00e4ndig wachsender und sich entwickelnder Organismus betrachtet, der durch innere St\u00e4rke und Inspiration zu wahrer Gr\u00f6\u00dfe gelangt. In beiden Denktraditionen spielt die Natur eine zentrale Rolle, sei es als Spiegel des Geistes bei Emerson oder als unb\u00e4ndige Kraft, die den Menschen in Nietzsche zu einer lebensbejahenden Existenz inspiriert.<!--more--><\/p>\n<p>Die Herangehensweisen und Schlussfolgerungen der beiden Denker weisen jedoch signifikante Unterschiede auf. Emerson, als Vertreter des amerikanischen Transzendentalismus, vertritt einen optimistischen Glauben an die grundlegende G\u00fcte und Harmonie des Universums. Er sieht in der Natur einen Ausdruck einer h\u00f6heren spirituellen Ordnung, die jedem Menschen als Quelle der Inspiration und Wahrheit dient. Sein Denken ist gepr\u00e4gt von einer tiefen \u00dcberzeugung, dass jeder Mensch durch intuitive Einsicht und Selbstreflexion zu einer inneren Weisheit gelangen kann, die \u00fcber die begrenzten Konventionen der Gesellschaft hinausweist.<\/p>\n<p>Nietzsche hingegen n\u00e4hert sich dem Thema des Individuums und der Selbst\u00fcberwindung mit einer radikalen, oft provokativen Haltung. Seine Philosophie ist von einer kritischen Distanz zu traditionellen Moralvorstellungen und religi\u00f6sen Werten durchzogen, was sich in seinem ber\u00fchmten Ausspruch \u201eGott ist tot\u201c manifestiert. F\u00fcr Nietzsche bedeutet die Ablehnung der herk\u00f6mmlichen Moral nicht nur eine Befreiung, sondern auch die Herausforderung, neue, lebensbejahende Werte zu schaffen, die den Kampf und das Leid als integrale Bestandteile der menschlichen Existenz anerkennen. Sein Denken ist weniger von einer metaphysischen Harmonie und mehr von einem st\u00e4ndigen Konflikt und der Notwendigkeit der Selbst\u00fcberwindung gepr\u00e4gt.<\/p>\n<p>Insgesamt wird deutlich, dass beide Philosophen den Menschen als Sch\u00f6pfer seines eigenen Lebens betrachten, jedoch in ihrer Bewertung der zugrundeliegenden Werte und der Natur der Wahrheit auseinandergehen. W\u00e4hrend Emerson in der universellen Verbindung zwischen Mensch und Natur sowie im unersch\u00fctterlichen Glauben an eine h\u00f6here spirituelle Ordnung verankert ist, fordert Nietzsche eine radikale Umwertung aller Werte und sieht im ewigen Kampf und der kreativen Zerst\u00f6rung den Weg zu einem authentischen und intensiven Leben. Diese unterschiedlichen Perspektiven spiegeln die kulturellen und intellektuellen Kontexte ihrer jeweiligen Epochen wider und bereichern das philosophische Erbe um vielf\u00e4ltige Impulse.<\/p>\n<p>Beide Denker bieten in ihren Schriften einen klaren Gegensatz zu den Konformit\u00e4tsmechanismen der Massengesellschaft. Emersons Betonung der Selbstfindung und des Vertrauens in die eigene innere Stimme kann als Aufruf verstanden werden, sich aus den Zw\u00e4ngen kollektiver Normen zu befreien. Seine Idee, dass wahre Inspiration aus der Natur und der pers\u00f6nlichen Erfahrung erw\u00e4chst, steht im starken Gegensatz zu einer Gesellschaft, die oft auf Massenmedien und standardisierte Lebensentw\u00fcrfe setzt. Nietzsche kritisiert dagegen die Herdenmentalit\u00e4t, die in traditionellen Werten und moralischen Konventionen verankert ist. Sein Aufruf, alte Werte zu \u00fcberwinden und neue, individuell gepr\u00e4gte Lebensentw\u00fcrfe zu schaffen, zielt darauf ab, den Einzelnen zu einem Sch\u00f6pfer eigener Werte zu erheben \u2013 ein klarer Widerspruch zur Uniformit\u00e4t einer Massenkultur.<\/p>\n<p>In der heutigen Zeit, in der Medien, Konsum und ein oft einheitlicher Lebensstil dominieren, k\u00f6nnen die Philosophien beider Denker als Gegenentwurf dienen. Sie fordern dazu auf, den Blick nach innen zu richten, individuelle Potenziale zu entfalten und pers\u00f6nliche Verantwortung zu \u00fcbernehmen, anstatt sich blind den Vorgaben einer allzu homogenisierten Gesellschaft zu f\u00fcgen. Dabei bietet Emerson einen optimistischen Ansatz, der auf Harmonie und eine tiefere Verbindung zur nat\u00fcrlichen und spirituellen Welt setzt, w\u00e4hrend Nietzsche mit seiner radikalen Kritik an konventionellen Normen und seiner Betonung des st\u00e4ndigen Wandels ein provozierendes Pl\u00e4doyer f\u00fcr die Selbst\u00fcberwindung formuliert. Beide Ans\u00e4tze k\u00f6nnen inspirierend wirken, indem sie den Einzelnen ermutigen, sich aktiv gegen die Entm\u00fcndigung in der Massengesellschaft zu wehren und die eigene Einzigartigkeit zu betonen.<\/p>\n","protected":false},"excerpt":{"rendered":"<p>Ralph Waldo Emerson und Friedrich Nietzsche teilen in ihrem Denken eine ausgepr\u00e4gte Betonung der Individualit\u00e4t und des Selbst, wobei beide Philosophen den Menschen als Sch\u00f6pfer seines eigenen Lebens und seiner Werte sehen. Beide fordern dazu auf, sich von gesellschaftlichen und &hellip; <a href=\"https:\/\/www.inkultura-online.de\/politisch_unkorrekt\/zwei-denker-und-ein-ausweg-aus-der-massenkonformitaet\/\">Weiterlesen <span class=\"meta-nav\">&rarr;<\/span><\/a><\/p>\n","protected":false},"author":1,"featured_media":0,"comment_status":"closed","ping_status":"closed","sticky":false,"template":"","format":"standard","meta":{"footnotes":""},"categories":[444],"tags":[1738,1759,1762,1761,1760,1758],"class_list":["post-2899","post","type-post","status-publish","format-standard","hentry","category-gedanken-zum-tag","tag-betreutes-denken","tag-friedrich-nietzsche","tag-konformitaet","tag-massengesellschaft","tag-massenkultur","tag-ralph-waldo-emerson"],"yoast_head":"<!-- This site is optimized with the Yoast SEO plugin v27.5 - https:\/\/yoast.com\/product\/yoast-seo-wordpress\/ -->\n<title>Zwei Denker und ein Ausweg aus der Massenkonformit\u00e4t? - Zeitgeist? Frei!<\/title>\n<meta name=\"robots\" content=\"index, follow, max-snippet:-1, max-image-preview:large, max-video-preview:-1\" \/>\n<link rel=\"canonical\" href=\"https:\/\/www.inkultura-online.de\/politisch_unkorrekt\/zwei-denker-und-ein-ausweg-aus-der-massenkonformitaet\/\" \/>\n<meta property=\"og:locale\" content=\"de_DE\" \/>\n<meta property=\"og:type\" content=\"article\" \/>\n<meta property=\"og:title\" content=\"Zwei Denker und ein Ausweg aus der Massenkonformit\u00e4t? - Zeitgeist? Frei!\" \/>\n<meta property=\"og:description\" content=\"Ralph Waldo Emerson und Friedrich Nietzsche teilen in ihrem Denken eine ausgepr\u00e4gte Betonung der Individualit\u00e4t und des Selbst, wobei beide Philosophen den Menschen als Sch\u00f6pfer seines eigenen Lebens und seiner Werte sehen. Beide fordern dazu auf, sich von gesellschaftlichen und &hellip; Weiterlesen &rarr;\" \/>\n<meta property=\"og:url\" content=\"https:\/\/www.inkultura-online.de\/politisch_unkorrekt\/zwei-denker-und-ein-ausweg-aus-der-massenkonformitaet\/\" \/>\n<meta property=\"og:site_name\" content=\"Zeitgeist? Frei!\" \/>\n<meta property=\"article:published_time\" content=\"2025-04-06T14:12:43+00:00\" \/>\n<meta name=\"author\" content=\"Orator\" \/>\n<meta name=\"twitter:label1\" content=\"Verfasst von\" \/>\n\t<meta name=\"twitter:data1\" content=\"Orator\" \/>\n\t<meta name=\"twitter:label2\" content=\"Gesch\u00e4tzte Lesezeit\" \/>\n\t<meta name=\"twitter:data2\" content=\"4\u00a0Minuten\" \/>\n<script type=\"application\/ld+json\" class=\"yoast-schema-graph\">{\"@context\":\"https:\\\/\\\/schema.org\",\"@graph\":[{\"@type\":\"Article\",\"@id\":\"https:\\\/\\\/www.inkultura-online.de\\\/politisch_unkorrekt\\\/zwei-denker-und-ein-ausweg-aus-der-massenkonformitaet\\\/#article\",\"isPartOf\":{\"@id\":\"https:\\\/\\\/www.inkultura-online.de\\\/politisch_unkorrekt\\\/zwei-denker-und-ein-ausweg-aus-der-massenkonformitaet\\\/\"},\"author\":{\"name\":\"Orator\",\"@id\":\"https:\\\/\\\/www.inkultura-online.de\\\/politisch_unkorrekt\\\/#\\\/schema\\\/person\\\/5b30b80e385478896a1de221e1994d86\"},\"headline\":\"Zwei Denker und ein Ausweg aus der Massenkonformit\u00e4t?\",\"datePublished\":\"2025-04-06T14:12:43+00:00\",\"mainEntityOfPage\":{\"@id\":\"https:\\\/\\\/www.inkultura-online.de\\\/politisch_unkorrekt\\\/zwei-denker-und-ein-ausweg-aus-der-massenkonformitaet\\\/\"},\"wordCount\":665,\"publisher\":{\"@id\":\"https:\\\/\\\/www.inkultura-online.de\\\/politisch_unkorrekt\\\/#\\\/schema\\\/person\\\/5b30b80e385478896a1de221e1994d86\"},\"keywords\":[\"betreutes Denken\",\"Friedrich Nietzsche\",\"Konformit\u00e4t\",\"Massengesellschaft\",\"Massenkultur\",\"Ralph Waldo Emerson\"],\"articleSection\":[\"Gedanken zum Tag\"],\"inLanguage\":\"de\"},{\"@type\":\"WebPage\",\"@id\":\"https:\\\/\\\/www.inkultura-online.de\\\/politisch_unkorrekt\\\/zwei-denker-und-ein-ausweg-aus-der-massenkonformitaet\\\/\",\"url\":\"https:\\\/\\\/www.inkultura-online.de\\\/politisch_unkorrekt\\\/zwei-denker-und-ein-ausweg-aus-der-massenkonformitaet\\\/\",\"name\":\"Zwei Denker und ein Ausweg aus der Massenkonformit\u00e4t? - Zeitgeist? Frei!\",\"isPartOf\":{\"@id\":\"https:\\\/\\\/www.inkultura-online.de\\\/politisch_unkorrekt\\\/#website\"},\"datePublished\":\"2025-04-06T14:12:43+00:00\",\"breadcrumb\":{\"@id\":\"https:\\\/\\\/www.inkultura-online.de\\\/politisch_unkorrekt\\\/zwei-denker-und-ein-ausweg-aus-der-massenkonformitaet\\\/#breadcrumb\"},\"inLanguage\":\"de\",\"potentialAction\":[{\"@type\":\"ReadAction\",\"target\":[\"https:\\\/\\\/www.inkultura-online.de\\\/politisch_unkorrekt\\\/zwei-denker-und-ein-ausweg-aus-der-massenkonformitaet\\\/\"]}]},{\"@type\":\"BreadcrumbList\",\"@id\":\"https:\\\/\\\/www.inkultura-online.de\\\/politisch_unkorrekt\\\/zwei-denker-und-ein-ausweg-aus-der-massenkonformitaet\\\/#breadcrumb\",\"itemListElement\":[{\"@type\":\"ListItem\",\"position\":1,\"name\":\"Home\",\"item\":\"https:\\\/\\\/www.inkultura-online.de\\\/politisch_unkorrekt\\\/\"},{\"@type\":\"ListItem\",\"position\":2,\"name\":\"Zwei Denker und ein Ausweg aus der Massenkonformit\u00e4t?\"}]},{\"@type\":\"WebSite\",\"@id\":\"https:\\\/\\\/www.inkultura-online.de\\\/politisch_unkorrekt\\\/#website\",\"url\":\"https:\\\/\\\/www.inkultura-online.de\\\/politisch_unkorrekt\\\/\",\"name\":\"Zeitgeist? Frei!\",\"description\":\"Was Ihr den Geist der Zeiten hei\u00dft...\",\"publisher\":{\"@id\":\"https:\\\/\\\/www.inkultura-online.de\\\/politisch_unkorrekt\\\/#\\\/schema\\\/person\\\/5b30b80e385478896a1de221e1994d86\"},\"potentialAction\":[{\"@type\":\"SearchAction\",\"target\":{\"@type\":\"EntryPoint\",\"urlTemplate\":\"https:\\\/\\\/www.inkultura-online.de\\\/politisch_unkorrekt\\\/?s={search_term_string}\"},\"query-input\":{\"@type\":\"PropertyValueSpecification\",\"valueRequired\":true,\"valueName\":\"search_term_string\"}}],\"inLanguage\":\"de\"},{\"@type\":[\"Person\",\"Organization\"],\"@id\":\"https:\\\/\\\/www.inkultura-online.de\\\/politisch_unkorrekt\\\/#\\\/schema\\\/person\\\/5b30b80e385478896a1de221e1994d86\",\"name\":\"Orator\",\"image\":{\"@type\":\"ImageObject\",\"inLanguage\":\"de\",\"@id\":\"https:\\\/\\\/secure.gravatar.com\\\/avatar\\\/96e03166d31716e9c437060430eb7605c45a8ce6fb6dab483637ca6915dd0844?s=96&d=mm&r=g\",\"url\":\"https:\\\/\\\/secure.gravatar.com\\\/avatar\\\/96e03166d31716e9c437060430eb7605c45a8ce6fb6dab483637ca6915dd0844?s=96&d=mm&r=g\",\"contentUrl\":\"https:\\\/\\\/secure.gravatar.com\\\/avatar\\\/96e03166d31716e9c437060430eb7605c45a8ce6fb6dab483637ca6915dd0844?s=96&d=mm&r=g\",\"caption\":\"Orator\"},\"logo\":{\"@id\":\"https:\\\/\\\/secure.gravatar.com\\\/avatar\\\/96e03166d31716e9c437060430eb7605c45a8ce6fb6dab483637ca6915dd0844?s=96&d=mm&r=g\"},\"url\":\"https:\\\/\\\/www.inkultura-online.de\\\/politisch_unkorrekt\\\/author\\\/1korrektor21-2\\\/\"}]}<\/script>\n<!-- \/ Yoast SEO plugin. -->","yoast_head_json":{"title":"Zwei Denker und ein Ausweg aus der Massenkonformit\u00e4t? - Zeitgeist? Frei!","robots":{"index":"index","follow":"follow","max-snippet":"max-snippet:-1","max-image-preview":"max-image-preview:large","max-video-preview":"max-video-preview:-1"},"canonical":"https:\/\/www.inkultura-online.de\/politisch_unkorrekt\/zwei-denker-und-ein-ausweg-aus-der-massenkonformitaet\/","og_locale":"de_DE","og_type":"article","og_title":"Zwei Denker und ein Ausweg aus der Massenkonformit\u00e4t? - Zeitgeist? Frei!","og_description":"Ralph Waldo Emerson und Friedrich Nietzsche teilen in ihrem Denken eine ausgepr\u00e4gte Betonung der Individualit\u00e4t und des Selbst, wobei beide Philosophen den Menschen als Sch\u00f6pfer seines eigenen Lebens und seiner Werte sehen. Beide fordern dazu auf, sich von gesellschaftlichen und &hellip; Weiterlesen &rarr;","og_url":"https:\/\/www.inkultura-online.de\/politisch_unkorrekt\/zwei-denker-und-ein-ausweg-aus-der-massenkonformitaet\/","og_site_name":"Zeitgeist? Frei!","article_published_time":"2025-04-06T14:12:43+00:00","author":"Orator","twitter_misc":{"Verfasst von":"Orator","Gesch\u00e4tzte Lesezeit":"4\u00a0Minuten"},"schema":{"@context":"https:\/\/schema.org","@graph":[{"@type":"Article","@id":"https:\/\/www.inkultura-online.de\/politisch_unkorrekt\/zwei-denker-und-ein-ausweg-aus-der-massenkonformitaet\/#article","isPartOf":{"@id":"https:\/\/www.inkultura-online.de\/politisch_unkorrekt\/zwei-denker-und-ein-ausweg-aus-der-massenkonformitaet\/"},"author":{"name":"Orator","@id":"https:\/\/www.inkultura-online.de\/politisch_unkorrekt\/#\/schema\/person\/5b30b80e385478896a1de221e1994d86"},"headline":"Zwei Denker und ein Ausweg aus der Massenkonformit\u00e4t?","datePublished":"2025-04-06T14:12:43+00:00","mainEntityOfPage":{"@id":"https:\/\/www.inkultura-online.de\/politisch_unkorrekt\/zwei-denker-und-ein-ausweg-aus-der-massenkonformitaet\/"},"wordCount":665,"publisher":{"@id":"https:\/\/www.inkultura-online.de\/politisch_unkorrekt\/#\/schema\/person\/5b30b80e385478896a1de221e1994d86"},"keywords":["betreutes Denken","Friedrich Nietzsche","Konformit\u00e4t","Massengesellschaft","Massenkultur","Ralph Waldo Emerson"],"articleSection":["Gedanken zum Tag"],"inLanguage":"de"},{"@type":"WebPage","@id":"https:\/\/www.inkultura-online.de\/politisch_unkorrekt\/zwei-denker-und-ein-ausweg-aus-der-massenkonformitaet\/","url":"https:\/\/www.inkultura-online.de\/politisch_unkorrekt\/zwei-denker-und-ein-ausweg-aus-der-massenkonformitaet\/","name":"Zwei Denker und ein Ausweg aus der Massenkonformit\u00e4t? - Zeitgeist? Frei!","isPartOf":{"@id":"https:\/\/www.inkultura-online.de\/politisch_unkorrekt\/#website"},"datePublished":"2025-04-06T14:12:43+00:00","breadcrumb":{"@id":"https:\/\/www.inkultura-online.de\/politisch_unkorrekt\/zwei-denker-und-ein-ausweg-aus-der-massenkonformitaet\/#breadcrumb"},"inLanguage":"de","potentialAction":[{"@type":"ReadAction","target":["https:\/\/www.inkultura-online.de\/politisch_unkorrekt\/zwei-denker-und-ein-ausweg-aus-der-massenkonformitaet\/"]}]},{"@type":"BreadcrumbList","@id":"https:\/\/www.inkultura-online.de\/politisch_unkorrekt\/zwei-denker-und-ein-ausweg-aus-der-massenkonformitaet\/#breadcrumb","itemListElement":[{"@type":"ListItem","position":1,"name":"Home","item":"https:\/\/www.inkultura-online.de\/politisch_unkorrekt\/"},{"@type":"ListItem","position":2,"name":"Zwei Denker und ein Ausweg aus der Massenkonformit\u00e4t?"}]},{"@type":"WebSite","@id":"https:\/\/www.inkultura-online.de\/politisch_unkorrekt\/#website","url":"https:\/\/www.inkultura-online.de\/politisch_unkorrekt\/","name":"Zeitgeist? Frei!","description":"Was Ihr den Geist der Zeiten hei\u00dft...","publisher":{"@id":"https:\/\/www.inkultura-online.de\/politisch_unkorrekt\/#\/schema\/person\/5b30b80e385478896a1de221e1994d86"},"potentialAction":[{"@type":"SearchAction","target":{"@type":"EntryPoint","urlTemplate":"https:\/\/www.inkultura-online.de\/politisch_unkorrekt\/?s={search_term_string}"},"query-input":{"@type":"PropertyValueSpecification","valueRequired":true,"valueName":"search_term_string"}}],"inLanguage":"de"},{"@type":["Person","Organization"],"@id":"https:\/\/www.inkultura-online.de\/politisch_unkorrekt\/#\/schema\/person\/5b30b80e385478896a1de221e1994d86","name":"Orator","image":{"@type":"ImageObject","inLanguage":"de","@id":"https:\/\/secure.gravatar.com\/avatar\/96e03166d31716e9c437060430eb7605c45a8ce6fb6dab483637ca6915dd0844?s=96&d=mm&r=g","url":"https:\/\/secure.gravatar.com\/avatar\/96e03166d31716e9c437060430eb7605c45a8ce6fb6dab483637ca6915dd0844?s=96&d=mm&r=g","contentUrl":"https:\/\/secure.gravatar.com\/avatar\/96e03166d31716e9c437060430eb7605c45a8ce6fb6dab483637ca6915dd0844?s=96&d=mm&r=g","caption":"Orator"},"logo":{"@id":"https:\/\/secure.gravatar.com\/avatar\/96e03166d31716e9c437060430eb7605c45a8ce6fb6dab483637ca6915dd0844?s=96&d=mm&r=g"},"url":"https:\/\/www.inkultura-online.de\/politisch_unkorrekt\/author\/1korrektor21-2\/"}]}},"_links":{"self":[{"href":"https:\/\/www.inkultura-online.de\/politisch_unkorrekt\/wp-json\/wp\/v2\/posts\/2899","targetHints":{"allow":["GET"]}}],"collection":[{"href":"https:\/\/www.inkultura-online.de\/politisch_unkorrekt\/wp-json\/wp\/v2\/posts"}],"about":[{"href":"https:\/\/www.inkultura-online.de\/politisch_unkorrekt\/wp-json\/wp\/v2\/types\/post"}],"author":[{"embeddable":true,"href":"https:\/\/www.inkultura-online.de\/politisch_unkorrekt\/wp-json\/wp\/v2\/users\/1"}],"replies":[{"embeddable":true,"href":"https:\/\/www.inkultura-online.de\/politisch_unkorrekt\/wp-json\/wp\/v2\/comments?post=2899"}],"version-history":[{"count":1,"href":"https:\/\/www.inkultura-online.de\/politisch_unkorrekt\/wp-json\/wp\/v2\/posts\/2899\/revisions"}],"predecessor-version":[{"id":2900,"href":"https:\/\/www.inkultura-online.de\/politisch_unkorrekt\/wp-json\/wp\/v2\/posts\/2899\/revisions\/2900"}],"wp:attachment":[{"href":"https:\/\/www.inkultura-online.de\/politisch_unkorrekt\/wp-json\/wp\/v2\/media?parent=2899"}],"wp:term":[{"taxonomy":"category","embeddable":true,"href":"https:\/\/www.inkultura-online.de\/politisch_unkorrekt\/wp-json\/wp\/v2\/categories?post=2899"},{"taxonomy":"post_tag","embeddable":true,"href":"https:\/\/www.inkultura-online.de\/politisch_unkorrekt\/wp-json\/wp\/v2\/tags?post=2899"}],"curies":[{"name":"wp","href":"https:\/\/api.w.org\/{rel}","templated":true}]}}