{"id":2901,"date":"2025-04-14T09:02:26","date_gmt":"2025-04-14T07:02:26","guid":{"rendered":"https:\/\/www.inkultura-online.de\/politisch_unkorrekt\/?p=2901"},"modified":"2025-04-14T09:02:26","modified_gmt":"2025-04-14T07:02:26","slug":"angst-ein-herrschaftsinstrument","status":"publish","type":"post","link":"https:\/\/www.inkultura-online.de\/politisch_unkorrekt\/angst-ein-herrschaftsinstrument\/","title":{"rendered":"Angst \u2013 ein Herrschaftsinstrument"},"content":{"rendered":"<p>Im Laufe der Geschichte hat die Angst vor Unbekanntem und au\u00dferhalb der eigenen Kontrolle Liegendem nicht nur individuelle Lebensentw\u00fcrfe, sondern auch ganze Gesellschaften und politische Systeme ma\u00dfgeblich beeinflusst. Die Furcht vor Naturph\u00e4nomenen, g\u00f6ttlichen Strafen und ideologischen Umw\u00e4lzungen diente stets als N\u00e4hrboden f\u00fcr das Machtstreben von Eliten und Herrschender, die in Zeiten der Unsicherheit und Krisen ihre Positionen festigten. Dieses Ph\u00e4nomen zieht sich wie ein roter Faden durch verschiedene Epochen und Kulturen \u2013 von den antiken Zivilisationen \u00fcber das mittelalterliche Europa bis hin zur modernen Welt im Angesicht von globalen Herausforderungen.<!--more--><\/p>\n<p><b>Historische Wurzeln der Angst und ihre Instrumentalisierung<\/b><\/p>\n<p>Antike und Fr\u00fchmittelalter<\/p>\n<p>Bereits in der Antike verbanden die Menschen extreme Naturph\u00e4nomene, wie etwa Erdbeben, Meteoritenschauer und unvorhersehbare Wetterumschw\u00fcnge, mit dem Eingreifen g\u00f6ttlicher M\u00e4chte. Die Gallier etwa wurden von der Vorstellung begleitet, der Himmel k\u00f6nne auf sie herabst\u00fcrzen, was nicht nur den Respekt vor der Natur verst\u00e4rkte, sondern auch das Fundament f\u00fcr religi\u00f6se und abergl\u00e4ubische Rituale legte. Herrscher und Priester nutzten diese kollektive Furcht, um ihre Macht zu legitimieren, indem sie sich als Mittler zwischen dem Menschlichen und dem G\u00f6ttlichen darstellten. Solche Praktiken erstreckten sich auch in das fr\u00fche Mittelalter, als das Wissen um astronomische und meteorologische Zusammenh\u00e4nge noch in den H\u00e4nden weniger Gelehrter lag und breiten Bev\u00f6lkerungsschichten unzug\u00e4nglich blieb.<\/p>\n<p>Der christliche Einfluss und der Aufstieg des Ablasshandels<\/p>\n<p>Im mittelalterlichen Europa fand diese Angst einen ganz neuen Ausdruck in der religi\u00f6sen Doktrin: Das Konzept des Jenseits, in Form von Himmel, H\u00f6lle und Fegefeuer, pr\u00e4gte ma\u00dfgeblich das Denken der Menschen. Die Kirche, als m\u00e4chtige Institution in einer Zeit fehlender moderner wissenschaftlicher Erkl\u00e4rungsmodelle, entwickelte Rituale und Glaubensvorstellungen, die nicht nur dem Seelenheil dienen sollten, sondern auch als Mittel zur sozialen Kontrolle fungierten. Der Ablasshandel, der den Anschein erweckte, dass man sich durch Geldzahlungen von S\u00fcnden und den damit einhergehenden strafenden Qualen des Fegefeuers befreien k\u00f6nne, war ein spektakul\u00e4res Beispiel daf\u00fcr, wie Angst in ein \u00f6konomisches Instrument verwandelt wurde. Diese Praxis f\u00fchrte zu einer regelrechten Kommerzialisierung der Erl\u00f6sung: Das spirituelle Kapital wurde zum Tauschmittel, \u00fcber das nicht nur pers\u00f6nliche Schuld, sondern auch gesellschaftliche Ordnung verhandelt wurde.<\/p>\n<p>Fr\u00fche Neuzeit und die Aufkl\u00e4rung<\/p>\n<p>Mit der allm\u00e4hlich einsetzenden Epoche der Aufkl\u00e4rung \u00e4nderten sich die gesellschaftlichen Grundlagen fundamental. Wissenschaftliche Erkenntnisse begannen, die mystischen Deutungen von Naturph\u00e4nomenen zu ersetzen, und der Glaube an \u00fcbernat\u00fcrliche Strafen wurde zunehmend hinterfragt. Dennoch blieb die menschliche Neigung, Angst als politische und wirtschaftliche Ressource einzusetzen, bestehen. Die abl\u00f6sehaften Strukturen des Mittelalters wichen einem neuen Mechanismus: Der sich wandelnden Angst vor ideologischen und technologischen Katastrophen. So wandte sich das Narrativ von transzendentalen Strafen einer rationalen, wenn auch gleichwohl manipulativen, Angst vor dem Unbekannten zu \u2013 dies etwa im Zuge der kritischen Auseinandersetzung mit dem Fortschritt und den damit verbundenen Umbr\u00fcchen.<\/p>\n<p><b>Vom Kalten Krieg zum Zeitalter des Klimawandels<\/b><\/p>\n<p>Der Kalte Krieg als neues Manifest der Angst<\/p>\n<p>Im 20. Jahrhundert erlebte die Menschheit einen beispiellosen Wandel: Die industrielle Revolution und der technologische Fortschritt schufen einerseits beispiellosen Wohlstand, f\u00fchrten andererseits aber auch zu neuen \u00c4ngsten. Der Kalte Krieg, mit seiner konstanten Bedrohung durch Atomkriegsf\u00fchrung und ideologische Auseinandersetzungen zwischen Ost und West, f\u00fchrte zu einem Gef\u00fchl der permanenten Bedrohung. Medien und politische Akteure befeuerten das Bild eines feindlichen \u201erussischen Imperiums\u201c, das die Freiheit und das demokratische System der westlichen Welt unterminieren k\u00f6nnte. Diese \u00c4ra war gepr\u00e4gt von Propaganda, die gezielt auf kollektive \u00c4ngste setzte, um ein Umfeld zu schaffen, in dem staatliche \u00dcberwachung und milit\u00e4rische Ma\u00dfnahmen als notwendige Schutzvorrichtungen dargestellt wurden.<\/p>\n<p>Der Klimawandel als modernes Instrument der Angststeuerung<\/p>\n<p>Mit dem Niedergang der Sowjetunion schwand die unmittelbare Angst vor einem totalit\u00e4ren Feind zwar, jedoch entstand rasch ein neues Bedrohungsbild: Der menschengemachte Klimawandel. Auch diese Perspektive bedient sich der Spielarten historischer Machtmechanismen \u2013 sie propagiert eine Welt, in der extreme Wetterereignisse, steigende Meeresspiegel und unvorhersehbare Naturkatastrophen als unausweichliche Folgen menschlichen Handelns dargestellt werden. Kritiker bem\u00e4ngeln, dass die Wissenschaft manchmal in den Dienst politischer Agenden gestellt und komplexe Zusammenh\u00e4nge zu vereinfachten, apokalyptischen Narrativen reduziert wird. Konzepte wie die CO\u2082-Abgabe werden als moderner Ablasshandel interpretiert, bei dem B\u00fcrger finanziell belastet werden, um vermeintlich gegen eine imminente Katastrophe anzuk\u00e4mpfen. So wird das \u00f6konomische Machtinstrument in neuer Form recycelt: Statt S\u00fcnden zu verkaufen, wird heute \u201eSchadstoffquotenhandel\u201c betrieben, bei dem staatliche Regulierung und politische Interessen oftmals auf Kosten wirtschaftlicher Entwicklung und sozialer Gerechtigkeit gehen.<\/p>\n<p><b>Parallelen und Lektionen aus der Geschichte<\/b><\/p>\n<p>Wiederkehrendes Muster: Die Instrumentalisierung der Angst<\/p>\n<p>Der Vergleich zwischen dem mittelalterlichen Ablasshandel und modernen Klimama\u00dfnahmen ist mehr als nur eine rhetorische \u00dcbertreibung: Er verweist auf ein wiederkehrendes Muster, in dem Machteliten die kollektiven \u00c4ngste der Bev\u00f6lkerung als Vehikel nutzen, um ihre politischen und \u00f6konomischen Interessen durchzusetzen. Ob es nun die Angst vor g\u00f6ttlicher Strafe, der milit\u00e4rischen Vernichtung oder vor einer \u00f6kologischen Katastrophe ist \u2013 immer wieder zeigt sich, dass die gezielte Erzeugung von Furcht ein effektives Mittel zur Kontrolle und Steuerung der Massen darstellt. Dabei werden oftmals komplexe wissenschaftliche oder theologische Inhalte instrumentalisiert, um einem breiteren Publikum einfache und eing\u00e4ngige Antworten auf tiefgreifende Fragen zu liefern.<\/p>\n<p>Gesellschaftliche Auswirkungen und Gegenstrategien<\/p>\n<p>Die allm\u00e4hliche Verbreitung von Wissen und wissenschaftlicher Rationalit\u00e4t hat zwar viele alte \u00c4ngste entkr\u00e4ftet, jedoch bleibt der Hang zur simplifizierten Interpretation komplexer Ph\u00e4nomene bestehen. Die Aufkl\u00e4rung und der wissenschaftliche Diskurs haben nachweislich dazu beigetragen, Aberglauben und irrationalen \u00c4ngsten entgegenzuwirken. Dennoch zeigt sich, dass in Krisenzeiten selbst gut informierte Gesellschaften anf\u00e4llig f\u00fcr die Instrumentalisierung von Angst sind. Die zentrale Herausforderung besteht daher darin, nicht nur die Faktenlage transparent zu machen, sondern auch die Mechanismen der psychologischen Manipulation zu erkennen. Durch Bildung, kritisches Denken und einen offenen, evidenzbasierten Diskurs k\u00f6nnen Gesellschaften lernen, die Falle der simplen Angstpropaganda zu umgehen und stattdessen rationale Diskussionen zu f\u00f6rdern.<\/p>\n<p><b>Ausblick: Die zuk\u00fcnftige Rolle von Information und Aufkl\u00e4rung<\/b><\/p>\n<p>Angesichts der sich st\u00e4ndig wandelnden Bedrohungsbilder \u2013 sei es in Form von globalen Klimakrisen, technologischen Revolutionen oder geopolitischen Spannungen \u2013 ist es unerl\u00e4sslich, die historischen Parallelen als Warnung zu betrachten. Der Kampf gegen die Instrumentalisierung von Angst ist eng verkn\u00fcpft mit der Forderung nach mehr Transparenz, Unabh\u00e4ngigkeit der Wissenschaft und der St\u00e4rkung demokratischer Institutionen. Nur durch eine informierte und aufgekl\u00e4rte Bev\u00f6lkerung k\u00f6nnen die manipulativen Taktiken der Vergangenheit und Gegenwart \u00fcberwunden werden. Es bedarf eines interdisziplin\u00e4ren Ansatzes, der nicht nur naturwissenschaftliche Erkenntnisse vermittelt, sondern auch die psychosozialen Dynamiken hinter den Angstnarrativen offenlegt.<\/p>\n<p>Zusammenfassend l\u00e4sst sich feststellen, dass die Menschheitsgeschichte ein komplexes Mosaik aus Aberglauben, Machtpolitik und dem Streben nach Kontrolle \u00fcber das Unbekannte darstellt. Historische Beispiele, wie der mittelalterliche Ablasshandel und die atomare Bedrohung des Kalten Krieges, verdeutlichen eindrucksvoll, wie eng die Instrumentalisierung von Angst mit wirtschaftlichen und politischen Interessen verkn\u00fcpft ist. Der \u00dcbergang zur modernen \u00c4ra, in der der angeblich anthropogene Klimawandel als neues Angstbild dient, mag oberfl\u00e4chlich unterschiedlich erscheinen, folgt jedoch demselben Muster: der Manipulation von Unsicherheiten zur Festigung von Macht. Die Herausforderung der Zukunft wird darin bestehen, den Weg der rationalen Auseinandersetzung zu w\u00e4hlen und die Lehren der Geschichte als Grundlage f\u00fcr eine aufgekl\u00e4rte und resiliente Gesellschaft zu nutzen.<\/p>\n<p>In Zeiten der sich immer st\u00e4rker herausstellenden Konsequenzen der Bildungskatastrophe und der medialen Hofberichterstattung, sprich das politisch gewollte Sch\u00fcren von \u00c4ngsten \u2013 Corona und die n\u00e4chste globale Plandemie, Rechtsradikalismus und das Ende der Demokratie, Klima und der drohende Hitzetod, Putin und seine Kriegspl\u00e4ne \u2013 keine leichte Aufgabe.<\/p>\n","protected":false},"excerpt":{"rendered":"<p>Im Laufe der Geschichte hat die Angst vor Unbekanntem und au\u00dferhalb der eigenen Kontrolle Liegendem nicht nur individuelle Lebensentw\u00fcrfe, sondern auch ganze Gesellschaften und politische Systeme ma\u00dfgeblich beeinflusst. Die Furcht vor Naturph\u00e4nomenen, g\u00f6ttlichen Strafen und ideologischen Umw\u00e4lzungen diente stets als &hellip; <a href=\"https:\/\/www.inkultura-online.de\/politisch_unkorrekt\/angst-ein-herrschaftsinstrument\/\">Weiterlesen <span class=\"meta-nav\">&rarr;<\/span><\/a><\/p>\n","protected":false},"author":1,"featured_media":0,"comment_status":"closed","ping_status":"closed","sticky":false,"template":"","format":"standard","meta":{"footnotes":""},"categories":[444],"tags":[1763,1765,1764],"class_list":["post-2901","post","type-post","status-publish","format-standard","hentry","category-gedanken-zum-tag","tag-angst","tag-elitendiktatur","tag-herrschaftsinstrument"],"yoast_head":"<!-- This site is optimized with the Yoast SEO plugin v27.5 - https:\/\/yoast.com\/product\/yoast-seo-wordpress\/ -->\n<title>Angst \u2013 ein Herrschaftsinstrument - Zeitgeist? Frei!<\/title>\n<meta name=\"robots\" content=\"index, follow, max-snippet:-1, max-image-preview:large, max-video-preview:-1\" \/>\n<link rel=\"canonical\" href=\"https:\/\/www.inkultura-online.de\/politisch_unkorrekt\/angst-ein-herrschaftsinstrument\/\" \/>\n<meta property=\"og:locale\" content=\"de_DE\" \/>\n<meta property=\"og:type\" content=\"article\" \/>\n<meta property=\"og:title\" content=\"Angst \u2013 ein Herrschaftsinstrument - Zeitgeist? Frei!\" \/>\n<meta property=\"og:description\" content=\"Im Laufe der Geschichte hat die Angst vor Unbekanntem und au\u00dferhalb der eigenen Kontrolle Liegendem nicht nur individuelle Lebensentw\u00fcrfe, sondern auch ganze Gesellschaften und politische Systeme ma\u00dfgeblich beeinflusst. Die Furcht vor Naturph\u00e4nomenen, g\u00f6ttlichen Strafen und ideologischen Umw\u00e4lzungen diente stets als &hellip; Weiterlesen &rarr;\" \/>\n<meta property=\"og:url\" content=\"https:\/\/www.inkultura-online.de\/politisch_unkorrekt\/angst-ein-herrschaftsinstrument\/\" \/>\n<meta property=\"og:site_name\" content=\"Zeitgeist? Frei!\" \/>\n<meta property=\"article:published_time\" content=\"2025-04-14T07:02:26+00:00\" \/>\n<meta name=\"author\" content=\"Orator\" \/>\n<meta name=\"twitter:label1\" content=\"Verfasst von\" \/>\n\t<meta name=\"twitter:data1\" content=\"Orator\" \/>\n\t<meta name=\"twitter:label2\" content=\"Gesch\u00e4tzte Lesezeit\" \/>\n\t<meta name=\"twitter:data2\" content=\"7\u00a0Minuten\" \/>\n<script type=\"application\/ld+json\" class=\"yoast-schema-graph\">{\"@context\":\"https:\\\/\\\/schema.org\",\"@graph\":[{\"@type\":\"Article\",\"@id\":\"https:\\\/\\\/www.inkultura-online.de\\\/politisch_unkorrekt\\\/angst-ein-herrschaftsinstrument\\\/#article\",\"isPartOf\":{\"@id\":\"https:\\\/\\\/www.inkultura-online.de\\\/politisch_unkorrekt\\\/angst-ein-herrschaftsinstrument\\\/\"},\"author\":{\"name\":\"Orator\",\"@id\":\"https:\\\/\\\/www.inkultura-online.de\\\/politisch_unkorrekt\\\/#\\\/schema\\\/person\\\/5b30b80e385478896a1de221e1994d86\"},\"headline\":\"Angst \u2013 ein Herrschaftsinstrument\",\"datePublished\":\"2025-04-14T07:02:26+00:00\",\"mainEntityOfPage\":{\"@id\":\"https:\\\/\\\/www.inkultura-online.de\\\/politisch_unkorrekt\\\/angst-ein-herrschaftsinstrument\\\/\"},\"wordCount\":1262,\"publisher\":{\"@id\":\"https:\\\/\\\/www.inkultura-online.de\\\/politisch_unkorrekt\\\/#\\\/schema\\\/person\\\/5b30b80e385478896a1de221e1994d86\"},\"keywords\":[\"Angst\",\"Elitendiktatur\",\"Herrschaftsinstrument\"],\"articleSection\":[\"Gedanken zum Tag\"],\"inLanguage\":\"de\"},{\"@type\":\"WebPage\",\"@id\":\"https:\\\/\\\/www.inkultura-online.de\\\/politisch_unkorrekt\\\/angst-ein-herrschaftsinstrument\\\/\",\"url\":\"https:\\\/\\\/www.inkultura-online.de\\\/politisch_unkorrekt\\\/angst-ein-herrschaftsinstrument\\\/\",\"name\":\"Angst \u2013 ein Herrschaftsinstrument - Zeitgeist? Frei!\",\"isPartOf\":{\"@id\":\"https:\\\/\\\/www.inkultura-online.de\\\/politisch_unkorrekt\\\/#website\"},\"datePublished\":\"2025-04-14T07:02:26+00:00\",\"breadcrumb\":{\"@id\":\"https:\\\/\\\/www.inkultura-online.de\\\/politisch_unkorrekt\\\/angst-ein-herrschaftsinstrument\\\/#breadcrumb\"},\"inLanguage\":\"de\",\"potentialAction\":[{\"@type\":\"ReadAction\",\"target\":[\"https:\\\/\\\/www.inkultura-online.de\\\/politisch_unkorrekt\\\/angst-ein-herrschaftsinstrument\\\/\"]}]},{\"@type\":\"BreadcrumbList\",\"@id\":\"https:\\\/\\\/www.inkultura-online.de\\\/politisch_unkorrekt\\\/angst-ein-herrschaftsinstrument\\\/#breadcrumb\",\"itemListElement\":[{\"@type\":\"ListItem\",\"position\":1,\"name\":\"Home\",\"item\":\"https:\\\/\\\/www.inkultura-online.de\\\/politisch_unkorrekt\\\/\"},{\"@type\":\"ListItem\",\"position\":2,\"name\":\"Angst \u2013 ein Herrschaftsinstrument\"}]},{\"@type\":\"WebSite\",\"@id\":\"https:\\\/\\\/www.inkultura-online.de\\\/politisch_unkorrekt\\\/#website\",\"url\":\"https:\\\/\\\/www.inkultura-online.de\\\/politisch_unkorrekt\\\/\",\"name\":\"Zeitgeist? Frei!\",\"description\":\"Was Ihr den Geist der Zeiten hei\u00dft...\",\"publisher\":{\"@id\":\"https:\\\/\\\/www.inkultura-online.de\\\/politisch_unkorrekt\\\/#\\\/schema\\\/person\\\/5b30b80e385478896a1de221e1994d86\"},\"potentialAction\":[{\"@type\":\"SearchAction\",\"target\":{\"@type\":\"EntryPoint\",\"urlTemplate\":\"https:\\\/\\\/www.inkultura-online.de\\\/politisch_unkorrekt\\\/?s={search_term_string}\"},\"query-input\":{\"@type\":\"PropertyValueSpecification\",\"valueRequired\":true,\"valueName\":\"search_term_string\"}}],\"inLanguage\":\"de\"},{\"@type\":[\"Person\",\"Organization\"],\"@id\":\"https:\\\/\\\/www.inkultura-online.de\\\/politisch_unkorrekt\\\/#\\\/schema\\\/person\\\/5b30b80e385478896a1de221e1994d86\",\"name\":\"Orator\",\"image\":{\"@type\":\"ImageObject\",\"inLanguage\":\"de\",\"@id\":\"https:\\\/\\\/secure.gravatar.com\\\/avatar\\\/96e03166d31716e9c437060430eb7605c45a8ce6fb6dab483637ca6915dd0844?s=96&d=mm&r=g\",\"url\":\"https:\\\/\\\/secure.gravatar.com\\\/avatar\\\/96e03166d31716e9c437060430eb7605c45a8ce6fb6dab483637ca6915dd0844?s=96&d=mm&r=g\",\"contentUrl\":\"https:\\\/\\\/secure.gravatar.com\\\/avatar\\\/96e03166d31716e9c437060430eb7605c45a8ce6fb6dab483637ca6915dd0844?s=96&d=mm&r=g\",\"caption\":\"Orator\"},\"logo\":{\"@id\":\"https:\\\/\\\/secure.gravatar.com\\\/avatar\\\/96e03166d31716e9c437060430eb7605c45a8ce6fb6dab483637ca6915dd0844?s=96&d=mm&r=g\"},\"url\":\"https:\\\/\\\/www.inkultura-online.de\\\/politisch_unkorrekt\\\/author\\\/1korrektor21-2\\\/\"}]}<\/script>\n<!-- \/ Yoast SEO plugin. -->","yoast_head_json":{"title":"Angst \u2013 ein Herrschaftsinstrument - Zeitgeist? Frei!","robots":{"index":"index","follow":"follow","max-snippet":"max-snippet:-1","max-image-preview":"max-image-preview:large","max-video-preview":"max-video-preview:-1"},"canonical":"https:\/\/www.inkultura-online.de\/politisch_unkorrekt\/angst-ein-herrschaftsinstrument\/","og_locale":"de_DE","og_type":"article","og_title":"Angst \u2013 ein Herrschaftsinstrument - Zeitgeist? Frei!","og_description":"Im Laufe der Geschichte hat die Angst vor Unbekanntem und au\u00dferhalb der eigenen Kontrolle Liegendem nicht nur individuelle Lebensentw\u00fcrfe, sondern auch ganze Gesellschaften und politische Systeme ma\u00dfgeblich beeinflusst. Die Furcht vor Naturph\u00e4nomenen, g\u00f6ttlichen Strafen und ideologischen Umw\u00e4lzungen diente stets als &hellip; Weiterlesen &rarr;","og_url":"https:\/\/www.inkultura-online.de\/politisch_unkorrekt\/angst-ein-herrschaftsinstrument\/","og_site_name":"Zeitgeist? Frei!","article_published_time":"2025-04-14T07:02:26+00:00","author":"Orator","twitter_misc":{"Verfasst von":"Orator","Gesch\u00e4tzte Lesezeit":"7\u00a0Minuten"},"schema":{"@context":"https:\/\/schema.org","@graph":[{"@type":"Article","@id":"https:\/\/www.inkultura-online.de\/politisch_unkorrekt\/angst-ein-herrschaftsinstrument\/#article","isPartOf":{"@id":"https:\/\/www.inkultura-online.de\/politisch_unkorrekt\/angst-ein-herrschaftsinstrument\/"},"author":{"name":"Orator","@id":"https:\/\/www.inkultura-online.de\/politisch_unkorrekt\/#\/schema\/person\/5b30b80e385478896a1de221e1994d86"},"headline":"Angst \u2013 ein Herrschaftsinstrument","datePublished":"2025-04-14T07:02:26+00:00","mainEntityOfPage":{"@id":"https:\/\/www.inkultura-online.de\/politisch_unkorrekt\/angst-ein-herrschaftsinstrument\/"},"wordCount":1262,"publisher":{"@id":"https:\/\/www.inkultura-online.de\/politisch_unkorrekt\/#\/schema\/person\/5b30b80e385478896a1de221e1994d86"},"keywords":["Angst","Elitendiktatur","Herrschaftsinstrument"],"articleSection":["Gedanken zum Tag"],"inLanguage":"de"},{"@type":"WebPage","@id":"https:\/\/www.inkultura-online.de\/politisch_unkorrekt\/angst-ein-herrschaftsinstrument\/","url":"https:\/\/www.inkultura-online.de\/politisch_unkorrekt\/angst-ein-herrschaftsinstrument\/","name":"Angst \u2013 ein Herrschaftsinstrument - Zeitgeist? Frei!","isPartOf":{"@id":"https:\/\/www.inkultura-online.de\/politisch_unkorrekt\/#website"},"datePublished":"2025-04-14T07:02:26+00:00","breadcrumb":{"@id":"https:\/\/www.inkultura-online.de\/politisch_unkorrekt\/angst-ein-herrschaftsinstrument\/#breadcrumb"},"inLanguage":"de","potentialAction":[{"@type":"ReadAction","target":["https:\/\/www.inkultura-online.de\/politisch_unkorrekt\/angst-ein-herrschaftsinstrument\/"]}]},{"@type":"BreadcrumbList","@id":"https:\/\/www.inkultura-online.de\/politisch_unkorrekt\/angst-ein-herrschaftsinstrument\/#breadcrumb","itemListElement":[{"@type":"ListItem","position":1,"name":"Home","item":"https:\/\/www.inkultura-online.de\/politisch_unkorrekt\/"},{"@type":"ListItem","position":2,"name":"Angst \u2013 ein Herrschaftsinstrument"}]},{"@type":"WebSite","@id":"https:\/\/www.inkultura-online.de\/politisch_unkorrekt\/#website","url":"https:\/\/www.inkultura-online.de\/politisch_unkorrekt\/","name":"Zeitgeist? Frei!","description":"Was Ihr den Geist der Zeiten hei\u00dft...","publisher":{"@id":"https:\/\/www.inkultura-online.de\/politisch_unkorrekt\/#\/schema\/person\/5b30b80e385478896a1de221e1994d86"},"potentialAction":[{"@type":"SearchAction","target":{"@type":"EntryPoint","urlTemplate":"https:\/\/www.inkultura-online.de\/politisch_unkorrekt\/?s={search_term_string}"},"query-input":{"@type":"PropertyValueSpecification","valueRequired":true,"valueName":"search_term_string"}}],"inLanguage":"de"},{"@type":["Person","Organization"],"@id":"https:\/\/www.inkultura-online.de\/politisch_unkorrekt\/#\/schema\/person\/5b30b80e385478896a1de221e1994d86","name":"Orator","image":{"@type":"ImageObject","inLanguage":"de","@id":"https:\/\/secure.gravatar.com\/avatar\/96e03166d31716e9c437060430eb7605c45a8ce6fb6dab483637ca6915dd0844?s=96&d=mm&r=g","url":"https:\/\/secure.gravatar.com\/avatar\/96e03166d31716e9c437060430eb7605c45a8ce6fb6dab483637ca6915dd0844?s=96&d=mm&r=g","contentUrl":"https:\/\/secure.gravatar.com\/avatar\/96e03166d31716e9c437060430eb7605c45a8ce6fb6dab483637ca6915dd0844?s=96&d=mm&r=g","caption":"Orator"},"logo":{"@id":"https:\/\/secure.gravatar.com\/avatar\/96e03166d31716e9c437060430eb7605c45a8ce6fb6dab483637ca6915dd0844?s=96&d=mm&r=g"},"url":"https:\/\/www.inkultura-online.de\/politisch_unkorrekt\/author\/1korrektor21-2\/"}]}},"_links":{"self":[{"href":"https:\/\/www.inkultura-online.de\/politisch_unkorrekt\/wp-json\/wp\/v2\/posts\/2901","targetHints":{"allow":["GET"]}}],"collection":[{"href":"https:\/\/www.inkultura-online.de\/politisch_unkorrekt\/wp-json\/wp\/v2\/posts"}],"about":[{"href":"https:\/\/www.inkultura-online.de\/politisch_unkorrekt\/wp-json\/wp\/v2\/types\/post"}],"author":[{"embeddable":true,"href":"https:\/\/www.inkultura-online.de\/politisch_unkorrekt\/wp-json\/wp\/v2\/users\/1"}],"replies":[{"embeddable":true,"href":"https:\/\/www.inkultura-online.de\/politisch_unkorrekt\/wp-json\/wp\/v2\/comments?post=2901"}],"version-history":[{"count":1,"href":"https:\/\/www.inkultura-online.de\/politisch_unkorrekt\/wp-json\/wp\/v2\/posts\/2901\/revisions"}],"predecessor-version":[{"id":2902,"href":"https:\/\/www.inkultura-online.de\/politisch_unkorrekt\/wp-json\/wp\/v2\/posts\/2901\/revisions\/2902"}],"wp:attachment":[{"href":"https:\/\/www.inkultura-online.de\/politisch_unkorrekt\/wp-json\/wp\/v2\/media?parent=2901"}],"wp:term":[{"taxonomy":"category","embeddable":true,"href":"https:\/\/www.inkultura-online.de\/politisch_unkorrekt\/wp-json\/wp\/v2\/categories?post=2901"},{"taxonomy":"post_tag","embeddable":true,"href":"https:\/\/www.inkultura-online.de\/politisch_unkorrekt\/wp-json\/wp\/v2\/tags?post=2901"}],"curies":[{"name":"wp","href":"https:\/\/api.w.org\/{rel}","templated":true}]}}