{"id":2913,"date":"2025-04-25T12:57:47","date_gmt":"2025-04-25T10:57:47","guid":{"rendered":"https:\/\/www.inkultura-online.de\/politisch_unkorrekt\/?p=2913"},"modified":"2025-04-25T12:57:47","modified_gmt":"2025-04-25T10:57:47","slug":"die-hoelle-hat-wlan","status":"publish","type":"post","link":"https:\/\/www.inkultura-online.de\/politisch_unkorrekt\/die-hoelle-hat-wlan\/","title":{"rendered":"Die H\u00f6lle hat WLAN"},"content":{"rendered":"<p><em>Eine Relekt\u00fcre Sartres im Zeitalter digitaler Sichtbarkeit<\/em><\/p>\n<p><strong>\u201eDie H\u00f6lle, das sind die Anderen\u201c<\/strong> \u2013 kaum ein Satz aus der Philosophie des 20. Jahrhunderts hat so sehr polarisiert wie dieses Wort aus Jean-Paul Sartres Drama <em>Geschlossene Gesellschaft<\/em> (<em>Huis clos<\/em>, 1944). Was urspr\u00fcnglich als existenzialistische Reflexion \u00fcber das Verh\u00e4ltnis von Selbst und Fremdheit gedacht war, entfaltet in unserer Gegenwart eine frappierende Aktualit\u00e4t \u2013 und das gerade im Lichte der scheinbar harmlosen Interaktionen, die sich auf Bildschirmen abspielen.<!--more--><\/p>\n<p>Wir leben in einer Zeit, in der der Blick des Anderen nicht nur real, sondern digital allgegenw\u00e4rtig ist. Die sozialen Medien fungieren als permanentes Schaufenster des Ichs, als Spiegelkabinettsb\u00fchne f\u00fcr die Inszenierung von Identit\u00e4t. Was Sartre als metaphysische Qual schildert \u2013 der Mensch als Objekt im Blick des Anderen \u2013 ist heute zur Normalit\u00e4t geworden.<\/p>\n<p><strong>Der Blick wird zum Algorithmus<\/strong><\/p>\n<p>In <em>Geschlossene Gesellschaft<\/em> befinden sich drei Menschen in einem fensterlosen Raum, aus dem es kein Entkommen gibt. Sie sind aufeinander zur\u00fcckgeworfen, k\u00f6nnen sich nicht entziehen \u2013 nicht den Blicken, nicht den Urteilen, nicht den Deutungen. Sartres H\u00f6lle ist keine Landschaft des Feuers, sondern der Interpretation.<\/p>\n<p>\u00dcbertragen auf das digitale Jetzt: Unsere sozialen Netzwerke sind genau solche R\u00e4ume. Zwar ohne Mauern, aber mit kaum weniger Zwang. Der Andere \u2013 einst Individuum mit konkreter Biografie \u2013 wird ersetzt durch das Publikum, die Follower, den Algorithmus.<\/p>\n<p>Der Unterschied zu Sartres Zeit: Der Blick ist heute nicht mehr nur menschlich, sondern maschinell vervielfacht. Likes, Retweets, Kommentare \u2013 sie alle wirken wie stille Richter \u00fcber unser digitales Selbst. Sie verfestigen die Logik der Sichtbarkeit: Nur wer gesehen wird, scheint zu existieren. Und was nicht performativ hervorgebracht wird, gilt als bedeutungslos.<\/p>\n<p><strong>Die Tyrannei der Sichtbarkeit<\/strong><\/p>\n<p>In dieser Welt wird Identit\u00e4t zur Projektionsfl\u00e4che. Der Mensch zeigt nicht mehr, wer er ist, sondern wie er sein m\u00f6chte. Authentizit\u00e4t wird zum Modus der Darstellung, nicht der Substanz. Doch gerade diese Darstellung ist es, die den Einzelnen an das Urteil der Anderen kettet.<\/p>\n<p>Hier liegt die digitale Variante von Sartres H\u00f6lle: Die permanente Sichtbarkeit zwingt zur st\u00e4ndigen Selbstinszenierung \u2013 und damit zur Selbstentfremdung. Wir werden zu Kuratoren unseres Lebens, zu Social-Media-Strategen unserer eigenen Pers\u00f6nlichkeit. Der Andere, der mich beobachtet, ist \u00fcberall: in der Kommentarspalte, in den Story-Views, in der algorithmischen Empfehlung.<\/p>\n<p>Und mit jeder Best\u00e4tigung, jedem \u201eGef\u00e4llt mir\u201c, w\u00e4chst die stille Angst vor dem Bedeutungsverlust. Die Selbstvergewisserung ist s\u00fc\u00df, aber sie macht abh\u00e4ngig. So dreht sich das Rad: Wir posten, liken, reagieren \u2013 nicht mehr aus Freude oder Mitteilungsbed\u00fcrfnis, sondern um nicht zu verschwinden.<\/p>\n<p><strong>Zwischen Freiheit und Entfremdung<\/strong><\/p>\n<p>Sartres urspr\u00fcnglicher Gedanke war zutiefst ambivalent: Der Andere ist nicht nur Qual, sondern auch M\u00f6glichkeit. Erst durch den Blick des Anderen erkennen wir uns \u2013 aber nur, wenn wir diesen Blick nicht absolut setzen. Die Herausforderung besteht darin, mit den Anderen zu leben, ohne von ihnen verschlungen zu werden.<\/p>\n<p>Im digitalen Kontext bedeutet das: Der Weg aus der H\u00f6lle f\u00fchrt nicht \u00fcber vollst\u00e4ndigen R\u00fcckzug \u2013 sondern \u00fcber die Kritik der Sichtbarkeit. Es braucht eine neue Ethik des Zeigens, eine souver\u00e4ne Form der Teilhabe, in der man sich nicht im Spiegel der Likes verliert.<\/p>\n<p>M\u00f6glich w\u00e4re eine digitale Existenzform, die nicht auf Best\u00e4tigung, sondern auf Resonanz zielt. Eine Kommunikation, die nicht performt, sondern in Beziehung tritt. Eine Freiheit, die sich nicht \u00fcber Reichweite, sondern \u00fcber Selbstbindung definiert.<\/p>\n<p><strong>Fazit<\/strong><\/p>\n<p>Sartres Satz ist heute aktueller denn je \u2013 aber in seiner Umkehrung liegt vielleicht unsere Rettung. Die H\u00f6lle, das sind nicht nur die Anderen. Die H\u00f6lle entsteht, wenn wir glauben, wir seien nur, was die Anderen in uns sehen. Und die Freiheit beginnt dort, wo wir diesen Blick durchbrechen \u2013 nicht, um ihn zu verneinen, sondern um ihm auf Augenh\u00f6he zu begegnen.<\/p>\n<p>Vielleicht lautet der zeitgem\u00e4\u00dfe Aphorismus:<\/p>\n<p><strong>\u201eDie H\u00f6lle hat WLAN \u2013 aber das Paradies hat die Kamera ausgeschaltet.\u201c<\/strong><\/p>\n","protected":false},"excerpt":{"rendered":"<p>Eine Relekt\u00fcre Sartres im Zeitalter digitaler Sichtbarkeit \u201eDie H\u00f6lle, das sind die Anderen\u201c \u2013 kaum ein Satz aus der Philosophie des 20. Jahrhunderts hat so sehr polarisiert wie dieses Wort aus Jean-Paul Sartres Drama Geschlossene Gesellschaft (Huis clos, 1944). Was &hellip; <a href=\"https:\/\/www.inkultura-online.de\/politisch_unkorrekt\/die-hoelle-hat-wlan\/\">Weiterlesen <span class=\"meta-nav\">&rarr;<\/span><\/a><\/p>\n","protected":false},"author":1,"featured_media":0,"comment_status":"closed","ping_status":"closed","sticky":false,"template":"","format":"standard","meta":{"footnotes":""},"categories":[444],"tags":[1769,1768],"class_list":["post-2913","post","type-post","status-publish","format-standard","hentry","category-gedanken-zum-tag","tag-asoziale-netze","tag-die-hoelle-hat-wlan"],"yoast_head":"<!-- This site is optimized with the Yoast SEO plugin v27.5 - https:\/\/yoast.com\/product\/yoast-seo-wordpress\/ -->\n<title>Die H\u00f6lle hat WLAN - Zeitgeist? Frei!<\/title>\n<meta name=\"robots\" content=\"index, follow, max-snippet:-1, max-image-preview:large, max-video-preview:-1\" \/>\n<link rel=\"canonical\" href=\"https:\/\/www.inkultura-online.de\/politisch_unkorrekt\/die-hoelle-hat-wlan\/\" \/>\n<meta property=\"og:locale\" content=\"de_DE\" \/>\n<meta property=\"og:type\" content=\"article\" \/>\n<meta property=\"og:title\" content=\"Die H\u00f6lle hat WLAN - Zeitgeist? Frei!\" \/>\n<meta property=\"og:description\" content=\"Eine Relekt\u00fcre Sartres im Zeitalter digitaler Sichtbarkeit \u201eDie H\u00f6lle, das sind die Anderen\u201c \u2013 kaum ein Satz aus der Philosophie des 20. Jahrhunderts hat so sehr polarisiert wie dieses Wort aus Jean-Paul Sartres Drama Geschlossene Gesellschaft (Huis clos, 1944). Was &hellip; Weiterlesen &rarr;\" \/>\n<meta property=\"og:url\" content=\"https:\/\/www.inkultura-online.de\/politisch_unkorrekt\/die-hoelle-hat-wlan\/\" \/>\n<meta property=\"og:site_name\" content=\"Zeitgeist? Frei!\" \/>\n<meta property=\"article:published_time\" content=\"2025-04-25T10:57:47+00:00\" \/>\n<meta name=\"author\" content=\"Orator\" \/>\n<meta name=\"twitter:label1\" content=\"Verfasst von\" \/>\n\t<meta name=\"twitter:data1\" content=\"Orator\" \/>\n\t<meta name=\"twitter:label2\" content=\"Gesch\u00e4tzte Lesezeit\" \/>\n\t<meta name=\"twitter:data2\" content=\"4\u00a0Minuten\" \/>\n<script type=\"application\/ld+json\" class=\"yoast-schema-graph\">{\"@context\":\"https:\\\/\\\/schema.org\",\"@graph\":[{\"@type\":\"Article\",\"@id\":\"https:\\\/\\\/www.inkultura-online.de\\\/politisch_unkorrekt\\\/die-hoelle-hat-wlan\\\/#article\",\"isPartOf\":{\"@id\":\"https:\\\/\\\/www.inkultura-online.de\\\/politisch_unkorrekt\\\/die-hoelle-hat-wlan\\\/\"},\"author\":{\"name\":\"Orator\",\"@id\":\"https:\\\/\\\/www.inkultura-online.de\\\/politisch_unkorrekt\\\/#\\\/schema\\\/person\\\/5b30b80e385478896a1de221e1994d86\"},\"headline\":\"Die H\u00f6lle hat WLAN\",\"datePublished\":\"2025-04-25T10:57:47+00:00\",\"mainEntityOfPage\":{\"@id\":\"https:\\\/\\\/www.inkultura-online.de\\\/politisch_unkorrekt\\\/die-hoelle-hat-wlan\\\/\"},\"wordCount\":648,\"publisher\":{\"@id\":\"https:\\\/\\\/www.inkultura-online.de\\\/politisch_unkorrekt\\\/#\\\/schema\\\/person\\\/5b30b80e385478896a1de221e1994d86\"},\"keywords\":[\"(a)soziale Netze\",\"Die H\u00f6lle hat WLAN\"],\"articleSection\":[\"Gedanken zum Tag\"],\"inLanguage\":\"de\"},{\"@type\":\"WebPage\",\"@id\":\"https:\\\/\\\/www.inkultura-online.de\\\/politisch_unkorrekt\\\/die-hoelle-hat-wlan\\\/\",\"url\":\"https:\\\/\\\/www.inkultura-online.de\\\/politisch_unkorrekt\\\/die-hoelle-hat-wlan\\\/\",\"name\":\"Die H\u00f6lle hat WLAN - Zeitgeist? Frei!\",\"isPartOf\":{\"@id\":\"https:\\\/\\\/www.inkultura-online.de\\\/politisch_unkorrekt\\\/#website\"},\"datePublished\":\"2025-04-25T10:57:47+00:00\",\"breadcrumb\":{\"@id\":\"https:\\\/\\\/www.inkultura-online.de\\\/politisch_unkorrekt\\\/die-hoelle-hat-wlan\\\/#breadcrumb\"},\"inLanguage\":\"de\",\"potentialAction\":[{\"@type\":\"ReadAction\",\"target\":[\"https:\\\/\\\/www.inkultura-online.de\\\/politisch_unkorrekt\\\/die-hoelle-hat-wlan\\\/\"]}]},{\"@type\":\"BreadcrumbList\",\"@id\":\"https:\\\/\\\/www.inkultura-online.de\\\/politisch_unkorrekt\\\/die-hoelle-hat-wlan\\\/#breadcrumb\",\"itemListElement\":[{\"@type\":\"ListItem\",\"position\":1,\"name\":\"Home\",\"item\":\"https:\\\/\\\/www.inkultura-online.de\\\/politisch_unkorrekt\\\/\"},{\"@type\":\"ListItem\",\"position\":2,\"name\":\"Die H\u00f6lle hat WLAN\"}]},{\"@type\":\"WebSite\",\"@id\":\"https:\\\/\\\/www.inkultura-online.de\\\/politisch_unkorrekt\\\/#website\",\"url\":\"https:\\\/\\\/www.inkultura-online.de\\\/politisch_unkorrekt\\\/\",\"name\":\"Zeitgeist? Frei!\",\"description\":\"Was Ihr den Geist der Zeiten hei\u00dft...\",\"publisher\":{\"@id\":\"https:\\\/\\\/www.inkultura-online.de\\\/politisch_unkorrekt\\\/#\\\/schema\\\/person\\\/5b30b80e385478896a1de221e1994d86\"},\"potentialAction\":[{\"@type\":\"SearchAction\",\"target\":{\"@type\":\"EntryPoint\",\"urlTemplate\":\"https:\\\/\\\/www.inkultura-online.de\\\/politisch_unkorrekt\\\/?s={search_term_string}\"},\"query-input\":{\"@type\":\"PropertyValueSpecification\",\"valueRequired\":true,\"valueName\":\"search_term_string\"}}],\"inLanguage\":\"de\"},{\"@type\":[\"Person\",\"Organization\"],\"@id\":\"https:\\\/\\\/www.inkultura-online.de\\\/politisch_unkorrekt\\\/#\\\/schema\\\/person\\\/5b30b80e385478896a1de221e1994d86\",\"name\":\"Orator\",\"image\":{\"@type\":\"ImageObject\",\"inLanguage\":\"de\",\"@id\":\"https:\\\/\\\/secure.gravatar.com\\\/avatar\\\/96e03166d31716e9c437060430eb7605c45a8ce6fb6dab483637ca6915dd0844?s=96&d=mm&r=g\",\"url\":\"https:\\\/\\\/secure.gravatar.com\\\/avatar\\\/96e03166d31716e9c437060430eb7605c45a8ce6fb6dab483637ca6915dd0844?s=96&d=mm&r=g\",\"contentUrl\":\"https:\\\/\\\/secure.gravatar.com\\\/avatar\\\/96e03166d31716e9c437060430eb7605c45a8ce6fb6dab483637ca6915dd0844?s=96&d=mm&r=g\",\"caption\":\"Orator\"},\"logo\":{\"@id\":\"https:\\\/\\\/secure.gravatar.com\\\/avatar\\\/96e03166d31716e9c437060430eb7605c45a8ce6fb6dab483637ca6915dd0844?s=96&d=mm&r=g\"},\"url\":\"https:\\\/\\\/www.inkultura-online.de\\\/politisch_unkorrekt\\\/author\\\/1korrektor21-2\\\/\"}]}<\/script>\n<!-- \/ Yoast SEO plugin. -->","yoast_head_json":{"title":"Die H\u00f6lle hat WLAN - Zeitgeist? Frei!","robots":{"index":"index","follow":"follow","max-snippet":"max-snippet:-1","max-image-preview":"max-image-preview:large","max-video-preview":"max-video-preview:-1"},"canonical":"https:\/\/www.inkultura-online.de\/politisch_unkorrekt\/die-hoelle-hat-wlan\/","og_locale":"de_DE","og_type":"article","og_title":"Die H\u00f6lle hat WLAN - Zeitgeist? Frei!","og_description":"Eine Relekt\u00fcre Sartres im Zeitalter digitaler Sichtbarkeit \u201eDie H\u00f6lle, das sind die Anderen\u201c \u2013 kaum ein Satz aus der Philosophie des 20. Jahrhunderts hat so sehr polarisiert wie dieses Wort aus Jean-Paul Sartres Drama Geschlossene Gesellschaft (Huis clos, 1944). Was &hellip; Weiterlesen &rarr;","og_url":"https:\/\/www.inkultura-online.de\/politisch_unkorrekt\/die-hoelle-hat-wlan\/","og_site_name":"Zeitgeist? Frei!","article_published_time":"2025-04-25T10:57:47+00:00","author":"Orator","twitter_misc":{"Verfasst von":"Orator","Gesch\u00e4tzte Lesezeit":"4\u00a0Minuten"},"schema":{"@context":"https:\/\/schema.org","@graph":[{"@type":"Article","@id":"https:\/\/www.inkultura-online.de\/politisch_unkorrekt\/die-hoelle-hat-wlan\/#article","isPartOf":{"@id":"https:\/\/www.inkultura-online.de\/politisch_unkorrekt\/die-hoelle-hat-wlan\/"},"author":{"name":"Orator","@id":"https:\/\/www.inkultura-online.de\/politisch_unkorrekt\/#\/schema\/person\/5b30b80e385478896a1de221e1994d86"},"headline":"Die H\u00f6lle hat WLAN","datePublished":"2025-04-25T10:57:47+00:00","mainEntityOfPage":{"@id":"https:\/\/www.inkultura-online.de\/politisch_unkorrekt\/die-hoelle-hat-wlan\/"},"wordCount":648,"publisher":{"@id":"https:\/\/www.inkultura-online.de\/politisch_unkorrekt\/#\/schema\/person\/5b30b80e385478896a1de221e1994d86"},"keywords":["(a)soziale Netze","Die H\u00f6lle hat WLAN"],"articleSection":["Gedanken zum Tag"],"inLanguage":"de"},{"@type":"WebPage","@id":"https:\/\/www.inkultura-online.de\/politisch_unkorrekt\/die-hoelle-hat-wlan\/","url":"https:\/\/www.inkultura-online.de\/politisch_unkorrekt\/die-hoelle-hat-wlan\/","name":"Die H\u00f6lle hat WLAN - Zeitgeist? Frei!","isPartOf":{"@id":"https:\/\/www.inkultura-online.de\/politisch_unkorrekt\/#website"},"datePublished":"2025-04-25T10:57:47+00:00","breadcrumb":{"@id":"https:\/\/www.inkultura-online.de\/politisch_unkorrekt\/die-hoelle-hat-wlan\/#breadcrumb"},"inLanguage":"de","potentialAction":[{"@type":"ReadAction","target":["https:\/\/www.inkultura-online.de\/politisch_unkorrekt\/die-hoelle-hat-wlan\/"]}]},{"@type":"BreadcrumbList","@id":"https:\/\/www.inkultura-online.de\/politisch_unkorrekt\/die-hoelle-hat-wlan\/#breadcrumb","itemListElement":[{"@type":"ListItem","position":1,"name":"Home","item":"https:\/\/www.inkultura-online.de\/politisch_unkorrekt\/"},{"@type":"ListItem","position":2,"name":"Die H\u00f6lle hat WLAN"}]},{"@type":"WebSite","@id":"https:\/\/www.inkultura-online.de\/politisch_unkorrekt\/#website","url":"https:\/\/www.inkultura-online.de\/politisch_unkorrekt\/","name":"Zeitgeist? Frei!","description":"Was Ihr den Geist der Zeiten hei\u00dft...","publisher":{"@id":"https:\/\/www.inkultura-online.de\/politisch_unkorrekt\/#\/schema\/person\/5b30b80e385478896a1de221e1994d86"},"potentialAction":[{"@type":"SearchAction","target":{"@type":"EntryPoint","urlTemplate":"https:\/\/www.inkultura-online.de\/politisch_unkorrekt\/?s={search_term_string}"},"query-input":{"@type":"PropertyValueSpecification","valueRequired":true,"valueName":"search_term_string"}}],"inLanguage":"de"},{"@type":["Person","Organization"],"@id":"https:\/\/www.inkultura-online.de\/politisch_unkorrekt\/#\/schema\/person\/5b30b80e385478896a1de221e1994d86","name":"Orator","image":{"@type":"ImageObject","inLanguage":"de","@id":"https:\/\/secure.gravatar.com\/avatar\/96e03166d31716e9c437060430eb7605c45a8ce6fb6dab483637ca6915dd0844?s=96&d=mm&r=g","url":"https:\/\/secure.gravatar.com\/avatar\/96e03166d31716e9c437060430eb7605c45a8ce6fb6dab483637ca6915dd0844?s=96&d=mm&r=g","contentUrl":"https:\/\/secure.gravatar.com\/avatar\/96e03166d31716e9c437060430eb7605c45a8ce6fb6dab483637ca6915dd0844?s=96&d=mm&r=g","caption":"Orator"},"logo":{"@id":"https:\/\/secure.gravatar.com\/avatar\/96e03166d31716e9c437060430eb7605c45a8ce6fb6dab483637ca6915dd0844?s=96&d=mm&r=g"},"url":"https:\/\/www.inkultura-online.de\/politisch_unkorrekt\/author\/1korrektor21-2\/"}]}},"_links":{"self":[{"href":"https:\/\/www.inkultura-online.de\/politisch_unkorrekt\/wp-json\/wp\/v2\/posts\/2913","targetHints":{"allow":["GET"]}}],"collection":[{"href":"https:\/\/www.inkultura-online.de\/politisch_unkorrekt\/wp-json\/wp\/v2\/posts"}],"about":[{"href":"https:\/\/www.inkultura-online.de\/politisch_unkorrekt\/wp-json\/wp\/v2\/types\/post"}],"author":[{"embeddable":true,"href":"https:\/\/www.inkultura-online.de\/politisch_unkorrekt\/wp-json\/wp\/v2\/users\/1"}],"replies":[{"embeddable":true,"href":"https:\/\/www.inkultura-online.de\/politisch_unkorrekt\/wp-json\/wp\/v2\/comments?post=2913"}],"version-history":[{"count":1,"href":"https:\/\/www.inkultura-online.de\/politisch_unkorrekt\/wp-json\/wp\/v2\/posts\/2913\/revisions"}],"predecessor-version":[{"id":2914,"href":"https:\/\/www.inkultura-online.de\/politisch_unkorrekt\/wp-json\/wp\/v2\/posts\/2913\/revisions\/2914"}],"wp:attachment":[{"href":"https:\/\/www.inkultura-online.de\/politisch_unkorrekt\/wp-json\/wp\/v2\/media?parent=2913"}],"wp:term":[{"taxonomy":"category","embeddable":true,"href":"https:\/\/www.inkultura-online.de\/politisch_unkorrekt\/wp-json\/wp\/v2\/categories?post=2913"},{"taxonomy":"post_tag","embeddable":true,"href":"https:\/\/www.inkultura-online.de\/politisch_unkorrekt\/wp-json\/wp\/v2\/tags?post=2913"}],"curies":[{"name":"wp","href":"https:\/\/api.w.org\/{rel}","templated":true}]}}