{"id":2923,"date":"2025-04-30T09:25:31","date_gmt":"2025-04-30T07:25:31","guid":{"rendered":"https:\/\/www.inkultura-online.de\/politisch_unkorrekt\/?p=2923"},"modified":"2025-04-30T09:25:31","modified_gmt":"2025-04-30T07:25:31","slug":"inmitten-der-massen-allein","status":"publish","type":"post","link":"https:\/\/www.inkultura-online.de\/politisch_unkorrekt\/inmitten-der-massen-allein\/","title":{"rendered":"Inmitten der Massen allein"},"content":{"rendered":"<p><strong>Von der Einsamkeit in Zeiten virtueller Freundschaft<\/strong><\/p>\n<p><em>&#8222;Wir sind nie weniger allein, als wenn wir allein sind.&#8220;<\/em>\u2013 Michel de Montaigne<\/p>\n<p>Montaigne, der gro\u00dfe Skeptiker der menschlichen Natur, h\u00e4tte unsere Epoche mit einer Mischung aus Erstaunen und stillem Spott betrachtet. Heute sind wir umgeben von Stimmen, Bildern, Gesten \u2013 und doch schwelt in uns ein Gef\u00fchl der Verlorenheit, das tiefer zu reichen scheint als je zuvor. Wo einst das Alleinsein ein Raum der Selbstfindung war, ist es heute von einer neuen, paradoxen Einsamkeit abgel\u00f6st worden: der Einsamkeit unter Freunden.<!--more--><\/p>\n<p>Die sozialen Netzwerke, jene endlosen Ozeane digitaler Interaktion, haben unser Bed\u00fcrfnis nach Verbundenheit nicht gel\u00f6scht, sondern vervielfacht. Wir rudern in winzigen Booten auf diesem Meer, werfen tausende Flaschenposten in die Flut \u2013 jedes \u201eGef\u00e4llt mir\u201c ein schwaches Echo, jede neue \u201eFreundschaftsanfrage\u201c ein ferner Lichtschein am Horizont. Doch je mehr wir uns vernetzen, desto deutlicher sp\u00fcren wir die Bruchlinien unserer Verbindungen. Die Netzwerke, geschaffen, um N\u00e4he zu simulieren, funktionieren oft wie Spiegelkabinette: Wir sehen Abbilder, Projektionen, Masken \u2013 selten jedoch echte Gegen\u00fcber.<\/p>\n<p>Die Metaphern, die sich aufdr\u00e4ngen, sind zahlreich und bitter: virtuelle Freundschaften gleichen Blumen aus Plastik \u2013 bunt, dauerhaft und doch leblos. Sie duften nicht, sie welken nicht \u2013 aber sie n\u00e4hren auch nicht. Die Begegnung im Netz ist ein Tanz von Schatten: leicht, fl\u00fcchtig, sch\u00f6n vielleicht \u2013 doch am Ende ist man es selbst, der allein auf dem Parkett zur\u00fcckbleibt.<\/p>\n<p>Dabei ist die Sehnsucht, die uns treibt, eine uralte: gesehen, erkannt, gehalten zu werden. Doch wo der Klick das Gespr\u00e4ch ersetzt und der Algorithmus die Wahl der Freunde diktiert, dort wird die Begegnung zur Ware, die Aufmerksamkeit zur W\u00e4hrung. Die Einsamkeit in dieser neuen Welt ist nicht die stille Einkehr des Einzelg\u00e4ngers, sondern die l\u00e4rmende Vereinsamung im Get\u00fcmmel.<\/p>\n<p>Und doch \u2013 wie Montaigne mahnt \u2013 ist der R\u00fcckzug in sich selbst keine Kapitulation, sondern ein Triumph. Vielleicht fordert uns die hohle Betriebsamkeit der Netzwerke dazu heraus, das Wesen der Freundschaft neu zu begreifen. Nicht die Vielzahl der Kontakte, sondern die Tiefe der Verbindung z\u00e4hlt. Nicht die Sichtbarkeit, sondern die sp\u00fcrbare Gegenwart.<\/p>\n<p>Es gibt einen stillen Ort jenseits der zahllosen Nachrichten, der aufrichtigen Begegnung vorbehalten bleibt \u2013 einen Ort, an dem Worte nicht durch Filter gehen und Blicke nicht retuschiert werden. Vielleicht liegt die wahre Antwort auf unsere neue Einsamkeit darin, den Mut aufzubringen, das Virtuelle als Einladung, nicht als Ersatz zu begreifen. Virtuelle Freundschaften m\u00f6gen Wege sein \u2013 doch echte Freundschaft bleibt ein Garten, der Pflege, Zeit und N\u00e4he verlangt.<br \/>\nNur wer wagt, unter Menschen wieder wahrhaft allein zu sein, wird lernen, in der Einsamkeit die Voraussetzung f\u00fcr echte Gemeinschaft zu erkennen.<\/p>\n","protected":false},"excerpt":{"rendered":"<p>Von der Einsamkeit in Zeiten virtueller Freundschaft &#8222;Wir sind nie weniger allein, als wenn wir allein sind.&#8220;\u2013 Michel de Montaigne Montaigne, der gro\u00dfe Skeptiker der menschlichen Natur, h\u00e4tte unsere Epoche mit einer Mischung aus Erstaunen und stillem Spott betrachtet. Heute &hellip; <a href=\"https:\/\/www.inkultura-online.de\/politisch_unkorrekt\/inmitten-der-massen-allein\/\">Weiterlesen <span class=\"meta-nav\">&rarr;<\/span><\/a><\/p>\n","protected":false},"author":1,"featured_media":0,"comment_status":"closed","ping_status":"closed","sticky":false,"template":"","format":"standard","meta":{"footnotes":""},"categories":[444],"tags":[1771,889,880,1152],"class_list":["post-2923","post","type-post","status-publish","format-standard","hentry","category-gedanken-zum-tag","tag-digitale-masse","tag-einsamkeit","tag-masse","tag-soziale-netzwerke"],"yoast_head":"<!-- This site is optimized with the Yoast SEO plugin v27.5 - https:\/\/yoast.com\/product\/yoast-seo-wordpress\/ -->\n<title>Inmitten der Massen allein - Zeitgeist? Frei!<\/title>\n<meta name=\"robots\" content=\"index, follow, max-snippet:-1, max-image-preview:large, max-video-preview:-1\" \/>\n<link rel=\"canonical\" href=\"https:\/\/www.inkultura-online.de\/politisch_unkorrekt\/inmitten-der-massen-allein\/\" \/>\n<meta property=\"og:locale\" content=\"de_DE\" \/>\n<meta property=\"og:type\" content=\"article\" \/>\n<meta property=\"og:title\" content=\"Inmitten der Massen allein - Zeitgeist? Frei!\" \/>\n<meta property=\"og:description\" content=\"Von der Einsamkeit in Zeiten virtueller Freundschaft &#8222;Wir sind nie weniger allein, als wenn wir allein sind.&#8220;\u2013 Michel de Montaigne Montaigne, der gro\u00dfe Skeptiker der menschlichen Natur, h\u00e4tte unsere Epoche mit einer Mischung aus Erstaunen und stillem Spott betrachtet. Heute &hellip; Weiterlesen &rarr;\" \/>\n<meta property=\"og:url\" content=\"https:\/\/www.inkultura-online.de\/politisch_unkorrekt\/inmitten-der-massen-allein\/\" \/>\n<meta property=\"og:site_name\" content=\"Zeitgeist? Frei!\" \/>\n<meta property=\"article:published_time\" content=\"2025-04-30T07:25:31+00:00\" \/>\n<meta name=\"author\" content=\"Orator\" \/>\n<meta name=\"twitter:label1\" content=\"Verfasst von\" \/>\n\t<meta name=\"twitter:data1\" content=\"Orator\" \/>\n\t<meta name=\"twitter:label2\" content=\"Gesch\u00e4tzte Lesezeit\" \/>\n\t<meta name=\"twitter:data2\" content=\"3\u00a0Minuten\" \/>\n<script type=\"application\/ld+json\" class=\"yoast-schema-graph\">{\"@context\":\"https:\\\/\\\/schema.org\",\"@graph\":[{\"@type\":\"Article\",\"@id\":\"https:\\\/\\\/www.inkultura-online.de\\\/politisch_unkorrekt\\\/inmitten-der-massen-allein\\\/#article\",\"isPartOf\":{\"@id\":\"https:\\\/\\\/www.inkultura-online.de\\\/politisch_unkorrekt\\\/inmitten-der-massen-allein\\\/\"},\"author\":{\"name\":\"Orator\",\"@id\":\"https:\\\/\\\/www.inkultura-online.de\\\/politisch_unkorrekt\\\/#\\\/schema\\\/person\\\/5b30b80e385478896a1de221e1994d86\"},\"headline\":\"Inmitten der Massen allein\",\"datePublished\":\"2025-04-30T07:25:31+00:00\",\"mainEntityOfPage\":{\"@id\":\"https:\\\/\\\/www.inkultura-online.de\\\/politisch_unkorrekt\\\/inmitten-der-massen-allein\\\/\"},\"wordCount\":451,\"publisher\":{\"@id\":\"https:\\\/\\\/www.inkultura-online.de\\\/politisch_unkorrekt\\\/#\\\/schema\\\/person\\\/5b30b80e385478896a1de221e1994d86\"},\"keywords\":[\"digitale Masse\",\"Einsamkeit\",\"Masse\",\"soziale Netzwerke\"],\"articleSection\":[\"Gedanken zum Tag\"],\"inLanguage\":\"de\"},{\"@type\":\"WebPage\",\"@id\":\"https:\\\/\\\/www.inkultura-online.de\\\/politisch_unkorrekt\\\/inmitten-der-massen-allein\\\/\",\"url\":\"https:\\\/\\\/www.inkultura-online.de\\\/politisch_unkorrekt\\\/inmitten-der-massen-allein\\\/\",\"name\":\"Inmitten der Massen allein - Zeitgeist? Frei!\",\"isPartOf\":{\"@id\":\"https:\\\/\\\/www.inkultura-online.de\\\/politisch_unkorrekt\\\/#website\"},\"datePublished\":\"2025-04-30T07:25:31+00:00\",\"breadcrumb\":{\"@id\":\"https:\\\/\\\/www.inkultura-online.de\\\/politisch_unkorrekt\\\/inmitten-der-massen-allein\\\/#breadcrumb\"},\"inLanguage\":\"de\",\"potentialAction\":[{\"@type\":\"ReadAction\",\"target\":[\"https:\\\/\\\/www.inkultura-online.de\\\/politisch_unkorrekt\\\/inmitten-der-massen-allein\\\/\"]}]},{\"@type\":\"BreadcrumbList\",\"@id\":\"https:\\\/\\\/www.inkultura-online.de\\\/politisch_unkorrekt\\\/inmitten-der-massen-allein\\\/#breadcrumb\",\"itemListElement\":[{\"@type\":\"ListItem\",\"position\":1,\"name\":\"Home\",\"item\":\"https:\\\/\\\/www.inkultura-online.de\\\/politisch_unkorrekt\\\/\"},{\"@type\":\"ListItem\",\"position\":2,\"name\":\"Inmitten der Massen allein\"}]},{\"@type\":\"WebSite\",\"@id\":\"https:\\\/\\\/www.inkultura-online.de\\\/politisch_unkorrekt\\\/#website\",\"url\":\"https:\\\/\\\/www.inkultura-online.de\\\/politisch_unkorrekt\\\/\",\"name\":\"Zeitgeist? Frei!\",\"description\":\"Was Ihr den Geist der Zeiten hei\u00dft...\",\"publisher\":{\"@id\":\"https:\\\/\\\/www.inkultura-online.de\\\/politisch_unkorrekt\\\/#\\\/schema\\\/person\\\/5b30b80e385478896a1de221e1994d86\"},\"potentialAction\":[{\"@type\":\"SearchAction\",\"target\":{\"@type\":\"EntryPoint\",\"urlTemplate\":\"https:\\\/\\\/www.inkultura-online.de\\\/politisch_unkorrekt\\\/?s={search_term_string}\"},\"query-input\":{\"@type\":\"PropertyValueSpecification\",\"valueRequired\":true,\"valueName\":\"search_term_string\"}}],\"inLanguage\":\"de\"},{\"@type\":[\"Person\",\"Organization\"],\"@id\":\"https:\\\/\\\/www.inkultura-online.de\\\/politisch_unkorrekt\\\/#\\\/schema\\\/person\\\/5b30b80e385478896a1de221e1994d86\",\"name\":\"Orator\",\"image\":{\"@type\":\"ImageObject\",\"inLanguage\":\"de\",\"@id\":\"https:\\\/\\\/secure.gravatar.com\\\/avatar\\\/96e03166d31716e9c437060430eb7605c45a8ce6fb6dab483637ca6915dd0844?s=96&d=mm&r=g\",\"url\":\"https:\\\/\\\/secure.gravatar.com\\\/avatar\\\/96e03166d31716e9c437060430eb7605c45a8ce6fb6dab483637ca6915dd0844?s=96&d=mm&r=g\",\"contentUrl\":\"https:\\\/\\\/secure.gravatar.com\\\/avatar\\\/96e03166d31716e9c437060430eb7605c45a8ce6fb6dab483637ca6915dd0844?s=96&d=mm&r=g\",\"caption\":\"Orator\"},\"logo\":{\"@id\":\"https:\\\/\\\/secure.gravatar.com\\\/avatar\\\/96e03166d31716e9c437060430eb7605c45a8ce6fb6dab483637ca6915dd0844?s=96&d=mm&r=g\"},\"url\":\"https:\\\/\\\/www.inkultura-online.de\\\/politisch_unkorrekt\\\/author\\\/1korrektor21-2\\\/\"}]}<\/script>\n<!-- \/ Yoast SEO plugin. -->","yoast_head_json":{"title":"Inmitten der Massen allein - Zeitgeist? Frei!","robots":{"index":"index","follow":"follow","max-snippet":"max-snippet:-1","max-image-preview":"max-image-preview:large","max-video-preview":"max-video-preview:-1"},"canonical":"https:\/\/www.inkultura-online.de\/politisch_unkorrekt\/inmitten-der-massen-allein\/","og_locale":"de_DE","og_type":"article","og_title":"Inmitten der Massen allein - Zeitgeist? Frei!","og_description":"Von der Einsamkeit in Zeiten virtueller Freundschaft &#8222;Wir sind nie weniger allein, als wenn wir allein sind.&#8220;\u2013 Michel de Montaigne Montaigne, der gro\u00dfe Skeptiker der menschlichen Natur, h\u00e4tte unsere Epoche mit einer Mischung aus Erstaunen und stillem Spott betrachtet. Heute &hellip; Weiterlesen &rarr;","og_url":"https:\/\/www.inkultura-online.de\/politisch_unkorrekt\/inmitten-der-massen-allein\/","og_site_name":"Zeitgeist? Frei!","article_published_time":"2025-04-30T07:25:31+00:00","author":"Orator","twitter_misc":{"Verfasst von":"Orator","Gesch\u00e4tzte Lesezeit":"3\u00a0Minuten"},"schema":{"@context":"https:\/\/schema.org","@graph":[{"@type":"Article","@id":"https:\/\/www.inkultura-online.de\/politisch_unkorrekt\/inmitten-der-massen-allein\/#article","isPartOf":{"@id":"https:\/\/www.inkultura-online.de\/politisch_unkorrekt\/inmitten-der-massen-allein\/"},"author":{"name":"Orator","@id":"https:\/\/www.inkultura-online.de\/politisch_unkorrekt\/#\/schema\/person\/5b30b80e385478896a1de221e1994d86"},"headline":"Inmitten der Massen allein","datePublished":"2025-04-30T07:25:31+00:00","mainEntityOfPage":{"@id":"https:\/\/www.inkultura-online.de\/politisch_unkorrekt\/inmitten-der-massen-allein\/"},"wordCount":451,"publisher":{"@id":"https:\/\/www.inkultura-online.de\/politisch_unkorrekt\/#\/schema\/person\/5b30b80e385478896a1de221e1994d86"},"keywords":["digitale Masse","Einsamkeit","Masse","soziale Netzwerke"],"articleSection":["Gedanken zum Tag"],"inLanguage":"de"},{"@type":"WebPage","@id":"https:\/\/www.inkultura-online.de\/politisch_unkorrekt\/inmitten-der-massen-allein\/","url":"https:\/\/www.inkultura-online.de\/politisch_unkorrekt\/inmitten-der-massen-allein\/","name":"Inmitten der Massen allein - Zeitgeist? Frei!","isPartOf":{"@id":"https:\/\/www.inkultura-online.de\/politisch_unkorrekt\/#website"},"datePublished":"2025-04-30T07:25:31+00:00","breadcrumb":{"@id":"https:\/\/www.inkultura-online.de\/politisch_unkorrekt\/inmitten-der-massen-allein\/#breadcrumb"},"inLanguage":"de","potentialAction":[{"@type":"ReadAction","target":["https:\/\/www.inkultura-online.de\/politisch_unkorrekt\/inmitten-der-massen-allein\/"]}]},{"@type":"BreadcrumbList","@id":"https:\/\/www.inkultura-online.de\/politisch_unkorrekt\/inmitten-der-massen-allein\/#breadcrumb","itemListElement":[{"@type":"ListItem","position":1,"name":"Home","item":"https:\/\/www.inkultura-online.de\/politisch_unkorrekt\/"},{"@type":"ListItem","position":2,"name":"Inmitten der Massen allein"}]},{"@type":"WebSite","@id":"https:\/\/www.inkultura-online.de\/politisch_unkorrekt\/#website","url":"https:\/\/www.inkultura-online.de\/politisch_unkorrekt\/","name":"Zeitgeist? Frei!","description":"Was Ihr den Geist der Zeiten hei\u00dft...","publisher":{"@id":"https:\/\/www.inkultura-online.de\/politisch_unkorrekt\/#\/schema\/person\/5b30b80e385478896a1de221e1994d86"},"potentialAction":[{"@type":"SearchAction","target":{"@type":"EntryPoint","urlTemplate":"https:\/\/www.inkultura-online.de\/politisch_unkorrekt\/?s={search_term_string}"},"query-input":{"@type":"PropertyValueSpecification","valueRequired":true,"valueName":"search_term_string"}}],"inLanguage":"de"},{"@type":["Person","Organization"],"@id":"https:\/\/www.inkultura-online.de\/politisch_unkorrekt\/#\/schema\/person\/5b30b80e385478896a1de221e1994d86","name":"Orator","image":{"@type":"ImageObject","inLanguage":"de","@id":"https:\/\/secure.gravatar.com\/avatar\/96e03166d31716e9c437060430eb7605c45a8ce6fb6dab483637ca6915dd0844?s=96&d=mm&r=g","url":"https:\/\/secure.gravatar.com\/avatar\/96e03166d31716e9c437060430eb7605c45a8ce6fb6dab483637ca6915dd0844?s=96&d=mm&r=g","contentUrl":"https:\/\/secure.gravatar.com\/avatar\/96e03166d31716e9c437060430eb7605c45a8ce6fb6dab483637ca6915dd0844?s=96&d=mm&r=g","caption":"Orator"},"logo":{"@id":"https:\/\/secure.gravatar.com\/avatar\/96e03166d31716e9c437060430eb7605c45a8ce6fb6dab483637ca6915dd0844?s=96&d=mm&r=g"},"url":"https:\/\/www.inkultura-online.de\/politisch_unkorrekt\/author\/1korrektor21-2\/"}]}},"_links":{"self":[{"href":"https:\/\/www.inkultura-online.de\/politisch_unkorrekt\/wp-json\/wp\/v2\/posts\/2923","targetHints":{"allow":["GET"]}}],"collection":[{"href":"https:\/\/www.inkultura-online.de\/politisch_unkorrekt\/wp-json\/wp\/v2\/posts"}],"about":[{"href":"https:\/\/www.inkultura-online.de\/politisch_unkorrekt\/wp-json\/wp\/v2\/types\/post"}],"author":[{"embeddable":true,"href":"https:\/\/www.inkultura-online.de\/politisch_unkorrekt\/wp-json\/wp\/v2\/users\/1"}],"replies":[{"embeddable":true,"href":"https:\/\/www.inkultura-online.de\/politisch_unkorrekt\/wp-json\/wp\/v2\/comments?post=2923"}],"version-history":[{"count":1,"href":"https:\/\/www.inkultura-online.de\/politisch_unkorrekt\/wp-json\/wp\/v2\/posts\/2923\/revisions"}],"predecessor-version":[{"id":2924,"href":"https:\/\/www.inkultura-online.de\/politisch_unkorrekt\/wp-json\/wp\/v2\/posts\/2923\/revisions\/2924"}],"wp:attachment":[{"href":"https:\/\/www.inkultura-online.de\/politisch_unkorrekt\/wp-json\/wp\/v2\/media?parent=2923"}],"wp:term":[{"taxonomy":"category","embeddable":true,"href":"https:\/\/www.inkultura-online.de\/politisch_unkorrekt\/wp-json\/wp\/v2\/categories?post=2923"},{"taxonomy":"post_tag","embeddable":true,"href":"https:\/\/www.inkultura-online.de\/politisch_unkorrekt\/wp-json\/wp\/v2\/tags?post=2923"}],"curies":[{"name":"wp","href":"https:\/\/api.w.org\/{rel}","templated":true}]}}