{"id":2925,"date":"2025-05-03T16:32:25","date_gmt":"2025-05-03T14:32:25","guid":{"rendered":"https:\/\/www.inkultura-online.de\/politisch_unkorrekt\/?p=2925"},"modified":"2025-05-03T16:32:25","modified_gmt":"2025-05-03T14:32:25","slug":"die-franklin-expedition-mythos-der-moderne","status":"publish","type":"post","link":"https:\/\/www.inkultura-online.de\/politisch_unkorrekt\/die-franklin-expedition-mythos-der-moderne\/","title":{"rendered":"Die Franklin-Expedition &#8211; Mythos der Moderne"},"content":{"rendered":"<h2 class=\"western\"><em>\u201eDas wei\u00dfe Grab der Hoffnung\u201c \u2013 Die Franklin-Expedition als Mythos der Moderne<\/em><\/h2>\n<blockquote><p><em>\u201eThe Arctic is a terrible place. But it is also a truthful place.\u201c<\/em><br \/>\n\u2014 Margaret Atwood, <em>Strange Things: The Malevolent North in Canadian Literature<\/em>, 1995<\/p><\/blockquote>\n<p>Als Sir John Franklin am 19. Mai 1845 England verlie\u00df, trug ihn der Wind nicht nur in Richtung der Nordwestpassage, sondern in das Innere eines kulturellen Traums \u2013 und dessen j\u00e4hen Zusammenbruch. Die als Triumph britischer Technik und Disziplin konzipierte Franklin-Expedition endete im lautlosen Scheitern und wurde posthum zur Projektionsfl\u00e4che f\u00fcr heroische, moralische und metaphysische Deutungen. Was bleibt, ist mehr als eine historische Trag\u00f6die: ein moderner Mythos.<!--more--><\/p>\n<h3 class=\"western\">Die \u00c4sthetik des Verschwindens<\/h3>\n<p>Das Verstummen der Schiffe <em>Erebus<\/em> und <em>Terror<\/em>, die mit Kohledampf, Konservendosen und Kupferrohren gegen das Eis antraten, wirkt heute wie ein Sinnbild jener \u201eZumutung des Realen\u201c, die Jean Baudrillard als Charakteristikum postheroischer Weltsicht beschreibt. Keine Signale, keine \u00dcberlebenden, keine R\u00fcckkehr \u2013 nur das Schweigen der Arktis. Das \u201ewei\u00dfe Grab\u201c, wie es sp\u00e4ter genannt wurde, wurde zum Resonanzraum viktorianischer Imagination.<\/p>\n<p>In Sten Nadolnys Roman <em>Die Entdeckung der Langsamkeit<\/em> (1983) erscheint Franklin als Gegenfigur zur linearen Moderne: ein kontemplativer Melancholiker in einer Welt der Raserei. Seine Langsamkeit wird zur Tugend \u2013 ja zur Erkenntnisform. Nadolny l\u00e4sst Franklin denken:<\/p>\n<blockquote><p><em>\u201eWer langsam ist, hat mehr Zeit zum Sehen, zum H\u00f6ren, zum Denken. [&#8230;] Die Geschwindigkeit macht blind.\u201c<\/em><br \/>\n(<em>Nadolny, 1983, S. 215<\/em>)<\/p><\/blockquote>\n<p>Das Verschwinden wird so nicht zum blo\u00dfen Verlust, sondern zur poetischen Umkehrung imperialer Geschwindigkeit.<\/p>\n<h3 class=\"western\">Fortschritt als Fessel<\/h3>\n<p>Die Franklin-Expedition scheiterte nicht an Mangel, sondern an \u00dcberfluss: an zu viel Technik, zu viel Ordnung, zu wenig Offenheit. Die Konservendosen, modern verschlossen mit Bleilot, f\u00fchrten zur schleichenden Vergiftung der Mannschaft. Die dampfbetriebenen Schrauben waren nutzlos im Packeis. Die Uniformen hielten keine Bewegung aus, und der milit\u00e4rische Gehorsam war ein Hindernis im \u00dcberlebenskampf.<\/p>\n<p>In <em>Frozen in Time<\/em> (Beattie\/Geiger, 1987), einer bahnbrechenden forensischen Analyse, hei\u00dft es n\u00fcchtern:<\/p>\n<blockquote><p><em>\u201eThese were not men defeated by nature, but by misjudgment\u2014cultural, medical, and logistical.\u201c<\/em><br \/>\n(<em>Beattie &amp; Geiger, 1987, S. 121<\/em>)<\/p><\/blockquote>\n<p>Die ignorierte Lebensweise der Inuit \u2013 leichtes Gep\u00e4ck, flexible Kleidung, organisches Wissen \u2013 wurde von der britischen F\u00fchrung als \u201eprimitiv\u201c abgetan. Diesem kolonialen Hochmut setzte der schottische Entdecker John Rae sp\u00e4ter die bittere Wahrheit entgegen: Die letzten \u00dcberlebenden, so berichteten Inuit-Augenzeugen, waren zu Kannibalismus gezwungen.<\/p>\n<h3 class=\"western\">Der Mythos als Widerhall<\/h3>\n<p>Dan Simmons\u2019 Roman <em>Terror<\/em> (2007) treibt die Erz\u00e4hlung ins \u00dcbernat\u00fcrliche. Die Expedition wird dort von einem urzeitlichen Wesen verfolgt \u2013 einem Symbol f\u00fcr das Unverstandene, das Uralte, das dem imperialen Weltbild nicht einzuhegen ist. Die Arktis ist hier kein leerer Raum, sondern ein Widerpart zur westlichen Ordnung. Simmons schreibt:<\/p>\n<blockquote><p><em>\u201eThis place is not ours. It never was.\u201c<\/em><br \/>\n(<em>Simmons, 2007, S. 489<\/em>)<\/p><\/blockquote>\n<p>Auch die TV-Adaption (AMC, 2018) verst\u00e4rkte diese Lesart: Der Schnee wird zur B\u00fchne einer metaphysischen Pr\u00fcfung, das Eis zur Ethik. Die M\u00e4nner k\u00e4mpfen nicht nur ums \u00dcberleben, sondern um Deutungshoheit \u00fcber eine Welt, die ihnen nicht geh\u00f6rt.<\/p>\n<h3 class=\"western\">Der Nachhall<\/h3>\n<p>Mit der Entdeckung der Wracks von <em>Erebus<\/em> (2014) und <em>Terror<\/em> (2016) durch kanadische Arch\u00e4ologen schien das R\u00e4tsel einen arch\u00e4ologischen Abschluss zu finden. Und doch bleibt das Echo. Russell A. Potter, Historiker und Autor von <em>Finding Franklin<\/em> (2016), fasst es pr\u00e4gnant:<\/p>\n<blockquote><p><em>\u201eThe true story of Franklin&#8217;s fate is not an ending, but a beginning \u2013 of how we learn to listen to the North, rather than speak over it.\u201c<\/em><br \/>\n(<em>Potter, 2016, S. 204<\/em>)<\/p><\/blockquote>\n<p>So wird aus dem heroischen Narrativ ein Mahnmal: f\u00fcr die Notwendigkeit des kulturellen Zuh\u00f6rens, f\u00fcr die Begrenztheit technischen Denkens und f\u00fcr die Relevanz indigener Perspektiven.<\/p>\n<h3 class=\"western\">Literaturverzeichnis (Auswahl)<\/h3>\n<ul>\n<li>Beattie, Owen &amp; Geiger, John: <em>Frozen in Time: The Fate of the Franklin Expedition<\/em>. Bloomsbury, 1987.<\/li>\n<li>Nadolny, Sten: <em>Die Entdeckung der Langsamkeit<\/em>. Piper Verlag, 1983.<\/li>\n<li>Potter, Russell A.: <em>Finding Franklin: The Untold Story of a 165-Year Search<\/em>. McGill-Queen\u2019s University Press, 2016.<\/li>\n<li>Simmons, Dan: <em>The Terror<\/em>. Little, Brown, 2007.<\/li>\n<li>Atwood, Margaret: <em>Strange Things: The Malevolent North in Canadian Literature<\/em><strong>. <\/strong>Oxford University Press, 1995.<\/li>\n<\/ul>\n<p><strong><span style=\"font-size: xx-small;\">Essay, stilistisch \u00fcberarbeitet und erweitert <\/span><\/strong><strong><span style=\"font-size: xx-small;\">mit Unterst\u00fctzung <\/span><\/strong><strong><span style=\"font-size: xx-small;\">von ChatGPT<\/span><\/strong><\/p>\n","protected":false},"excerpt":{"rendered":"<p>\u201eDas wei\u00dfe Grab der Hoffnung\u201c \u2013 Die Franklin-Expedition als Mythos der Moderne \u201eThe Arctic is a terrible place. But it is also a truthful place.\u201c \u2014 Margaret Atwood, Strange Things: The Malevolent North in Canadian Literature, 1995 Als Sir John &hellip; <a href=\"https:\/\/www.inkultura-online.de\/politisch_unkorrekt\/die-franklin-expedition-mythos-der-moderne\/\">Weiterlesen <span class=\"meta-nav\">&rarr;<\/span><\/a><\/p>\n","protected":false},"author":1,"featured_media":0,"comment_status":"closed","ping_status":"closed","sticky":false,"template":"","format":"standard","meta":{"footnotes":""},"categories":[444],"tags":[1772,1774,1773],"class_list":["post-2925","post","type-post","status-publish","format-standard","hentry","category-gedanken-zum-tag","tag-die-franklin-expedition","tag-hybris","tag-mythos-der-moderne"],"yoast_head":"<!-- This site is optimized with the Yoast SEO plugin v27.5 - https:\/\/yoast.com\/product\/yoast-seo-wordpress\/ -->\n<title>Die Franklin-Expedition - Mythos der Moderne - Zeitgeist? Frei!<\/title>\n<meta name=\"robots\" content=\"index, follow, max-snippet:-1, max-image-preview:large, max-video-preview:-1\" \/>\n<link rel=\"canonical\" href=\"https:\/\/www.inkultura-online.de\/politisch_unkorrekt\/die-franklin-expedition-mythos-der-moderne\/\" \/>\n<meta property=\"og:locale\" content=\"de_DE\" \/>\n<meta property=\"og:type\" content=\"article\" \/>\n<meta property=\"og:title\" content=\"Die Franklin-Expedition - Mythos der Moderne - Zeitgeist? Frei!\" \/>\n<meta property=\"og:description\" content=\"\u201eDas wei\u00dfe Grab der Hoffnung\u201c \u2013 Die Franklin-Expedition als Mythos der Moderne \u201eThe Arctic is a terrible place. But it is also a truthful place.\u201c \u2014 Margaret Atwood, Strange Things: The Malevolent North in Canadian Literature, 1995 Als Sir John &hellip; Weiterlesen &rarr;\" \/>\n<meta property=\"og:url\" content=\"https:\/\/www.inkultura-online.de\/politisch_unkorrekt\/die-franklin-expedition-mythos-der-moderne\/\" \/>\n<meta property=\"og:site_name\" content=\"Zeitgeist? Frei!\" \/>\n<meta property=\"article:published_time\" content=\"2025-05-03T14:32:25+00:00\" \/>\n<meta name=\"author\" content=\"Orator\" \/>\n<meta name=\"twitter:label1\" content=\"Verfasst von\" \/>\n\t<meta name=\"twitter:data1\" content=\"Orator\" \/>\n\t<meta name=\"twitter:label2\" content=\"Gesch\u00e4tzte Lesezeit\" \/>\n\t<meta name=\"twitter:data2\" content=\"3\u00a0Minuten\" \/>\n<script type=\"application\/ld+json\" class=\"yoast-schema-graph\">{\"@context\":\"https:\\\/\\\/schema.org\",\"@graph\":[{\"@type\":\"Article\",\"@id\":\"https:\\\/\\\/www.inkultura-online.de\\\/politisch_unkorrekt\\\/die-franklin-expedition-mythos-der-moderne\\\/#article\",\"isPartOf\":{\"@id\":\"https:\\\/\\\/www.inkultura-online.de\\\/politisch_unkorrekt\\\/die-franklin-expedition-mythos-der-moderne\\\/\"},\"author\":{\"name\":\"Orator\",\"@id\":\"https:\\\/\\\/www.inkultura-online.de\\\/politisch_unkorrekt\\\/#\\\/schema\\\/person\\\/5b30b80e385478896a1de221e1994d86\"},\"headline\":\"Die Franklin-Expedition &#8211; Mythos der Moderne\",\"datePublished\":\"2025-05-03T14:32:25+00:00\",\"mainEntityOfPage\":{\"@id\":\"https:\\\/\\\/www.inkultura-online.de\\\/politisch_unkorrekt\\\/die-franklin-expedition-mythos-der-moderne\\\/\"},\"wordCount\":659,\"publisher\":{\"@id\":\"https:\\\/\\\/www.inkultura-online.de\\\/politisch_unkorrekt\\\/#\\\/schema\\\/person\\\/5b30b80e385478896a1de221e1994d86\"},\"keywords\":[\"Die Franklin-Expedition\",\"Hybris\",\"Mythos der Moderne\"],\"articleSection\":[\"Gedanken zum Tag\"],\"inLanguage\":\"de\"},{\"@type\":\"WebPage\",\"@id\":\"https:\\\/\\\/www.inkultura-online.de\\\/politisch_unkorrekt\\\/die-franklin-expedition-mythos-der-moderne\\\/\",\"url\":\"https:\\\/\\\/www.inkultura-online.de\\\/politisch_unkorrekt\\\/die-franklin-expedition-mythos-der-moderne\\\/\",\"name\":\"Die Franklin-Expedition - Mythos der Moderne - Zeitgeist? Frei!\",\"isPartOf\":{\"@id\":\"https:\\\/\\\/www.inkultura-online.de\\\/politisch_unkorrekt\\\/#website\"},\"datePublished\":\"2025-05-03T14:32:25+00:00\",\"breadcrumb\":{\"@id\":\"https:\\\/\\\/www.inkultura-online.de\\\/politisch_unkorrekt\\\/die-franklin-expedition-mythos-der-moderne\\\/#breadcrumb\"},\"inLanguage\":\"de\",\"potentialAction\":[{\"@type\":\"ReadAction\",\"target\":[\"https:\\\/\\\/www.inkultura-online.de\\\/politisch_unkorrekt\\\/die-franklin-expedition-mythos-der-moderne\\\/\"]}]},{\"@type\":\"BreadcrumbList\",\"@id\":\"https:\\\/\\\/www.inkultura-online.de\\\/politisch_unkorrekt\\\/die-franklin-expedition-mythos-der-moderne\\\/#breadcrumb\",\"itemListElement\":[{\"@type\":\"ListItem\",\"position\":1,\"name\":\"Home\",\"item\":\"https:\\\/\\\/www.inkultura-online.de\\\/politisch_unkorrekt\\\/\"},{\"@type\":\"ListItem\",\"position\":2,\"name\":\"Die Franklin-Expedition &#8211; Mythos der Moderne\"}]},{\"@type\":\"WebSite\",\"@id\":\"https:\\\/\\\/www.inkultura-online.de\\\/politisch_unkorrekt\\\/#website\",\"url\":\"https:\\\/\\\/www.inkultura-online.de\\\/politisch_unkorrekt\\\/\",\"name\":\"Zeitgeist? Frei!\",\"description\":\"Was Ihr den Geist der Zeiten hei\u00dft...\",\"publisher\":{\"@id\":\"https:\\\/\\\/www.inkultura-online.de\\\/politisch_unkorrekt\\\/#\\\/schema\\\/person\\\/5b30b80e385478896a1de221e1994d86\"},\"potentialAction\":[{\"@type\":\"SearchAction\",\"target\":{\"@type\":\"EntryPoint\",\"urlTemplate\":\"https:\\\/\\\/www.inkultura-online.de\\\/politisch_unkorrekt\\\/?s={search_term_string}\"},\"query-input\":{\"@type\":\"PropertyValueSpecification\",\"valueRequired\":true,\"valueName\":\"search_term_string\"}}],\"inLanguage\":\"de\"},{\"@type\":[\"Person\",\"Organization\"],\"@id\":\"https:\\\/\\\/www.inkultura-online.de\\\/politisch_unkorrekt\\\/#\\\/schema\\\/person\\\/5b30b80e385478896a1de221e1994d86\",\"name\":\"Orator\",\"image\":{\"@type\":\"ImageObject\",\"inLanguage\":\"de\",\"@id\":\"https:\\\/\\\/secure.gravatar.com\\\/avatar\\\/96e03166d31716e9c437060430eb7605c45a8ce6fb6dab483637ca6915dd0844?s=96&d=mm&r=g\",\"url\":\"https:\\\/\\\/secure.gravatar.com\\\/avatar\\\/96e03166d31716e9c437060430eb7605c45a8ce6fb6dab483637ca6915dd0844?s=96&d=mm&r=g\",\"contentUrl\":\"https:\\\/\\\/secure.gravatar.com\\\/avatar\\\/96e03166d31716e9c437060430eb7605c45a8ce6fb6dab483637ca6915dd0844?s=96&d=mm&r=g\",\"caption\":\"Orator\"},\"logo\":{\"@id\":\"https:\\\/\\\/secure.gravatar.com\\\/avatar\\\/96e03166d31716e9c437060430eb7605c45a8ce6fb6dab483637ca6915dd0844?s=96&d=mm&r=g\"},\"url\":\"https:\\\/\\\/www.inkultura-online.de\\\/politisch_unkorrekt\\\/author\\\/1korrektor21-2\\\/\"}]}<\/script>\n<!-- \/ Yoast SEO plugin. -->","yoast_head_json":{"title":"Die Franklin-Expedition - Mythos der Moderne - Zeitgeist? Frei!","robots":{"index":"index","follow":"follow","max-snippet":"max-snippet:-1","max-image-preview":"max-image-preview:large","max-video-preview":"max-video-preview:-1"},"canonical":"https:\/\/www.inkultura-online.de\/politisch_unkorrekt\/die-franklin-expedition-mythos-der-moderne\/","og_locale":"de_DE","og_type":"article","og_title":"Die Franklin-Expedition - Mythos der Moderne - Zeitgeist? Frei!","og_description":"\u201eDas wei\u00dfe Grab der Hoffnung\u201c \u2013 Die Franklin-Expedition als Mythos der Moderne \u201eThe Arctic is a terrible place. But it is also a truthful place.\u201c \u2014 Margaret Atwood, Strange Things: The Malevolent North in Canadian Literature, 1995 Als Sir John &hellip; Weiterlesen &rarr;","og_url":"https:\/\/www.inkultura-online.de\/politisch_unkorrekt\/die-franklin-expedition-mythos-der-moderne\/","og_site_name":"Zeitgeist? Frei!","article_published_time":"2025-05-03T14:32:25+00:00","author":"Orator","twitter_misc":{"Verfasst von":"Orator","Gesch\u00e4tzte Lesezeit":"3\u00a0Minuten"},"schema":{"@context":"https:\/\/schema.org","@graph":[{"@type":"Article","@id":"https:\/\/www.inkultura-online.de\/politisch_unkorrekt\/die-franklin-expedition-mythos-der-moderne\/#article","isPartOf":{"@id":"https:\/\/www.inkultura-online.de\/politisch_unkorrekt\/die-franklin-expedition-mythos-der-moderne\/"},"author":{"name":"Orator","@id":"https:\/\/www.inkultura-online.de\/politisch_unkorrekt\/#\/schema\/person\/5b30b80e385478896a1de221e1994d86"},"headline":"Die Franklin-Expedition &#8211; Mythos der Moderne","datePublished":"2025-05-03T14:32:25+00:00","mainEntityOfPage":{"@id":"https:\/\/www.inkultura-online.de\/politisch_unkorrekt\/die-franklin-expedition-mythos-der-moderne\/"},"wordCount":659,"publisher":{"@id":"https:\/\/www.inkultura-online.de\/politisch_unkorrekt\/#\/schema\/person\/5b30b80e385478896a1de221e1994d86"},"keywords":["Die Franklin-Expedition","Hybris","Mythos der Moderne"],"articleSection":["Gedanken zum Tag"],"inLanguage":"de"},{"@type":"WebPage","@id":"https:\/\/www.inkultura-online.de\/politisch_unkorrekt\/die-franklin-expedition-mythos-der-moderne\/","url":"https:\/\/www.inkultura-online.de\/politisch_unkorrekt\/die-franklin-expedition-mythos-der-moderne\/","name":"Die Franklin-Expedition - Mythos der Moderne - Zeitgeist? Frei!","isPartOf":{"@id":"https:\/\/www.inkultura-online.de\/politisch_unkorrekt\/#website"},"datePublished":"2025-05-03T14:32:25+00:00","breadcrumb":{"@id":"https:\/\/www.inkultura-online.de\/politisch_unkorrekt\/die-franklin-expedition-mythos-der-moderne\/#breadcrumb"},"inLanguage":"de","potentialAction":[{"@type":"ReadAction","target":["https:\/\/www.inkultura-online.de\/politisch_unkorrekt\/die-franklin-expedition-mythos-der-moderne\/"]}]},{"@type":"BreadcrumbList","@id":"https:\/\/www.inkultura-online.de\/politisch_unkorrekt\/die-franklin-expedition-mythos-der-moderne\/#breadcrumb","itemListElement":[{"@type":"ListItem","position":1,"name":"Home","item":"https:\/\/www.inkultura-online.de\/politisch_unkorrekt\/"},{"@type":"ListItem","position":2,"name":"Die Franklin-Expedition &#8211; Mythos der Moderne"}]},{"@type":"WebSite","@id":"https:\/\/www.inkultura-online.de\/politisch_unkorrekt\/#website","url":"https:\/\/www.inkultura-online.de\/politisch_unkorrekt\/","name":"Zeitgeist? Frei!","description":"Was Ihr den Geist der Zeiten hei\u00dft...","publisher":{"@id":"https:\/\/www.inkultura-online.de\/politisch_unkorrekt\/#\/schema\/person\/5b30b80e385478896a1de221e1994d86"},"potentialAction":[{"@type":"SearchAction","target":{"@type":"EntryPoint","urlTemplate":"https:\/\/www.inkultura-online.de\/politisch_unkorrekt\/?s={search_term_string}"},"query-input":{"@type":"PropertyValueSpecification","valueRequired":true,"valueName":"search_term_string"}}],"inLanguage":"de"},{"@type":["Person","Organization"],"@id":"https:\/\/www.inkultura-online.de\/politisch_unkorrekt\/#\/schema\/person\/5b30b80e385478896a1de221e1994d86","name":"Orator","image":{"@type":"ImageObject","inLanguage":"de","@id":"https:\/\/secure.gravatar.com\/avatar\/96e03166d31716e9c437060430eb7605c45a8ce6fb6dab483637ca6915dd0844?s=96&d=mm&r=g","url":"https:\/\/secure.gravatar.com\/avatar\/96e03166d31716e9c437060430eb7605c45a8ce6fb6dab483637ca6915dd0844?s=96&d=mm&r=g","contentUrl":"https:\/\/secure.gravatar.com\/avatar\/96e03166d31716e9c437060430eb7605c45a8ce6fb6dab483637ca6915dd0844?s=96&d=mm&r=g","caption":"Orator"},"logo":{"@id":"https:\/\/secure.gravatar.com\/avatar\/96e03166d31716e9c437060430eb7605c45a8ce6fb6dab483637ca6915dd0844?s=96&d=mm&r=g"},"url":"https:\/\/www.inkultura-online.de\/politisch_unkorrekt\/author\/1korrektor21-2\/"}]}},"_links":{"self":[{"href":"https:\/\/www.inkultura-online.de\/politisch_unkorrekt\/wp-json\/wp\/v2\/posts\/2925","targetHints":{"allow":["GET"]}}],"collection":[{"href":"https:\/\/www.inkultura-online.de\/politisch_unkorrekt\/wp-json\/wp\/v2\/posts"}],"about":[{"href":"https:\/\/www.inkultura-online.de\/politisch_unkorrekt\/wp-json\/wp\/v2\/types\/post"}],"author":[{"embeddable":true,"href":"https:\/\/www.inkultura-online.de\/politisch_unkorrekt\/wp-json\/wp\/v2\/users\/1"}],"replies":[{"embeddable":true,"href":"https:\/\/www.inkultura-online.de\/politisch_unkorrekt\/wp-json\/wp\/v2\/comments?post=2925"}],"version-history":[{"count":1,"href":"https:\/\/www.inkultura-online.de\/politisch_unkorrekt\/wp-json\/wp\/v2\/posts\/2925\/revisions"}],"predecessor-version":[{"id":2926,"href":"https:\/\/www.inkultura-online.de\/politisch_unkorrekt\/wp-json\/wp\/v2\/posts\/2925\/revisions\/2926"}],"wp:attachment":[{"href":"https:\/\/www.inkultura-online.de\/politisch_unkorrekt\/wp-json\/wp\/v2\/media?parent=2925"}],"wp:term":[{"taxonomy":"category","embeddable":true,"href":"https:\/\/www.inkultura-online.de\/politisch_unkorrekt\/wp-json\/wp\/v2\/categories?post=2925"},{"taxonomy":"post_tag","embeddable":true,"href":"https:\/\/www.inkultura-online.de\/politisch_unkorrekt\/wp-json\/wp\/v2\/tags?post=2925"}],"curies":[{"name":"wp","href":"https:\/\/api.w.org\/{rel}","templated":true}]}}