{"id":2930,"date":"2025-05-09T14:53:54","date_gmt":"2025-05-09T12:53:54","guid":{"rendered":"https:\/\/www.inkultura-online.de\/politisch_unkorrekt\/?p=2930"},"modified":"2025-05-09T14:53:54","modified_gmt":"2025-05-09T12:53:54","slug":"die-leere-der-vernetzung","status":"publish","type":"post","link":"https:\/\/www.inkultura-online.de\/politisch_unkorrekt\/die-leere-der-vernetzung\/","title":{"rendered":"Die Leere der Vernetzung"},"content":{"rendered":"<p><strong>\u00dcber Einsamkeit und virtuelle Freundschaften<\/strong><\/p>\n<p>Es geh\u00f6rt zu den gro\u00dfen Ironien unserer Zeit, dass wir inmitten einer Flut von Verbindungen mental zu verdursten scheinen. Der Bildschirm leuchtet, das Smartphone vibriert, eine endlose Kette von Benachrichtigungen gaukelt uns Wichtigkeit und Zugeh\u00f6rigkeit vor. Doch hinter dieser fieberhaften Betriebsamkeit breitet sich eine neue Form der Einsamkeit aus \u2013 eine Einsamkeit, die nicht aus Mangel an Kontakten, sondern aus der Zerbrechlichkeit der Beziehungen selbst erw\u00e4chst.<!--more--><\/p>\n<p>Virtuelle Freundschaften, was f\u00fcr eine sch\u00f6ne, tr\u00fcgerische Erfindung. Wie Luftspiegelungen in einer W\u00fcste erscheinen sie dem Suchenden als Oasen der N\u00e4he. Man tritt ein in ein scheinbar grenzenloses Netzwerk menschlicher M\u00f6glichkeiten, nur um festzustellen, dass der Boden unter den F\u00fc\u00dfen aus nichts als Sand besteht. Ein Name auf einer Freundesliste, ein Herz unter einem Bild, ein fl\u00fcchtiges Emoji als Antwort auf eine Offenbarung; all dies mag den Anschein von Gemeinschaft erwecken, doch es n\u00e4hrt die Seele kaum mehr als der Anblick einer prall gef\u00fcllten Speisekammer einen Hungernden zu s\u00e4ttigen vermag.<\/p>\n<p>Die klassische Freundschaft lebt vom gelebten Augenblick, von der wortlosen Sprache eines geteilten Schweigens, vom Wissen, dass der andere da ist, auch jenseits von Worten. Virtuelle Beziehungen hingegen sind oft wie Schattenspiele: sichtbar, beweglich, aber substanzlos. Es ist nicht die Abwesenheit von Interaktion, die den modernen Menschen vereinsamt, sondern die Unf\u00e4higkeit, in dieser Interaktion Verbindlichkeit, Tiefe und Wahrheit zu finden.<\/p>\n<p>Zudem hat die Logik der sozialen Netzwerke eine subtile \u00d6konomie der Selbstdarstellung etabliert. Man zeigt nicht, wer man ist, sondern wer man zu sein hofft. Man sucht nicht Begegnung, sondern Best\u00e4tigung. Und w\u00e4hrend die Profile strahlen und gl\u00e4nzen, wird das wahre Ich f\u00fcr die anderen und schlie\u00dflich auch f\u00fcr sich selbst immer unsichtbarer.<\/p>\n<p>Nat\u00fcrlich darf man die M\u00f6glichkeiten, die virtuelle Freundschaften bieten, nicht gering sch\u00e4tzen. F\u00fcr den Sch\u00fcchternen, den geografisch weit Entfernten, den sozial Gehemmten k\u00f6nnen sie ein erster Schritt in die Welt sein, ein zarter Faden, der zu echten Begegnungen f\u00fchren k\u00f6nnte. Doch die Gefahr liegt darin, sich im Gespinst dieser F\u00e4den zu verfangen und nie den Mut aufzubringen, sie in wirkliche Bande zu verwandeln.<\/p>\n<p>So stehen wir, jeder f\u00fcr sich, inmitten eines scheinbar unendlichen Netzes, verbunden mit Tausenden und sind doch oft einsamer als je zuvor. Vielleicht liegt darin die stille Lehre unserer Zeit: dass wahre N\u00e4he sich nicht multiplizieren l\u00e4sst, dass echte Freundschaft Raum braucht, Stille, Geduld und, ganz wichtig, den Mut zur Unvollkommenheit.<\/p>\n<p>Am Ende bleibt die Frage, die sich jeder selbst beantworten muss: Will ich gesehen werden oder wirklich erkannt?<\/p>\n","protected":false},"excerpt":{"rendered":"<p>\u00dcber Einsamkeit und virtuelle Freundschaften Es geh\u00f6rt zu den gro\u00dfen Ironien unserer Zeit, dass wir inmitten einer Flut von Verbindungen mental zu verdursten scheinen. Der Bildschirm leuchtet, das Smartphone vibriert, eine endlose Kette von Benachrichtigungen gaukelt uns Wichtigkeit und Zugeh\u00f6rigkeit &hellip; <a href=\"https:\/\/www.inkultura-online.de\/politisch_unkorrekt\/die-leere-der-vernetzung\/\">Weiterlesen <span class=\"meta-nav\">&rarr;<\/span><\/a><\/p>\n","protected":false},"author":1,"featured_media":0,"comment_status":"closed","ping_status":"closed","sticky":false,"template":"","format":"standard","meta":{"footnotes":""},"categories":[444],"tags":[1781,889,1780,1779],"class_list":["post-2930","post","type-post","status-publish","format-standard","hentry","category-gedanken-zum-tag","tag-digitale-leere","tag-einsamkeit","tag-social-media","tag-virtuelle-freundschaften"],"yoast_head":"<!-- This site is optimized with the Yoast SEO plugin v27.5 - https:\/\/yoast.com\/product\/yoast-seo-wordpress\/ -->\n<title>Die Leere der Vernetzung - Zeitgeist? Frei!<\/title>\n<meta name=\"robots\" content=\"index, follow, max-snippet:-1, max-image-preview:large, max-video-preview:-1\" \/>\n<link rel=\"canonical\" href=\"https:\/\/www.inkultura-online.de\/politisch_unkorrekt\/die-leere-der-vernetzung\/\" \/>\n<meta property=\"og:locale\" content=\"de_DE\" \/>\n<meta property=\"og:type\" content=\"article\" \/>\n<meta property=\"og:title\" content=\"Die Leere der Vernetzung - Zeitgeist? Frei!\" \/>\n<meta property=\"og:description\" content=\"\u00dcber Einsamkeit und virtuelle Freundschaften Es geh\u00f6rt zu den gro\u00dfen Ironien unserer Zeit, dass wir inmitten einer Flut von Verbindungen mental zu verdursten scheinen. Der Bildschirm leuchtet, das Smartphone vibriert, eine endlose Kette von Benachrichtigungen gaukelt uns Wichtigkeit und Zugeh\u00f6rigkeit &hellip; Weiterlesen &rarr;\" \/>\n<meta property=\"og:url\" content=\"https:\/\/www.inkultura-online.de\/politisch_unkorrekt\/die-leere-der-vernetzung\/\" \/>\n<meta property=\"og:site_name\" content=\"Zeitgeist? Frei!\" \/>\n<meta property=\"article:published_time\" content=\"2025-05-09T12:53:54+00:00\" \/>\n<meta name=\"author\" content=\"Orator\" \/>\n<meta name=\"twitter:label1\" content=\"Verfasst von\" \/>\n\t<meta name=\"twitter:data1\" content=\"Orator\" \/>\n\t<meta name=\"twitter:label2\" content=\"Gesch\u00e4tzte Lesezeit\" \/>\n\t<meta name=\"twitter:data2\" content=\"3\u00a0Minuten\" \/>\n<script type=\"application\/ld+json\" class=\"yoast-schema-graph\">{\"@context\":\"https:\\\/\\\/schema.org\",\"@graph\":[{\"@type\":\"Article\",\"@id\":\"https:\\\/\\\/www.inkultura-online.de\\\/politisch_unkorrekt\\\/die-leere-der-vernetzung\\\/#article\",\"isPartOf\":{\"@id\":\"https:\\\/\\\/www.inkultura-online.de\\\/politisch_unkorrekt\\\/die-leere-der-vernetzung\\\/\"},\"author\":{\"name\":\"Orator\",\"@id\":\"https:\\\/\\\/www.inkultura-online.de\\\/politisch_unkorrekt\\\/#\\\/schema\\\/person\\\/5b30b80e385478896a1de221e1994d86\"},\"headline\":\"Die Leere der Vernetzung\",\"datePublished\":\"2025-05-09T12:53:54+00:00\",\"mainEntityOfPage\":{\"@id\":\"https:\\\/\\\/www.inkultura-online.de\\\/politisch_unkorrekt\\\/die-leere-der-vernetzung\\\/\"},\"wordCount\":443,\"publisher\":{\"@id\":\"https:\\\/\\\/www.inkultura-online.de\\\/politisch_unkorrekt\\\/#\\\/schema\\\/person\\\/5b30b80e385478896a1de221e1994d86\"},\"keywords\":[\"digitale Leere\",\"Einsamkeit\",\"Social Media\",\"virtuelle Freundschaften\"],\"articleSection\":[\"Gedanken zum Tag\"],\"inLanguage\":\"de\"},{\"@type\":\"WebPage\",\"@id\":\"https:\\\/\\\/www.inkultura-online.de\\\/politisch_unkorrekt\\\/die-leere-der-vernetzung\\\/\",\"url\":\"https:\\\/\\\/www.inkultura-online.de\\\/politisch_unkorrekt\\\/die-leere-der-vernetzung\\\/\",\"name\":\"Die Leere der Vernetzung - Zeitgeist? Frei!\",\"isPartOf\":{\"@id\":\"https:\\\/\\\/www.inkultura-online.de\\\/politisch_unkorrekt\\\/#website\"},\"datePublished\":\"2025-05-09T12:53:54+00:00\",\"breadcrumb\":{\"@id\":\"https:\\\/\\\/www.inkultura-online.de\\\/politisch_unkorrekt\\\/die-leere-der-vernetzung\\\/#breadcrumb\"},\"inLanguage\":\"de\",\"potentialAction\":[{\"@type\":\"ReadAction\",\"target\":[\"https:\\\/\\\/www.inkultura-online.de\\\/politisch_unkorrekt\\\/die-leere-der-vernetzung\\\/\"]}]},{\"@type\":\"BreadcrumbList\",\"@id\":\"https:\\\/\\\/www.inkultura-online.de\\\/politisch_unkorrekt\\\/die-leere-der-vernetzung\\\/#breadcrumb\",\"itemListElement\":[{\"@type\":\"ListItem\",\"position\":1,\"name\":\"Home\",\"item\":\"https:\\\/\\\/www.inkultura-online.de\\\/politisch_unkorrekt\\\/\"},{\"@type\":\"ListItem\",\"position\":2,\"name\":\"Die Leere der Vernetzung\"}]},{\"@type\":\"WebSite\",\"@id\":\"https:\\\/\\\/www.inkultura-online.de\\\/politisch_unkorrekt\\\/#website\",\"url\":\"https:\\\/\\\/www.inkultura-online.de\\\/politisch_unkorrekt\\\/\",\"name\":\"Zeitgeist? Frei!\",\"description\":\"Was Ihr den Geist der Zeiten hei\u00dft...\",\"publisher\":{\"@id\":\"https:\\\/\\\/www.inkultura-online.de\\\/politisch_unkorrekt\\\/#\\\/schema\\\/person\\\/5b30b80e385478896a1de221e1994d86\"},\"potentialAction\":[{\"@type\":\"SearchAction\",\"target\":{\"@type\":\"EntryPoint\",\"urlTemplate\":\"https:\\\/\\\/www.inkultura-online.de\\\/politisch_unkorrekt\\\/?s={search_term_string}\"},\"query-input\":{\"@type\":\"PropertyValueSpecification\",\"valueRequired\":true,\"valueName\":\"search_term_string\"}}],\"inLanguage\":\"de\"},{\"@type\":[\"Person\",\"Organization\"],\"@id\":\"https:\\\/\\\/www.inkultura-online.de\\\/politisch_unkorrekt\\\/#\\\/schema\\\/person\\\/5b30b80e385478896a1de221e1994d86\",\"name\":\"Orator\",\"image\":{\"@type\":\"ImageObject\",\"inLanguage\":\"de\",\"@id\":\"https:\\\/\\\/secure.gravatar.com\\\/avatar\\\/96e03166d31716e9c437060430eb7605c45a8ce6fb6dab483637ca6915dd0844?s=96&d=mm&r=g\",\"url\":\"https:\\\/\\\/secure.gravatar.com\\\/avatar\\\/96e03166d31716e9c437060430eb7605c45a8ce6fb6dab483637ca6915dd0844?s=96&d=mm&r=g\",\"contentUrl\":\"https:\\\/\\\/secure.gravatar.com\\\/avatar\\\/96e03166d31716e9c437060430eb7605c45a8ce6fb6dab483637ca6915dd0844?s=96&d=mm&r=g\",\"caption\":\"Orator\"},\"logo\":{\"@id\":\"https:\\\/\\\/secure.gravatar.com\\\/avatar\\\/96e03166d31716e9c437060430eb7605c45a8ce6fb6dab483637ca6915dd0844?s=96&d=mm&r=g\"},\"url\":\"https:\\\/\\\/www.inkultura-online.de\\\/politisch_unkorrekt\\\/author\\\/1korrektor21-2\\\/\"}]}<\/script>\n<!-- \/ Yoast SEO plugin. -->","yoast_head_json":{"title":"Die Leere der Vernetzung - Zeitgeist? Frei!","robots":{"index":"index","follow":"follow","max-snippet":"max-snippet:-1","max-image-preview":"max-image-preview:large","max-video-preview":"max-video-preview:-1"},"canonical":"https:\/\/www.inkultura-online.de\/politisch_unkorrekt\/die-leere-der-vernetzung\/","og_locale":"de_DE","og_type":"article","og_title":"Die Leere der Vernetzung - Zeitgeist? Frei!","og_description":"\u00dcber Einsamkeit und virtuelle Freundschaften Es geh\u00f6rt zu den gro\u00dfen Ironien unserer Zeit, dass wir inmitten einer Flut von Verbindungen mental zu verdursten scheinen. Der Bildschirm leuchtet, das Smartphone vibriert, eine endlose Kette von Benachrichtigungen gaukelt uns Wichtigkeit und Zugeh\u00f6rigkeit &hellip; Weiterlesen &rarr;","og_url":"https:\/\/www.inkultura-online.de\/politisch_unkorrekt\/die-leere-der-vernetzung\/","og_site_name":"Zeitgeist? Frei!","article_published_time":"2025-05-09T12:53:54+00:00","author":"Orator","twitter_misc":{"Verfasst von":"Orator","Gesch\u00e4tzte Lesezeit":"3\u00a0Minuten"},"schema":{"@context":"https:\/\/schema.org","@graph":[{"@type":"Article","@id":"https:\/\/www.inkultura-online.de\/politisch_unkorrekt\/die-leere-der-vernetzung\/#article","isPartOf":{"@id":"https:\/\/www.inkultura-online.de\/politisch_unkorrekt\/die-leere-der-vernetzung\/"},"author":{"name":"Orator","@id":"https:\/\/www.inkultura-online.de\/politisch_unkorrekt\/#\/schema\/person\/5b30b80e385478896a1de221e1994d86"},"headline":"Die Leere der Vernetzung","datePublished":"2025-05-09T12:53:54+00:00","mainEntityOfPage":{"@id":"https:\/\/www.inkultura-online.de\/politisch_unkorrekt\/die-leere-der-vernetzung\/"},"wordCount":443,"publisher":{"@id":"https:\/\/www.inkultura-online.de\/politisch_unkorrekt\/#\/schema\/person\/5b30b80e385478896a1de221e1994d86"},"keywords":["digitale Leere","Einsamkeit","Social Media","virtuelle Freundschaften"],"articleSection":["Gedanken zum Tag"],"inLanguage":"de"},{"@type":"WebPage","@id":"https:\/\/www.inkultura-online.de\/politisch_unkorrekt\/die-leere-der-vernetzung\/","url":"https:\/\/www.inkultura-online.de\/politisch_unkorrekt\/die-leere-der-vernetzung\/","name":"Die Leere der Vernetzung - Zeitgeist? Frei!","isPartOf":{"@id":"https:\/\/www.inkultura-online.de\/politisch_unkorrekt\/#website"},"datePublished":"2025-05-09T12:53:54+00:00","breadcrumb":{"@id":"https:\/\/www.inkultura-online.de\/politisch_unkorrekt\/die-leere-der-vernetzung\/#breadcrumb"},"inLanguage":"de","potentialAction":[{"@type":"ReadAction","target":["https:\/\/www.inkultura-online.de\/politisch_unkorrekt\/die-leere-der-vernetzung\/"]}]},{"@type":"BreadcrumbList","@id":"https:\/\/www.inkultura-online.de\/politisch_unkorrekt\/die-leere-der-vernetzung\/#breadcrumb","itemListElement":[{"@type":"ListItem","position":1,"name":"Home","item":"https:\/\/www.inkultura-online.de\/politisch_unkorrekt\/"},{"@type":"ListItem","position":2,"name":"Die Leere der Vernetzung"}]},{"@type":"WebSite","@id":"https:\/\/www.inkultura-online.de\/politisch_unkorrekt\/#website","url":"https:\/\/www.inkultura-online.de\/politisch_unkorrekt\/","name":"Zeitgeist? Frei!","description":"Was Ihr den Geist der Zeiten hei\u00dft...","publisher":{"@id":"https:\/\/www.inkultura-online.de\/politisch_unkorrekt\/#\/schema\/person\/5b30b80e385478896a1de221e1994d86"},"potentialAction":[{"@type":"SearchAction","target":{"@type":"EntryPoint","urlTemplate":"https:\/\/www.inkultura-online.de\/politisch_unkorrekt\/?s={search_term_string}"},"query-input":{"@type":"PropertyValueSpecification","valueRequired":true,"valueName":"search_term_string"}}],"inLanguage":"de"},{"@type":["Person","Organization"],"@id":"https:\/\/www.inkultura-online.de\/politisch_unkorrekt\/#\/schema\/person\/5b30b80e385478896a1de221e1994d86","name":"Orator","image":{"@type":"ImageObject","inLanguage":"de","@id":"https:\/\/secure.gravatar.com\/avatar\/96e03166d31716e9c437060430eb7605c45a8ce6fb6dab483637ca6915dd0844?s=96&d=mm&r=g","url":"https:\/\/secure.gravatar.com\/avatar\/96e03166d31716e9c437060430eb7605c45a8ce6fb6dab483637ca6915dd0844?s=96&d=mm&r=g","contentUrl":"https:\/\/secure.gravatar.com\/avatar\/96e03166d31716e9c437060430eb7605c45a8ce6fb6dab483637ca6915dd0844?s=96&d=mm&r=g","caption":"Orator"},"logo":{"@id":"https:\/\/secure.gravatar.com\/avatar\/96e03166d31716e9c437060430eb7605c45a8ce6fb6dab483637ca6915dd0844?s=96&d=mm&r=g"},"url":"https:\/\/www.inkultura-online.de\/politisch_unkorrekt\/author\/1korrektor21-2\/"}]}},"_links":{"self":[{"href":"https:\/\/www.inkultura-online.de\/politisch_unkorrekt\/wp-json\/wp\/v2\/posts\/2930","targetHints":{"allow":["GET"]}}],"collection":[{"href":"https:\/\/www.inkultura-online.de\/politisch_unkorrekt\/wp-json\/wp\/v2\/posts"}],"about":[{"href":"https:\/\/www.inkultura-online.de\/politisch_unkorrekt\/wp-json\/wp\/v2\/types\/post"}],"author":[{"embeddable":true,"href":"https:\/\/www.inkultura-online.de\/politisch_unkorrekt\/wp-json\/wp\/v2\/users\/1"}],"replies":[{"embeddable":true,"href":"https:\/\/www.inkultura-online.de\/politisch_unkorrekt\/wp-json\/wp\/v2\/comments?post=2930"}],"version-history":[{"count":1,"href":"https:\/\/www.inkultura-online.de\/politisch_unkorrekt\/wp-json\/wp\/v2\/posts\/2930\/revisions"}],"predecessor-version":[{"id":2931,"href":"https:\/\/www.inkultura-online.de\/politisch_unkorrekt\/wp-json\/wp\/v2\/posts\/2930\/revisions\/2931"}],"wp:attachment":[{"href":"https:\/\/www.inkultura-online.de\/politisch_unkorrekt\/wp-json\/wp\/v2\/media?parent=2930"}],"wp:term":[{"taxonomy":"category","embeddable":true,"href":"https:\/\/www.inkultura-online.de\/politisch_unkorrekt\/wp-json\/wp\/v2\/categories?post=2930"},{"taxonomy":"post_tag","embeddable":true,"href":"https:\/\/www.inkultura-online.de\/politisch_unkorrekt\/wp-json\/wp\/v2\/tags?post=2930"}],"curies":[{"name":"wp","href":"https:\/\/api.w.org\/{rel}","templated":true}]}}