{"id":2932,"date":"2025-05-11T16:13:20","date_gmt":"2025-05-11T14:13:20","guid":{"rendered":"https:\/\/www.inkultura-online.de\/politisch_unkorrekt\/?p=2932"},"modified":"2025-05-11T16:14:04","modified_gmt":"2025-05-11T14:14:04","slug":"vom-gutmenschen-zum-letzten-menschen","status":"publish","type":"post","link":"https:\/\/www.inkultura-online.de\/politisch_unkorrekt\/vom-gutmenschen-zum-letzten-menschen\/","title":{"rendered":"Vom Gutmenschen zum letzten Menschen"},"content":{"rendered":"<p><strong>Eine Meditation im Halbschatten der Moderne<\/strong><\/p>\n<p>\u201eDer Gutmensch, eine \u00dcbergangsform oder doch Nietzsches \u201aletzter Mensch\u2018?\u201c \u2013 dies ist kein blo\u00dfer Gedankensplitter, sondern ein seismographischer Satz: Er misst die feinen Ersch\u00fctterungen im Gef\u00fcge einer Kultur, die nicht wei\u00df, ob sie sich im Aufbruch oder im Verfall befindet. Zwischen ethischer Sehnsucht und existenzieller Ersch\u00f6pfung tut sich ein Abgrund auf, der nicht laut schreit, sondern leise flimmert; im Ton von M\u00fcdigkeit, \u00dcberdruss, ironischer Moral.<!--more--><\/p>\n<p>I. Der Gutmensch \u2013 das gute Gewissen einer m\u00fcden Welt<\/p>\n<p>Die Figur des Gutmenschen erscheint zun\u00e4chst als vers\u00f6hnlicher Schatten des alten Heiligen: sanft, empathisch, hilfsbereit. Doch das Heilige lebt vom Opfer, nicht vom Konsens. Der Gutmensch will retten, heilen, deeskalieren, aber er meidet den Riss, den Konflikt, das Unvers\u00f6hnte. Seine Tugend ist hygienisch, nicht tragisch. Er ist nicht grausam, aber auch nicht radikal.<\/p>\n<p>Was ihm fehlt, ist nicht Empathie, sondern Tiefe. Die Tiefe, die sich nur dort auftut, wo der Mensch das Dunkel nicht scheut. Der Gutmensch liebt den Menschen, solange dieser sich f\u00fcgt ; ins Schema, in die Ethik, in das Sagbare. Doch das Wilde, das Archaische, das Widerspenstige wird ihm unheimlich. So zieht sich sein Humanismus oft zur\u00fcck in eine sterile Innerlichkeit, wohltemperiert, unantastbar. Er liebt das Menschliche, aber selten den Menschen.<\/p>\n<p>II. Der letzte Mensch \u2013 das Ende des Erhabenen<\/p>\n<p>Nietzsches letzter Mensch steht am Ende einer langen Erosion. Er ist nicht b\u00f6se, sondern gelangweilt. Nicht tyrannisch, sondern saturiert. Er hat das Pathos vergessen und das Pathologische domestiziert. Seine Welt ist funktional, seine Seele kalkuliert. Alles Gro\u00dfe ist ihm zu anstrengend, alles Tiefe zu riskant.<\/p>\n<p>Und doch ist er nicht frei, nur leer. Die Leere tarnt sich als Gl\u00fcck. \u201eWir haben das Gl\u00fcck erfunden\u201c, sagt der letzte Mensch und meint damit ein Leben ohne Bruch, ohne Wunde, ohne Gefahr. Kein Absturz mehr, aber auch kein Flug. Kein Wahnsinn, aber auch kein Genius. Nur noch das Flimmern der Bildschirme, das Summen der Normen, die Temperatur des Immergleichen.<\/p>\n<p>III. \u00dcbergangsform oder Echo?<\/p>\n<p>Ist der Gutmensch also der letzte Versuch einer Ethik im Sp\u00e4tlicht der Moderne oder bereits deren finale Ersch\u00f6pfung? Vielleicht ist er beides: ein Echo des Ethischen, das sich nicht mehr ins Sein senken kann. Eine Lichtgestalt auf d\u00fcnnem Eis. Er spricht von Solidarit\u00e4t, von Gerechtigkeit, von Mitgef\u00fchl und meint doch oft nur ein gewaltfreies Arrangement der Kr\u00e4fte, ein moralisches Stillhalten. Sein Ideal ist das Glatte, nicht das Erhabene.<\/p>\n<p>Was ihm fehlt, ist das Dionysische: jene Kraft, die bejaht, was weh tut, die das Leben nicht nur z\u00e4hmt, sondern auch entfesselt. Der Gutmensch kennt die Apollinische Ordnung, aber nicht den Tanz, nicht die Raserei, nicht den Abgrund, aus dem neues Leben w\u00e4chst.<\/p>\n<p>IV. Vom Mut, das Tragische zu bewohnen<\/p>\n<p>Wenn es einen Weg \u00fcber den letzten Menschen hinaus gibt, so f\u00fchrt er nicht durch noch mehr Wohlmeinung, noch feinere Korrektheit, noch glattere Moral. Sondern durch das Dunkel, durch das Fragmentarische, durch das Wissen um Schuld und Scheitern. Nicht mehr das gute Gewissen ist das Ziel, sondern der mutige Blick ins Tragische.<\/p>\n<p>Der Gutmensch, will er \u00dcbergangsform sein, muss das Denken ins Offene zur\u00fcckholen, dorthin, wo sich der Mensch nicht mehr hinter Ethik verschanzt, sondern sich preisgibt, dem Fremden, dem Anderen, dem Unkontrollierbaren. Vielleicht ist es erst dort m\u00f6glich, wieder \u201eJa\u201c zu sagen, zu einer Menschlichkeit, die nicht weich, sondern weit ist. Nicht korrekt, sondern wahr.<\/p>\n<p>Und vielleicht ist es dies, was bleibt: Der Gutmensch als Fragender, nicht als Antwortender. Als Schwelle, nicht als Endpunkt. Als einer, der wei\u00df: Es gibt keine Reinheit. Nur die W\u00fcrde, sich dennoch dem Unreinen zu stellen.<\/p>\n","protected":false},"excerpt":{"rendered":"<p>Eine Meditation im Halbschatten der Moderne \u201eDer Gutmensch, eine \u00dcbergangsform oder doch Nietzsches \u201aletzter Mensch\u2018?\u201c \u2013 dies ist kein blo\u00dfer Gedankensplitter, sondern ein seismographischer Satz: Er misst die feinen Ersch\u00fctterungen im Gef\u00fcge einer Kultur, die nicht wei\u00df, ob sie sich &hellip; <a href=\"https:\/\/www.inkultura-online.de\/politisch_unkorrekt\/vom-gutmenschen-zum-letzten-menschen\/\">Weiterlesen <span class=\"meta-nav\">&rarr;<\/span><\/a><\/p>\n","protected":false},"author":1,"featured_media":0,"comment_status":"closed","ping_status":"closed","sticky":false,"template":"","format":"standard","meta":{"footnotes":""},"categories":[444],"tags":[1071,1782,1246],"class_list":["post-2932","post","type-post","status-publish","format-standard","hentry","category-gedanken-zum-tag","tag-gutmensch","tag-letzter-mensch","tag-nietzsche"],"yoast_head":"<!-- This site is optimized with the Yoast SEO plugin v27.5 - https:\/\/yoast.com\/product\/yoast-seo-wordpress\/ -->\n<title>Vom Gutmenschen zum letzten Menschen - Zeitgeist? Frei!<\/title>\n<meta name=\"robots\" content=\"index, follow, max-snippet:-1, max-image-preview:large, max-video-preview:-1\" \/>\n<link rel=\"canonical\" href=\"https:\/\/www.inkultura-online.de\/politisch_unkorrekt\/vom-gutmenschen-zum-letzten-menschen\/\" \/>\n<meta property=\"og:locale\" content=\"de_DE\" \/>\n<meta property=\"og:type\" content=\"article\" \/>\n<meta property=\"og:title\" content=\"Vom Gutmenschen zum letzten Menschen - Zeitgeist? Frei!\" \/>\n<meta property=\"og:description\" content=\"Eine Meditation im Halbschatten der Moderne \u201eDer Gutmensch, eine \u00dcbergangsform oder doch Nietzsches \u201aletzter Mensch\u2018?\u201c \u2013 dies ist kein blo\u00dfer Gedankensplitter, sondern ein seismographischer Satz: Er misst die feinen Ersch\u00fctterungen im Gef\u00fcge einer Kultur, die nicht wei\u00df, ob sie sich &hellip; Weiterlesen &rarr;\" \/>\n<meta property=\"og:url\" content=\"https:\/\/www.inkultura-online.de\/politisch_unkorrekt\/vom-gutmenschen-zum-letzten-menschen\/\" \/>\n<meta property=\"og:site_name\" content=\"Zeitgeist? Frei!\" \/>\n<meta property=\"article:published_time\" content=\"2025-05-11T14:13:20+00:00\" \/>\n<meta property=\"article:modified_time\" content=\"2025-05-11T14:14:04+00:00\" \/>\n<meta name=\"author\" content=\"Orator\" \/>\n<meta name=\"twitter:label1\" content=\"Verfasst von\" \/>\n\t<meta name=\"twitter:data1\" content=\"Orator\" \/>\n\t<meta name=\"twitter:label2\" content=\"Gesch\u00e4tzte Lesezeit\" \/>\n\t<meta name=\"twitter:data2\" content=\"4\u00a0Minuten\" \/>\n<script type=\"application\/ld+json\" class=\"yoast-schema-graph\">{\"@context\":\"https:\\\/\\\/schema.org\",\"@graph\":[{\"@type\":\"Article\",\"@id\":\"https:\\\/\\\/www.inkultura-online.de\\\/politisch_unkorrekt\\\/vom-gutmenschen-zum-letzten-menschen\\\/#article\",\"isPartOf\":{\"@id\":\"https:\\\/\\\/www.inkultura-online.de\\\/politisch_unkorrekt\\\/vom-gutmenschen-zum-letzten-menschen\\\/\"},\"author\":{\"name\":\"Orator\",\"@id\":\"https:\\\/\\\/www.inkultura-online.de\\\/politisch_unkorrekt\\\/#\\\/schema\\\/person\\\/5b30b80e385478896a1de221e1994d86\"},\"headline\":\"Vom Gutmenschen zum letzten Menschen\",\"datePublished\":\"2025-05-11T14:13:20+00:00\",\"dateModified\":\"2025-05-11T14:14:04+00:00\",\"mainEntityOfPage\":{\"@id\":\"https:\\\/\\\/www.inkultura-online.de\\\/politisch_unkorrekt\\\/vom-gutmenschen-zum-letzten-menschen\\\/\"},\"wordCount\":612,\"publisher\":{\"@id\":\"https:\\\/\\\/www.inkultura-online.de\\\/politisch_unkorrekt\\\/#\\\/schema\\\/person\\\/5b30b80e385478896a1de221e1994d86\"},\"keywords\":[\"Gutmensch\",\"Letzter Mensch\",\"Nietzsche\"],\"articleSection\":[\"Gedanken zum Tag\"],\"inLanguage\":\"de\"},{\"@type\":\"WebPage\",\"@id\":\"https:\\\/\\\/www.inkultura-online.de\\\/politisch_unkorrekt\\\/vom-gutmenschen-zum-letzten-menschen\\\/\",\"url\":\"https:\\\/\\\/www.inkultura-online.de\\\/politisch_unkorrekt\\\/vom-gutmenschen-zum-letzten-menschen\\\/\",\"name\":\"Vom Gutmenschen zum letzten Menschen - Zeitgeist? Frei!\",\"isPartOf\":{\"@id\":\"https:\\\/\\\/www.inkultura-online.de\\\/politisch_unkorrekt\\\/#website\"},\"datePublished\":\"2025-05-11T14:13:20+00:00\",\"dateModified\":\"2025-05-11T14:14:04+00:00\",\"breadcrumb\":{\"@id\":\"https:\\\/\\\/www.inkultura-online.de\\\/politisch_unkorrekt\\\/vom-gutmenschen-zum-letzten-menschen\\\/#breadcrumb\"},\"inLanguage\":\"de\",\"potentialAction\":[{\"@type\":\"ReadAction\",\"target\":[\"https:\\\/\\\/www.inkultura-online.de\\\/politisch_unkorrekt\\\/vom-gutmenschen-zum-letzten-menschen\\\/\"]}]},{\"@type\":\"BreadcrumbList\",\"@id\":\"https:\\\/\\\/www.inkultura-online.de\\\/politisch_unkorrekt\\\/vom-gutmenschen-zum-letzten-menschen\\\/#breadcrumb\",\"itemListElement\":[{\"@type\":\"ListItem\",\"position\":1,\"name\":\"Home\",\"item\":\"https:\\\/\\\/www.inkultura-online.de\\\/politisch_unkorrekt\\\/\"},{\"@type\":\"ListItem\",\"position\":2,\"name\":\"Vom Gutmenschen zum letzten Menschen\"}]},{\"@type\":\"WebSite\",\"@id\":\"https:\\\/\\\/www.inkultura-online.de\\\/politisch_unkorrekt\\\/#website\",\"url\":\"https:\\\/\\\/www.inkultura-online.de\\\/politisch_unkorrekt\\\/\",\"name\":\"Zeitgeist? Frei!\",\"description\":\"Was Ihr den Geist der Zeiten hei\u00dft...\",\"publisher\":{\"@id\":\"https:\\\/\\\/www.inkultura-online.de\\\/politisch_unkorrekt\\\/#\\\/schema\\\/person\\\/5b30b80e385478896a1de221e1994d86\"},\"potentialAction\":[{\"@type\":\"SearchAction\",\"target\":{\"@type\":\"EntryPoint\",\"urlTemplate\":\"https:\\\/\\\/www.inkultura-online.de\\\/politisch_unkorrekt\\\/?s={search_term_string}\"},\"query-input\":{\"@type\":\"PropertyValueSpecification\",\"valueRequired\":true,\"valueName\":\"search_term_string\"}}],\"inLanguage\":\"de\"},{\"@type\":[\"Person\",\"Organization\"],\"@id\":\"https:\\\/\\\/www.inkultura-online.de\\\/politisch_unkorrekt\\\/#\\\/schema\\\/person\\\/5b30b80e385478896a1de221e1994d86\",\"name\":\"Orator\",\"image\":{\"@type\":\"ImageObject\",\"inLanguage\":\"de\",\"@id\":\"https:\\\/\\\/secure.gravatar.com\\\/avatar\\\/96e03166d31716e9c437060430eb7605c45a8ce6fb6dab483637ca6915dd0844?s=96&d=mm&r=g\",\"url\":\"https:\\\/\\\/secure.gravatar.com\\\/avatar\\\/96e03166d31716e9c437060430eb7605c45a8ce6fb6dab483637ca6915dd0844?s=96&d=mm&r=g\",\"contentUrl\":\"https:\\\/\\\/secure.gravatar.com\\\/avatar\\\/96e03166d31716e9c437060430eb7605c45a8ce6fb6dab483637ca6915dd0844?s=96&d=mm&r=g\",\"caption\":\"Orator\"},\"logo\":{\"@id\":\"https:\\\/\\\/secure.gravatar.com\\\/avatar\\\/96e03166d31716e9c437060430eb7605c45a8ce6fb6dab483637ca6915dd0844?s=96&d=mm&r=g\"},\"url\":\"https:\\\/\\\/www.inkultura-online.de\\\/politisch_unkorrekt\\\/author\\\/1korrektor21-2\\\/\"}]}<\/script>\n<!-- \/ Yoast SEO plugin. -->","yoast_head_json":{"title":"Vom Gutmenschen zum letzten Menschen - Zeitgeist? Frei!","robots":{"index":"index","follow":"follow","max-snippet":"max-snippet:-1","max-image-preview":"max-image-preview:large","max-video-preview":"max-video-preview:-1"},"canonical":"https:\/\/www.inkultura-online.de\/politisch_unkorrekt\/vom-gutmenschen-zum-letzten-menschen\/","og_locale":"de_DE","og_type":"article","og_title":"Vom Gutmenschen zum letzten Menschen - Zeitgeist? Frei!","og_description":"Eine Meditation im Halbschatten der Moderne \u201eDer Gutmensch, eine \u00dcbergangsform oder doch Nietzsches \u201aletzter Mensch\u2018?\u201c \u2013 dies ist kein blo\u00dfer Gedankensplitter, sondern ein seismographischer Satz: Er misst die feinen Ersch\u00fctterungen im Gef\u00fcge einer Kultur, die nicht wei\u00df, ob sie sich &hellip; Weiterlesen &rarr;","og_url":"https:\/\/www.inkultura-online.de\/politisch_unkorrekt\/vom-gutmenschen-zum-letzten-menschen\/","og_site_name":"Zeitgeist? Frei!","article_published_time":"2025-05-11T14:13:20+00:00","article_modified_time":"2025-05-11T14:14:04+00:00","author":"Orator","twitter_misc":{"Verfasst von":"Orator","Gesch\u00e4tzte Lesezeit":"4\u00a0Minuten"},"schema":{"@context":"https:\/\/schema.org","@graph":[{"@type":"Article","@id":"https:\/\/www.inkultura-online.de\/politisch_unkorrekt\/vom-gutmenschen-zum-letzten-menschen\/#article","isPartOf":{"@id":"https:\/\/www.inkultura-online.de\/politisch_unkorrekt\/vom-gutmenschen-zum-letzten-menschen\/"},"author":{"name":"Orator","@id":"https:\/\/www.inkultura-online.de\/politisch_unkorrekt\/#\/schema\/person\/5b30b80e385478896a1de221e1994d86"},"headline":"Vom Gutmenschen zum letzten Menschen","datePublished":"2025-05-11T14:13:20+00:00","dateModified":"2025-05-11T14:14:04+00:00","mainEntityOfPage":{"@id":"https:\/\/www.inkultura-online.de\/politisch_unkorrekt\/vom-gutmenschen-zum-letzten-menschen\/"},"wordCount":612,"publisher":{"@id":"https:\/\/www.inkultura-online.de\/politisch_unkorrekt\/#\/schema\/person\/5b30b80e385478896a1de221e1994d86"},"keywords":["Gutmensch","Letzter Mensch","Nietzsche"],"articleSection":["Gedanken zum Tag"],"inLanguage":"de"},{"@type":"WebPage","@id":"https:\/\/www.inkultura-online.de\/politisch_unkorrekt\/vom-gutmenschen-zum-letzten-menschen\/","url":"https:\/\/www.inkultura-online.de\/politisch_unkorrekt\/vom-gutmenschen-zum-letzten-menschen\/","name":"Vom Gutmenschen zum letzten Menschen - Zeitgeist? Frei!","isPartOf":{"@id":"https:\/\/www.inkultura-online.de\/politisch_unkorrekt\/#website"},"datePublished":"2025-05-11T14:13:20+00:00","dateModified":"2025-05-11T14:14:04+00:00","breadcrumb":{"@id":"https:\/\/www.inkultura-online.de\/politisch_unkorrekt\/vom-gutmenschen-zum-letzten-menschen\/#breadcrumb"},"inLanguage":"de","potentialAction":[{"@type":"ReadAction","target":["https:\/\/www.inkultura-online.de\/politisch_unkorrekt\/vom-gutmenschen-zum-letzten-menschen\/"]}]},{"@type":"BreadcrumbList","@id":"https:\/\/www.inkultura-online.de\/politisch_unkorrekt\/vom-gutmenschen-zum-letzten-menschen\/#breadcrumb","itemListElement":[{"@type":"ListItem","position":1,"name":"Home","item":"https:\/\/www.inkultura-online.de\/politisch_unkorrekt\/"},{"@type":"ListItem","position":2,"name":"Vom Gutmenschen zum letzten Menschen"}]},{"@type":"WebSite","@id":"https:\/\/www.inkultura-online.de\/politisch_unkorrekt\/#website","url":"https:\/\/www.inkultura-online.de\/politisch_unkorrekt\/","name":"Zeitgeist? Frei!","description":"Was Ihr den Geist der Zeiten hei\u00dft...","publisher":{"@id":"https:\/\/www.inkultura-online.de\/politisch_unkorrekt\/#\/schema\/person\/5b30b80e385478896a1de221e1994d86"},"potentialAction":[{"@type":"SearchAction","target":{"@type":"EntryPoint","urlTemplate":"https:\/\/www.inkultura-online.de\/politisch_unkorrekt\/?s={search_term_string}"},"query-input":{"@type":"PropertyValueSpecification","valueRequired":true,"valueName":"search_term_string"}}],"inLanguage":"de"},{"@type":["Person","Organization"],"@id":"https:\/\/www.inkultura-online.de\/politisch_unkorrekt\/#\/schema\/person\/5b30b80e385478896a1de221e1994d86","name":"Orator","image":{"@type":"ImageObject","inLanguage":"de","@id":"https:\/\/secure.gravatar.com\/avatar\/96e03166d31716e9c437060430eb7605c45a8ce6fb6dab483637ca6915dd0844?s=96&d=mm&r=g","url":"https:\/\/secure.gravatar.com\/avatar\/96e03166d31716e9c437060430eb7605c45a8ce6fb6dab483637ca6915dd0844?s=96&d=mm&r=g","contentUrl":"https:\/\/secure.gravatar.com\/avatar\/96e03166d31716e9c437060430eb7605c45a8ce6fb6dab483637ca6915dd0844?s=96&d=mm&r=g","caption":"Orator"},"logo":{"@id":"https:\/\/secure.gravatar.com\/avatar\/96e03166d31716e9c437060430eb7605c45a8ce6fb6dab483637ca6915dd0844?s=96&d=mm&r=g"},"url":"https:\/\/www.inkultura-online.de\/politisch_unkorrekt\/author\/1korrektor21-2\/"}]}},"_links":{"self":[{"href":"https:\/\/www.inkultura-online.de\/politisch_unkorrekt\/wp-json\/wp\/v2\/posts\/2932","targetHints":{"allow":["GET"]}}],"collection":[{"href":"https:\/\/www.inkultura-online.de\/politisch_unkorrekt\/wp-json\/wp\/v2\/posts"}],"about":[{"href":"https:\/\/www.inkultura-online.de\/politisch_unkorrekt\/wp-json\/wp\/v2\/types\/post"}],"author":[{"embeddable":true,"href":"https:\/\/www.inkultura-online.de\/politisch_unkorrekt\/wp-json\/wp\/v2\/users\/1"}],"replies":[{"embeddable":true,"href":"https:\/\/www.inkultura-online.de\/politisch_unkorrekt\/wp-json\/wp\/v2\/comments?post=2932"}],"version-history":[{"count":1,"href":"https:\/\/www.inkultura-online.de\/politisch_unkorrekt\/wp-json\/wp\/v2\/posts\/2932\/revisions"}],"predecessor-version":[{"id":2933,"href":"https:\/\/www.inkultura-online.de\/politisch_unkorrekt\/wp-json\/wp\/v2\/posts\/2932\/revisions\/2933"}],"wp:attachment":[{"href":"https:\/\/www.inkultura-online.de\/politisch_unkorrekt\/wp-json\/wp\/v2\/media?parent=2932"}],"wp:term":[{"taxonomy":"category","embeddable":true,"href":"https:\/\/www.inkultura-online.de\/politisch_unkorrekt\/wp-json\/wp\/v2\/categories?post=2932"},{"taxonomy":"post_tag","embeddable":true,"href":"https:\/\/www.inkultura-online.de\/politisch_unkorrekt\/wp-json\/wp\/v2\/tags?post=2932"}],"curies":[{"name":"wp","href":"https:\/\/api.w.org\/{rel}","templated":true}]}}