{"id":2934,"date":"2025-05-13T13:34:53","date_gmt":"2025-05-13T11:34:53","guid":{"rendered":"https:\/\/www.inkultura-online.de\/politisch_unkorrekt\/?p=2934"},"modified":"2025-05-13T13:34:53","modified_gmt":"2025-05-13T11:34:53","slug":"vom-ende-des-diskurses","status":"publish","type":"post","link":"https:\/\/www.inkultura-online.de\/politisch_unkorrekt\/vom-ende-des-diskurses\/","title":{"rendered":"Vom Ende des Diskurses"},"content":{"rendered":"<p><strong>Eine Reflexion \u00fcber den Zerfall des Dialogs<\/strong><\/p>\n<p>Es geh\u00f6rt zu den gro\u00dfen Errungenschaften aufkl\u00e4rerischen Denkens, dass Meinungsverschiedenheit nicht als Gefahr, sondern als Bedingung intellektueller Entwicklung verstanden wurde. Der Streit der Ideen galt als Motor der Erkenntnis, nicht trotz, sondern gerade wegen seiner Reibung. Heute jedoch scheint diese Grundvoraussetzung eines offenen Diskurses ersch\u00fcttert. Was einst ein fruchtbares Spannungsfeld war, ist zu einem System hermetisch abgeschlossener Denkr\u00e4ume mutiert, in denen Widerspruch nicht mehr provoziert, sondern provoziert erscheint<em>.<\/em><!--more--><\/p>\n<p>Es gibt keinen Disput mehr im klassischen Sinne. Keine kontroverse Auseinandersetzung, die auf ein gemeinsames Erkenntnisinteresse zielt. Was sich stattdessen manifestiert, sind ideologische Lager, die weniger durch \u00dcberzeugungskraft als durch Abgrenzungsbed\u00fcrfnis zusammengehalten werden. In solchen Konstellationen wird nicht mehr debattiert, sondern disqualifiziert. Das Gegen\u00fcber ist nicht Gespr\u00e4chspartner, sondern Gegner, mitunter sogar Feind.<\/p>\n<p>Dies verweist auf ein tiefer liegendes Problem: den Verlust des Vertrauens in die Dialogf\u00e4higkeit des Anderen. Schon J\u00fcrgen Habermas machte in seiner Theorie des kommunikativen Handelns deutlich, dass Verst\u00e4ndigung nur dort m\u00f6glich ist, wo die Beteiligten sich wechselseitig als prinzipiell vernunftbegabt und argumentationsf\u00e4hig anerkennen. Doch genau dieses Fundament ist ins Wanken geraten. Wer eine andere Meinung \u00e4u\u00dfert, gilt schnell als moralisch suspekt oder politisch gef\u00e4hrlich; eine Zuschreibung, die nicht auf Verst\u00e4ndnis, sondern auf Ausschluss zielt.<\/p>\n<p>Hinzu kommt ein psychologischer Faktor: In Zeiten permanenter \u00dcberforderung durch Komplexit\u00e4t und Krisen w\u00e4chst das Bed\u00fcrfnis nach Gewissheit. In einer solchen Atmosph\u00e4re gedeihen keine differenzierten Positionen, sondern eindeutige Narrative. Ambiguit\u00e4tstoleranz, die F\u00e4higkeit, Widerspr\u00fcche auszuhalten, ohne sie vorschnell aufzul\u00f6sen, war einst ein Zeichen intellektueller Reife. Heute wird sie zunehmend als Schw\u00e4che gedeutet.<\/p>\n<p>So vollzieht sich ein intellektueller R\u00fcckzug auf Positionen, die nicht mehr hinterfragt, sondern verteidigt werden. Kritik wird zur Bedrohung, nicht zur Chance. Was verloren geht, ist nicht nur das Vertrauen in den Anderen, sondern in die Idee des Dialogs selbst. Dies ist, mit Blick auf unsere politische und gesellschaftliche Zukunft, mehr als ein atmosph\u00e4risches Ph\u00e4nomen, es ist ein zivilisatorisches Alarmsignal.<\/p>\n<p>Denn ohne die Bereitschaft, gegens\u00e4tzliche Ansichten wenigstens zu <em>verstehen<\/em>, k\u00f6nnen wir einander nicht mehr begegnen. Der Diskurs stirbt nicht mit lautem Knall, sondern in einem schleichenden Prozess der Gleichg\u00fcltigkeit gegen\u00fcber allem, was au\u00dferhalb des eigenen Weltbildes liegt. Was bleibt, ist ein Echo der eigenen \u00dcberzeugungen und das tr\u00fcgerische Gef\u00fchl von Klarheit inmitten wachsender Orientierungslosigkeit.<\/p>\n<p>So betrachtet ist der Zustand unserer Debattenkultur nicht blo\u00df ein Symptom gesellschaftlicher Polarisierung. Er ist Ausdruck einer tiefergehenden Erosion: der Bereitschaft, sich selbst in Frage stellen zu lassen. Und genau hierin liegt der wahre intellektuelle Offenbarungseid.<\/p>\n","protected":false},"excerpt":{"rendered":"<p>Eine Reflexion \u00fcber den Zerfall des Dialogs Es geh\u00f6rt zu den gro\u00dfen Errungenschaften aufkl\u00e4rerischen Denkens, dass Meinungsverschiedenheit nicht als Gefahr, sondern als Bedingung intellektueller Entwicklung verstanden wurde. Der Streit der Ideen galt als Motor der Erkenntnis, nicht trotz, sondern gerade &hellip; <a href=\"https:\/\/www.inkultura-online.de\/politisch_unkorrekt\/vom-ende-des-diskurses\/\">Weiterlesen <span class=\"meta-nav\">&rarr;<\/span><\/a><\/p>\n","protected":false},"author":1,"featured_media":0,"comment_status":"closed","ping_status":"closed","sticky":false,"template":"","format":"standard","meta":{"footnotes":""},"categories":[444],"tags":[1783,1784,1786,1785],"class_list":["post-2934","post","type-post","status-publish","format-standard","hentry","category-gedanken-zum-tag","tag-diskurs","tag-diskurshoheit","tag-ende-des-dialogs","tag-meinungsterror"],"yoast_head":"<!-- This site is optimized with the Yoast SEO plugin v27.5 - https:\/\/yoast.com\/product\/yoast-seo-wordpress\/ -->\n<title>Vom Ende des Diskurses - Zeitgeist? Frei!<\/title>\n<meta name=\"robots\" content=\"index, follow, max-snippet:-1, max-image-preview:large, max-video-preview:-1\" \/>\n<link rel=\"canonical\" href=\"https:\/\/www.inkultura-online.de\/politisch_unkorrekt\/vom-ende-des-diskurses\/\" \/>\n<meta property=\"og:locale\" content=\"de_DE\" \/>\n<meta property=\"og:type\" content=\"article\" \/>\n<meta property=\"og:title\" content=\"Vom Ende des Diskurses - Zeitgeist? Frei!\" \/>\n<meta property=\"og:description\" content=\"Eine Reflexion \u00fcber den Zerfall des Dialogs Es geh\u00f6rt zu den gro\u00dfen Errungenschaften aufkl\u00e4rerischen Denkens, dass Meinungsverschiedenheit nicht als Gefahr, sondern als Bedingung intellektueller Entwicklung verstanden wurde. Der Streit der Ideen galt als Motor der Erkenntnis, nicht trotz, sondern gerade &hellip; Weiterlesen &rarr;\" \/>\n<meta property=\"og:url\" content=\"https:\/\/www.inkultura-online.de\/politisch_unkorrekt\/vom-ende-des-diskurses\/\" \/>\n<meta property=\"og:site_name\" content=\"Zeitgeist? Frei!\" \/>\n<meta property=\"article:published_time\" content=\"2025-05-13T11:34:53+00:00\" \/>\n<meta name=\"author\" content=\"Orator\" \/>\n<meta name=\"twitter:label1\" content=\"Verfasst von\" \/>\n\t<meta name=\"twitter:data1\" content=\"Orator\" \/>\n\t<meta name=\"twitter:label2\" content=\"Gesch\u00e4tzte Lesezeit\" \/>\n\t<meta name=\"twitter:data2\" content=\"3\u00a0Minuten\" \/>\n<script type=\"application\/ld+json\" class=\"yoast-schema-graph\">{\"@context\":\"https:\\\/\\\/schema.org\",\"@graph\":[{\"@type\":\"Article\",\"@id\":\"https:\\\/\\\/www.inkultura-online.de\\\/politisch_unkorrekt\\\/vom-ende-des-diskurses\\\/#article\",\"isPartOf\":{\"@id\":\"https:\\\/\\\/www.inkultura-online.de\\\/politisch_unkorrekt\\\/vom-ende-des-diskurses\\\/\"},\"author\":{\"name\":\"Orator\",\"@id\":\"https:\\\/\\\/www.inkultura-online.de\\\/politisch_unkorrekt\\\/#\\\/schema\\\/person\\\/5b30b80e385478896a1de221e1994d86\"},\"headline\":\"Vom Ende des Diskurses\",\"datePublished\":\"2025-05-13T11:34:53+00:00\",\"mainEntityOfPage\":{\"@id\":\"https:\\\/\\\/www.inkultura-online.de\\\/politisch_unkorrekt\\\/vom-ende-des-diskurses\\\/\"},\"wordCount\":442,\"publisher\":{\"@id\":\"https:\\\/\\\/www.inkultura-online.de\\\/politisch_unkorrekt\\\/#\\\/schema\\\/person\\\/5b30b80e385478896a1de221e1994d86\"},\"keywords\":[\"Diskurs\",\"Diskurshoheit\",\"Ende des Dialogs\",\"Meinungsterror\"],\"articleSection\":[\"Gedanken zum Tag\"],\"inLanguage\":\"de\"},{\"@type\":\"WebPage\",\"@id\":\"https:\\\/\\\/www.inkultura-online.de\\\/politisch_unkorrekt\\\/vom-ende-des-diskurses\\\/\",\"url\":\"https:\\\/\\\/www.inkultura-online.de\\\/politisch_unkorrekt\\\/vom-ende-des-diskurses\\\/\",\"name\":\"Vom Ende des Diskurses - Zeitgeist? Frei!\",\"isPartOf\":{\"@id\":\"https:\\\/\\\/www.inkultura-online.de\\\/politisch_unkorrekt\\\/#website\"},\"datePublished\":\"2025-05-13T11:34:53+00:00\",\"breadcrumb\":{\"@id\":\"https:\\\/\\\/www.inkultura-online.de\\\/politisch_unkorrekt\\\/vom-ende-des-diskurses\\\/#breadcrumb\"},\"inLanguage\":\"de\",\"potentialAction\":[{\"@type\":\"ReadAction\",\"target\":[\"https:\\\/\\\/www.inkultura-online.de\\\/politisch_unkorrekt\\\/vom-ende-des-diskurses\\\/\"]}]},{\"@type\":\"BreadcrumbList\",\"@id\":\"https:\\\/\\\/www.inkultura-online.de\\\/politisch_unkorrekt\\\/vom-ende-des-diskurses\\\/#breadcrumb\",\"itemListElement\":[{\"@type\":\"ListItem\",\"position\":1,\"name\":\"Home\",\"item\":\"https:\\\/\\\/www.inkultura-online.de\\\/politisch_unkorrekt\\\/\"},{\"@type\":\"ListItem\",\"position\":2,\"name\":\"Vom Ende des Diskurses\"}]},{\"@type\":\"WebSite\",\"@id\":\"https:\\\/\\\/www.inkultura-online.de\\\/politisch_unkorrekt\\\/#website\",\"url\":\"https:\\\/\\\/www.inkultura-online.de\\\/politisch_unkorrekt\\\/\",\"name\":\"Zeitgeist? Frei!\",\"description\":\"Was Ihr den Geist der Zeiten hei\u00dft...\",\"publisher\":{\"@id\":\"https:\\\/\\\/www.inkultura-online.de\\\/politisch_unkorrekt\\\/#\\\/schema\\\/person\\\/5b30b80e385478896a1de221e1994d86\"},\"potentialAction\":[{\"@type\":\"SearchAction\",\"target\":{\"@type\":\"EntryPoint\",\"urlTemplate\":\"https:\\\/\\\/www.inkultura-online.de\\\/politisch_unkorrekt\\\/?s={search_term_string}\"},\"query-input\":{\"@type\":\"PropertyValueSpecification\",\"valueRequired\":true,\"valueName\":\"search_term_string\"}}],\"inLanguage\":\"de\"},{\"@type\":[\"Person\",\"Organization\"],\"@id\":\"https:\\\/\\\/www.inkultura-online.de\\\/politisch_unkorrekt\\\/#\\\/schema\\\/person\\\/5b30b80e385478896a1de221e1994d86\",\"name\":\"Orator\",\"image\":{\"@type\":\"ImageObject\",\"inLanguage\":\"de\",\"@id\":\"https:\\\/\\\/secure.gravatar.com\\\/avatar\\\/96e03166d31716e9c437060430eb7605c45a8ce6fb6dab483637ca6915dd0844?s=96&d=mm&r=g\",\"url\":\"https:\\\/\\\/secure.gravatar.com\\\/avatar\\\/96e03166d31716e9c437060430eb7605c45a8ce6fb6dab483637ca6915dd0844?s=96&d=mm&r=g\",\"contentUrl\":\"https:\\\/\\\/secure.gravatar.com\\\/avatar\\\/96e03166d31716e9c437060430eb7605c45a8ce6fb6dab483637ca6915dd0844?s=96&d=mm&r=g\",\"caption\":\"Orator\"},\"logo\":{\"@id\":\"https:\\\/\\\/secure.gravatar.com\\\/avatar\\\/96e03166d31716e9c437060430eb7605c45a8ce6fb6dab483637ca6915dd0844?s=96&d=mm&r=g\"},\"url\":\"https:\\\/\\\/www.inkultura-online.de\\\/politisch_unkorrekt\\\/author\\\/1korrektor21-2\\\/\"}]}<\/script>\n<!-- \/ Yoast SEO plugin. -->","yoast_head_json":{"title":"Vom Ende des Diskurses - Zeitgeist? Frei!","robots":{"index":"index","follow":"follow","max-snippet":"max-snippet:-1","max-image-preview":"max-image-preview:large","max-video-preview":"max-video-preview:-1"},"canonical":"https:\/\/www.inkultura-online.de\/politisch_unkorrekt\/vom-ende-des-diskurses\/","og_locale":"de_DE","og_type":"article","og_title":"Vom Ende des Diskurses - Zeitgeist? Frei!","og_description":"Eine Reflexion \u00fcber den Zerfall des Dialogs Es geh\u00f6rt zu den gro\u00dfen Errungenschaften aufkl\u00e4rerischen Denkens, dass Meinungsverschiedenheit nicht als Gefahr, sondern als Bedingung intellektueller Entwicklung verstanden wurde. Der Streit der Ideen galt als Motor der Erkenntnis, nicht trotz, sondern gerade &hellip; Weiterlesen &rarr;","og_url":"https:\/\/www.inkultura-online.de\/politisch_unkorrekt\/vom-ende-des-diskurses\/","og_site_name":"Zeitgeist? Frei!","article_published_time":"2025-05-13T11:34:53+00:00","author":"Orator","twitter_misc":{"Verfasst von":"Orator","Gesch\u00e4tzte Lesezeit":"3\u00a0Minuten"},"schema":{"@context":"https:\/\/schema.org","@graph":[{"@type":"Article","@id":"https:\/\/www.inkultura-online.de\/politisch_unkorrekt\/vom-ende-des-diskurses\/#article","isPartOf":{"@id":"https:\/\/www.inkultura-online.de\/politisch_unkorrekt\/vom-ende-des-diskurses\/"},"author":{"name":"Orator","@id":"https:\/\/www.inkultura-online.de\/politisch_unkorrekt\/#\/schema\/person\/5b30b80e385478896a1de221e1994d86"},"headline":"Vom Ende des Diskurses","datePublished":"2025-05-13T11:34:53+00:00","mainEntityOfPage":{"@id":"https:\/\/www.inkultura-online.de\/politisch_unkorrekt\/vom-ende-des-diskurses\/"},"wordCount":442,"publisher":{"@id":"https:\/\/www.inkultura-online.de\/politisch_unkorrekt\/#\/schema\/person\/5b30b80e385478896a1de221e1994d86"},"keywords":["Diskurs","Diskurshoheit","Ende des Dialogs","Meinungsterror"],"articleSection":["Gedanken zum Tag"],"inLanguage":"de"},{"@type":"WebPage","@id":"https:\/\/www.inkultura-online.de\/politisch_unkorrekt\/vom-ende-des-diskurses\/","url":"https:\/\/www.inkultura-online.de\/politisch_unkorrekt\/vom-ende-des-diskurses\/","name":"Vom Ende des Diskurses - Zeitgeist? Frei!","isPartOf":{"@id":"https:\/\/www.inkultura-online.de\/politisch_unkorrekt\/#website"},"datePublished":"2025-05-13T11:34:53+00:00","breadcrumb":{"@id":"https:\/\/www.inkultura-online.de\/politisch_unkorrekt\/vom-ende-des-diskurses\/#breadcrumb"},"inLanguage":"de","potentialAction":[{"@type":"ReadAction","target":["https:\/\/www.inkultura-online.de\/politisch_unkorrekt\/vom-ende-des-diskurses\/"]}]},{"@type":"BreadcrumbList","@id":"https:\/\/www.inkultura-online.de\/politisch_unkorrekt\/vom-ende-des-diskurses\/#breadcrumb","itemListElement":[{"@type":"ListItem","position":1,"name":"Home","item":"https:\/\/www.inkultura-online.de\/politisch_unkorrekt\/"},{"@type":"ListItem","position":2,"name":"Vom Ende des Diskurses"}]},{"@type":"WebSite","@id":"https:\/\/www.inkultura-online.de\/politisch_unkorrekt\/#website","url":"https:\/\/www.inkultura-online.de\/politisch_unkorrekt\/","name":"Zeitgeist? Frei!","description":"Was Ihr den Geist der Zeiten hei\u00dft...","publisher":{"@id":"https:\/\/www.inkultura-online.de\/politisch_unkorrekt\/#\/schema\/person\/5b30b80e385478896a1de221e1994d86"},"potentialAction":[{"@type":"SearchAction","target":{"@type":"EntryPoint","urlTemplate":"https:\/\/www.inkultura-online.de\/politisch_unkorrekt\/?s={search_term_string}"},"query-input":{"@type":"PropertyValueSpecification","valueRequired":true,"valueName":"search_term_string"}}],"inLanguage":"de"},{"@type":["Person","Organization"],"@id":"https:\/\/www.inkultura-online.de\/politisch_unkorrekt\/#\/schema\/person\/5b30b80e385478896a1de221e1994d86","name":"Orator","image":{"@type":"ImageObject","inLanguage":"de","@id":"https:\/\/secure.gravatar.com\/avatar\/96e03166d31716e9c437060430eb7605c45a8ce6fb6dab483637ca6915dd0844?s=96&d=mm&r=g","url":"https:\/\/secure.gravatar.com\/avatar\/96e03166d31716e9c437060430eb7605c45a8ce6fb6dab483637ca6915dd0844?s=96&d=mm&r=g","contentUrl":"https:\/\/secure.gravatar.com\/avatar\/96e03166d31716e9c437060430eb7605c45a8ce6fb6dab483637ca6915dd0844?s=96&d=mm&r=g","caption":"Orator"},"logo":{"@id":"https:\/\/secure.gravatar.com\/avatar\/96e03166d31716e9c437060430eb7605c45a8ce6fb6dab483637ca6915dd0844?s=96&d=mm&r=g"},"url":"https:\/\/www.inkultura-online.de\/politisch_unkorrekt\/author\/1korrektor21-2\/"}]}},"_links":{"self":[{"href":"https:\/\/www.inkultura-online.de\/politisch_unkorrekt\/wp-json\/wp\/v2\/posts\/2934","targetHints":{"allow":["GET"]}}],"collection":[{"href":"https:\/\/www.inkultura-online.de\/politisch_unkorrekt\/wp-json\/wp\/v2\/posts"}],"about":[{"href":"https:\/\/www.inkultura-online.de\/politisch_unkorrekt\/wp-json\/wp\/v2\/types\/post"}],"author":[{"embeddable":true,"href":"https:\/\/www.inkultura-online.de\/politisch_unkorrekt\/wp-json\/wp\/v2\/users\/1"}],"replies":[{"embeddable":true,"href":"https:\/\/www.inkultura-online.de\/politisch_unkorrekt\/wp-json\/wp\/v2\/comments?post=2934"}],"version-history":[{"count":1,"href":"https:\/\/www.inkultura-online.de\/politisch_unkorrekt\/wp-json\/wp\/v2\/posts\/2934\/revisions"}],"predecessor-version":[{"id":2935,"href":"https:\/\/www.inkultura-online.de\/politisch_unkorrekt\/wp-json\/wp\/v2\/posts\/2934\/revisions\/2935"}],"wp:attachment":[{"href":"https:\/\/www.inkultura-online.de\/politisch_unkorrekt\/wp-json\/wp\/v2\/media?parent=2934"}],"wp:term":[{"taxonomy":"category","embeddable":true,"href":"https:\/\/www.inkultura-online.de\/politisch_unkorrekt\/wp-json\/wp\/v2\/categories?post=2934"},{"taxonomy":"post_tag","embeddable":true,"href":"https:\/\/www.inkultura-online.de\/politisch_unkorrekt\/wp-json\/wp\/v2\/tags?post=2934"}],"curies":[{"name":"wp","href":"https:\/\/api.w.org\/{rel}","templated":true}]}}