{"id":294,"date":"2015-02-01T13:50:34","date_gmt":"2015-02-01T11:50:34","guid":{"rendered":"http:\/\/www.inkultura-online.de\/politisch_unkorrekt\/?p=294"},"modified":"2015-02-01T13:53:57","modified_gmt":"2015-02-01T11:53:57","slug":"nur-ein-kultureller-konflikt","status":"publish","type":"post","link":"https:\/\/www.inkultura-online.de\/politisch_unkorrekt\/nur-ein-kultureller-konflikt\/","title":{"rendered":"Nur ein kultureller Konflikt?"},"content":{"rendered":"<p><a href=\"https:\/\/www.inkultura-online.de\/politisch_unkorrekt\/texte\/Besitzt_der_gegenwrtige_Konflikt_mit_Russland_eine_kulturelle_Dimension.pdf\">\u201eBesitzt der gegenw\u00e4rtige Konflikt mit Russland eine kulturelle Dimension?\u201c<\/a>, so lautet die Frage, die der Geschichtsphilosoph Hauke Ritz f\u00fcr die \u201eWissenschaftlichen Beitr\u00e4ge des Ostinstituts Wismar\u201c beantwortet hat. Ritz schickt voraus, \u201eIm 19. Jahrhundert [&#8230;] existierte eine kulturelle Einheit des europ\u00e4ischen Kontinents, die Russland mit einschloss.[&#8230;] Das Ereignis, das diese Entwicklung vorerst beendete, war die Oktoberrevolution von 1917.\u201c Der nach dem Zweiten Weltkrieg von Churchill als \u201eEiserner Vorhang\u201c bezeichnete wirtschaftlich, kulturelle und milit\u00e4rische Wall trennte Russland bis 1989 vom Rest der Welt, besonders aber Europa ab.<!--more--><\/p>\n<p>Nach dem Zusammenbruch des Kommunismus und der Deutschen Wiedervereinigung, so Ritz, \u201e[&#8230;], hofften die russischen Eliten auch auf eine kulturelle R\u00fcckkehr nach Europa, auf eine Wiederaufnahme in den Kreis der europ\u00e4ischen Staaten.\u201c Diese Hoffnung wurde, geschuldet der rapiden gesellschaftlich-politischen Entwicklung Europas, entt\u00e4uscht.<\/p>\n<p>W\u00e4hrend Russland, damals wie \u00fcbrigens auch heute, die Moderne vertritt, war in Europa l\u00e4ngst der \u00dcbergang zur Postmoderne vollzogen und damit ein nicht zu \u00fcberbr\u00fcckender Gegensatz zwischen Ost und West. Die Moderne, so Hauke Ritz, s\u00e4kularisiert das Christentum, ohne die von ihm vertretenen Werte in Frage zu stellen. Aus der christlichen Soziallehre wird der Sozialstaat und \u201eAus der Gleichheit aller Menschen vor Gott wird die Gleichheit vor dem Gesetz.\u201c Die S\u00e4kularisierung war also noch Lesart von Ritz keine Aufl\u00f6sung des Christentums, sondern eine Transformation der Religion in die politisch-sozialen Anforderungen Europas des fr\u00fchen 20. Jahrhunderts.<\/p>\n<p>Die Postmoderne macht sich seit den 1980er Jahren daran, die Grunds\u00e4tze der Moderne f\u00fcr obsolet zu erkl\u00e4ren. Ritz: \u201eHierf\u00fcr werden sogar ganz neue Begriffe gepr\u00e4gt. Einer von ihnen ist der Begriff der \u201eDekonstruktion\u201c. Die Vertreter der sogenannten \u201eDekonstruktion\u201c sehen jede Form von kollektiver Identit\u00e4t als Ausdruck von Herrschaft, Hierarchie und Diskriminierung an. Zuletzt f\u00fchrt diese \u201eDekonstruktion\u201c sogar zu der fragw\u00fcrdigen, aber aktuell wirkm\u00e4chtigen These von der \u201eW\u00e4hlbarkeit\u201c des eigenen Geschlechts, das, in Lesart der postmodernen Identit\u00e4tsphilosophie, nicht durch die Geburt, sondern durch die Gesellschaft bestimmt wird.<\/p>\n<p>Damit einhergehend ist die Aufweichung des Wahrheitsbegriffs, der, relativiert und den jeweiligen Umst\u00e4nden \u2013 politisch oder philosophisch \u2013 angepasst werden kann. Wahrheit ist mitnichten eine feste und unverr\u00fcckbare Ma\u00dfeinheit mehr, sondern das Konstrukt herrschender Verh\u00e4ltnisse. Bot die Moderne noch Orientierungsm\u00f6glichkeiten durch christliche, sozialistische, liberale oder konservative \u201eWeltbilder\u201c an, \u201e [&#8230;] so sind es nun \u00e4sthetische Darstellungen und Lifestylekonzepte, die die Orientierungsleistung der modernen Weltanschauungen ersetzen.\u201c (Ritz). Damit einhergehend findet eine Umwertung sog. Minderheiten statt, deren \u201eBefreiung\u201c &#8211; und Bevorzugung \u2013 an die Stelle der an der Mehrheit orientierten Egalit\u00e4t der Moderne getreten ist.<\/p>\n<p>Ist es also wirklich nur ein kultureller Konflikt, der sich aktuell in der Ukraine-Krise zwischen Russland und USA\/Europa abspielt, oder liegen tiefere Beweggr\u00fcnde vor, die dazu f\u00fchren k\u00f6nnen, diesem (noch) regional begrenzten Konflikt einen gr\u00f6\u00dferen Rahmen zu verleihen?<\/p>\n<p>L\u00e4sst man die in der j\u00fcngsten Vergangenheit stattgefunden habenden globalen politischen Einflussbestrebungen des Westens, besser gesagt, des Duos USA\/Europa Revue passieren, dann stellt man fest, das es weniger ein kultureller Konflikt, als vielmehr ein vom \u201eWesten\u201c z.\u00a0B. in die arabischen L\u00e4nder getragener ideologischer Kolonialismus ist, der, unter der Fahne einer vorgeblichen \u201eDemokratisierung\u201c und, wie in Afghanistan \u201eNation Building\u201c, den Export sog. \u201ewestlicher Werte\u201c betreibt, die, ohne Kenntnis historischer Entwicklungen, in den L\u00e4ndern Nordafrikas Chaos geschaffen hat, das von westlichen Medien \u2013 unter dem Einfluss US-amerikanischer Lesart \u2013 gern \u201eArabischer Fr\u00fchling\u201c genannt wurde und doch in Wirklichkeit, wie in Libyen, die aktive Teilnahme des Westens an Staatsstreichen in nordafrikanischen L\u00e4ndern gewesen ist.<\/p>\n<p>Der Konflikt mit Russland ist also weniger ein kultureller Konflikt, sondern viel mehr das Bestreben der USA und ihrer Vasallenstaaten, ihre politische und milit\u00e4rische Dominanz bis weit nach Ost-Europa auszuweiten. Dass das von Putin nicht geduldet werden kann, d\u00fcrfte jedem halbwegs informierten Menschen klar sein. Die wirklichen Kriegstreiber sitzen in Washington und Br\u00fcssel. Letztere haben allerdings nur den Status eines Pudels, der gehorsam \u00fcber die US-amerikanische Latte springen muss.<\/p>\n<p>Die Analyse von Hauke Ritz ist, akademisch betrachtet, von Reiz, doch trifft sie auf keinen Fall die realen politischen Hintergr\u00fcnde. Es ist, bei allem Respekt f\u00fcr den Autor, eine typische Untersuchung aus der H\u00f6he des Elfenbeinturms, die mit der Realit\u00e4t wenig zu tun hat.<\/p>\n<p>Hinter der Ukraine-Krise stecken handfeste wirtschaftliche und globalpolitische Machtinteressen, die Kultur, auch wenn ein deutscher Intellektueller ungern in diesen realpolitischen Kategorien denkt, spielt dabei eine vollkommen untergeordnete Rolle.<\/p>\n","protected":false},"excerpt":{"rendered":"<p>\u201eBesitzt der gegenw\u00e4rtige Konflikt mit Russland eine kulturelle Dimension?\u201c, so lautet die Frage, die der Geschichtsphilosoph Hauke Ritz f\u00fcr die \u201eWissenschaftlichen Beitr\u00e4ge des Ostinstituts Wismar\u201c beantwortet hat. Ritz schickt voraus, \u201eIm 19. Jahrhundert [&#8230;] existierte eine kulturelle Einheit des europ\u00e4ischen &hellip; <a href=\"https:\/\/www.inkultura-online.de\/politisch_unkorrekt\/nur-ein-kultureller-konflikt\/\">Weiterlesen <span class=\"meta-nav\">&rarr;<\/span><\/a><\/p>\n","protected":false},"author":1,"featured_media":0,"comment_status":"open","ping_status":"open","sticky":false,"template":"","format":"standard","meta":{"footnotes":""},"categories":[9,11],"tags":[173,177,171,175,176,134],"class_list":["post-294","post","type-post","status-publish","format-standard","hentry","category-staaten-untereinander","category-was-die-qualitaetspresse-gern-verschweigt","tag-eingreiftruppe","tag-kriegstreiber","tag-nato","tag-russland","tag-ukraine","tag-usa"],"yoast_head":"<!-- This site is optimized with the Yoast SEO plugin v27.5 - https:\/\/yoast.com\/product\/yoast-seo-wordpress\/ -->\n<title>Nur ein kultureller Konflikt?<\/title>\n<meta name=\"robots\" content=\"index, follow, max-snippet:-1, max-image-preview:large, max-video-preview:-1\" \/>\n<link rel=\"canonical\" href=\"https:\/\/www.inkultura-online.de\/politisch_unkorrekt\/nur-ein-kultureller-konflikt\/\" \/>\n<meta property=\"og:locale\" content=\"de_DE\" \/>\n<meta property=\"og:type\" content=\"article\" \/>\n<meta property=\"og:title\" content=\"Nur ein kultureller Konflikt?\" \/>\n<meta property=\"og:description\" content=\"\u201eBesitzt der gegenw\u00e4rtige Konflikt mit Russland eine kulturelle Dimension?\u201c, so lautet die Frage, die der Geschichtsphilosoph Hauke Ritz f\u00fcr die \u201eWissenschaftlichen Beitr\u00e4ge des Ostinstituts Wismar\u201c beantwortet hat. Ritz schickt voraus, \u201eIm 19. Jahrhundert [&#8230;] existierte eine kulturelle Einheit des europ\u00e4ischen &hellip; Weiterlesen &rarr;\" \/>\n<meta property=\"og:url\" content=\"https:\/\/www.inkultura-online.de\/politisch_unkorrekt\/nur-ein-kultureller-konflikt\/\" \/>\n<meta property=\"og:site_name\" content=\"Zeitgeist? Frei!\" \/>\n<meta property=\"article:published_time\" content=\"2015-02-01T11:50:34+00:00\" \/>\n<meta property=\"article:modified_time\" content=\"2015-02-01T11:53:57+00:00\" \/>\n<meta name=\"author\" content=\"Orator\" \/>\n<meta name=\"twitter:label1\" content=\"Verfasst von\" \/>\n\t<meta name=\"twitter:data1\" content=\"Orator\" \/>\n\t<meta name=\"twitter:label2\" content=\"Gesch\u00e4tzte Lesezeit\" \/>\n\t<meta name=\"twitter:data2\" content=\"4\u00a0Minuten\" \/>\n<script type=\"application\/ld+json\" class=\"yoast-schema-graph\">{\"@context\":\"https:\\\/\\\/schema.org\",\"@graph\":[{\"@type\":\"Article\",\"@id\":\"https:\\\/\\\/www.inkultura-online.de\\\/politisch_unkorrekt\\\/nur-ein-kultureller-konflikt\\\/#article\",\"isPartOf\":{\"@id\":\"https:\\\/\\\/www.inkultura-online.de\\\/politisch_unkorrekt\\\/nur-ein-kultureller-konflikt\\\/\"},\"author\":{\"name\":\"Orator\",\"@id\":\"https:\\\/\\\/www.inkultura-online.de\\\/politisch_unkorrekt\\\/#\\\/schema\\\/person\\\/5b30b80e385478896a1de221e1994d86\"},\"headline\":\"Nur ein kultureller Konflikt?\",\"datePublished\":\"2015-02-01T11:50:34+00:00\",\"dateModified\":\"2015-02-01T11:53:57+00:00\",\"mainEntityOfPage\":{\"@id\":\"https:\\\/\\\/www.inkultura-online.de\\\/politisch_unkorrekt\\\/nur-ein-kultureller-konflikt\\\/\"},\"wordCount\":734,\"commentCount\":0,\"publisher\":{\"@id\":\"https:\\\/\\\/www.inkultura-online.de\\\/politisch_unkorrekt\\\/#\\\/schema\\\/person\\\/5b30b80e385478896a1de221e1994d86\"},\"keywords\":[\"Eingreiftruppe\",\"Kriegstreiber\",\"Nato\",\"Russland\",\"Ukraine\",\"USA\"],\"articleSection\":[\"Staaten untereinander\",\"Was die \\\"Qualit\u00e4tspresse\\\" gern verschweigt\"],\"inLanguage\":\"de\",\"potentialAction\":[{\"@type\":\"CommentAction\",\"name\":\"Comment\",\"target\":[\"https:\\\/\\\/www.inkultura-online.de\\\/politisch_unkorrekt\\\/nur-ein-kultureller-konflikt\\\/#respond\"]}]},{\"@type\":\"WebPage\",\"@id\":\"https:\\\/\\\/www.inkultura-online.de\\\/politisch_unkorrekt\\\/nur-ein-kultureller-konflikt\\\/\",\"url\":\"https:\\\/\\\/www.inkultura-online.de\\\/politisch_unkorrekt\\\/nur-ein-kultureller-konflikt\\\/\",\"name\":\"Nur ein kultureller Konflikt?\",\"isPartOf\":{\"@id\":\"https:\\\/\\\/www.inkultura-online.de\\\/politisch_unkorrekt\\\/#website\"},\"datePublished\":\"2015-02-01T11:50:34+00:00\",\"dateModified\":\"2015-02-01T11:53:57+00:00\",\"breadcrumb\":{\"@id\":\"https:\\\/\\\/www.inkultura-online.de\\\/politisch_unkorrekt\\\/nur-ein-kultureller-konflikt\\\/#breadcrumb\"},\"inLanguage\":\"de\",\"potentialAction\":[{\"@type\":\"ReadAction\",\"target\":[\"https:\\\/\\\/www.inkultura-online.de\\\/politisch_unkorrekt\\\/nur-ein-kultureller-konflikt\\\/\"]}]},{\"@type\":\"BreadcrumbList\",\"@id\":\"https:\\\/\\\/www.inkultura-online.de\\\/politisch_unkorrekt\\\/nur-ein-kultureller-konflikt\\\/#breadcrumb\",\"itemListElement\":[{\"@type\":\"ListItem\",\"position\":1,\"name\":\"Home\",\"item\":\"https:\\\/\\\/www.inkultura-online.de\\\/politisch_unkorrekt\\\/\"},{\"@type\":\"ListItem\",\"position\":2,\"name\":\"Nur ein kultureller Konflikt?\"}]},{\"@type\":\"WebSite\",\"@id\":\"https:\\\/\\\/www.inkultura-online.de\\\/politisch_unkorrekt\\\/#website\",\"url\":\"https:\\\/\\\/www.inkultura-online.de\\\/politisch_unkorrekt\\\/\",\"name\":\"Zeitgeist? Frei!\",\"description\":\"Was Ihr den Geist der Zeiten hei\u00dft...\",\"publisher\":{\"@id\":\"https:\\\/\\\/www.inkultura-online.de\\\/politisch_unkorrekt\\\/#\\\/schema\\\/person\\\/5b30b80e385478896a1de221e1994d86\"},\"potentialAction\":[{\"@type\":\"SearchAction\",\"target\":{\"@type\":\"EntryPoint\",\"urlTemplate\":\"https:\\\/\\\/www.inkultura-online.de\\\/politisch_unkorrekt\\\/?s={search_term_string}\"},\"query-input\":{\"@type\":\"PropertyValueSpecification\",\"valueRequired\":true,\"valueName\":\"search_term_string\"}}],\"inLanguage\":\"de\"},{\"@type\":[\"Person\",\"Organization\"],\"@id\":\"https:\\\/\\\/www.inkultura-online.de\\\/politisch_unkorrekt\\\/#\\\/schema\\\/person\\\/5b30b80e385478896a1de221e1994d86\",\"name\":\"Orator\",\"image\":{\"@type\":\"ImageObject\",\"inLanguage\":\"de\",\"@id\":\"https:\\\/\\\/secure.gravatar.com\\\/avatar\\\/96e03166d31716e9c437060430eb7605c45a8ce6fb6dab483637ca6915dd0844?s=96&d=mm&r=g\",\"url\":\"https:\\\/\\\/secure.gravatar.com\\\/avatar\\\/96e03166d31716e9c437060430eb7605c45a8ce6fb6dab483637ca6915dd0844?s=96&d=mm&r=g\",\"contentUrl\":\"https:\\\/\\\/secure.gravatar.com\\\/avatar\\\/96e03166d31716e9c437060430eb7605c45a8ce6fb6dab483637ca6915dd0844?s=96&d=mm&r=g\",\"caption\":\"Orator\"},\"logo\":{\"@id\":\"https:\\\/\\\/secure.gravatar.com\\\/avatar\\\/96e03166d31716e9c437060430eb7605c45a8ce6fb6dab483637ca6915dd0844?s=96&d=mm&r=g\"},\"url\":\"https:\\\/\\\/www.inkultura-online.de\\\/politisch_unkorrekt\\\/author\\\/1korrektor21-2\\\/\"}]}<\/script>\n<!-- \/ Yoast SEO plugin. -->","yoast_head_json":{"title":"Nur ein kultureller Konflikt?","robots":{"index":"index","follow":"follow","max-snippet":"max-snippet:-1","max-image-preview":"max-image-preview:large","max-video-preview":"max-video-preview:-1"},"canonical":"https:\/\/www.inkultura-online.de\/politisch_unkorrekt\/nur-ein-kultureller-konflikt\/","og_locale":"de_DE","og_type":"article","og_title":"Nur ein kultureller Konflikt?","og_description":"\u201eBesitzt der gegenw\u00e4rtige Konflikt mit Russland eine kulturelle Dimension?\u201c, so lautet die Frage, die der Geschichtsphilosoph Hauke Ritz f\u00fcr die \u201eWissenschaftlichen Beitr\u00e4ge des Ostinstituts Wismar\u201c beantwortet hat. Ritz schickt voraus, \u201eIm 19. Jahrhundert [&#8230;] existierte eine kulturelle Einheit des europ\u00e4ischen &hellip; Weiterlesen &rarr;","og_url":"https:\/\/www.inkultura-online.de\/politisch_unkorrekt\/nur-ein-kultureller-konflikt\/","og_site_name":"Zeitgeist? Frei!","article_published_time":"2015-02-01T11:50:34+00:00","article_modified_time":"2015-02-01T11:53:57+00:00","author":"Orator","twitter_misc":{"Verfasst von":"Orator","Gesch\u00e4tzte Lesezeit":"4\u00a0Minuten"},"schema":{"@context":"https:\/\/schema.org","@graph":[{"@type":"Article","@id":"https:\/\/www.inkultura-online.de\/politisch_unkorrekt\/nur-ein-kultureller-konflikt\/#article","isPartOf":{"@id":"https:\/\/www.inkultura-online.de\/politisch_unkorrekt\/nur-ein-kultureller-konflikt\/"},"author":{"name":"Orator","@id":"https:\/\/www.inkultura-online.de\/politisch_unkorrekt\/#\/schema\/person\/5b30b80e385478896a1de221e1994d86"},"headline":"Nur ein kultureller Konflikt?","datePublished":"2015-02-01T11:50:34+00:00","dateModified":"2015-02-01T11:53:57+00:00","mainEntityOfPage":{"@id":"https:\/\/www.inkultura-online.de\/politisch_unkorrekt\/nur-ein-kultureller-konflikt\/"},"wordCount":734,"commentCount":0,"publisher":{"@id":"https:\/\/www.inkultura-online.de\/politisch_unkorrekt\/#\/schema\/person\/5b30b80e385478896a1de221e1994d86"},"keywords":["Eingreiftruppe","Kriegstreiber","Nato","Russland","Ukraine","USA"],"articleSection":["Staaten untereinander","Was die \"Qualit\u00e4tspresse\" gern verschweigt"],"inLanguage":"de","potentialAction":[{"@type":"CommentAction","name":"Comment","target":["https:\/\/www.inkultura-online.de\/politisch_unkorrekt\/nur-ein-kultureller-konflikt\/#respond"]}]},{"@type":"WebPage","@id":"https:\/\/www.inkultura-online.de\/politisch_unkorrekt\/nur-ein-kultureller-konflikt\/","url":"https:\/\/www.inkultura-online.de\/politisch_unkorrekt\/nur-ein-kultureller-konflikt\/","name":"Nur ein kultureller Konflikt?","isPartOf":{"@id":"https:\/\/www.inkultura-online.de\/politisch_unkorrekt\/#website"},"datePublished":"2015-02-01T11:50:34+00:00","dateModified":"2015-02-01T11:53:57+00:00","breadcrumb":{"@id":"https:\/\/www.inkultura-online.de\/politisch_unkorrekt\/nur-ein-kultureller-konflikt\/#breadcrumb"},"inLanguage":"de","potentialAction":[{"@type":"ReadAction","target":["https:\/\/www.inkultura-online.de\/politisch_unkorrekt\/nur-ein-kultureller-konflikt\/"]}]},{"@type":"BreadcrumbList","@id":"https:\/\/www.inkultura-online.de\/politisch_unkorrekt\/nur-ein-kultureller-konflikt\/#breadcrumb","itemListElement":[{"@type":"ListItem","position":1,"name":"Home","item":"https:\/\/www.inkultura-online.de\/politisch_unkorrekt\/"},{"@type":"ListItem","position":2,"name":"Nur ein kultureller Konflikt?"}]},{"@type":"WebSite","@id":"https:\/\/www.inkultura-online.de\/politisch_unkorrekt\/#website","url":"https:\/\/www.inkultura-online.de\/politisch_unkorrekt\/","name":"Zeitgeist? Frei!","description":"Was Ihr den Geist der Zeiten hei\u00dft...","publisher":{"@id":"https:\/\/www.inkultura-online.de\/politisch_unkorrekt\/#\/schema\/person\/5b30b80e385478896a1de221e1994d86"},"potentialAction":[{"@type":"SearchAction","target":{"@type":"EntryPoint","urlTemplate":"https:\/\/www.inkultura-online.de\/politisch_unkorrekt\/?s={search_term_string}"},"query-input":{"@type":"PropertyValueSpecification","valueRequired":true,"valueName":"search_term_string"}}],"inLanguage":"de"},{"@type":["Person","Organization"],"@id":"https:\/\/www.inkultura-online.de\/politisch_unkorrekt\/#\/schema\/person\/5b30b80e385478896a1de221e1994d86","name":"Orator","image":{"@type":"ImageObject","inLanguage":"de","@id":"https:\/\/secure.gravatar.com\/avatar\/96e03166d31716e9c437060430eb7605c45a8ce6fb6dab483637ca6915dd0844?s=96&d=mm&r=g","url":"https:\/\/secure.gravatar.com\/avatar\/96e03166d31716e9c437060430eb7605c45a8ce6fb6dab483637ca6915dd0844?s=96&d=mm&r=g","contentUrl":"https:\/\/secure.gravatar.com\/avatar\/96e03166d31716e9c437060430eb7605c45a8ce6fb6dab483637ca6915dd0844?s=96&d=mm&r=g","caption":"Orator"},"logo":{"@id":"https:\/\/secure.gravatar.com\/avatar\/96e03166d31716e9c437060430eb7605c45a8ce6fb6dab483637ca6915dd0844?s=96&d=mm&r=g"},"url":"https:\/\/www.inkultura-online.de\/politisch_unkorrekt\/author\/1korrektor21-2\/"}]}},"_links":{"self":[{"href":"https:\/\/www.inkultura-online.de\/politisch_unkorrekt\/wp-json\/wp\/v2\/posts\/294","targetHints":{"allow":["GET"]}}],"collection":[{"href":"https:\/\/www.inkultura-online.de\/politisch_unkorrekt\/wp-json\/wp\/v2\/posts"}],"about":[{"href":"https:\/\/www.inkultura-online.de\/politisch_unkorrekt\/wp-json\/wp\/v2\/types\/post"}],"author":[{"embeddable":true,"href":"https:\/\/www.inkultura-online.de\/politisch_unkorrekt\/wp-json\/wp\/v2\/users\/1"}],"replies":[{"embeddable":true,"href":"https:\/\/www.inkultura-online.de\/politisch_unkorrekt\/wp-json\/wp\/v2\/comments?post=294"}],"version-history":[{"count":1,"href":"https:\/\/www.inkultura-online.de\/politisch_unkorrekt\/wp-json\/wp\/v2\/posts\/294\/revisions"}],"predecessor-version":[{"id":295,"href":"https:\/\/www.inkultura-online.de\/politisch_unkorrekt\/wp-json\/wp\/v2\/posts\/294\/revisions\/295"}],"wp:attachment":[{"href":"https:\/\/www.inkultura-online.de\/politisch_unkorrekt\/wp-json\/wp\/v2\/media?parent=294"}],"wp:term":[{"taxonomy":"category","embeddable":true,"href":"https:\/\/www.inkultura-online.de\/politisch_unkorrekt\/wp-json\/wp\/v2\/categories?post=294"},{"taxonomy":"post_tag","embeddable":true,"href":"https:\/\/www.inkultura-online.de\/politisch_unkorrekt\/wp-json\/wp\/v2\/tags?post=294"}],"curies":[{"name":"wp","href":"https:\/\/api.w.org\/{rel}","templated":true}]}}