{"id":296,"date":"2015-02-01T14:51:24","date_gmt":"2015-02-01T12:51:24","guid":{"rendered":"http:\/\/www.inkultura-online.de\/politisch_unkorrekt\/?p=296"},"modified":"2015-02-01T14:52:35","modified_gmt":"2015-02-01T12:52:35","slug":"die-groekaz-ganz-oben-deutschland-ende","status":"publish","type":"post","link":"https:\/\/www.inkultura-online.de\/politisch_unkorrekt\/die-groekaz-ganz-oben-deutschland-ende\/","title":{"rendered":"Die Gr\u00f6KaZ ganz oben, Deutschland am Ende"},"content":{"rendered":"<p>In Deutschland gibt es eine unsch\u00f6ne Tradition, diejenigen Politiker am meisten zu sch\u00e4tzen, die dem Land am meisten schaden. Warum sollte die Bundeskanzlerin da ein Ausnahme machen?<!--more--><\/p>\n<p>Laut einer repr\u00e4sentativen Erhebung des Meinungsforschungsinstituts Yougov ist die Gr\u00f6KaZ, die gr\u00f6\u00dfte aller Kanzlerinnen, die am meisten bewunderte Frau in Deutschland.<\/p>\n<p><a href=\"http:\/\/yougov.de\/content\/ueberuns\/\" target=\"_blank\">VouGov<\/a>, eine Art anglo-amerikanischer Manipulationskonzern<\/p>\n<blockquote><p>&#8222;Mit psychologisch fundierter Marktforschung und Organisationsforschung liefern wir unseren Auftraggebern hochwertiges Entscheidungswissen f\u00fcr Marketing, Vertriebssteuerung und Organisationsentwicklung.&#8220;<\/p><\/blockquote>\n<p>wurde also beauftragt, f\u00fcr eine auf ganzer Linie gescheiterte Politikerin, die ausschlie\u00dflich US-amerikanische Interessen vertritt und den Deutschen schweren Schaden zugef\u00fcgt hat, Imagepflege zu betreiben, dass es dem interessierten Beobachter des politischen Zeitgeistes kalt den R\u00fccken herunter l\u00e4uft und an Peinlichkeit nicht mehr zu \u00fcberbieten ist.<\/p>\n<p>Es m\u00fcsste doch langsam jedem B\u00fcrger klar sein, dass Politiker wie Merkel die Zukunft des deutsche Volkes verspielt haben. Und ausgerechnet die Medien, die sich gegen den Ausdruck &#8222;L\u00fcgenpresse&#8220; verwehren, stimmen begeistert in die hohlen Lobeshymnen eines US-amerikanischen Manipulationskonzerns ein.\u00a0 Wundern die sich da wirklich noch, wenn Demonstranten diese Presse bei ihrem verdienten Namen skandiert?<\/p>\n","protected":false},"excerpt":{"rendered":"<p>In Deutschland gibt es eine unsch\u00f6ne Tradition, diejenigen Politiker am meisten zu sch\u00e4tzen, die dem Land am meisten schaden. Warum sollte die Bundeskanzlerin da ein Ausnahme machen?<\/p>\n","protected":false},"author":1,"featured_media":0,"comment_status":"open","ping_status":"open","sticky":false,"template":"","format":"standard","meta":{"footnotes":""},"categories":[2,1],"tags":[178,64,81],"class_list":["post-296","post","type-post","status-publish","format-standard","hentry","category-antipathie","category-fundstuecke","tag-bundeskanzlerin","tag-groekaz","tag-merkel"],"yoast_head":"<!-- This site is optimized with the Yoast SEO plugin v27.5 - https:\/\/yoast.com\/product\/yoast-seo-wordpress\/ -->\n<title>Die Gr\u00f6KaZ ganz oben, Deutschland am Ende<\/title>\n<meta name=\"robots\" content=\"index, follow, max-snippet:-1, max-image-preview:large, max-video-preview:-1\" \/>\n<link rel=\"canonical\" href=\"https:\/\/www.inkultura-online.de\/politisch_unkorrekt\/die-groekaz-ganz-oben-deutschland-ende\/\" \/>\n<meta property=\"og:locale\" content=\"de_DE\" \/>\n<meta property=\"og:type\" content=\"article\" \/>\n<meta property=\"og:title\" content=\"Die Gr\u00f6KaZ ganz oben, Deutschland am Ende\" \/>\n<meta property=\"og:description\" content=\"In Deutschland gibt es eine unsch\u00f6ne Tradition, diejenigen Politiker am meisten zu sch\u00e4tzen, die dem Land am meisten schaden. Warum sollte die Bundeskanzlerin da ein Ausnahme machen?\" \/>\n<meta property=\"og:url\" content=\"https:\/\/www.inkultura-online.de\/politisch_unkorrekt\/die-groekaz-ganz-oben-deutschland-ende\/\" \/>\n<meta property=\"og:site_name\" content=\"Zeitgeist? Frei!\" \/>\n<meta property=\"article:published_time\" content=\"2015-02-01T12:51:24+00:00\" \/>\n<meta property=\"article:modified_time\" content=\"2015-02-01T12:52:35+00:00\" \/>\n<meta name=\"author\" content=\"Orator\" \/>\n<meta name=\"twitter:label1\" content=\"Verfasst von\" \/>\n\t<meta name=\"twitter:data1\" content=\"Orator\" \/>\n\t<meta name=\"twitter:label2\" content=\"Gesch\u00e4tzte Lesezeit\" \/>\n\t<meta name=\"twitter:data2\" content=\"1\u00a0Minute\" \/>\n<script type=\"application\/ld+json\" class=\"yoast-schema-graph\">{\"@context\":\"https:\\\/\\\/schema.org\",\"@graph\":[{\"@type\":\"Article\",\"@id\":\"https:\\\/\\\/www.inkultura-online.de\\\/politisch_unkorrekt\\\/die-groekaz-ganz-oben-deutschland-ende\\\/#article\",\"isPartOf\":{\"@id\":\"https:\\\/\\\/www.inkultura-online.de\\\/politisch_unkorrekt\\\/die-groekaz-ganz-oben-deutschland-ende\\\/\"},\"author\":{\"name\":\"Orator\",\"@id\":\"https:\\\/\\\/www.inkultura-online.de\\\/politisch_unkorrekt\\\/#\\\/schema\\\/person\\\/5b30b80e385478896a1de221e1994d86\"},\"headline\":\"Die Gr\u00f6KaZ ganz oben, Deutschland am Ende\",\"datePublished\":\"2015-02-01T12:51:24+00:00\",\"dateModified\":\"2015-02-01T12:52:35+00:00\",\"mainEntityOfPage\":{\"@id\":\"https:\\\/\\\/www.inkultura-online.de\\\/politisch_unkorrekt\\\/die-groekaz-ganz-oben-deutschland-ende\\\/\"},\"wordCount\":193,\"commentCount\":0,\"publisher\":{\"@id\":\"https:\\\/\\\/www.inkultura-online.de\\\/politisch_unkorrekt\\\/#\\\/schema\\\/person\\\/5b30b80e385478896a1de221e1994d86\"},\"keywords\":[\"Bundeskanzlerin\",\"Gr\u00f6KaZ\",\"Merkel\"],\"articleSection\":[\"Antipathie\",\"Fundst\u00fccke\"],\"inLanguage\":\"de\",\"potentialAction\":[{\"@type\":\"CommentAction\",\"name\":\"Comment\",\"target\":[\"https:\\\/\\\/www.inkultura-online.de\\\/politisch_unkorrekt\\\/die-groekaz-ganz-oben-deutschland-ende\\\/#respond\"]}]},{\"@type\":\"WebPage\",\"@id\":\"https:\\\/\\\/www.inkultura-online.de\\\/politisch_unkorrekt\\\/die-groekaz-ganz-oben-deutschland-ende\\\/\",\"url\":\"https:\\\/\\\/www.inkultura-online.de\\\/politisch_unkorrekt\\\/die-groekaz-ganz-oben-deutschland-ende\\\/\",\"name\":\"Die Gr\u00f6KaZ ganz oben, Deutschland am Ende\",\"isPartOf\":{\"@id\":\"https:\\\/\\\/www.inkultura-online.de\\\/politisch_unkorrekt\\\/#website\"},\"datePublished\":\"2015-02-01T12:51:24+00:00\",\"dateModified\":\"2015-02-01T12:52:35+00:00\",\"breadcrumb\":{\"@id\":\"https:\\\/\\\/www.inkultura-online.de\\\/politisch_unkorrekt\\\/die-groekaz-ganz-oben-deutschland-ende\\\/#breadcrumb\"},\"inLanguage\":\"de\",\"potentialAction\":[{\"@type\":\"ReadAction\",\"target\":[\"https:\\\/\\\/www.inkultura-online.de\\\/politisch_unkorrekt\\\/die-groekaz-ganz-oben-deutschland-ende\\\/\"]}]},{\"@type\":\"BreadcrumbList\",\"@id\":\"https:\\\/\\\/www.inkultura-online.de\\\/politisch_unkorrekt\\\/die-groekaz-ganz-oben-deutschland-ende\\\/#breadcrumb\",\"itemListElement\":[{\"@type\":\"ListItem\",\"position\":1,\"name\":\"Home\",\"item\":\"https:\\\/\\\/www.inkultura-online.de\\\/politisch_unkorrekt\\\/\"},{\"@type\":\"ListItem\",\"position\":2,\"name\":\"Die Gr\u00f6KaZ ganz oben, Deutschland am Ende\"}]},{\"@type\":\"WebSite\",\"@id\":\"https:\\\/\\\/www.inkultura-online.de\\\/politisch_unkorrekt\\\/#website\",\"url\":\"https:\\\/\\\/www.inkultura-online.de\\\/politisch_unkorrekt\\\/\",\"name\":\"Zeitgeist? Frei!\",\"description\":\"Was Ihr den Geist der Zeiten hei\u00dft...\",\"publisher\":{\"@id\":\"https:\\\/\\\/www.inkultura-online.de\\\/politisch_unkorrekt\\\/#\\\/schema\\\/person\\\/5b30b80e385478896a1de221e1994d86\"},\"potentialAction\":[{\"@type\":\"SearchAction\",\"target\":{\"@type\":\"EntryPoint\",\"urlTemplate\":\"https:\\\/\\\/www.inkultura-online.de\\\/politisch_unkorrekt\\\/?s={search_term_string}\"},\"query-input\":{\"@type\":\"PropertyValueSpecification\",\"valueRequired\":true,\"valueName\":\"search_term_string\"}}],\"inLanguage\":\"de\"},{\"@type\":[\"Person\",\"Organization\"],\"@id\":\"https:\\\/\\\/www.inkultura-online.de\\\/politisch_unkorrekt\\\/#\\\/schema\\\/person\\\/5b30b80e385478896a1de221e1994d86\",\"name\":\"Orator\",\"image\":{\"@type\":\"ImageObject\",\"inLanguage\":\"de\",\"@id\":\"https:\\\/\\\/secure.gravatar.com\\\/avatar\\\/96e03166d31716e9c437060430eb7605c45a8ce6fb6dab483637ca6915dd0844?s=96&d=mm&r=g\",\"url\":\"https:\\\/\\\/secure.gravatar.com\\\/avatar\\\/96e03166d31716e9c437060430eb7605c45a8ce6fb6dab483637ca6915dd0844?s=96&d=mm&r=g\",\"contentUrl\":\"https:\\\/\\\/secure.gravatar.com\\\/avatar\\\/96e03166d31716e9c437060430eb7605c45a8ce6fb6dab483637ca6915dd0844?s=96&d=mm&r=g\",\"caption\":\"Orator\"},\"logo\":{\"@id\":\"https:\\\/\\\/secure.gravatar.com\\\/avatar\\\/96e03166d31716e9c437060430eb7605c45a8ce6fb6dab483637ca6915dd0844?s=96&d=mm&r=g\"},\"url\":\"https:\\\/\\\/www.inkultura-online.de\\\/politisch_unkorrekt\\\/author\\\/1korrektor21-2\\\/\"}]}<\/script>\n<!-- \/ Yoast SEO plugin. -->","yoast_head_json":{"title":"Die Gr\u00f6KaZ ganz oben, Deutschland am Ende","robots":{"index":"index","follow":"follow","max-snippet":"max-snippet:-1","max-image-preview":"max-image-preview:large","max-video-preview":"max-video-preview:-1"},"canonical":"https:\/\/www.inkultura-online.de\/politisch_unkorrekt\/die-groekaz-ganz-oben-deutschland-ende\/","og_locale":"de_DE","og_type":"article","og_title":"Die Gr\u00f6KaZ ganz oben, Deutschland am Ende","og_description":"In Deutschland gibt es eine unsch\u00f6ne Tradition, diejenigen Politiker am meisten zu sch\u00e4tzen, die dem Land am meisten schaden. Warum sollte die Bundeskanzlerin da ein Ausnahme machen?","og_url":"https:\/\/www.inkultura-online.de\/politisch_unkorrekt\/die-groekaz-ganz-oben-deutschland-ende\/","og_site_name":"Zeitgeist? Frei!","article_published_time":"2015-02-01T12:51:24+00:00","article_modified_time":"2015-02-01T12:52:35+00:00","author":"Orator","twitter_misc":{"Verfasst von":"Orator","Gesch\u00e4tzte Lesezeit":"1\u00a0Minute"},"schema":{"@context":"https:\/\/schema.org","@graph":[{"@type":"Article","@id":"https:\/\/www.inkultura-online.de\/politisch_unkorrekt\/die-groekaz-ganz-oben-deutschland-ende\/#article","isPartOf":{"@id":"https:\/\/www.inkultura-online.de\/politisch_unkorrekt\/die-groekaz-ganz-oben-deutschland-ende\/"},"author":{"name":"Orator","@id":"https:\/\/www.inkultura-online.de\/politisch_unkorrekt\/#\/schema\/person\/5b30b80e385478896a1de221e1994d86"},"headline":"Die Gr\u00f6KaZ ganz oben, Deutschland am Ende","datePublished":"2015-02-01T12:51:24+00:00","dateModified":"2015-02-01T12:52:35+00:00","mainEntityOfPage":{"@id":"https:\/\/www.inkultura-online.de\/politisch_unkorrekt\/die-groekaz-ganz-oben-deutschland-ende\/"},"wordCount":193,"commentCount":0,"publisher":{"@id":"https:\/\/www.inkultura-online.de\/politisch_unkorrekt\/#\/schema\/person\/5b30b80e385478896a1de221e1994d86"},"keywords":["Bundeskanzlerin","Gr\u00f6KaZ","Merkel"],"articleSection":["Antipathie","Fundst\u00fccke"],"inLanguage":"de","potentialAction":[{"@type":"CommentAction","name":"Comment","target":["https:\/\/www.inkultura-online.de\/politisch_unkorrekt\/die-groekaz-ganz-oben-deutschland-ende\/#respond"]}]},{"@type":"WebPage","@id":"https:\/\/www.inkultura-online.de\/politisch_unkorrekt\/die-groekaz-ganz-oben-deutschland-ende\/","url":"https:\/\/www.inkultura-online.de\/politisch_unkorrekt\/die-groekaz-ganz-oben-deutschland-ende\/","name":"Die Gr\u00f6KaZ ganz oben, Deutschland am Ende","isPartOf":{"@id":"https:\/\/www.inkultura-online.de\/politisch_unkorrekt\/#website"},"datePublished":"2015-02-01T12:51:24+00:00","dateModified":"2015-02-01T12:52:35+00:00","breadcrumb":{"@id":"https:\/\/www.inkultura-online.de\/politisch_unkorrekt\/die-groekaz-ganz-oben-deutschland-ende\/#breadcrumb"},"inLanguage":"de","potentialAction":[{"@type":"ReadAction","target":["https:\/\/www.inkultura-online.de\/politisch_unkorrekt\/die-groekaz-ganz-oben-deutschland-ende\/"]}]},{"@type":"BreadcrumbList","@id":"https:\/\/www.inkultura-online.de\/politisch_unkorrekt\/die-groekaz-ganz-oben-deutschland-ende\/#breadcrumb","itemListElement":[{"@type":"ListItem","position":1,"name":"Home","item":"https:\/\/www.inkultura-online.de\/politisch_unkorrekt\/"},{"@type":"ListItem","position":2,"name":"Die Gr\u00f6KaZ ganz oben, Deutschland am Ende"}]},{"@type":"WebSite","@id":"https:\/\/www.inkultura-online.de\/politisch_unkorrekt\/#website","url":"https:\/\/www.inkultura-online.de\/politisch_unkorrekt\/","name":"Zeitgeist? Frei!","description":"Was Ihr den Geist der Zeiten hei\u00dft...","publisher":{"@id":"https:\/\/www.inkultura-online.de\/politisch_unkorrekt\/#\/schema\/person\/5b30b80e385478896a1de221e1994d86"},"potentialAction":[{"@type":"SearchAction","target":{"@type":"EntryPoint","urlTemplate":"https:\/\/www.inkultura-online.de\/politisch_unkorrekt\/?s={search_term_string}"},"query-input":{"@type":"PropertyValueSpecification","valueRequired":true,"valueName":"search_term_string"}}],"inLanguage":"de"},{"@type":["Person","Organization"],"@id":"https:\/\/www.inkultura-online.de\/politisch_unkorrekt\/#\/schema\/person\/5b30b80e385478896a1de221e1994d86","name":"Orator","image":{"@type":"ImageObject","inLanguage":"de","@id":"https:\/\/secure.gravatar.com\/avatar\/96e03166d31716e9c437060430eb7605c45a8ce6fb6dab483637ca6915dd0844?s=96&d=mm&r=g","url":"https:\/\/secure.gravatar.com\/avatar\/96e03166d31716e9c437060430eb7605c45a8ce6fb6dab483637ca6915dd0844?s=96&d=mm&r=g","contentUrl":"https:\/\/secure.gravatar.com\/avatar\/96e03166d31716e9c437060430eb7605c45a8ce6fb6dab483637ca6915dd0844?s=96&d=mm&r=g","caption":"Orator"},"logo":{"@id":"https:\/\/secure.gravatar.com\/avatar\/96e03166d31716e9c437060430eb7605c45a8ce6fb6dab483637ca6915dd0844?s=96&d=mm&r=g"},"url":"https:\/\/www.inkultura-online.de\/politisch_unkorrekt\/author\/1korrektor21-2\/"}]}},"_links":{"self":[{"href":"https:\/\/www.inkultura-online.de\/politisch_unkorrekt\/wp-json\/wp\/v2\/posts\/296","targetHints":{"allow":["GET"]}}],"collection":[{"href":"https:\/\/www.inkultura-online.de\/politisch_unkorrekt\/wp-json\/wp\/v2\/posts"}],"about":[{"href":"https:\/\/www.inkultura-online.de\/politisch_unkorrekt\/wp-json\/wp\/v2\/types\/post"}],"author":[{"embeddable":true,"href":"https:\/\/www.inkultura-online.de\/politisch_unkorrekt\/wp-json\/wp\/v2\/users\/1"}],"replies":[{"embeddable":true,"href":"https:\/\/www.inkultura-online.de\/politisch_unkorrekt\/wp-json\/wp\/v2\/comments?post=296"}],"version-history":[{"count":2,"href":"https:\/\/www.inkultura-online.de\/politisch_unkorrekt\/wp-json\/wp\/v2\/posts\/296\/revisions"}],"predecessor-version":[{"id":298,"href":"https:\/\/www.inkultura-online.de\/politisch_unkorrekt\/wp-json\/wp\/v2\/posts\/296\/revisions\/298"}],"wp:attachment":[{"href":"https:\/\/www.inkultura-online.de\/politisch_unkorrekt\/wp-json\/wp\/v2\/media?parent=296"}],"wp:term":[{"taxonomy":"category","embeddable":true,"href":"https:\/\/www.inkultura-online.de\/politisch_unkorrekt\/wp-json\/wp\/v2\/categories?post=296"},{"taxonomy":"post_tag","embeddable":true,"href":"https:\/\/www.inkultura-online.de\/politisch_unkorrekt\/wp-json\/wp\/v2\/tags?post=296"}],"curies":[{"name":"wp","href":"https:\/\/api.w.org\/{rel}","templated":true}]}}