{"id":2982,"date":"2025-06-16T08:54:08","date_gmt":"2025-06-16T06:54:08","guid":{"rendered":"https:\/\/www.inkultura-online.de\/politisch_unkorrekt\/?p=2982"},"modified":"2025-06-16T08:54:08","modified_gmt":"2025-06-16T06:54:08","slug":"gott-sprechstunde-nur-nach-vereinbarung","status":"publish","type":"post","link":"https:\/\/www.inkultura-online.de\/politisch_unkorrekt\/gott-sprechstunde-nur-nach-vereinbarung\/","title":{"rendered":"\u201eGott, Sprechstunde nur nach Vereinbarung\u201c"},"content":{"rendered":"<h3 class=\"western\">\u00dcber die Verschlossenheit sakraler R\u00e4ume im Berliner Umland<\/h3>\n<p>In einer Zeit, in der die Sehnsucht nach Stille, Kontemplation und spiritueller Einkehr w\u00e4chst, erscheint es paradox, dass viele Kirchen im Berliner Umland ihre T\u00fcren f\u00fcr Besucher geschlossen halten. Etwas pointierter formuliert: \u201eGott muss drau\u00dfen bleiben\u201c. Diese Aussage gewinnt in diesem Kontext eine doppelte Bedeutung: Sie verweist nicht nur auf die physische Unzug\u00e4nglichkeit sakraler R\u00e4ume, sondern auch auf die symbolische Abwesenheit des G\u00f6ttlichen im \u00f6ffentlichen Leben. Dieser Artikel beleuchtet die Gr\u00fcnde f\u00fcr die eingeschr\u00e4nkte Zug\u00e4nglichkeit von Kirchen, die Auswirkungen auf die Gesellschaft und m\u00f6gliche Wege, um die Kirchen wieder zu offenen Orten der Begegnung zu machen.<!--more--><\/p>\n<h4 class=\"western\">Die aktuelle Situation<\/h4>\n<p>Viele Kirchen im Berliner Umland sind nur zu bestimmten Zeiten oder nach vorheriger Anmeldung f\u00fcr Besucher ge\u00f6ffnet. Beispielsweise ist die Dorfkirche Diedersdorf in den Sommermonaten lediglich an Wochenenden und Feiertagen zwischen 14:00 und 18:00 Uhr zug\u00e4nglich. Andere, wie die Dorfkirchen in Glasow und Mahlow, stehen nur nach vorheriger Anmeldung offen. Die Marienkirche Strausberg wiederum kann zwar besichtigt werden, jedoch empfiehlt sich auch dort eine vorherige Kontaktaufnahme. Damit stehen viele sakrale R\u00e4ume jenen nicht offen, die spontan einen Ort der Stille oder des Gebets aufsuchen m\u00f6chten.<\/p>\n<h4 class=\"western\"><span style=\"font-family: Liberation Sans, sans-serif;\">Gr\u00fcnde f\u00fcr die Verschlossenheit<\/span><\/h4>\n<p>Die Ursachen f\u00fcr die Verschlossenheit der Kirchen sind vielf\u00e4ltig: Der Personalmangel ist ein zentrales Problem. Viele Gemeinden verf\u00fcgen nicht \u00fcber gen\u00fcgend ehrenamtliche oder hauptamtliche Kr\u00e4fte, um eine dauerhafte \u00d6ffnung zu gew\u00e4hrleisten. Hinzu kommt die Sorge vor Vandalismus, Diebstahl oder Besch\u00e4digungen an oft denkmalgesch\u00fctzten Kunstwerken. Auch die Heiz- und Instandhaltungskosten in alten Gem\u00e4uern sind hoch, eine t\u00e4glich ge\u00f6ffnete Kirche verursacht laufende Kosten, die kaum zu decken sind. Zudem spielt die ver\u00e4nderte Rolle der Kirche in der Gesellschaft eine Rolle: W\u00e4hrend kirchliche Geb\u00e4ude fr\u00fcher zentrale Treffpunkte der Gemeinschaft waren, ist ihre gesellschaftliche Relevanz heute in Teilen geschwunden.<\/p>\n<h4 class=\"western\"><span style=\"font-family: Liberation Sans, sans-serif;\">Ein historischer R\u00fcckblick: Kirchen als offene H\u00e4user<\/span><\/h4>\n<p>Die Vorstellung, dass eine Kirche verschlossen sein k\u00f6nnte, ist historisch betrachtet ungew\u00f6hnlich. \u00dcber Jahrhunderte waren Kirchen offene H\u00e4user, Orte, an denen Menschen nicht nur beteten, sondern auch Zuflucht fanden. Die mittelalterliche Kirche war nicht nur religi\u00f6ser Mittelpunkt, sondern auch sozialer Anker, Versammlungsort, Archiv, Pilgerherberge und Schutzraum. Selbst in Zeiten der Pest und des Krieges standen viele Kirchen offen. In der Reformation wurde das Kirchengeb\u00e4ude bewusst als Versammlungsraum f\u00fcr das Volk betont, nicht nur f\u00fcr Gottesdienste, sondern f\u00fcr Bildung, Diskussion, geistliche Musik. Diese Tradition scheint heute zunehmend in Vergessenheit zu geraten.<\/p>\n<h4 class=\"western\"><span style=\"font-family: Liberation Sans, sans-serif;\">Die spirituelle Dimension des offenen Raumes<\/span><\/h4>\n<p>Eine Kirche ist mehr als nur ein Geb\u00e4ude, sie ist ein symbolisch aufgeladener Ort. Ihre Architektur richtet den Blick nach oben, l\u00e4sst durch Stille und Licht eine besondere Atmosph\u00e4re entstehen, die Menschen ber\u00fchrt, unabh\u00e4ngig von ihrem religi\u00f6sen Hintergrund. Geschlossene T\u00fcren brechen diese Erfahrung im Wortsinn ab. F\u00fcr viele ist die offene Kirche ein stilles Gegengewicht zur rastlosen Gegenwart, eine Insel im Strom der Zeit. Spirituelle Suchbewegungen, die heute nicht selten au\u00dferhalb institutioneller Religion verlaufen, finden in offenen Kirchen oft \u00fcberraschende Resonanzr\u00e4ume.<\/p>\n<h4 class=\"western\"><span style=\"font-family: Liberation Sans, sans-serif;\">Gesellschaftliche Auswirkungen verschlossener Kirchen<\/span><\/h4>\n<p>Wenn Kirchen unzug\u00e4nglich bleiben, geht ein St\u00fcck \u00f6ffentlicher Raum verloren, sowohl im physischen als auch im kulturellen Sinn. Kirchen sind identit\u00e4tsstiftende Bauwerke, Tr\u00e4ger kulturellen Erbes, R\u00e4ume der Erinnerung. Ihre Schlie\u00dfung verengt den \u00f6ffentlichen Diskurs um Religion, Geschichte und Ethik. Gleichzeitig schwinden M\u00f6glichkeiten zur niederschwelligen Begegnung mit dem Christentum. In s\u00e4kularisierten Gesellschaften wirken geschlossene Kirchen wie ein sich selbst erf\u00fcllendes Prophezeiungsszenario: Die Kirche zieht sich zur\u00fcck, wird unsichtbar, und verliert dadurch weiter an Relevanz.<\/p>\n<h4 class=\"western\"><span style=\"font-family: Liberation Sans, sans-serif;\">Erfolgreiche \u00d6ffnungskonzepte: Beispiele aus anderen Regionen<\/span><\/h4>\n<p>Dass es auch anders geht, zeigen zahlreiche Gemeinden im In- und Ausland. In S\u00fcddeutschland etwa wurden sogenannte \u201everl\u00e4sslich ge\u00f6ffneten Kirchen\u201c etabliert: mit klar kommunizierten Zeiten, Aufsichtskonzepten und Kooperationen mit Tourismusverb\u00e4nden. Auch in den Niederlanden gibt es Initiativen wie \u201eKerk open\u201c, bei denen Kirchen t\u00e4glich f\u00fcr mehrere Stunden zug\u00e4nglich sind, oft mit einer Mischung aus Aufsicht, Video\u00fcberwachung und ehrenamtlichem Engagement. In Schweden wiederum geh\u00f6rt es vielerorts zum Standard, dass Kirchen tags\u00fcber ge\u00f6ffnet sind. Der Schl\u00fcssel liegt meist in einer klugen Kombination aus Technik, Vertrauen und Beteiligung der Zivilgesellschaft.<\/p>\n<h4 class=\"western\"><span style=\"font-family: Liberation Sans, sans-serif;\">Vision: Kirche als Dritter Ort<\/span><\/h4>\n<p>In der Soziologie spricht man vom \u201eDritten Ort\u201c, jenen R\u00e4umen, die nicht dem privaten (Ersten Ort) oder dem beruflichen (Zweiten Ort) Bereich zuzurechnen sind, sondern dem sozialen, \u00f6ffentlichen Zwischenraum. Kirchen k\u00f6nnten solche Dritten Orte sein: offen, niedrigschwellig, inspirierend. Sie m\u00fcssen dazu nicht entkernt oder profaniert werden. Im Gegenteil: Gerade die Sakralit\u00e4t, die Geschichte, die besondere \u00c4sthetik machen sie einzigartig. Eine offene Kirche kann Leseraum sein, Konzertsaal, Stille-Ort, Gebetsraum, Ausstellungsort, alles gleichzeitig, ohne ihre Identit\u00e4t zu verlieren. Aber dazu muss sie offen sein, im doppelten Wortsinn.<\/p>\n<h4>Pers\u00f6nliche Reflexion: Die Kraft des leeren Raumes<\/h4>\n<p>Ich erinnere mich an eine Reise nach Sachsen-Anhalt, an ein kleines Dorf mit einer romanischen Feldsteinkirche. Es war ein hei\u00dfer Sommertag. Ich hatte nicht viel erwartet, und fand die T\u00fcr offen. Drinnen war es k\u00fchl und still. Nur das Licht durch die bunten Glasfenster bewegte sich langsam \u00fcber die B\u00e4nke. Niemand war da. Kein Gottesdienst, kein Schild, keine Kamera. Nur Raum, Geschichte, Gegenwart. Ich blieb lange, betete nicht, sprach nicht. Und doch war da etwas. Vielleicht das, was man Gott nennt. Was ich dort empfand, war eine tiefe Form von Freiheit, weil der Ort sich mir anbot, nicht aufdr\u00e4ngte. Eine Kirche, die offen ist, sagt: Du darfst da sein. Du bist gemeint. Auch ohne Anmeldung, auch ohne Dogma.<\/p>\n<h4 class=\"western\"><span style=\"font-family: Liberation Sans, sans-serif;\">Fazit<\/span><\/h4>\n<p>Die Aussage \u201eGott muss drau\u00dfen bleiben\u201c ist ein Weckruf, und zugleich ein Spiegel gesellschaftlicher Entwicklungen. Kirchen, die verschlossen bleiben, verschlie\u00dfen sich nicht nur vor Vandalismus, sondern auch vor den Menschen. Wer will, dass das Christentum im Alltag pr\u00e4sent bleibt, muss daf\u00fcr sorgen, dass seine R\u00e4ume erreichbar sind, auch r\u00e4umlich. Dazu braucht es Mut, Vertrauen, Strukturen und nicht zuletzt den Glauben daran, dass offene T\u00fcren mehr bringen als sie kosten. Nur so wird die Kirche wieder zu dem, was sie sein kann: ein Ort f\u00fcr alle, nicht nur f\u00fcr Sonntage. Ein Raum, in dem Gott nicht drau\u00dfen bleiben muss, weil Menschen hereinkommen d\u00fcrfen.<\/p>\n","protected":false},"excerpt":{"rendered":"<p>\u00dcber die Verschlossenheit sakraler R\u00e4ume im Berliner Umland In einer Zeit, in der die Sehnsucht nach Stille, Kontemplation und spiritueller Einkehr w\u00e4chst, erscheint es paradox, dass viele Kirchen im Berliner Umland ihre T\u00fcren f\u00fcr Besucher geschlossen halten. Etwas pointierter formuliert: &hellip; <a href=\"https:\/\/www.inkultura-online.de\/politisch_unkorrekt\/gott-sprechstunde-nur-nach-vereinbarung\/\">Weiterlesen <span class=\"meta-nav\">&rarr;<\/span><\/a><\/p>\n","protected":false},"author":1,"featured_media":0,"comment_status":"closed","ping_status":"closed","sticky":false,"template":"","format":"standard","meta":{"footnotes":""},"categories":[444],"tags":[1715,1841,1842],"class_list":["post-2982","post","type-post","status-publish","format-standard","hentry","category-gedanken-zum-tag","tag-gott","tag-kirchen","tag-sakrale-raeume"],"yoast_head":"<!-- This site is optimized with the Yoast SEO plugin v27.5 - https:\/\/yoast.com\/product\/yoast-seo-wordpress\/ -->\n<title>\u201eGott, Sprechstunde nur nach Vereinbarung\u201c - Zeitgeist? Frei!<\/title>\n<meta name=\"robots\" content=\"index, follow, max-snippet:-1, max-image-preview:large, max-video-preview:-1\" \/>\n<link rel=\"canonical\" href=\"https:\/\/www.inkultura-online.de\/politisch_unkorrekt\/gott-sprechstunde-nur-nach-vereinbarung\/\" \/>\n<meta property=\"og:locale\" content=\"de_DE\" \/>\n<meta property=\"og:type\" content=\"article\" \/>\n<meta property=\"og:title\" content=\"\u201eGott, Sprechstunde nur nach Vereinbarung\u201c - Zeitgeist? Frei!\" \/>\n<meta property=\"og:description\" content=\"\u00dcber die Verschlossenheit sakraler R\u00e4ume im Berliner Umland In einer Zeit, in der die Sehnsucht nach Stille, Kontemplation und spiritueller Einkehr w\u00e4chst, erscheint es paradox, dass viele Kirchen im Berliner Umland ihre T\u00fcren f\u00fcr Besucher geschlossen halten. Etwas pointierter formuliert: &hellip; Weiterlesen &rarr;\" \/>\n<meta property=\"og:url\" content=\"https:\/\/www.inkultura-online.de\/politisch_unkorrekt\/gott-sprechstunde-nur-nach-vereinbarung\/\" \/>\n<meta property=\"og:site_name\" content=\"Zeitgeist? Frei!\" \/>\n<meta property=\"article:published_time\" content=\"2025-06-16T06:54:08+00:00\" \/>\n<meta name=\"author\" content=\"Orator\" \/>\n<meta name=\"twitter:label1\" content=\"Verfasst von\" \/>\n\t<meta name=\"twitter:data1\" content=\"Orator\" \/>\n\t<meta name=\"twitter:label2\" content=\"Gesch\u00e4tzte Lesezeit\" \/>\n\t<meta name=\"twitter:data2\" content=\"6\u00a0Minuten\" \/>\n<script type=\"application\/ld+json\" class=\"yoast-schema-graph\">{\"@context\":\"https:\\\/\\\/schema.org\",\"@graph\":[{\"@type\":\"Article\",\"@id\":\"https:\\\/\\\/www.inkultura-online.de\\\/politisch_unkorrekt\\\/gott-sprechstunde-nur-nach-vereinbarung\\\/#article\",\"isPartOf\":{\"@id\":\"https:\\\/\\\/www.inkultura-online.de\\\/politisch_unkorrekt\\\/gott-sprechstunde-nur-nach-vereinbarung\\\/\"},\"author\":{\"name\":\"Orator\",\"@id\":\"https:\\\/\\\/www.inkultura-online.de\\\/politisch_unkorrekt\\\/#\\\/schema\\\/person\\\/5b30b80e385478896a1de221e1994d86\"},\"headline\":\"\u201eGott, Sprechstunde nur nach Vereinbarung\u201c\",\"datePublished\":\"2025-06-16T06:54:08+00:00\",\"mainEntityOfPage\":{\"@id\":\"https:\\\/\\\/www.inkultura-online.de\\\/politisch_unkorrekt\\\/gott-sprechstunde-nur-nach-vereinbarung\\\/\"},\"wordCount\":1065,\"publisher\":{\"@id\":\"https:\\\/\\\/www.inkultura-online.de\\\/politisch_unkorrekt\\\/#\\\/schema\\\/person\\\/5b30b80e385478896a1de221e1994d86\"},\"keywords\":[\"Gott\",\"Kirchen\",\"sakrale R\u00e4ume\"],\"articleSection\":[\"Gedanken zum Tag\"],\"inLanguage\":\"de\"},{\"@type\":\"WebPage\",\"@id\":\"https:\\\/\\\/www.inkultura-online.de\\\/politisch_unkorrekt\\\/gott-sprechstunde-nur-nach-vereinbarung\\\/\",\"url\":\"https:\\\/\\\/www.inkultura-online.de\\\/politisch_unkorrekt\\\/gott-sprechstunde-nur-nach-vereinbarung\\\/\",\"name\":\"\u201eGott, Sprechstunde nur nach Vereinbarung\u201c - Zeitgeist? Frei!\",\"isPartOf\":{\"@id\":\"https:\\\/\\\/www.inkultura-online.de\\\/politisch_unkorrekt\\\/#website\"},\"datePublished\":\"2025-06-16T06:54:08+00:00\",\"breadcrumb\":{\"@id\":\"https:\\\/\\\/www.inkultura-online.de\\\/politisch_unkorrekt\\\/gott-sprechstunde-nur-nach-vereinbarung\\\/#breadcrumb\"},\"inLanguage\":\"de\",\"potentialAction\":[{\"@type\":\"ReadAction\",\"target\":[\"https:\\\/\\\/www.inkultura-online.de\\\/politisch_unkorrekt\\\/gott-sprechstunde-nur-nach-vereinbarung\\\/\"]}]},{\"@type\":\"BreadcrumbList\",\"@id\":\"https:\\\/\\\/www.inkultura-online.de\\\/politisch_unkorrekt\\\/gott-sprechstunde-nur-nach-vereinbarung\\\/#breadcrumb\",\"itemListElement\":[{\"@type\":\"ListItem\",\"position\":1,\"name\":\"Home\",\"item\":\"https:\\\/\\\/www.inkultura-online.de\\\/politisch_unkorrekt\\\/\"},{\"@type\":\"ListItem\",\"position\":2,\"name\":\"\u201eGott, Sprechstunde nur nach Vereinbarung\u201c\"}]},{\"@type\":\"WebSite\",\"@id\":\"https:\\\/\\\/www.inkultura-online.de\\\/politisch_unkorrekt\\\/#website\",\"url\":\"https:\\\/\\\/www.inkultura-online.de\\\/politisch_unkorrekt\\\/\",\"name\":\"Zeitgeist? Frei!\",\"description\":\"Was Ihr den Geist der Zeiten hei\u00dft...\",\"publisher\":{\"@id\":\"https:\\\/\\\/www.inkultura-online.de\\\/politisch_unkorrekt\\\/#\\\/schema\\\/person\\\/5b30b80e385478896a1de221e1994d86\"},\"potentialAction\":[{\"@type\":\"SearchAction\",\"target\":{\"@type\":\"EntryPoint\",\"urlTemplate\":\"https:\\\/\\\/www.inkultura-online.de\\\/politisch_unkorrekt\\\/?s={search_term_string}\"},\"query-input\":{\"@type\":\"PropertyValueSpecification\",\"valueRequired\":true,\"valueName\":\"search_term_string\"}}],\"inLanguage\":\"de\"},{\"@type\":[\"Person\",\"Organization\"],\"@id\":\"https:\\\/\\\/www.inkultura-online.de\\\/politisch_unkorrekt\\\/#\\\/schema\\\/person\\\/5b30b80e385478896a1de221e1994d86\",\"name\":\"Orator\",\"image\":{\"@type\":\"ImageObject\",\"inLanguage\":\"de\",\"@id\":\"https:\\\/\\\/secure.gravatar.com\\\/avatar\\\/96e03166d31716e9c437060430eb7605c45a8ce6fb6dab483637ca6915dd0844?s=96&d=mm&r=g\",\"url\":\"https:\\\/\\\/secure.gravatar.com\\\/avatar\\\/96e03166d31716e9c437060430eb7605c45a8ce6fb6dab483637ca6915dd0844?s=96&d=mm&r=g\",\"contentUrl\":\"https:\\\/\\\/secure.gravatar.com\\\/avatar\\\/96e03166d31716e9c437060430eb7605c45a8ce6fb6dab483637ca6915dd0844?s=96&d=mm&r=g\",\"caption\":\"Orator\"},\"logo\":{\"@id\":\"https:\\\/\\\/secure.gravatar.com\\\/avatar\\\/96e03166d31716e9c437060430eb7605c45a8ce6fb6dab483637ca6915dd0844?s=96&d=mm&r=g\"},\"url\":\"https:\\\/\\\/www.inkultura-online.de\\\/politisch_unkorrekt\\\/author\\\/1korrektor21-2\\\/\"}]}<\/script>\n<!-- \/ Yoast SEO plugin. -->","yoast_head_json":{"title":"\u201eGott, Sprechstunde nur nach Vereinbarung\u201c - Zeitgeist? Frei!","robots":{"index":"index","follow":"follow","max-snippet":"max-snippet:-1","max-image-preview":"max-image-preview:large","max-video-preview":"max-video-preview:-1"},"canonical":"https:\/\/www.inkultura-online.de\/politisch_unkorrekt\/gott-sprechstunde-nur-nach-vereinbarung\/","og_locale":"de_DE","og_type":"article","og_title":"\u201eGott, Sprechstunde nur nach Vereinbarung\u201c - Zeitgeist? Frei!","og_description":"\u00dcber die Verschlossenheit sakraler R\u00e4ume im Berliner Umland In einer Zeit, in der die Sehnsucht nach Stille, Kontemplation und spiritueller Einkehr w\u00e4chst, erscheint es paradox, dass viele Kirchen im Berliner Umland ihre T\u00fcren f\u00fcr Besucher geschlossen halten. Etwas pointierter formuliert: &hellip; Weiterlesen &rarr;","og_url":"https:\/\/www.inkultura-online.de\/politisch_unkorrekt\/gott-sprechstunde-nur-nach-vereinbarung\/","og_site_name":"Zeitgeist? Frei!","article_published_time":"2025-06-16T06:54:08+00:00","author":"Orator","twitter_misc":{"Verfasst von":"Orator","Gesch\u00e4tzte Lesezeit":"6\u00a0Minuten"},"schema":{"@context":"https:\/\/schema.org","@graph":[{"@type":"Article","@id":"https:\/\/www.inkultura-online.de\/politisch_unkorrekt\/gott-sprechstunde-nur-nach-vereinbarung\/#article","isPartOf":{"@id":"https:\/\/www.inkultura-online.de\/politisch_unkorrekt\/gott-sprechstunde-nur-nach-vereinbarung\/"},"author":{"name":"Orator","@id":"https:\/\/www.inkultura-online.de\/politisch_unkorrekt\/#\/schema\/person\/5b30b80e385478896a1de221e1994d86"},"headline":"\u201eGott, Sprechstunde nur nach Vereinbarung\u201c","datePublished":"2025-06-16T06:54:08+00:00","mainEntityOfPage":{"@id":"https:\/\/www.inkultura-online.de\/politisch_unkorrekt\/gott-sprechstunde-nur-nach-vereinbarung\/"},"wordCount":1065,"publisher":{"@id":"https:\/\/www.inkultura-online.de\/politisch_unkorrekt\/#\/schema\/person\/5b30b80e385478896a1de221e1994d86"},"keywords":["Gott","Kirchen","sakrale R\u00e4ume"],"articleSection":["Gedanken zum Tag"],"inLanguage":"de"},{"@type":"WebPage","@id":"https:\/\/www.inkultura-online.de\/politisch_unkorrekt\/gott-sprechstunde-nur-nach-vereinbarung\/","url":"https:\/\/www.inkultura-online.de\/politisch_unkorrekt\/gott-sprechstunde-nur-nach-vereinbarung\/","name":"\u201eGott, Sprechstunde nur nach Vereinbarung\u201c - Zeitgeist? Frei!","isPartOf":{"@id":"https:\/\/www.inkultura-online.de\/politisch_unkorrekt\/#website"},"datePublished":"2025-06-16T06:54:08+00:00","breadcrumb":{"@id":"https:\/\/www.inkultura-online.de\/politisch_unkorrekt\/gott-sprechstunde-nur-nach-vereinbarung\/#breadcrumb"},"inLanguage":"de","potentialAction":[{"@type":"ReadAction","target":["https:\/\/www.inkultura-online.de\/politisch_unkorrekt\/gott-sprechstunde-nur-nach-vereinbarung\/"]}]},{"@type":"BreadcrumbList","@id":"https:\/\/www.inkultura-online.de\/politisch_unkorrekt\/gott-sprechstunde-nur-nach-vereinbarung\/#breadcrumb","itemListElement":[{"@type":"ListItem","position":1,"name":"Home","item":"https:\/\/www.inkultura-online.de\/politisch_unkorrekt\/"},{"@type":"ListItem","position":2,"name":"\u201eGott, Sprechstunde nur nach Vereinbarung\u201c"}]},{"@type":"WebSite","@id":"https:\/\/www.inkultura-online.de\/politisch_unkorrekt\/#website","url":"https:\/\/www.inkultura-online.de\/politisch_unkorrekt\/","name":"Zeitgeist? Frei!","description":"Was Ihr den Geist der Zeiten hei\u00dft...","publisher":{"@id":"https:\/\/www.inkultura-online.de\/politisch_unkorrekt\/#\/schema\/person\/5b30b80e385478896a1de221e1994d86"},"potentialAction":[{"@type":"SearchAction","target":{"@type":"EntryPoint","urlTemplate":"https:\/\/www.inkultura-online.de\/politisch_unkorrekt\/?s={search_term_string}"},"query-input":{"@type":"PropertyValueSpecification","valueRequired":true,"valueName":"search_term_string"}}],"inLanguage":"de"},{"@type":["Person","Organization"],"@id":"https:\/\/www.inkultura-online.de\/politisch_unkorrekt\/#\/schema\/person\/5b30b80e385478896a1de221e1994d86","name":"Orator","image":{"@type":"ImageObject","inLanguage":"de","@id":"https:\/\/secure.gravatar.com\/avatar\/96e03166d31716e9c437060430eb7605c45a8ce6fb6dab483637ca6915dd0844?s=96&d=mm&r=g","url":"https:\/\/secure.gravatar.com\/avatar\/96e03166d31716e9c437060430eb7605c45a8ce6fb6dab483637ca6915dd0844?s=96&d=mm&r=g","contentUrl":"https:\/\/secure.gravatar.com\/avatar\/96e03166d31716e9c437060430eb7605c45a8ce6fb6dab483637ca6915dd0844?s=96&d=mm&r=g","caption":"Orator"},"logo":{"@id":"https:\/\/secure.gravatar.com\/avatar\/96e03166d31716e9c437060430eb7605c45a8ce6fb6dab483637ca6915dd0844?s=96&d=mm&r=g"},"url":"https:\/\/www.inkultura-online.de\/politisch_unkorrekt\/author\/1korrektor21-2\/"}]}},"_links":{"self":[{"href":"https:\/\/www.inkultura-online.de\/politisch_unkorrekt\/wp-json\/wp\/v2\/posts\/2982","targetHints":{"allow":["GET"]}}],"collection":[{"href":"https:\/\/www.inkultura-online.de\/politisch_unkorrekt\/wp-json\/wp\/v2\/posts"}],"about":[{"href":"https:\/\/www.inkultura-online.de\/politisch_unkorrekt\/wp-json\/wp\/v2\/types\/post"}],"author":[{"embeddable":true,"href":"https:\/\/www.inkultura-online.de\/politisch_unkorrekt\/wp-json\/wp\/v2\/users\/1"}],"replies":[{"embeddable":true,"href":"https:\/\/www.inkultura-online.de\/politisch_unkorrekt\/wp-json\/wp\/v2\/comments?post=2982"}],"version-history":[{"count":1,"href":"https:\/\/www.inkultura-online.de\/politisch_unkorrekt\/wp-json\/wp\/v2\/posts\/2982\/revisions"}],"predecessor-version":[{"id":2983,"href":"https:\/\/www.inkultura-online.de\/politisch_unkorrekt\/wp-json\/wp\/v2\/posts\/2982\/revisions\/2983"}],"wp:attachment":[{"href":"https:\/\/www.inkultura-online.de\/politisch_unkorrekt\/wp-json\/wp\/v2\/media?parent=2982"}],"wp:term":[{"taxonomy":"category","embeddable":true,"href":"https:\/\/www.inkultura-online.de\/politisch_unkorrekt\/wp-json\/wp\/v2\/categories?post=2982"},{"taxonomy":"post_tag","embeddable":true,"href":"https:\/\/www.inkultura-online.de\/politisch_unkorrekt\/wp-json\/wp\/v2\/tags?post=2982"}],"curies":[{"name":"wp","href":"https:\/\/api.w.org\/{rel}","templated":true}]}}