{"id":3132,"date":"2025-10-19T10:00:38","date_gmt":"2025-10-19T08:00:38","guid":{"rendered":"https:\/\/www.inkultura-online.de\/politisch_unkorrekt\/?p=3132"},"modified":"2025-10-19T10:00:38","modified_gmt":"2025-10-19T08:00:38","slug":"runen-zeichen-des-unsichtbaren","status":"publish","type":"post","link":"https:\/\/www.inkultura-online.de\/politisch_unkorrekt\/runen-zeichen-des-unsichtbaren\/","title":{"rendered":"Runen &#8211; Zeichen des Unsichtbaren"},"content":{"rendered":"<h4 class=\"western\">\u00dcber Ursprung, Magie und Missbrauch einer alten Schrift<\/h4>\n<p>Es gibt Schriftzeichen, die nicht blo\u00df der Mitteilung dienen, sondern aus einer tieferen Ordnung zu sprechen scheinen. Zu diesen geh\u00f6ren die Runen. Sie sind keine blo\u00dfen Buchstaben, sondern ideographische Verdichtungen einer Weltauffassung, die das Wort nicht als technisches Mittel, sondern als sch\u00f6pferische Kraft verstand. Ihr Ursprung liegt in einer Zeit, in der Sprache noch Wirken war, nicht Repr\u00e4sentation; in der Zeichen nicht bedeuteten, sondern handelten. Die Runen sind \u00dcberreste einer vormodernen Metaphysik, die das Denken als Teil der Welt und nicht als ihr Gegen\u00fcber begriff.<!--more--><\/p>\n<p>Die fr\u00fchesten Runeninschriften, meist auf Holz oder Stein, sind zugleich Zeugnisse der Macht des Wortes und seiner Zur\u00fcckhaltung. Sie bestehen oft nur aus wenigen Zeichen, manchmal nur aus einem Namen oder einer Formel. Diese Sparsamkeit ist nicht Ausdruck mangelnder Sprachkunst, sondern Resultat einer ontologischen Scheu: Das Zeichen galt als gef\u00e4hrlich. Wer es setzte, griff in den Lauf der Dinge ein. Das Runenritzen war ein Akt der Weltgestaltung, ein Ritual, in dem Sprache und Materie eins wurden. In dieser Hinsicht sind Runen keine Schrift, sondern Schnittstellen zwischen Sichtbarem und Unsichtbarem, zwischen Bewusstsein und Welt.<\/p>\n<p>Jede Rune war ein Bild und ein Klang, eine Bedeutung und ein Gesetz. Der \u00e4lteste Runensatz, das \u00e4ltere Futhark, umfasst vierundzwanzig Zeichen, keine willk\u00fcrliche Zahl, sondern Ausdruck einer inneren Kosmologie. In den Runen verband sich Ordnung und Schicksal, Zahl und Klang, Linie und Bewegung. Der Mensch, der sie ritzte, glaubte nicht, eine Information zu speichern, sondern eine Macht zu beschw\u00f6ren. Die Schrift war ein \u00dcbergang zwischen Welten, ein Medium des Numinosen.<\/p>\n<p>Philosophisch betrachtet, markieren die Runen die Schwelle zwischen Zeichen und Sein. Sie sind fr\u00fche Zeugnisse einer semantischen Ontologie, in der das Symbol nicht auf etwas verweist, sondern selbst Teil dessen ist, was es bedeutet. Das unterscheidet sie grundlegend von der sp\u00e4teren abendl\u00e4ndischen Schriftkultur, die das Zeichen vom Gegenstand trennt. In der runischen Welt war der Name identisch mit dem Ding, und das Wort ein Akt der Wirklichkeit.<\/p>\n<p>Diese Einheit von Sprache und Welt ist uns heute fremd geworden. Wir schreiben, um zu trennen; die Runen schrieben, um zu verbinden. Der moderne Mensch denkt die Welt als Objekt, der runische Mensch empfand sie als Resonanzraum. Das Ritzen einer Rune war ein Versuch, Ordnung zu schaffen, indem man sie nachbildete. In diesem Sinne war die Runenschrift weniger ein Kommunikationssystem als eine Kosmographie, ein Versuch, das Unsichtbare zu zeichnen.<\/p>\n<p>Es ist kein Zufall, dass die Runen den G\u00f6ttern zugeschrieben wurden. In der mythologischen \u00dcberlieferung erlangte Odin, der Wanderer und Gott der Erkenntnis, die Runen erst durch Selbstopfer: neun N\u00e4chte hing er, verwundet vom eigenen Speer, am Weltenbaum, bis ihm die Zeichen offenbart wurden. Diese Erz\u00e4hlung l\u00e4sst sich als Parabel auf den Preis des Wissens lesen, Wissen entsteht aus Entbehrung, aus dem Verzicht auf Macht. Die Runen sind Symbole dieses Paradoxons: Sie schenken Einsicht, aber nur dem, der sie nicht zur Beherrschung der Welt, sondern zu ihrem Verst\u00e4ndnis sucht.<\/p>\n<p>Mit dem Verblassen des mythischen Weltbilds verloren die Runen ihre metaphysische Energie und wurden zu Schriftzeichen im profanen Sinn. Doch gerade in dieser Entleerung begann ihre zweite, dunkle Karriere. In der Neuzeit, insbesondere im 19. und 20. Jahrhundert, wurden die Runen neu entdeckt, nicht mehr als Symbol des Wissens, sondern als Emblem der Herkunft. Was einst kosmologische Bedeutung trug, wurde ethnisch-national umgedeutet. Die Runen, urspr\u00fcnglich Zeichen einer gemeinsamen nordischen Weltauffassung, wurden zu Symbolen einer exklusiven Identit\u00e4t, zu Fetischen der Abstammung und Reinheit.<\/p>\n<p>Diese ideologische Vereinnahmung ist nicht zuf\u00e4llig. Wo das Symbolische verarmt, sucht das Politische Ersatz. Die Runen boten sich an, weil sie archaisch, kraftvoll und r\u00e4tselhaft wirkten, ideale Projektionsfl\u00e4chen f\u00fcr mythische Selbstbilder. Die Verwandlung der Runen in Herrschaftszeichen, etwa in den Emblemen totalit\u00e4rer Systeme, war der endg\u00fcltige Bruch mit ihrem urspr\u00fcnglichen Sinn. Was einst Ausdruck eines metaphysischen Vertrauens in die Sprache war, wurde zum Werkzeug politischer Magie: zur Suggestion von Macht, Herkunft und Geschlossenheit.<\/p>\n<p>In dieser Pervertierung liegt eine tiefere Wahrheit \u00fcber das Verh\u00e4ltnis von Symbol und Ideologie. Wo das Zeichen sich vom Unsichtbaren l\u00f6st, ger\u00e4t es in die Gewalt des Sichtbaren. Das Wort, das einst sch\u00f6pferisch war, wird dann propagandistisch. Die Runen, einst Instrumente des Weltverstehens, wurden zu Instrumenten der Weltverstellung. Das mag erkl\u00e4ren, warum sie bis heute eine ambivalente Faszination aus\u00fcben: Sie stehen f\u00fcr eine versunkene Ordnung, aber auch f\u00fcr ihre missbrauchte Wiederkehr.<\/p>\n<p>Und doch haftet ihnen eine stille W\u00fcrde an. Die arch\u00e4ologischen Steine, auf denen sie zu sehen sind, sprechen nicht von Blut und Rasse, sondern von Erinnerung, von Namen, von \u00dcberg\u00e4ngen. Viele Inschriften sind Grabzeichen, Widmungen, Gebete. In ihnen lebt eine Sprache der Stille, die sich jeder ideologischen Vereinnahmung entzieht. Vielleicht liegt darin das eigentlich Philosophische der Runen: Sie erinnern uns daran, dass Bedeutung nicht gemacht, sondern erfahren wird, dass jedes Zeichen ein Ort ist, an dem das Unsichtbare um Ausdruck ringt.<\/p>\n<p>Wer heute auf eine Runenreihe blickt, sieht Linien, Winkel, Kreuzungen, und doch sp\u00fcrt man, dass sie mehr sind als ornamentale Formen. Sie tragen eine eigent\u00fcmliche Spannung in sich, als stammten sie aus einer Welt, die uns ahnungsvoll bekannt und doch unendlich fern ist. In dieser Spannung liegt ihre Wirkung: Sie erinnern uns an den Ursprung des Denkens selbst, an den Moment, da das Wort noch nicht getrennt war vom Ding.<\/p>\n<p>Vielleicht ist das ihre letzte Philosophie: dass Sprache ein Akt der Welt ist und nicht nur ihr Kommentar. Wenn die Runen also heute wieder betrachtet, studiert oder gar neu gedeutet werden, dann geschieht darin, bewusst oder unbewusst, ein Versuch, diese verlorene Einheit von Zeichen und Sein zu erahnen. Jede Rune ist ein Fragment dieser alten \u00dcbereinstimmung, ein Riss im modernen Bewusstsein, durch den ein anderer Begriff von Wahrheit hindurchscheint.<\/p>\n<p>So bleiben die Runen, trotz allem, Zeichen des Unsichtbaren, Spuren einer Sprache, die nicht spricht, sondern wirkt. Sie mahnen, dass Wissen ohne Ehrfurcht in Macht umschl\u00e4gt, und dass Macht, die sich des Symbols bem\u00e4chtigt, stets Gefahr l\u00e4uft, dessen Sinn zu zerst\u00f6ren. Vielleicht m\u00fcssen wir lernen, die Runen nicht zu lesen, sondern zu h\u00f6ren, als das Echo einer Sprache, die die Welt noch kannte, bevor sie sie zu erkl\u00e4ren begann.<\/p>\n","protected":false},"excerpt":{"rendered":"<p>\u00dcber Ursprung, Magie und Missbrauch einer alten Schrift Es gibt Schriftzeichen, die nicht blo\u00df der Mitteilung dienen, sondern aus einer tieferen Ordnung zu sprechen scheinen. Zu diesen geh\u00f6ren die Runen. Sie sind keine blo\u00dfen Buchstaben, sondern ideographische Verdichtungen einer Weltauffassung, &hellip; <a href=\"https:\/\/www.inkultura-online.de\/politisch_unkorrekt\/runen-zeichen-des-unsichtbaren\/\">Weiterlesen <span class=\"meta-nav\">&rarr;<\/span><\/a><\/p>\n","protected":false},"author":1,"featured_media":0,"comment_status":"closed","ping_status":"closed","sticky":false,"template":"","format":"standard","meta":{"footnotes":""},"categories":[444],"tags":[1969],"class_list":["post-3132","post","type-post","status-publish","format-standard","hentry","category-gedanken-zum-tag","tag-runen"],"yoast_head":"<!-- This site is optimized with the Yoast SEO plugin v27.5 - https:\/\/yoast.com\/product\/yoast-seo-wordpress\/ -->\n<title>Runen - Zeichen des Unsichtbaren - Zeitgeist? Frei!<\/title>\n<meta name=\"robots\" content=\"index, follow, max-snippet:-1, max-image-preview:large, max-video-preview:-1\" \/>\n<link rel=\"canonical\" href=\"https:\/\/www.inkultura-online.de\/politisch_unkorrekt\/runen-zeichen-des-unsichtbaren\/\" \/>\n<meta property=\"og:locale\" content=\"de_DE\" \/>\n<meta property=\"og:type\" content=\"article\" \/>\n<meta property=\"og:title\" content=\"Runen - Zeichen des Unsichtbaren - Zeitgeist? Frei!\" \/>\n<meta property=\"og:description\" content=\"\u00dcber Ursprung, Magie und Missbrauch einer alten Schrift Es gibt Schriftzeichen, die nicht blo\u00df der Mitteilung dienen, sondern aus einer tieferen Ordnung zu sprechen scheinen. Zu diesen geh\u00f6ren die Runen. Sie sind keine blo\u00dfen Buchstaben, sondern ideographische Verdichtungen einer Weltauffassung, &hellip; Weiterlesen &rarr;\" \/>\n<meta property=\"og:url\" content=\"https:\/\/www.inkultura-online.de\/politisch_unkorrekt\/runen-zeichen-des-unsichtbaren\/\" \/>\n<meta property=\"og:site_name\" content=\"Zeitgeist? Frei!\" \/>\n<meta property=\"article:published_time\" content=\"2025-10-19T08:00:38+00:00\" \/>\n<meta name=\"author\" content=\"Orator\" \/>\n<meta name=\"twitter:label1\" content=\"Verfasst von\" \/>\n\t<meta name=\"twitter:data1\" content=\"Orator\" \/>\n\t<meta name=\"twitter:label2\" content=\"Gesch\u00e4tzte Lesezeit\" \/>\n\t<meta name=\"twitter:data2\" content=\"6\u00a0Minuten\" \/>\n<script type=\"application\/ld+json\" class=\"yoast-schema-graph\">{\"@context\":\"https:\\\/\\\/schema.org\",\"@graph\":[{\"@type\":\"Article\",\"@id\":\"https:\\\/\\\/www.inkultura-online.de\\\/politisch_unkorrekt\\\/runen-zeichen-des-unsichtbaren\\\/#article\",\"isPartOf\":{\"@id\":\"https:\\\/\\\/www.inkultura-online.de\\\/politisch_unkorrekt\\\/runen-zeichen-des-unsichtbaren\\\/\"},\"author\":{\"name\":\"Orator\",\"@id\":\"https:\\\/\\\/www.inkultura-online.de\\\/politisch_unkorrekt\\\/#\\\/schema\\\/person\\\/5b30b80e385478896a1de221e1994d86\"},\"headline\":\"Runen &#8211; Zeichen des Unsichtbaren\",\"datePublished\":\"2025-10-19T08:00:38+00:00\",\"mainEntityOfPage\":{\"@id\":\"https:\\\/\\\/www.inkultura-online.de\\\/politisch_unkorrekt\\\/runen-zeichen-des-unsichtbaren\\\/\"},\"wordCount\":1047,\"publisher\":{\"@id\":\"https:\\\/\\\/www.inkultura-online.de\\\/politisch_unkorrekt\\\/#\\\/schema\\\/person\\\/5b30b80e385478896a1de221e1994d86\"},\"keywords\":[\"Runen\"],\"articleSection\":[\"Gedanken zum Tag\"],\"inLanguage\":\"de\"},{\"@type\":\"WebPage\",\"@id\":\"https:\\\/\\\/www.inkultura-online.de\\\/politisch_unkorrekt\\\/runen-zeichen-des-unsichtbaren\\\/\",\"url\":\"https:\\\/\\\/www.inkultura-online.de\\\/politisch_unkorrekt\\\/runen-zeichen-des-unsichtbaren\\\/\",\"name\":\"Runen - Zeichen des Unsichtbaren - Zeitgeist? Frei!\",\"isPartOf\":{\"@id\":\"https:\\\/\\\/www.inkultura-online.de\\\/politisch_unkorrekt\\\/#website\"},\"datePublished\":\"2025-10-19T08:00:38+00:00\",\"breadcrumb\":{\"@id\":\"https:\\\/\\\/www.inkultura-online.de\\\/politisch_unkorrekt\\\/runen-zeichen-des-unsichtbaren\\\/#breadcrumb\"},\"inLanguage\":\"de\",\"potentialAction\":[{\"@type\":\"ReadAction\",\"target\":[\"https:\\\/\\\/www.inkultura-online.de\\\/politisch_unkorrekt\\\/runen-zeichen-des-unsichtbaren\\\/\"]}]},{\"@type\":\"BreadcrumbList\",\"@id\":\"https:\\\/\\\/www.inkultura-online.de\\\/politisch_unkorrekt\\\/runen-zeichen-des-unsichtbaren\\\/#breadcrumb\",\"itemListElement\":[{\"@type\":\"ListItem\",\"position\":1,\"name\":\"Home\",\"item\":\"https:\\\/\\\/www.inkultura-online.de\\\/politisch_unkorrekt\\\/\"},{\"@type\":\"ListItem\",\"position\":2,\"name\":\"Runen &#8211; Zeichen des Unsichtbaren\"}]},{\"@type\":\"WebSite\",\"@id\":\"https:\\\/\\\/www.inkultura-online.de\\\/politisch_unkorrekt\\\/#website\",\"url\":\"https:\\\/\\\/www.inkultura-online.de\\\/politisch_unkorrekt\\\/\",\"name\":\"Zeitgeist? Frei!\",\"description\":\"Was Ihr den Geist der Zeiten hei\u00dft...\",\"publisher\":{\"@id\":\"https:\\\/\\\/www.inkultura-online.de\\\/politisch_unkorrekt\\\/#\\\/schema\\\/person\\\/5b30b80e385478896a1de221e1994d86\"},\"potentialAction\":[{\"@type\":\"SearchAction\",\"target\":{\"@type\":\"EntryPoint\",\"urlTemplate\":\"https:\\\/\\\/www.inkultura-online.de\\\/politisch_unkorrekt\\\/?s={search_term_string}\"},\"query-input\":{\"@type\":\"PropertyValueSpecification\",\"valueRequired\":true,\"valueName\":\"search_term_string\"}}],\"inLanguage\":\"de\"},{\"@type\":[\"Person\",\"Organization\"],\"@id\":\"https:\\\/\\\/www.inkultura-online.de\\\/politisch_unkorrekt\\\/#\\\/schema\\\/person\\\/5b30b80e385478896a1de221e1994d86\",\"name\":\"Orator\",\"image\":{\"@type\":\"ImageObject\",\"inLanguage\":\"de\",\"@id\":\"https:\\\/\\\/secure.gravatar.com\\\/avatar\\\/96e03166d31716e9c437060430eb7605c45a8ce6fb6dab483637ca6915dd0844?s=96&d=mm&r=g\",\"url\":\"https:\\\/\\\/secure.gravatar.com\\\/avatar\\\/96e03166d31716e9c437060430eb7605c45a8ce6fb6dab483637ca6915dd0844?s=96&d=mm&r=g\",\"contentUrl\":\"https:\\\/\\\/secure.gravatar.com\\\/avatar\\\/96e03166d31716e9c437060430eb7605c45a8ce6fb6dab483637ca6915dd0844?s=96&d=mm&r=g\",\"caption\":\"Orator\"},\"logo\":{\"@id\":\"https:\\\/\\\/secure.gravatar.com\\\/avatar\\\/96e03166d31716e9c437060430eb7605c45a8ce6fb6dab483637ca6915dd0844?s=96&d=mm&r=g\"},\"url\":\"https:\\\/\\\/www.inkultura-online.de\\\/politisch_unkorrekt\\\/author\\\/1korrektor21-2\\\/\"}]}<\/script>\n<!-- \/ Yoast SEO plugin. -->","yoast_head_json":{"title":"Runen - Zeichen des Unsichtbaren - Zeitgeist? Frei!","robots":{"index":"index","follow":"follow","max-snippet":"max-snippet:-1","max-image-preview":"max-image-preview:large","max-video-preview":"max-video-preview:-1"},"canonical":"https:\/\/www.inkultura-online.de\/politisch_unkorrekt\/runen-zeichen-des-unsichtbaren\/","og_locale":"de_DE","og_type":"article","og_title":"Runen - Zeichen des Unsichtbaren - Zeitgeist? Frei!","og_description":"\u00dcber Ursprung, Magie und Missbrauch einer alten Schrift Es gibt Schriftzeichen, die nicht blo\u00df der Mitteilung dienen, sondern aus einer tieferen Ordnung zu sprechen scheinen. Zu diesen geh\u00f6ren die Runen. Sie sind keine blo\u00dfen Buchstaben, sondern ideographische Verdichtungen einer Weltauffassung, &hellip; Weiterlesen &rarr;","og_url":"https:\/\/www.inkultura-online.de\/politisch_unkorrekt\/runen-zeichen-des-unsichtbaren\/","og_site_name":"Zeitgeist? Frei!","article_published_time":"2025-10-19T08:00:38+00:00","author":"Orator","twitter_misc":{"Verfasst von":"Orator","Gesch\u00e4tzte Lesezeit":"6\u00a0Minuten"},"schema":{"@context":"https:\/\/schema.org","@graph":[{"@type":"Article","@id":"https:\/\/www.inkultura-online.de\/politisch_unkorrekt\/runen-zeichen-des-unsichtbaren\/#article","isPartOf":{"@id":"https:\/\/www.inkultura-online.de\/politisch_unkorrekt\/runen-zeichen-des-unsichtbaren\/"},"author":{"name":"Orator","@id":"https:\/\/www.inkultura-online.de\/politisch_unkorrekt\/#\/schema\/person\/5b30b80e385478896a1de221e1994d86"},"headline":"Runen &#8211; Zeichen des Unsichtbaren","datePublished":"2025-10-19T08:00:38+00:00","mainEntityOfPage":{"@id":"https:\/\/www.inkultura-online.de\/politisch_unkorrekt\/runen-zeichen-des-unsichtbaren\/"},"wordCount":1047,"publisher":{"@id":"https:\/\/www.inkultura-online.de\/politisch_unkorrekt\/#\/schema\/person\/5b30b80e385478896a1de221e1994d86"},"keywords":["Runen"],"articleSection":["Gedanken zum Tag"],"inLanguage":"de"},{"@type":"WebPage","@id":"https:\/\/www.inkultura-online.de\/politisch_unkorrekt\/runen-zeichen-des-unsichtbaren\/","url":"https:\/\/www.inkultura-online.de\/politisch_unkorrekt\/runen-zeichen-des-unsichtbaren\/","name":"Runen - Zeichen des Unsichtbaren - Zeitgeist? Frei!","isPartOf":{"@id":"https:\/\/www.inkultura-online.de\/politisch_unkorrekt\/#website"},"datePublished":"2025-10-19T08:00:38+00:00","breadcrumb":{"@id":"https:\/\/www.inkultura-online.de\/politisch_unkorrekt\/runen-zeichen-des-unsichtbaren\/#breadcrumb"},"inLanguage":"de","potentialAction":[{"@type":"ReadAction","target":["https:\/\/www.inkultura-online.de\/politisch_unkorrekt\/runen-zeichen-des-unsichtbaren\/"]}]},{"@type":"BreadcrumbList","@id":"https:\/\/www.inkultura-online.de\/politisch_unkorrekt\/runen-zeichen-des-unsichtbaren\/#breadcrumb","itemListElement":[{"@type":"ListItem","position":1,"name":"Home","item":"https:\/\/www.inkultura-online.de\/politisch_unkorrekt\/"},{"@type":"ListItem","position":2,"name":"Runen &#8211; Zeichen des Unsichtbaren"}]},{"@type":"WebSite","@id":"https:\/\/www.inkultura-online.de\/politisch_unkorrekt\/#website","url":"https:\/\/www.inkultura-online.de\/politisch_unkorrekt\/","name":"Zeitgeist? Frei!","description":"Was Ihr den Geist der Zeiten hei\u00dft...","publisher":{"@id":"https:\/\/www.inkultura-online.de\/politisch_unkorrekt\/#\/schema\/person\/5b30b80e385478896a1de221e1994d86"},"potentialAction":[{"@type":"SearchAction","target":{"@type":"EntryPoint","urlTemplate":"https:\/\/www.inkultura-online.de\/politisch_unkorrekt\/?s={search_term_string}"},"query-input":{"@type":"PropertyValueSpecification","valueRequired":true,"valueName":"search_term_string"}}],"inLanguage":"de"},{"@type":["Person","Organization"],"@id":"https:\/\/www.inkultura-online.de\/politisch_unkorrekt\/#\/schema\/person\/5b30b80e385478896a1de221e1994d86","name":"Orator","image":{"@type":"ImageObject","inLanguage":"de","@id":"https:\/\/secure.gravatar.com\/avatar\/96e03166d31716e9c437060430eb7605c45a8ce6fb6dab483637ca6915dd0844?s=96&d=mm&r=g","url":"https:\/\/secure.gravatar.com\/avatar\/96e03166d31716e9c437060430eb7605c45a8ce6fb6dab483637ca6915dd0844?s=96&d=mm&r=g","contentUrl":"https:\/\/secure.gravatar.com\/avatar\/96e03166d31716e9c437060430eb7605c45a8ce6fb6dab483637ca6915dd0844?s=96&d=mm&r=g","caption":"Orator"},"logo":{"@id":"https:\/\/secure.gravatar.com\/avatar\/96e03166d31716e9c437060430eb7605c45a8ce6fb6dab483637ca6915dd0844?s=96&d=mm&r=g"},"url":"https:\/\/www.inkultura-online.de\/politisch_unkorrekt\/author\/1korrektor21-2\/"}]}},"_links":{"self":[{"href":"https:\/\/www.inkultura-online.de\/politisch_unkorrekt\/wp-json\/wp\/v2\/posts\/3132","targetHints":{"allow":["GET"]}}],"collection":[{"href":"https:\/\/www.inkultura-online.de\/politisch_unkorrekt\/wp-json\/wp\/v2\/posts"}],"about":[{"href":"https:\/\/www.inkultura-online.de\/politisch_unkorrekt\/wp-json\/wp\/v2\/types\/post"}],"author":[{"embeddable":true,"href":"https:\/\/www.inkultura-online.de\/politisch_unkorrekt\/wp-json\/wp\/v2\/users\/1"}],"replies":[{"embeddable":true,"href":"https:\/\/www.inkultura-online.de\/politisch_unkorrekt\/wp-json\/wp\/v2\/comments?post=3132"}],"version-history":[{"count":1,"href":"https:\/\/www.inkultura-online.de\/politisch_unkorrekt\/wp-json\/wp\/v2\/posts\/3132\/revisions"}],"predecessor-version":[{"id":3133,"href":"https:\/\/www.inkultura-online.de\/politisch_unkorrekt\/wp-json\/wp\/v2\/posts\/3132\/revisions\/3133"}],"wp:attachment":[{"href":"https:\/\/www.inkultura-online.de\/politisch_unkorrekt\/wp-json\/wp\/v2\/media?parent=3132"}],"wp:term":[{"taxonomy":"category","embeddable":true,"href":"https:\/\/www.inkultura-online.de\/politisch_unkorrekt\/wp-json\/wp\/v2\/categories?post=3132"},{"taxonomy":"post_tag","embeddable":true,"href":"https:\/\/www.inkultura-online.de\/politisch_unkorrekt\/wp-json\/wp\/v2\/tags?post=3132"}],"curies":[{"name":"wp","href":"https:\/\/api.w.org\/{rel}","templated":true}]}}