{"id":3135,"date":"2025-10-21T11:47:16","date_gmt":"2025-10-21T09:47:16","guid":{"rendered":"https:\/\/www.inkultura-online.de\/politisch_unkorrekt\/?p=3135"},"modified":"2025-10-21T11:47:16","modified_gmt":"2025-10-21T09:47:16","slug":"wie-konnte-das-geschehen","status":"publish","type":"post","link":"https:\/\/www.inkultura-online.de\/politisch_unkorrekt\/wie-konnte-das-geschehen\/","title":{"rendered":"Wie konnte das geschehen?"},"content":{"rendered":"<h3>Prolog eines Historikers, der in seinem Buch, ver\u00f6ffentlicht im Jahr 2075, auf unsere Gegenwart zur\u00fcckblickt.<\/h3>\n<p>Du h\u00e4ltst dieses Buch in H\u00e4nden, nicht als Anklage, nicht als Lehrst\u00fcck, sondern als Zusammensetzung von Fragmenten, Zeugenaussagen, Protokollen und den widerstreitenden Mythen, die sich in den Jahren vor dem gro\u00dfen Umbruch zu einer einzigen, dichten Legende verfl\u00fcchtigten. Ich schreibe als Historiker einer Epoche, die aus der Distanz gelernt hat, Chronologie und Ursache bis zur Kontur zu sezieren; doch gerade die gro\u00dfen Umbr\u00fcche zeigen uns, wie d\u00fcnn die Schicht ist, die Faktum von Fiktion trennt. Was folgt, ist keine endg\u00fcltige Wahrheit, sondern eine Rekonstruktion, eine Hypothese in vielen Varianten, \u00fcber das, was wir sp\u00e4ter als die Entstehung der Europ\u00e4ischen Diktatur bezeichneten.<!--more--><\/p>\n<p>Die Quellenlage ist widerspr\u00fcchlich. Offizielle Verlautbarungen, interne Memos, verzweifelte Tageb\u00fccher, durchsickernde Protokolle supranationaler Gremien, Tweets, die wie Funken in einem Sturm standen, und die zahllosen, kaum noch unterscheidbaren Rufe von Angst und Entr\u00fcstung. Aus diesem Durcheinander heraus zeichnete sich ein Muster ab: Die Instrumentalisierung von Furcht als politischem Katalysator. Nicht die direkte Gewalt, sondern die beharrliche Suspension normaler Verfahrensweisen, Notlagen, die verl\u00e4ngert, institutionell verfestigt und schlie\u00dflich in Dauerzust\u00e4nde \u00fcberf\u00fchrt wurden.<\/p>\n<p>Eine zentrale Erz\u00e4hlung, die sich in der Vorstellungswelt jener Zeit durchsetzte, lautete: Unter dem Deckmantel einer externen Bedrohung, namentlich der permanenten, rhetorisch \u00fcberh\u00f6hten Gefahr aus dem Osten, werde im Innern ein \u00dcberwachungs- und Zensurapparat aufgebaut; er diene nicht der Verteidigung eines souver\u00e4nen Gemeinwesens, sondern m\u00e4chtigen, teils transnationalen Akteuren, die hinter den Kulissen agierten, multilaterale Organisationen, globale Investoren, private Datenkonzerne. Diese Vorstellung verband reale, fassbare Vorg\u00e4nge mit spekulativen Behauptungen; sie fungierte als Gravitationsfeld, in dem Legitimes und Anr\u00fcchiges gleichsam ineinanderst\u00fcrzten.<\/p>\n<p>Um dies zu verstehen, muss man einen Schritt zur\u00fccktreten und die Mechanik betrachten: Krisen erzeugen Ausnahmezust\u00e4nde; Ausnahmezust\u00e4nde schaffen Macht. In den Jahren, die wir heute retrospektiv als die Periode der Dekonstruktion liberaler Sicherungen bezeichnen, h\u00e4uften sich Krisen: Gesundheitsnotst\u00e4nde, wirtschaftliche Schocks, Cyberangriffe, lokale Konflikte mit globaler Resonanz. Jede Krise war, so die Logik, ein Beleg f\u00fcr die Notwendigkeit schneller, zentraler Entscheidungen. In einer Demokratie sind schnelle Entscheidungen nie ausgeschlossen, sie bed\u00fcrfen jedoch der Kontrolle, der \u00dcberpr\u00fcfbarkeit und der R\u00fcckkehr zum Normalzustand. Es war nicht die Geschwindigkeit der Entscheidungen selbst, die gef\u00e4hrlich wurde, sondern das Vers\u00e4umnis, die \u00dcbergangsma\u00dfnahmen zu befristen und \u00f6ffentlich zu legitimieren.<\/p>\n<p>Parallel dazu wuchs die Macht des Informationsmonopols: Plattformen, die einst als offene R\u00e4ume der Debatte galten, verwandelten sich in Gatekeeper. Die Verbindung von algorithmischer Selektion und \u00f6konomischem Interesse f\u00fchrte zu einer ungleichm\u00e4\u00dfigen Sichtbarkeit von Informationen. Wer die Narration kontrollierte, gewann Einfluss. In kritischen Momenten erwies sich die bedingungslose Parteinahme gro\u00dfer Mediennetzwerke f\u00fcr staatliche Ma\u00dfnahmen als Schl\u00fcssel, nicht nur als Verst\u00e4rker, sondern als Filter, der bestimmte Fragen gar nicht erst zur Debatte stellte. Journalismus verwandelte sich an manchen Orten vom Kontrollorgan in einen sekund\u00e4ren Instrumentalisierer staatlicher Kommunikation.<\/p>\n<p>Gleichzeitig nahm die Justiz in Teilen eine aktive Rolle ein, nicht immer aus b\u00f6ser Absicht, oft aus dem Glauben an eine h\u00f6here, egalit\u00e4re Zielsetzung. Richter, die einst H\u00fcter von Rechten und Freiheiten waren, vollzogen in mehreren F\u00e4llen Entscheidungen, die zeitlich befristete Einschr\u00e4nkungen extended, mit dem Argument, hart und entschlossen handeln zu m\u00fcssen, um die Krise zu beenden. So wurde das Recht zu einem Hebel, der Notstandsma\u00dfnahmen routinem\u00e4\u00dfig best\u00e4tigte, statt sie kritisch zu pr\u00fcfen. Diese juristische Koop\u00adtation, ob streng ideologisch oder pragmatisch motiviert, war ein entscheidender Faktor beim \u00dcbergang von tempor\u00e4rer Sondermacht zu dauerhafter Struktur.<\/p>\n<p>Es ist wichtig, hier zu unterscheiden: Anklagen gegen diffuse Akteure, \u00bbWHO, WEF, UN, BlackRock\u00ab und andere, waren selten einfach nachweisbar als verschw\u00f6rerische Einheit. Viel gewichtiger war die Allianz von Interessen: supranationale Institutionen, die nach Koordination riefen; private Kapitalgeber, die Stabilit\u00e4t und Vorhersehbarkeit sch\u00e4tzten; Unternehmen, die von Daten und digitaler Steuerung profitierten; Staaten, die ihre Macht ausdehnen wollten. Diese B\u00fcndelung war weniger eine koordinierte Verschw\u00f6rung als eine Konvergenz situativer Interessen, die in Zeiten der Unsicherheit eine starke Anziehungskraft entwickelte.<\/p>\n<p>Die Sprache tat ihr \u00dcbriges. W\u00e4hrend die einen von \u00bbPlandemie\u00ab sprachen und damit die Theorie eines absichtsvollen Plans suggerierten, gingen die anderen in die entgegengesetzte Richtung und erkl\u00e4rten jede abweichende Meinung reflexhaft zur Desinformation. In dieser Linguistik, in der jede Unsch\u00e4rfe mit moralischer Aufladung versehen wurde, verengte sich der \u00f6ffentliche Raum. Der Diskurs verarmte: Komplexe Fragen wurden zu bin\u00e4ren Alternativen und verloren damit die Nuancen, ohne die eine demokratische Meinungsbildung nicht funktionieren kann.<\/p>\n<p>Was dabei besonders tragisch war: Viele B\u00fcrger empfanden den Verlust an Freiheiten nicht unmittelbar als Verschwinden demokratischer Strukturen, sondern eher als einen notwendigen Verzicht, um gr\u00f6\u00dfere \u00dcbel zu verhindern. Die Sprache der F\u00fcrsorge, Schutz vor Krankheit, vor Chaos, vor wirtschaftlichem Abstieg, wurde zur Legitimation repressiver Ma\u00dfnahmen. Diese Ambivalenz zwischen F\u00fcrsorge und Kontrolle war die seelische Atmosph\u00e4re, in der die Diktatur Wurzeln schlug: Der Mechanismus der Zustimmung lief nicht durch offene Gewalt, sondern durch das Versprechen von Sicherheit.<\/p>\n<p>An dieser Stelle folgt die Frage nach dem Widerstand. Die Erfahrung jener Jahre zeigt: Widerstand tritt am ehesten dort auf, wo unabh\u00e4ngige Informationskan\u00e4le verbleiben. Daher war die sukzessive Schlie\u00dfung ebenjener Kan\u00e4le, durch Regulierung, \u00dcbernahme, finanziellen Druck oder subtile Zensurmechanismen, strategisch entscheidend. In meiner Rekonstruktion spielten nicht nur Gesetze und Algorithmen eine Rolle, sondern das schrittweise Verschwinden der Infrastruktur, die kollektive Kritik \u00fcberhaupt erst m\u00f6glich machte. Wenn der Raum der Meinung immer kleiner wird, schrumpft auch die F\u00e4higkeit einer Gesellschaft, sich gegen Fehlentwicklungen zu formieren.<\/p>\n<p>Warum also gelang der \u00dcbergang zur europ\u00e4ischen, autorit\u00e4ren Form, die wir heute kennen? Die Antwort liegt in der Kombination aus struktureller Offenheit gegen\u00fcber Notstandsinstrumenten, \u00f6konomischer Interessenverflechtung, moralisch aufgeladenen Sprachmustern und der Schw\u00e4chung \u00f6ffentlicher Gegen\u00f6ffentlichkeiten. Ein Staat, der die Macht hat, jeden Akt zu \u00fcberwachen, jede Rede zu h\u00f6ren, jede finanzielle Bewegung zu analysieren, ist nicht automatisch totalit\u00e4r, doch die Tempi, in denen solche Macht eingesetzt wird, bestimmen den Charakter des Regimes. In unserem Fall war es die Normalisierung des Ausnahmezustands: Er wurde zum dauerhaften Modus.<\/p>\n<p>Als Historiker kann ich nicht ohne Ironie hinnehmen, dass jene, die einst f\u00fcr globale Solidarit\u00e4t oder f\u00fcr das Ende der M\u00e4rkte eintraten, durch ihre B\u00fcndnisbereitschaft mit autorit\u00e4ren Mitteln zum Katalysator ihres eigenen Verlusts an demokratischer Kontrolle wurden. Die gro\u00dfen Namen auf den Protokollen, internationale Organisationen, Fonds, Tech-Konzerne, erscheinen heute in der kollektiven Erinnerung wie Beschleunigerprozesse: nicht die alleinigen Lenker, eher die Motoren einer Maschine, die erst in Bewegung geraten musste, damit sie richtig funktioniert.<\/p>\n<p>Dieser Prolog will keinen fertigen Schuldigen pr\u00e4sentieren. Vielmehr m\u00f6chte er die Mechanismen sichtbar machen, die wir sp\u00e4ter identifizierten: Angst als W\u00e4hrung, Recht als Schmiermittel, Marktinteressen als Verst\u00e4rker, und Informationskontrolle als Schl\u00fcsselinstrument. Es ist die Geschichte davon, wie aus der Tr\u00e4gheit demokratischer Institutionen und der Erosion \u00f6ffentlicher Diskurse eine Form von Herrschaft erwuchs, die subtil begann und dann mit r\u00fccksichtsloser Systematik sicherte, was sie eroberte.<\/p>\n<p>Wenn Du weiterliest, wirst Du Zeugenberichte finden, gerichtliche Einsch\u00e4tzungen, Ausz\u00fcge aus Protokollen und fiktionalisierte Rekonstruktionen, Material, das oft widerspr\u00fcchlich ist, aber gerade deshalb aufschlussreich: Widerspr\u00fcche sind die Knotenpunkte historischer Ver\u00e4nderung. Ich bitte Dich, das Gelesene nicht als ein endg\u00fcltiges Urteil, sondern als Einladung zu denken: Wie konnte es soweit kommen? Welche Schritte h\u00e4tten anders verlaufen k\u00f6nnen? Welche Institutionen h\u00e4tten standhafter sein m\u00fcssen? Und nicht zuletzt: Welche Sprache h\u00e4tten wir vermeiden sollen, damit Sorge nicht l\u00e4nger zur Legitimation von Macht wird?<\/p>\n","protected":false},"excerpt":{"rendered":"<p>Prolog eines Historikers, der in seinem Buch, ver\u00f6ffentlicht im Jahr 2075, auf unsere Gegenwart zur\u00fcckblickt. Du h\u00e4ltst dieses Buch in H\u00e4nden, nicht als Anklage, nicht als Lehrst\u00fcck, sondern als Zusammensetzung von Fragmenten, Zeugenaussagen, Protokollen und den widerstreitenden Mythen, die sich &hellip; <a href=\"https:\/\/www.inkultura-online.de\/politisch_unkorrekt\/wie-konnte-das-geschehen\/\">Weiterlesen <span class=\"meta-nav\">&rarr;<\/span><\/a><\/p>\n","protected":false},"author":1,"featured_media":0,"comment_status":"closed","ping_status":"closed","sticky":false,"template":"","format":"standard","meta":{"footnotes":""},"categories":[444,7,30,10],"tags":[1207,626,801],"class_list":["post-3135","post","type-post","status-publish","format-standard","hentry","category-gedanken-zum-tag","category-moderne-zeiten","category-so-siehts-aus","category-systemfehler","tag-ausnahmezustand","tag-eu-diktatur","tag-zensur"],"yoast_head":"<!-- This site is optimized with the Yoast SEO plugin v27.5 - https:\/\/yoast.com\/product\/yoast-seo-wordpress\/ -->\n<title>Wie konnte das geschehen? - Zeitgeist? Frei!<\/title>\n<meta name=\"robots\" content=\"index, follow, max-snippet:-1, max-image-preview:large, max-video-preview:-1\" \/>\n<link rel=\"canonical\" href=\"https:\/\/www.inkultura-online.de\/politisch_unkorrekt\/wie-konnte-das-geschehen\/\" \/>\n<meta property=\"og:locale\" content=\"de_DE\" \/>\n<meta property=\"og:type\" content=\"article\" \/>\n<meta property=\"og:title\" content=\"Wie konnte das geschehen? - Zeitgeist? Frei!\" \/>\n<meta property=\"og:description\" content=\"Prolog eines Historikers, der in seinem Buch, ver\u00f6ffentlicht im Jahr 2075, auf unsere Gegenwart zur\u00fcckblickt. Du h\u00e4ltst dieses Buch in H\u00e4nden, nicht als Anklage, nicht als Lehrst\u00fcck, sondern als Zusammensetzung von Fragmenten, Zeugenaussagen, Protokollen und den widerstreitenden Mythen, die sich &hellip; Weiterlesen &rarr;\" \/>\n<meta property=\"og:url\" content=\"https:\/\/www.inkultura-online.de\/politisch_unkorrekt\/wie-konnte-das-geschehen\/\" \/>\n<meta property=\"og:site_name\" content=\"Zeitgeist? Frei!\" \/>\n<meta property=\"article:published_time\" content=\"2025-10-21T09:47:16+00:00\" \/>\n<meta name=\"author\" content=\"Orator\" \/>\n<meta name=\"twitter:label1\" content=\"Verfasst von\" \/>\n\t<meta name=\"twitter:data1\" content=\"Orator\" \/>\n\t<meta name=\"twitter:label2\" content=\"Gesch\u00e4tzte Lesezeit\" \/>\n\t<meta name=\"twitter:data2\" content=\"7\u00a0Minuten\" \/>\n<script type=\"application\/ld+json\" class=\"yoast-schema-graph\">{\"@context\":\"https:\\\/\\\/schema.org\",\"@graph\":[{\"@type\":\"Article\",\"@id\":\"https:\\\/\\\/www.inkultura-online.de\\\/politisch_unkorrekt\\\/wie-konnte-das-geschehen\\\/#article\",\"isPartOf\":{\"@id\":\"https:\\\/\\\/www.inkultura-online.de\\\/politisch_unkorrekt\\\/wie-konnte-das-geschehen\\\/\"},\"author\":{\"name\":\"Orator\",\"@id\":\"https:\\\/\\\/www.inkultura-online.de\\\/politisch_unkorrekt\\\/#\\\/schema\\\/person\\\/5b30b80e385478896a1de221e1994d86\"},\"headline\":\"Wie konnte das geschehen?\",\"datePublished\":\"2025-10-21T09:47:16+00:00\",\"mainEntityOfPage\":{\"@id\":\"https:\\\/\\\/www.inkultura-online.de\\\/politisch_unkorrekt\\\/wie-konnte-das-geschehen\\\/\"},\"wordCount\":1281,\"publisher\":{\"@id\":\"https:\\\/\\\/www.inkultura-online.de\\\/politisch_unkorrekt\\\/#\\\/schema\\\/person\\\/5b30b80e385478896a1de221e1994d86\"},\"keywords\":[\"Ausnahmezustand\",\"EU-Diktatur\",\"Zensur\"],\"articleSection\":[\"Gedanken zum Tag\",\"Moderne Zeiten\",\"So sieht\u00b4s aus\",\"Systemfehler\"],\"inLanguage\":\"de\"},{\"@type\":\"WebPage\",\"@id\":\"https:\\\/\\\/www.inkultura-online.de\\\/politisch_unkorrekt\\\/wie-konnte-das-geschehen\\\/\",\"url\":\"https:\\\/\\\/www.inkultura-online.de\\\/politisch_unkorrekt\\\/wie-konnte-das-geschehen\\\/\",\"name\":\"Wie konnte das geschehen? - Zeitgeist? Frei!\",\"isPartOf\":{\"@id\":\"https:\\\/\\\/www.inkultura-online.de\\\/politisch_unkorrekt\\\/#website\"},\"datePublished\":\"2025-10-21T09:47:16+00:00\",\"breadcrumb\":{\"@id\":\"https:\\\/\\\/www.inkultura-online.de\\\/politisch_unkorrekt\\\/wie-konnte-das-geschehen\\\/#breadcrumb\"},\"inLanguage\":\"de\",\"potentialAction\":[{\"@type\":\"ReadAction\",\"target\":[\"https:\\\/\\\/www.inkultura-online.de\\\/politisch_unkorrekt\\\/wie-konnte-das-geschehen\\\/\"]}]},{\"@type\":\"BreadcrumbList\",\"@id\":\"https:\\\/\\\/www.inkultura-online.de\\\/politisch_unkorrekt\\\/wie-konnte-das-geschehen\\\/#breadcrumb\",\"itemListElement\":[{\"@type\":\"ListItem\",\"position\":1,\"name\":\"Home\",\"item\":\"https:\\\/\\\/www.inkultura-online.de\\\/politisch_unkorrekt\\\/\"},{\"@type\":\"ListItem\",\"position\":2,\"name\":\"Wie konnte das geschehen?\"}]},{\"@type\":\"WebSite\",\"@id\":\"https:\\\/\\\/www.inkultura-online.de\\\/politisch_unkorrekt\\\/#website\",\"url\":\"https:\\\/\\\/www.inkultura-online.de\\\/politisch_unkorrekt\\\/\",\"name\":\"Zeitgeist? Frei!\",\"description\":\"Was Ihr den Geist der Zeiten hei\u00dft...\",\"publisher\":{\"@id\":\"https:\\\/\\\/www.inkultura-online.de\\\/politisch_unkorrekt\\\/#\\\/schema\\\/person\\\/5b30b80e385478896a1de221e1994d86\"},\"potentialAction\":[{\"@type\":\"SearchAction\",\"target\":{\"@type\":\"EntryPoint\",\"urlTemplate\":\"https:\\\/\\\/www.inkultura-online.de\\\/politisch_unkorrekt\\\/?s={search_term_string}\"},\"query-input\":{\"@type\":\"PropertyValueSpecification\",\"valueRequired\":true,\"valueName\":\"search_term_string\"}}],\"inLanguage\":\"de\"},{\"@type\":[\"Person\",\"Organization\"],\"@id\":\"https:\\\/\\\/www.inkultura-online.de\\\/politisch_unkorrekt\\\/#\\\/schema\\\/person\\\/5b30b80e385478896a1de221e1994d86\",\"name\":\"Orator\",\"image\":{\"@type\":\"ImageObject\",\"inLanguage\":\"de\",\"@id\":\"https:\\\/\\\/secure.gravatar.com\\\/avatar\\\/96e03166d31716e9c437060430eb7605c45a8ce6fb6dab483637ca6915dd0844?s=96&d=mm&r=g\",\"url\":\"https:\\\/\\\/secure.gravatar.com\\\/avatar\\\/96e03166d31716e9c437060430eb7605c45a8ce6fb6dab483637ca6915dd0844?s=96&d=mm&r=g\",\"contentUrl\":\"https:\\\/\\\/secure.gravatar.com\\\/avatar\\\/96e03166d31716e9c437060430eb7605c45a8ce6fb6dab483637ca6915dd0844?s=96&d=mm&r=g\",\"caption\":\"Orator\"},\"logo\":{\"@id\":\"https:\\\/\\\/secure.gravatar.com\\\/avatar\\\/96e03166d31716e9c437060430eb7605c45a8ce6fb6dab483637ca6915dd0844?s=96&d=mm&r=g\"},\"url\":\"https:\\\/\\\/www.inkultura-online.de\\\/politisch_unkorrekt\\\/author\\\/1korrektor21-2\\\/\"}]}<\/script>\n<!-- \/ Yoast SEO plugin. -->","yoast_head_json":{"title":"Wie konnte das geschehen? - Zeitgeist? Frei!","robots":{"index":"index","follow":"follow","max-snippet":"max-snippet:-1","max-image-preview":"max-image-preview:large","max-video-preview":"max-video-preview:-1"},"canonical":"https:\/\/www.inkultura-online.de\/politisch_unkorrekt\/wie-konnte-das-geschehen\/","og_locale":"de_DE","og_type":"article","og_title":"Wie konnte das geschehen? - Zeitgeist? Frei!","og_description":"Prolog eines Historikers, der in seinem Buch, ver\u00f6ffentlicht im Jahr 2075, auf unsere Gegenwart zur\u00fcckblickt. Du h\u00e4ltst dieses Buch in H\u00e4nden, nicht als Anklage, nicht als Lehrst\u00fcck, sondern als Zusammensetzung von Fragmenten, Zeugenaussagen, Protokollen und den widerstreitenden Mythen, die sich &hellip; Weiterlesen &rarr;","og_url":"https:\/\/www.inkultura-online.de\/politisch_unkorrekt\/wie-konnte-das-geschehen\/","og_site_name":"Zeitgeist? Frei!","article_published_time":"2025-10-21T09:47:16+00:00","author":"Orator","twitter_misc":{"Verfasst von":"Orator","Gesch\u00e4tzte Lesezeit":"7\u00a0Minuten"},"schema":{"@context":"https:\/\/schema.org","@graph":[{"@type":"Article","@id":"https:\/\/www.inkultura-online.de\/politisch_unkorrekt\/wie-konnte-das-geschehen\/#article","isPartOf":{"@id":"https:\/\/www.inkultura-online.de\/politisch_unkorrekt\/wie-konnte-das-geschehen\/"},"author":{"name":"Orator","@id":"https:\/\/www.inkultura-online.de\/politisch_unkorrekt\/#\/schema\/person\/5b30b80e385478896a1de221e1994d86"},"headline":"Wie konnte das geschehen?","datePublished":"2025-10-21T09:47:16+00:00","mainEntityOfPage":{"@id":"https:\/\/www.inkultura-online.de\/politisch_unkorrekt\/wie-konnte-das-geschehen\/"},"wordCount":1281,"publisher":{"@id":"https:\/\/www.inkultura-online.de\/politisch_unkorrekt\/#\/schema\/person\/5b30b80e385478896a1de221e1994d86"},"keywords":["Ausnahmezustand","EU-Diktatur","Zensur"],"articleSection":["Gedanken zum Tag","Moderne Zeiten","So sieht\u00b4s aus","Systemfehler"],"inLanguage":"de"},{"@type":"WebPage","@id":"https:\/\/www.inkultura-online.de\/politisch_unkorrekt\/wie-konnte-das-geschehen\/","url":"https:\/\/www.inkultura-online.de\/politisch_unkorrekt\/wie-konnte-das-geschehen\/","name":"Wie konnte das geschehen? - Zeitgeist? Frei!","isPartOf":{"@id":"https:\/\/www.inkultura-online.de\/politisch_unkorrekt\/#website"},"datePublished":"2025-10-21T09:47:16+00:00","breadcrumb":{"@id":"https:\/\/www.inkultura-online.de\/politisch_unkorrekt\/wie-konnte-das-geschehen\/#breadcrumb"},"inLanguage":"de","potentialAction":[{"@type":"ReadAction","target":["https:\/\/www.inkultura-online.de\/politisch_unkorrekt\/wie-konnte-das-geschehen\/"]}]},{"@type":"BreadcrumbList","@id":"https:\/\/www.inkultura-online.de\/politisch_unkorrekt\/wie-konnte-das-geschehen\/#breadcrumb","itemListElement":[{"@type":"ListItem","position":1,"name":"Home","item":"https:\/\/www.inkultura-online.de\/politisch_unkorrekt\/"},{"@type":"ListItem","position":2,"name":"Wie konnte das geschehen?"}]},{"@type":"WebSite","@id":"https:\/\/www.inkultura-online.de\/politisch_unkorrekt\/#website","url":"https:\/\/www.inkultura-online.de\/politisch_unkorrekt\/","name":"Zeitgeist? Frei!","description":"Was Ihr den Geist der Zeiten hei\u00dft...","publisher":{"@id":"https:\/\/www.inkultura-online.de\/politisch_unkorrekt\/#\/schema\/person\/5b30b80e385478896a1de221e1994d86"},"potentialAction":[{"@type":"SearchAction","target":{"@type":"EntryPoint","urlTemplate":"https:\/\/www.inkultura-online.de\/politisch_unkorrekt\/?s={search_term_string}"},"query-input":{"@type":"PropertyValueSpecification","valueRequired":true,"valueName":"search_term_string"}}],"inLanguage":"de"},{"@type":["Person","Organization"],"@id":"https:\/\/www.inkultura-online.de\/politisch_unkorrekt\/#\/schema\/person\/5b30b80e385478896a1de221e1994d86","name":"Orator","image":{"@type":"ImageObject","inLanguage":"de","@id":"https:\/\/secure.gravatar.com\/avatar\/96e03166d31716e9c437060430eb7605c45a8ce6fb6dab483637ca6915dd0844?s=96&d=mm&r=g","url":"https:\/\/secure.gravatar.com\/avatar\/96e03166d31716e9c437060430eb7605c45a8ce6fb6dab483637ca6915dd0844?s=96&d=mm&r=g","contentUrl":"https:\/\/secure.gravatar.com\/avatar\/96e03166d31716e9c437060430eb7605c45a8ce6fb6dab483637ca6915dd0844?s=96&d=mm&r=g","caption":"Orator"},"logo":{"@id":"https:\/\/secure.gravatar.com\/avatar\/96e03166d31716e9c437060430eb7605c45a8ce6fb6dab483637ca6915dd0844?s=96&d=mm&r=g"},"url":"https:\/\/www.inkultura-online.de\/politisch_unkorrekt\/author\/1korrektor21-2\/"}]}},"_links":{"self":[{"href":"https:\/\/www.inkultura-online.de\/politisch_unkorrekt\/wp-json\/wp\/v2\/posts\/3135","targetHints":{"allow":["GET"]}}],"collection":[{"href":"https:\/\/www.inkultura-online.de\/politisch_unkorrekt\/wp-json\/wp\/v2\/posts"}],"about":[{"href":"https:\/\/www.inkultura-online.de\/politisch_unkorrekt\/wp-json\/wp\/v2\/types\/post"}],"author":[{"embeddable":true,"href":"https:\/\/www.inkultura-online.de\/politisch_unkorrekt\/wp-json\/wp\/v2\/users\/1"}],"replies":[{"embeddable":true,"href":"https:\/\/www.inkultura-online.de\/politisch_unkorrekt\/wp-json\/wp\/v2\/comments?post=3135"}],"version-history":[{"count":1,"href":"https:\/\/www.inkultura-online.de\/politisch_unkorrekt\/wp-json\/wp\/v2\/posts\/3135\/revisions"}],"predecessor-version":[{"id":3136,"href":"https:\/\/www.inkultura-online.de\/politisch_unkorrekt\/wp-json\/wp\/v2\/posts\/3135\/revisions\/3136"}],"wp:attachment":[{"href":"https:\/\/www.inkultura-online.de\/politisch_unkorrekt\/wp-json\/wp\/v2\/media?parent=3135"}],"wp:term":[{"taxonomy":"category","embeddable":true,"href":"https:\/\/www.inkultura-online.de\/politisch_unkorrekt\/wp-json\/wp\/v2\/categories?post=3135"},{"taxonomy":"post_tag","embeddable":true,"href":"https:\/\/www.inkultura-online.de\/politisch_unkorrekt\/wp-json\/wp\/v2\/tags?post=3135"}],"curies":[{"name":"wp","href":"https:\/\/api.w.org\/{rel}","templated":true}]}}