{"id":3140,"date":"2025-10-27T13:23:56","date_gmt":"2025-10-27T11:23:56","guid":{"rendered":"https:\/\/www.inkultura-online.de\/politisch_unkorrekt\/?p=3140"},"modified":"2025-10-27T13:23:56","modified_gmt":"2025-10-27T11:23:56","slug":"infantil-statt-erwachsen","status":"publish","type":"post","link":"https:\/\/www.inkultura-online.de\/politisch_unkorrekt\/infantil-statt-erwachsen\/","title":{"rendered":"Infantil statt erwachsen"},"content":{"rendered":"<h3 class=\"western\">\u201eDie Welt muss sich gef\u00e4lligst mir anpassen\u201f<\/h3>\n<p>Es gibt S\u00e4tze, die man eigentlich nur aus dem Mund eines Dreij\u00e4hrigen erwarten w\u00fcrde, mit klebriger Schokolade um den Mund und trotzig verschr\u00e4nkten Armen. <i>\u201e<\/i><i>I<\/i><i>ch muss mich <\/i><i>nicht<\/i><i> der Welt anpassen, sondern die Welt sich an mich.\u201c<\/i> In der Wiege der Selbsterm\u00e4chtigung klingt das noch niedlich. Doch wehe, wenn der Trotzkopf erwachsen wird und ein Smartphone bekommt. Dann wird aus dem kindlichen Trotz eine Weltanschauung, aus der Lutschpastille ein Manifest.<\/p>\n<p>Heute ist dieser Satz die heimliche Pr\u00e4ambel s\u00e4mtlicher westlicher Gesellschaftsvertr\u00e4ge. Er steht unsichtbar in den AGBs der Zivilisation. Man kann ihn \u00fcberall beobachten, auf der Stra\u00dfe, im B\u00fcro, in Talkshows, in der Politik. Es ist das Lebensmotto einer Spezies, die sich von der Evolution emanzipiert hat und nun glaubt, sie k\u00f6nne sich auch von der Realit\u00e4t scheiden lassen.<!--more--><\/p>\n<h4 class=\"western\">Die Welt als Serviceleistung<\/h4>\n<p>Die Erwachsenen von heute sind keine Menschen mehr, sie sind Kunden, und zwar schlechte. Sie wollen alles, sofort, und mit R\u00fcckgaberecht. Die Welt ist ihnen ein Lieferant, der ununterbrochen liefern soll: Sinn, Anerkennung, Unterhaltung, Emp\u00f6rung. Kommt das Paket der Existenz zu sp\u00e4t, wird reklamiert.<\/p>\n<p>Der moderne Mensch betrachtet die Welt wie einen Streamingdienst, in dem jede Unannehmlichkeit ein technischer Fehler ist. Das Wetter? Klimaversagen. Der Nachbar? Grenzverletzung. Das Alter? Biologischer Angriff. Der Tod? Strukturelle Ungerechtigkeit. Und Gott, falls noch vorhanden, ist selbstverst\u00e4ndlich verpflichtet, eine Stellungnahme abzugeben.<\/p>\n<p>Diese Haltung ist nicht blo\u00df Infantilit\u00e4t, sie ist institutionalisierte Infantilit\u00e4t. Die moderne Gesellschaft ist eine Art verl\u00e4ngerte Kita, in der jeder seine Befindlichkeit wie eine Bastelarbeit vor sich hertr\u00e4gt und glaubt, er habe Anspruch auf Applaus.<\/p>\n<h4 class=\"western\"><span style=\"font-family: Liberation Sans, sans-serif;\">Die P\u00e4dagogisierung des Weltgeschehens<\/span><\/h4>\n<p>Die ach so M\u00fcndigen glauben heute, die Welt m\u00fcsse sie \u201eabholen\u201c. Kein Gedanke daran, selbst irgendwo hinzugehen. Universit\u00e4ten, Medien, Unternehmen, sie alle sollen \u201eniedrigschwellig\u201c werden, weil der B\u00fcrger sich weigert, auf eine Leiter zu steigen. Bildung soll \u201eSpa\u00df machen\u201c, Politik soll \u201eemotionalisieren\u201c, Wissenschaft soll \u201everst\u00e4ndlich\u201c sein, und Kunst soll \u201enicht provozieren\u201c.<\/p>\n<p>Das Erwachsensein, fr\u00fcher eine Zumutung, ist heute eine Zumutung zu viel. Die Welt soll R\u00fccksicht nehmen, auf Empfindlichkeiten, auf Mikrotraumen, auf das \u201eindividuelle Erleben\u201c. Wer nicht mitspielt, ist toxisch.<\/p>\n<p>Fr\u00fcher hie\u00df es: \u201eRei\u00df dich zusammen.\u201c Heute: \u201eRei\u00df dich auf, und sch\u00fctte dein Innenleben in die \u00d6ffentlichkeit.\u201c Jeder Trotzanfall wird zur Selbsterfahrung, jedes Unbehagen zur Diskriminierung.<\/p>\n<h4 class=\"western\"><span style=\"font-family: Liberation Sans, sans-serif;\">Die Politik des Ichs<\/span><\/h4>\n<p>In dieser allgemeinen Infantilisierung feiert eine Ideologie Triumphe, die sich als moralischer Fortschritt tarnt: die Identit\u00e4tspolitik. Sie hat das \u201eIch\u201c zur h\u00f6chsten Instanz erhoben und das \u201eWir\u201c entm\u00fcndigt.<\/p>\n<p>Was einst als Versuch begann, berechtigte Erfahrungen von Ausgrenzung sichtbar zu machen, ist l\u00e4ngst zur Religion des Selbst geworden. Das Ich wird nicht mehr als Teil eines Ganzen verstanden, sondern als verletztes Heiligtum, dem alle anderen zu dienen haben.<\/p>\n<p>Die Identit\u00e4tspolitik ist die politisierte Form des kindlichen Satzes: \u201eIch will aber so sein!\u201c, nur mit wissenschaftlicher Terminologie und Hashtag. Jede Gruppe beansprucht ihre eigene Realit\u00e4t, ihre eigene Sprache, ihre eigenen Tabus, und alle zusammen bilden sie kein Gemeinwesen mehr, sondern eine moralische Kleinstaaterei.<\/p>\n<p>Das Gemeinsame, das fr\u00fcher Gesellschaft hie\u00df, wird zersetzt durch das Dauerrecht auf Besonderheit. Solidarit\u00e4t ist pass\u00e9, Empfindlichkeit regiert. Und wer versucht, den Satz \u201eWir\u201c zu sagen, wird verd\u00e4chtigt, die Einzigartigkeit der anderen zu verletzen.<\/p>\n<p>So zerst\u00f6rt die Identit\u00e4tspolitik, was sie vorgibt zu verteidigen: den Menschen als soziales Wesen. Aus dem B\u00fcrger wird der Betroffene, aus der Gemeinschaft ein Tribunal. Der \u00f6ffentliche Diskurs gleicht einer Spielwiese voller Einzelbefindlichkeiten, die alle gleichzeitig schreien: \u201eIch zuerst!\u201c, und keiner merkt, dass der Sandkasten leer wird.<\/p>\n<h4 class=\"western\"><span style=\"font-family: Liberation Sans, sans-serif;\">Vom Fortschritt zum Forstschritt<\/span><\/h4>\n<p>Man k\u00f6nnte diese Entwicklung als harmlosen Spleen einer saturierten Gesellschaft abtun, wenn sie nicht gef\u00e4hrlich w\u00e4re. Denn die Infantilisierung ist inzwischen zur Staatsdoktrin geworden. Ganze Regierungen verhalten sich, als h\u00e4tten sie in der Kita die Verantwortung f\u00fcr den Planeten \u00fcbernommen. Sie malen Weltrettung mit Wachsmalstiften, kleben sich an den Asphalt und nennen es Verantwortung.<\/p>\n<p>Das ist nicht Idealismus, das ist magisches Denken: Wenn ich die Welt nur lange genug anschreie, wird sie sich ver\u00e4ndern. Wenn ich laut genug \u201eGerechtigkeit!\u201c rufe, werden die Gesetze der Physik weich.<\/p>\n<p>Die Idee, dass man sich der Welt anpassen muss, also ihrer H\u00e4rte, Komplexit\u00e4t, Grausamkeit, gilt als reaktion\u00e4r. Die neue Tugend ist die Forderung, dass die Welt sich gef\u00e4lligst anschmiegt, wie ein algorithmischer Schmusekater, der die Timeline nach Stimmung kuratiert.<\/p>\n<h4 class=\"western\"><span style=\"font-family: Liberation Sans, sans-serif;\">Das Ich als sakrosankter Ma\u00dfstab<\/span><\/h4>\n<p>Fr\u00fcher war das Ich ein philosophisches R\u00e4tsel, heute ist es eine Marke. Man investiert in Authentizit\u00e4t wie in Aktien. Und wehe, jemand bezweifelt den Wert! Die ganze Gesellschaft hat sich in einen Spiegelraum verwandelt, in dem jeder nur noch sich selbst betrachtet und dabei ruft: \u201eSeht, wie echt ich bin!\u201c<\/p>\n<p>Diese narzisstische Massenbewegung hat nichts Heroisches. Sie ist, in ihrem Kern, zutiefst regressiv. Die Welt soll mich verstehen, best\u00e4tigen, spiegeln, tr\u00f6sten. Und wenn sie es nicht tut, ist sie feindlich.<\/p>\n<p>Man hat das Gef\u00fchl, die Zivilisation befinde sich in einer kollektiven Trotzphase. Der Unterschied: Damals im Kinderzimmer wurde der Wille noch durch elterliche Autorit\u00e4t gebrochen. Heute ist keine Autorit\u00e4t mehr da, au\u00dfer dem Algorithmus, der uns z\u00e4rtlich einfl\u00fcstert: \u201eDu hast recht, die Welt liegt falsch.\u201c<\/p>\n<h4 class=\"western\"><span style=\"font-family: Liberation Sans, sans-serif;\">Therapie als Staatsform<\/span><\/h4>\n<p>Die Infantilit\u00e4t zeigt sich besonders in der Sprache. \u00dcberall \u201eTrigger\u201c, \u201eSafe Spaces\u201c, \u201etoxisch\u201c, \u201everletzend\u201c. Das Vokabular der Psychotherapie ist zur Amtssprache geworden. Nicht mehr die Polis steht im Zentrum, sondern das Befinden des B\u00fcrgers.<\/p>\n<p>Die Demokratie, einst eine Arena des Konflikts, wird zur Gruppentherapie. Politik ist keine Auseinandersetzung mehr, sondern eine gemeinsame Selbstheilung. Die Frage lautet nicht mehr: \u201eWas ist wahr?\u201c, sondern: \u201eWie f\u00fchlst du dich dabei?\u201c<\/p>\n<p>Manchmal m\u00f6chte man den ganzen Apparat sch\u00fctteln und rufen: \u201eDu bist nicht verletzt, du bist nur anderer Meinung!\u201c, Aber selbst das w\u00e4re ein \u00dcbergriff, ein \u201eemotionaler Missbrauch\u201c. Also schweigt man, l\u00e4chelt und reicht Taschent\u00fccher.<\/p>\n<h4 class=\"western\"><span style=\"font-family: Liberation Sans, sans-serif;\">Der Ernst des Lebens als Kr\u00e4nkung<\/span><\/h4>\n<p>Der infantile Erwachsene ertr\u00e4gt keine Widrigkeit. Jede Konfrontation mit der Realit\u00e4t wird als Kr\u00e4nkung empfunden. Man k\u00f6nnte fast sagen, dass die Gegenwart eine Kr\u00e4nkungskultur ist: Sie lebt davon, dass man sich verletzt f\u00fchlt.<\/p>\n<p>Man will das Schwere nicht mehr. Arbeit, Verantwortung, Konsequenzen, das alles gilt als Relikt einer autorit\u00e4ren Vergangenheit. Stattdessen: Selbstverwirklichung, Achtsamkeit, Yoga auf der Dachterrasse.<\/p>\n<p>Der Ernst des Lebens, einst eine Lehrmeisterin, ist heute eine Zumutung, die man mit Coaching wegatmet.<\/p>\n<h4 class=\"western\"><span style=\"font-family: Liberation Sans, sans-serif;\">Die Rebellion der Watteb\u00e4usche<\/span><\/h4>\n<p>Es ist eine merkw\u00fcrdige Ironie: Die Generation, die keine Grenzen akzeptiert, verlangt \u00fcberall Schutzr\u00e4ume. Die, die keine Autorit\u00e4t duldet, ruft nach Verboten. Die, die Freiheit predigt, kann keine Meinungsverschiedenheit aushalten.<\/p>\n<p>So rebelliert man heute nicht mehr gegen die Ordnung, sondern gegen die Zumutung, dass \u00fcberhaupt eine existiert. Das Resultat ist eine Gesellschaft der weichen Fronten, die sich selbst zensiert, um niemandem weh zu tun, nicht einmal der Wahrheit.<\/p>\n<p>Der kindliche Satz \u201eIch will das aber so!\u201c ist zum moralischen Imperativ geworden. Und niemand wagt zu widersprechen, aus Angst, ein \u201eUnmensch\u201c zu sein.<\/p>\n<h4 class=\"western\"><span style=\"font-family: Liberation Sans, sans-serif;\">Schluss mit dem Kindergarten<\/span><\/h4>\n<p>Die Welt hat sich nicht anzupassen. Sie ist, wie sie ist: widerspr\u00fcchlich, unberechenbar, unerziehbar. Wer das nicht ertr\u00e4gt, wird nie erwachsen. Erwachsensein hei\u00dft nicht, die Welt zu ver\u00e4ndern, bis sie mich liebt, sondern zu begreifen, dass sie es nicht muss.<\/p>\n<p>Vielleicht w\u00e4re das die eigentliche Rebellion in unserer Zeit: den Spiegel wegzulegen, aufzuh\u00f6ren zu f\u00fchlen, und stattdessen wieder zu denken. Denn wenn eine Gesellschaft glaubt, die Welt m\u00fcsse sich ihr anpassen, ist sie verloren. Sie hat vergessen, dass sie selbst Teil dieser Welt ist, und dass die Welt kein Kindergarten ist, sondern eine Schule.<\/p>\n<p>Und wer die Schule des Lebens schw\u00e4nzt, wird am Ende von der Realit\u00e4t nachsitzen m\u00fcssen.<\/p>\n","protected":false},"excerpt":{"rendered":"<p>\u201eDie Welt muss sich gef\u00e4lligst mir anpassen\u201f Es gibt S\u00e4tze, die man eigentlich nur aus dem Mund eines Dreij\u00e4hrigen erwarten w\u00fcrde, mit klebriger Schokolade um den Mund und trotzig verschr\u00e4nkten Armen. \u201eIch muss mich nicht der Welt anpassen, sondern die &hellip; <a href=\"https:\/\/www.inkultura-online.de\/politisch_unkorrekt\/infantil-statt-erwachsen\/\">Weiterlesen <span class=\"meta-nav\">&rarr;<\/span><\/a><\/p>\n","protected":false},"author":1,"featured_media":0,"comment_status":"closed","ping_status":"closed","sticky":false,"template":"","format":"standard","meta":{"footnotes":""},"categories":[444,5,6,7,8,10],"tags":[1974,1976,1972,1973,1975,1621],"class_list":["post-3140","post","type-post","status-publish","format-standard","hentry","category-gedanken-zum-tag","category-meinungen-und-sprueche","category-menschen-untereinander","category-moderne-zeiten","category-schlimme-woerter","category-systemfehler","tag-erwachsen","tag-generation-schneeflocke","tag-infantil","tag-muendig","tag-safe-space","tag-woke"],"yoast_head":"<!-- This site is optimized with the Yoast SEO plugin v27.5 - https:\/\/yoast.com\/product\/yoast-seo-wordpress\/ -->\n<title>Infantil statt erwachsen - Zeitgeist? Frei!<\/title>\n<meta name=\"robots\" content=\"index, follow, max-snippet:-1, max-image-preview:large, max-video-preview:-1\" \/>\n<link rel=\"canonical\" href=\"https:\/\/www.inkultura-online.de\/politisch_unkorrekt\/infantil-statt-erwachsen\/\" \/>\n<meta property=\"og:locale\" content=\"de_DE\" \/>\n<meta property=\"og:type\" content=\"article\" \/>\n<meta property=\"og:title\" content=\"Infantil statt erwachsen - Zeitgeist? Frei!\" \/>\n<meta property=\"og:description\" content=\"\u201eDie Welt muss sich gef\u00e4lligst mir anpassen\u201f Es gibt S\u00e4tze, die man eigentlich nur aus dem Mund eines Dreij\u00e4hrigen erwarten w\u00fcrde, mit klebriger Schokolade um den Mund und trotzig verschr\u00e4nkten Armen. \u201eIch muss mich nicht der Welt anpassen, sondern die &hellip; Weiterlesen &rarr;\" \/>\n<meta property=\"og:url\" content=\"https:\/\/www.inkultura-online.de\/politisch_unkorrekt\/infantil-statt-erwachsen\/\" \/>\n<meta property=\"og:site_name\" content=\"Zeitgeist? Frei!\" \/>\n<meta property=\"article:published_time\" content=\"2025-10-27T11:23:56+00:00\" \/>\n<meta name=\"author\" content=\"Orator\" \/>\n<meta name=\"twitter:label1\" content=\"Verfasst von\" \/>\n\t<meta name=\"twitter:data1\" content=\"Orator\" \/>\n\t<meta name=\"twitter:label2\" content=\"Gesch\u00e4tzte Lesezeit\" \/>\n\t<meta name=\"twitter:data2\" content=\"7\u00a0Minuten\" \/>\n<script type=\"application\/ld+json\" class=\"yoast-schema-graph\">{\"@context\":\"https:\\\/\\\/schema.org\",\"@graph\":[{\"@type\":\"Article\",\"@id\":\"https:\\\/\\\/www.inkultura-online.de\\\/politisch_unkorrekt\\\/infantil-statt-erwachsen\\\/#article\",\"isPartOf\":{\"@id\":\"https:\\\/\\\/www.inkultura-online.de\\\/politisch_unkorrekt\\\/infantil-statt-erwachsen\\\/\"},\"author\":{\"name\":\"Orator\",\"@id\":\"https:\\\/\\\/www.inkultura-online.de\\\/politisch_unkorrekt\\\/#\\\/schema\\\/person\\\/5b30b80e385478896a1de221e1994d86\"},\"headline\":\"Infantil statt erwachsen\",\"datePublished\":\"2025-10-27T11:23:56+00:00\",\"mainEntityOfPage\":{\"@id\":\"https:\\\/\\\/www.inkultura-online.de\\\/politisch_unkorrekt\\\/infantil-statt-erwachsen\\\/\"},\"wordCount\":1318,\"publisher\":{\"@id\":\"https:\\\/\\\/www.inkultura-online.de\\\/politisch_unkorrekt\\\/#\\\/schema\\\/person\\\/5b30b80e385478896a1de221e1994d86\"},\"keywords\":[\"Erwachsen\",\"Generation Schneeflocke\",\"Infantil\",\"M\u00fcndig\",\"Safe Space\",\"woke\"],\"articleSection\":[\"Gedanken zum Tag\",\"Meinungen und Spr\u00fcche\",\"Menschen untereinander\",\"Moderne Zeiten\",\"Schlimme W\u00f6rter\",\"Systemfehler\"],\"inLanguage\":\"de\"},{\"@type\":\"WebPage\",\"@id\":\"https:\\\/\\\/www.inkultura-online.de\\\/politisch_unkorrekt\\\/infantil-statt-erwachsen\\\/\",\"url\":\"https:\\\/\\\/www.inkultura-online.de\\\/politisch_unkorrekt\\\/infantil-statt-erwachsen\\\/\",\"name\":\"Infantil statt erwachsen - Zeitgeist? Frei!\",\"isPartOf\":{\"@id\":\"https:\\\/\\\/www.inkultura-online.de\\\/politisch_unkorrekt\\\/#website\"},\"datePublished\":\"2025-10-27T11:23:56+00:00\",\"breadcrumb\":{\"@id\":\"https:\\\/\\\/www.inkultura-online.de\\\/politisch_unkorrekt\\\/infantil-statt-erwachsen\\\/#breadcrumb\"},\"inLanguage\":\"de\",\"potentialAction\":[{\"@type\":\"ReadAction\",\"target\":[\"https:\\\/\\\/www.inkultura-online.de\\\/politisch_unkorrekt\\\/infantil-statt-erwachsen\\\/\"]}]},{\"@type\":\"BreadcrumbList\",\"@id\":\"https:\\\/\\\/www.inkultura-online.de\\\/politisch_unkorrekt\\\/infantil-statt-erwachsen\\\/#breadcrumb\",\"itemListElement\":[{\"@type\":\"ListItem\",\"position\":1,\"name\":\"Home\",\"item\":\"https:\\\/\\\/www.inkultura-online.de\\\/politisch_unkorrekt\\\/\"},{\"@type\":\"ListItem\",\"position\":2,\"name\":\"Infantil statt erwachsen\"}]},{\"@type\":\"WebSite\",\"@id\":\"https:\\\/\\\/www.inkultura-online.de\\\/politisch_unkorrekt\\\/#website\",\"url\":\"https:\\\/\\\/www.inkultura-online.de\\\/politisch_unkorrekt\\\/\",\"name\":\"Zeitgeist? Frei!\",\"description\":\"Was Ihr den Geist der Zeiten hei\u00dft...\",\"publisher\":{\"@id\":\"https:\\\/\\\/www.inkultura-online.de\\\/politisch_unkorrekt\\\/#\\\/schema\\\/person\\\/5b30b80e385478896a1de221e1994d86\"},\"potentialAction\":[{\"@type\":\"SearchAction\",\"target\":{\"@type\":\"EntryPoint\",\"urlTemplate\":\"https:\\\/\\\/www.inkultura-online.de\\\/politisch_unkorrekt\\\/?s={search_term_string}\"},\"query-input\":{\"@type\":\"PropertyValueSpecification\",\"valueRequired\":true,\"valueName\":\"search_term_string\"}}],\"inLanguage\":\"de\"},{\"@type\":[\"Person\",\"Organization\"],\"@id\":\"https:\\\/\\\/www.inkultura-online.de\\\/politisch_unkorrekt\\\/#\\\/schema\\\/person\\\/5b30b80e385478896a1de221e1994d86\",\"name\":\"Orator\",\"image\":{\"@type\":\"ImageObject\",\"inLanguage\":\"de\",\"@id\":\"https:\\\/\\\/secure.gravatar.com\\\/avatar\\\/96e03166d31716e9c437060430eb7605c45a8ce6fb6dab483637ca6915dd0844?s=96&d=mm&r=g\",\"url\":\"https:\\\/\\\/secure.gravatar.com\\\/avatar\\\/96e03166d31716e9c437060430eb7605c45a8ce6fb6dab483637ca6915dd0844?s=96&d=mm&r=g\",\"contentUrl\":\"https:\\\/\\\/secure.gravatar.com\\\/avatar\\\/96e03166d31716e9c437060430eb7605c45a8ce6fb6dab483637ca6915dd0844?s=96&d=mm&r=g\",\"caption\":\"Orator\"},\"logo\":{\"@id\":\"https:\\\/\\\/secure.gravatar.com\\\/avatar\\\/96e03166d31716e9c437060430eb7605c45a8ce6fb6dab483637ca6915dd0844?s=96&d=mm&r=g\"},\"url\":\"https:\\\/\\\/www.inkultura-online.de\\\/politisch_unkorrekt\\\/author\\\/1korrektor21-2\\\/\"}]}<\/script>\n<!-- \/ Yoast SEO plugin. -->","yoast_head_json":{"title":"Infantil statt erwachsen - Zeitgeist? Frei!","robots":{"index":"index","follow":"follow","max-snippet":"max-snippet:-1","max-image-preview":"max-image-preview:large","max-video-preview":"max-video-preview:-1"},"canonical":"https:\/\/www.inkultura-online.de\/politisch_unkorrekt\/infantil-statt-erwachsen\/","og_locale":"de_DE","og_type":"article","og_title":"Infantil statt erwachsen - Zeitgeist? Frei!","og_description":"\u201eDie Welt muss sich gef\u00e4lligst mir anpassen\u201f Es gibt S\u00e4tze, die man eigentlich nur aus dem Mund eines Dreij\u00e4hrigen erwarten w\u00fcrde, mit klebriger Schokolade um den Mund und trotzig verschr\u00e4nkten Armen. \u201eIch muss mich nicht der Welt anpassen, sondern die &hellip; Weiterlesen &rarr;","og_url":"https:\/\/www.inkultura-online.de\/politisch_unkorrekt\/infantil-statt-erwachsen\/","og_site_name":"Zeitgeist? Frei!","article_published_time":"2025-10-27T11:23:56+00:00","author":"Orator","twitter_misc":{"Verfasst von":"Orator","Gesch\u00e4tzte Lesezeit":"7\u00a0Minuten"},"schema":{"@context":"https:\/\/schema.org","@graph":[{"@type":"Article","@id":"https:\/\/www.inkultura-online.de\/politisch_unkorrekt\/infantil-statt-erwachsen\/#article","isPartOf":{"@id":"https:\/\/www.inkultura-online.de\/politisch_unkorrekt\/infantil-statt-erwachsen\/"},"author":{"name":"Orator","@id":"https:\/\/www.inkultura-online.de\/politisch_unkorrekt\/#\/schema\/person\/5b30b80e385478896a1de221e1994d86"},"headline":"Infantil statt erwachsen","datePublished":"2025-10-27T11:23:56+00:00","mainEntityOfPage":{"@id":"https:\/\/www.inkultura-online.de\/politisch_unkorrekt\/infantil-statt-erwachsen\/"},"wordCount":1318,"publisher":{"@id":"https:\/\/www.inkultura-online.de\/politisch_unkorrekt\/#\/schema\/person\/5b30b80e385478896a1de221e1994d86"},"keywords":["Erwachsen","Generation Schneeflocke","Infantil","M\u00fcndig","Safe Space","woke"],"articleSection":["Gedanken zum Tag","Meinungen und Spr\u00fcche","Menschen untereinander","Moderne Zeiten","Schlimme W\u00f6rter","Systemfehler"],"inLanguage":"de"},{"@type":"WebPage","@id":"https:\/\/www.inkultura-online.de\/politisch_unkorrekt\/infantil-statt-erwachsen\/","url":"https:\/\/www.inkultura-online.de\/politisch_unkorrekt\/infantil-statt-erwachsen\/","name":"Infantil statt erwachsen - Zeitgeist? Frei!","isPartOf":{"@id":"https:\/\/www.inkultura-online.de\/politisch_unkorrekt\/#website"},"datePublished":"2025-10-27T11:23:56+00:00","breadcrumb":{"@id":"https:\/\/www.inkultura-online.de\/politisch_unkorrekt\/infantil-statt-erwachsen\/#breadcrumb"},"inLanguage":"de","potentialAction":[{"@type":"ReadAction","target":["https:\/\/www.inkultura-online.de\/politisch_unkorrekt\/infantil-statt-erwachsen\/"]}]},{"@type":"BreadcrumbList","@id":"https:\/\/www.inkultura-online.de\/politisch_unkorrekt\/infantil-statt-erwachsen\/#breadcrumb","itemListElement":[{"@type":"ListItem","position":1,"name":"Home","item":"https:\/\/www.inkultura-online.de\/politisch_unkorrekt\/"},{"@type":"ListItem","position":2,"name":"Infantil statt erwachsen"}]},{"@type":"WebSite","@id":"https:\/\/www.inkultura-online.de\/politisch_unkorrekt\/#website","url":"https:\/\/www.inkultura-online.de\/politisch_unkorrekt\/","name":"Zeitgeist? Frei!","description":"Was Ihr den Geist der Zeiten hei\u00dft...","publisher":{"@id":"https:\/\/www.inkultura-online.de\/politisch_unkorrekt\/#\/schema\/person\/5b30b80e385478896a1de221e1994d86"},"potentialAction":[{"@type":"SearchAction","target":{"@type":"EntryPoint","urlTemplate":"https:\/\/www.inkultura-online.de\/politisch_unkorrekt\/?s={search_term_string}"},"query-input":{"@type":"PropertyValueSpecification","valueRequired":true,"valueName":"search_term_string"}}],"inLanguage":"de"},{"@type":["Person","Organization"],"@id":"https:\/\/www.inkultura-online.de\/politisch_unkorrekt\/#\/schema\/person\/5b30b80e385478896a1de221e1994d86","name":"Orator","image":{"@type":"ImageObject","inLanguage":"de","@id":"https:\/\/secure.gravatar.com\/avatar\/96e03166d31716e9c437060430eb7605c45a8ce6fb6dab483637ca6915dd0844?s=96&d=mm&r=g","url":"https:\/\/secure.gravatar.com\/avatar\/96e03166d31716e9c437060430eb7605c45a8ce6fb6dab483637ca6915dd0844?s=96&d=mm&r=g","contentUrl":"https:\/\/secure.gravatar.com\/avatar\/96e03166d31716e9c437060430eb7605c45a8ce6fb6dab483637ca6915dd0844?s=96&d=mm&r=g","caption":"Orator"},"logo":{"@id":"https:\/\/secure.gravatar.com\/avatar\/96e03166d31716e9c437060430eb7605c45a8ce6fb6dab483637ca6915dd0844?s=96&d=mm&r=g"},"url":"https:\/\/www.inkultura-online.de\/politisch_unkorrekt\/author\/1korrektor21-2\/"}]}},"_links":{"self":[{"href":"https:\/\/www.inkultura-online.de\/politisch_unkorrekt\/wp-json\/wp\/v2\/posts\/3140","targetHints":{"allow":["GET"]}}],"collection":[{"href":"https:\/\/www.inkultura-online.de\/politisch_unkorrekt\/wp-json\/wp\/v2\/posts"}],"about":[{"href":"https:\/\/www.inkultura-online.de\/politisch_unkorrekt\/wp-json\/wp\/v2\/types\/post"}],"author":[{"embeddable":true,"href":"https:\/\/www.inkultura-online.de\/politisch_unkorrekt\/wp-json\/wp\/v2\/users\/1"}],"replies":[{"embeddable":true,"href":"https:\/\/www.inkultura-online.de\/politisch_unkorrekt\/wp-json\/wp\/v2\/comments?post=3140"}],"version-history":[{"count":1,"href":"https:\/\/www.inkultura-online.de\/politisch_unkorrekt\/wp-json\/wp\/v2\/posts\/3140\/revisions"}],"predecessor-version":[{"id":3141,"href":"https:\/\/www.inkultura-online.de\/politisch_unkorrekt\/wp-json\/wp\/v2\/posts\/3140\/revisions\/3141"}],"wp:attachment":[{"href":"https:\/\/www.inkultura-online.de\/politisch_unkorrekt\/wp-json\/wp\/v2\/media?parent=3140"}],"wp:term":[{"taxonomy":"category","embeddable":true,"href":"https:\/\/www.inkultura-online.de\/politisch_unkorrekt\/wp-json\/wp\/v2\/categories?post=3140"},{"taxonomy":"post_tag","embeddable":true,"href":"https:\/\/www.inkultura-online.de\/politisch_unkorrekt\/wp-json\/wp\/v2\/tags?post=3140"}],"curies":[{"name":"wp","href":"https:\/\/api.w.org\/{rel}","templated":true}]}}