{"id":3175,"date":"2025-11-19T16:35:33","date_gmt":"2025-11-19T14:35:33","guid":{"rendered":"https:\/\/www.inkultura-online.de\/politisch_unkorrekt\/?p=3175"},"modified":"2025-11-19T16:35:33","modified_gmt":"2025-11-19T14:35:33","slug":"wenn-der-alte-weisse-mann-suppe-kochen-muss","status":"publish","type":"post","link":"https:\/\/www.inkultura-online.de\/politisch_unkorrekt\/wenn-der-alte-weisse-mann-suppe-kochen-muss\/","title":{"rendered":"Wenn der alte wei\u00dfe Mann Suppe kochen muss"},"content":{"rendered":"<p>Es beginnt in jenem politisch aromatisierten Paralleluniversum, in dem Funktion\u00e4re der Gegenwart mit einer Selbstgewissheit auftreten, als h\u00e4tten sie den Ernstfall pers\u00f6nlich erfunden. Eine gr\u00fcne Spitzenpolitikerin, frisch aus dem Kokon der moralischen Veredelung, unber\u00fchrt von Kasernenstaub, aber vertraut mit energetischen Raumbeduftungen, entdeckt pl\u00f6tzlich die \u00c4lteren. Nicht als W\u00e4hler, nicht als mahnende Stimmen der Erfahrung, sondern als <a href=\"https:\/\/www.berliner-zeitung.de\/politik-gesellschaft\/wehrdienst-debatte-gruenen-chefin-brantner-will-aeltere-in-verteidigungsfall-einbinden-li.10006375\" target=\"_blank\" rel=\"noopener\">Reservebestand<\/a>. Als hinterlegte Notfall\u00adkonserven. Als Wehrkraftverst\u00e4rkungs-Variante \u201eSenioren mild\u201c.<!--more--><\/p>\n<p>Ein Register solle her, hei\u00dft es. Ein Verzeichnis jener betagten B\u00fcrger, die im Ernstfall \u201egebraucht\u201c w\u00fcrden. Man spricht mit jener Zucker\u00fcberzugs-Rhetorik, die politische H\u00e4rte als Streichelangebot verkleidet. Die \u00c4lteren, die jahrzehntelang zuverl\u00e4ssig daf\u00fcr sorgten, die Heizkosten p\u00fcnktlich zu \u00fcberweisen und die Enkel vor der Digitalisierung zu retten, sollen nun auf ihren brachliegenden F\u00e4higkeiten sitzen: kochen, organisieren, technischen Schnickschnack \u00fcberblicken. Und nebenbei die Republik retten.<\/p>\n<p>Ironischerweise kommt dieser Gedanke, wie k\u00f6nnte es sch\u00f6ner sein, ausgerechnet von einer politischen Richtung, deren Mitglieder traditionell den Wehrdienst gemieden haben wie Gluten im Bio-Bistro. Kaum ein Gr\u00fcner hat jemals eine Kaserne von innen gesehen, au\u00dfer vielleicht, weil der Fahrradweg zuf\u00e4llig daran vorbeif\u00fchrte. Doch aus dieser exquisiten Ferne der Erfahrung entsteht nun eine Vision, die klingt wie das Manifest einer pazifistischen K\u00fcchenbrigade: Der alte wei\u00dfe Mann als Waffe. Nicht biologisch, sondern praktisch, ein Multitool des Alters.<\/p>\n<p>Man stelle sich Rolf vor. Rolf, 68, bis gestern noch der lebende Beweis, dass die Rente nicht zum Stillstand f\u00fchrt, sondern zu einer gewissen gener\u00f6sen Gleichg\u00fcltigkeit. Nun aber erkl\u00e4rt man ihm, dass er eine Rolle im Verteidigungsgef\u00fcge der Nation spielen k\u00f6nnte. Rolf! Der Mann, der bei seinem letzten Versuch, eine E-Mail zu verschicken, beinahe die Filterblase gel\u00f6scht h\u00e4tte. Nun darf er also im Ernstfall Suppe kochen und gleichzeitig, mit zittrigen Fingern, die nationale Drohnenflotte betreuen.<\/p>\n<p>Nat\u00fcrlich freiwillig. Selbstverst\u00e4ndlich ohne Druck. Und doch mit jenem feinen Unterton staatlicher Erwartung, der klingt wie ein h\u00f6fliches, aber unanfechtbares \u201eDu machst das jetzt\u201c.<\/p>\n<p>Die Gr\u00fcnautorenschaft sieht darin offenbar eine Form der Generationengerechtigkeit. Die Jungen sollen schlie\u00dflich nicht alles allein machen, hei\u00dft es. Es braucht die Alten. Gerade sie. Schlie\u00dflich haben sie \u201eErfahrung\u201c. Erfahrung worin? Im Verwalten von Lebensl\u00e4ufen, im Abonnieren von Tageszeitungen, im Umr\u00fchren von Mengen, die selbst die Bundeswehrkantine erblassen lassen w\u00fcrden. Und selbstverst\u00e4ndlich im \u00dcberleben, was heute als Qualifikation z\u00e4hlt.<\/p>\n<p>Unterdessen blenden jene Verfechter der neuen Reserve elegant aus, dass die Betroffenen nie f\u00fcr milit\u00e4rische Disziplin vorgesehen waren. Kein Material, keine Marscherfahrung, keine Ahnung. Doch was nicht ist, wird eben herbeiphantasiert. In den Visionen der gr\u00fcnen Strategen laufen Rentner mit L\u00f6ffeln wie mit Orden herum. Und wer seinen Enkel am Tablet \u00fcberwacht hat, gilt bereits als drohnenkompatibel.<\/p>\n<p>Man ahnt ein Zukunftsbild, das gleichzeitig r\u00fchrend und abgr\u00fcndig wirkt: Rolf, in einer Feldk\u00fcche, die mehr nach Gemeindesaal als nach Mobilmachung aussieht, r\u00fchrt in einer Suppe, die zum Symbol eines Landes wird, das seinen Nachwuchs erst moralisch bindet und dann milit\u00e4risch verschiebt. Hinter ihm stapelt Hannelore Akkus wie fr\u00fcher Einmachgl\u00e4ser. Sie versteht die Technik nicht, aber sie hat ein starkes, verl\u00e4ssliches Pflichtgef\u00fchl, und das reicht anscheinend aus.<\/p>\n<p>Die Jungen geraten derweil in eine eigent\u00fcmliche Doppelrolle: Sie sollen k\u00e4mpfen, aber ganz demokratisch, bitte sch\u00f6n. W\u00e4hrend die Alten, deren Opposition zum Milit\u00e4r jahrzehntelang ein verl\u00e4ssliches ideologisches Grundrauschen war, nun ausgerechnet jene Funktionen \u00fcbernehmen sollen, die das Bild einer modernen Einsatztruppe endg\u00fcltig ad absurdum f\u00fchren. Wie eine Nation, die aus Versehen die Rollen vertauscht hat: Die einen rennen mit Waffen, die anderen r\u00fchren mit Kellen, und keiner hat das Gef\u00fchl, dass das alles noch irgendetwas mit Vernunft zu tun hat.<\/p>\n<p>Dass die Initiatorin, im Einklang mit vielen ihrer Parteikollegen, keinerlei pers\u00f6nliche Erfahrung mit Wehrdienst oder milit\u00e4rischer Dienstpflicht hat, verleiht der Idee jene besondere, scharfkantige Komik. Es ist, als w\u00fcrde ein lebenslanger Vegetarier pl\u00f6tzlich Rezepte f\u00fcr die perfekte Grillhaxe verfassen: theoretisch charmant, praktisch grotesk.<\/p>\n<p>Die politische Botschaft ist klar: Im Ernstfall braucht man alle. Doch dieses \u201ealle\u201c schimmert in einer Art moralischer Bronze, die kaschieren soll, dass es am Ende doch wieder dieselben Tr\u00e4ger sind, die die Last schultern: die Jungen im Dreck, die Alten im Dampf. Und die Politik im warmen Scheinwerferlicht des Wohlklangs.<\/p>\n<p>Das Ganze f\u00fchlt sich an wie eine staatlich verordnete Comedy: Ausgerechnet jene, die den Wehrdienst einst am lautesten ablehnten, basteln nun ein Seniorenregister zur nationalen Verteidigung. Eine groteske Revanche der Geschichte. Die alten wei\u00dfen M\u00e4nner, so oft gescholten, kehren zur\u00fcck. Nicht mit Macht, nicht mit Pathos, sondern mit Sch\u00fcrze. Man will fast applaudieren. Oder weinen. Oder beides.<\/p>\n<p>Und wenn der Ernstfall wirklich k\u00e4me, w\u00fcrde die Republik vielleicht tats\u00e4chlich nach Rolf rufen. Nicht, weil seine Suppe unersetzlich w\u00e4re, sondern weil die Illusion der Teilhabe so wundervoll klebt. Auf dem Topfdeckel, auf dem Wahlzettel, auf der Idee, dass ein Land wehrhaft wird, indem es seine Senioren moralisch motiviert.<\/p>\n<p>Und w\u00e4hrend Rolf also kocht, und Hannelore Akkus sortiert, und die Jungen marschieren, steht die Politik daneben und nickt zufrieden. Alles wirkt so ausgewogen, so fair, so gerecht, solange niemand fragt, wer diese Absurdit\u00e4t eigentlich erfunden hat. Und warum ausgerechnet diejenigen, die nie marschiert sind, nun den Ton angeben, wie ein Land sich f\u00fcr den Ernstfall wappnen soll.<\/p>\n<p>Aber tr\u00f6ste dich: Wenn der alte wei\u00dfe Mann Suppe kochen muss, ist das nicht nur eine Pointe der Geschichte, es ist ihr bitterschwarzer Humor.<\/p>\n","protected":false},"excerpt":{"rendered":"<p>Es beginnt in jenem politisch aromatisierten Paralleluniversum, in dem Funktion\u00e4re der Gegenwart mit einer Selbstgewissheit auftreten, als h\u00e4tten sie den Ernstfall pers\u00f6nlich erfunden. Eine gr\u00fcne Spitzenpolitikerin, frisch aus dem Kokon der moralischen Veredelung, unber\u00fchrt von Kasernenstaub, aber vertraut mit energetischen &hellip; <a href=\"https:\/\/www.inkultura-online.de\/politisch_unkorrekt\/wenn-der-alte-weisse-mann-suppe-kochen-muss\/\">Weiterlesen <span class=\"meta-nav\">&rarr;<\/span><\/a><\/p>\n","protected":false},"author":1,"featured_media":0,"comment_status":"closed","ping_status":"closed","sticky":false,"template":"","format":"standard","meta":{"footnotes":""},"categories":[2,3,1,444,8,10],"tags":[2001,2002,410,2003,1746,1865,2000],"class_list":["post-3175","post","type-post","status-publish","format-standard","hentry","category-antipathie","category-die-duemmsten-sprueche-der-woche","category-fundstuecke","category-gedanken-zum-tag","category-schlimme-woerter","category-systemfehler","tag-front","tag-frontkaempfer","tag-gruene","tag-gruene-wehrdienstverweigerer","tag-kriegshysterie","tag-senioren","tag-suppenkueche"],"yoast_head":"<!-- This site is optimized with the Yoast SEO plugin v27.5 - https:\/\/yoast.com\/product\/yoast-seo-wordpress\/ -->\n<title>Wenn der alte wei\u00dfe Mann Suppe kochen muss - Zeitgeist? Frei!<\/title>\n<meta name=\"robots\" content=\"index, follow, max-snippet:-1, max-image-preview:large, max-video-preview:-1\" \/>\n<link rel=\"canonical\" href=\"https:\/\/www.inkultura-online.de\/politisch_unkorrekt\/wenn-der-alte-weisse-mann-suppe-kochen-muss\/\" \/>\n<meta property=\"og:locale\" content=\"de_DE\" \/>\n<meta property=\"og:type\" content=\"article\" \/>\n<meta property=\"og:title\" content=\"Wenn der alte wei\u00dfe Mann Suppe kochen muss - Zeitgeist? Frei!\" \/>\n<meta property=\"og:description\" content=\"Es beginnt in jenem politisch aromatisierten Paralleluniversum, in dem Funktion\u00e4re der Gegenwart mit einer Selbstgewissheit auftreten, als h\u00e4tten sie den Ernstfall pers\u00f6nlich erfunden. Eine gr\u00fcne Spitzenpolitikerin, frisch aus dem Kokon der moralischen Veredelung, unber\u00fchrt von Kasernenstaub, aber vertraut mit energetischen &hellip; Weiterlesen &rarr;\" \/>\n<meta property=\"og:url\" content=\"https:\/\/www.inkultura-online.de\/politisch_unkorrekt\/wenn-der-alte-weisse-mann-suppe-kochen-muss\/\" \/>\n<meta property=\"og:site_name\" content=\"Zeitgeist? Frei!\" \/>\n<meta property=\"article:published_time\" content=\"2025-11-19T14:35:33+00:00\" \/>\n<meta name=\"author\" content=\"Orator\" \/>\n<meta name=\"twitter:label1\" content=\"Verfasst von\" \/>\n\t<meta name=\"twitter:data1\" content=\"Orator\" \/>\n\t<meta name=\"twitter:label2\" content=\"Gesch\u00e4tzte Lesezeit\" \/>\n\t<meta name=\"twitter:data2\" content=\"5\u00a0Minuten\" \/>\n<script type=\"application\/ld+json\" class=\"yoast-schema-graph\">{\"@context\":\"https:\\\/\\\/schema.org\",\"@graph\":[{\"@type\":\"Article\",\"@id\":\"https:\\\/\\\/www.inkultura-online.de\\\/politisch_unkorrekt\\\/wenn-der-alte-weisse-mann-suppe-kochen-muss\\\/#article\",\"isPartOf\":{\"@id\":\"https:\\\/\\\/www.inkultura-online.de\\\/politisch_unkorrekt\\\/wenn-der-alte-weisse-mann-suppe-kochen-muss\\\/\"},\"author\":{\"name\":\"Orator\",\"@id\":\"https:\\\/\\\/www.inkultura-online.de\\\/politisch_unkorrekt\\\/#\\\/schema\\\/person\\\/5b30b80e385478896a1de221e1994d86\"},\"headline\":\"Wenn der alte wei\u00dfe Mann Suppe kochen muss\",\"datePublished\":\"2025-11-19T14:35:33+00:00\",\"mainEntityOfPage\":{\"@id\":\"https:\\\/\\\/www.inkultura-online.de\\\/politisch_unkorrekt\\\/wenn-der-alte-weisse-mann-suppe-kochen-muss\\\/\"},\"wordCount\":945,\"publisher\":{\"@id\":\"https:\\\/\\\/www.inkultura-online.de\\\/politisch_unkorrekt\\\/#\\\/schema\\\/person\\\/5b30b80e385478896a1de221e1994d86\"},\"keywords\":[\"Front\",\"Frontk\u00e4mpfer\",\"Gr\u00fcne\",\"gr\u00fcne Wehrdienstverweigerer\",\"Kriegshysterie\",\"Senioren\",\"Suppenk\u00fcche\"],\"articleSection\":[\"Antipathie\",\"Die d\u00fcmmsten Spr\u00fcche der Woche\",\"Fundst\u00fccke\",\"Gedanken zum Tag\",\"Schlimme W\u00f6rter\",\"Systemfehler\"],\"inLanguage\":\"de\"},{\"@type\":\"WebPage\",\"@id\":\"https:\\\/\\\/www.inkultura-online.de\\\/politisch_unkorrekt\\\/wenn-der-alte-weisse-mann-suppe-kochen-muss\\\/\",\"url\":\"https:\\\/\\\/www.inkultura-online.de\\\/politisch_unkorrekt\\\/wenn-der-alte-weisse-mann-suppe-kochen-muss\\\/\",\"name\":\"Wenn der alte wei\u00dfe Mann Suppe kochen muss - Zeitgeist? Frei!\",\"isPartOf\":{\"@id\":\"https:\\\/\\\/www.inkultura-online.de\\\/politisch_unkorrekt\\\/#website\"},\"datePublished\":\"2025-11-19T14:35:33+00:00\",\"breadcrumb\":{\"@id\":\"https:\\\/\\\/www.inkultura-online.de\\\/politisch_unkorrekt\\\/wenn-der-alte-weisse-mann-suppe-kochen-muss\\\/#breadcrumb\"},\"inLanguage\":\"de\",\"potentialAction\":[{\"@type\":\"ReadAction\",\"target\":[\"https:\\\/\\\/www.inkultura-online.de\\\/politisch_unkorrekt\\\/wenn-der-alte-weisse-mann-suppe-kochen-muss\\\/\"]}]},{\"@type\":\"BreadcrumbList\",\"@id\":\"https:\\\/\\\/www.inkultura-online.de\\\/politisch_unkorrekt\\\/wenn-der-alte-weisse-mann-suppe-kochen-muss\\\/#breadcrumb\",\"itemListElement\":[{\"@type\":\"ListItem\",\"position\":1,\"name\":\"Home\",\"item\":\"https:\\\/\\\/www.inkultura-online.de\\\/politisch_unkorrekt\\\/\"},{\"@type\":\"ListItem\",\"position\":2,\"name\":\"Wenn der alte wei\u00dfe Mann Suppe kochen muss\"}]},{\"@type\":\"WebSite\",\"@id\":\"https:\\\/\\\/www.inkultura-online.de\\\/politisch_unkorrekt\\\/#website\",\"url\":\"https:\\\/\\\/www.inkultura-online.de\\\/politisch_unkorrekt\\\/\",\"name\":\"Zeitgeist? Frei!\",\"description\":\"Was Ihr den Geist der Zeiten hei\u00dft...\",\"publisher\":{\"@id\":\"https:\\\/\\\/www.inkultura-online.de\\\/politisch_unkorrekt\\\/#\\\/schema\\\/person\\\/5b30b80e385478896a1de221e1994d86\"},\"potentialAction\":[{\"@type\":\"SearchAction\",\"target\":{\"@type\":\"EntryPoint\",\"urlTemplate\":\"https:\\\/\\\/www.inkultura-online.de\\\/politisch_unkorrekt\\\/?s={search_term_string}\"},\"query-input\":{\"@type\":\"PropertyValueSpecification\",\"valueRequired\":true,\"valueName\":\"search_term_string\"}}],\"inLanguage\":\"de\"},{\"@type\":[\"Person\",\"Organization\"],\"@id\":\"https:\\\/\\\/www.inkultura-online.de\\\/politisch_unkorrekt\\\/#\\\/schema\\\/person\\\/5b30b80e385478896a1de221e1994d86\",\"name\":\"Orator\",\"image\":{\"@type\":\"ImageObject\",\"inLanguage\":\"de\",\"@id\":\"https:\\\/\\\/secure.gravatar.com\\\/avatar\\\/96e03166d31716e9c437060430eb7605c45a8ce6fb6dab483637ca6915dd0844?s=96&d=mm&r=g\",\"url\":\"https:\\\/\\\/secure.gravatar.com\\\/avatar\\\/96e03166d31716e9c437060430eb7605c45a8ce6fb6dab483637ca6915dd0844?s=96&d=mm&r=g\",\"contentUrl\":\"https:\\\/\\\/secure.gravatar.com\\\/avatar\\\/96e03166d31716e9c437060430eb7605c45a8ce6fb6dab483637ca6915dd0844?s=96&d=mm&r=g\",\"caption\":\"Orator\"},\"logo\":{\"@id\":\"https:\\\/\\\/secure.gravatar.com\\\/avatar\\\/96e03166d31716e9c437060430eb7605c45a8ce6fb6dab483637ca6915dd0844?s=96&d=mm&r=g\"},\"url\":\"https:\\\/\\\/www.inkultura-online.de\\\/politisch_unkorrekt\\\/author\\\/1korrektor21-2\\\/\"}]}<\/script>\n<!-- \/ Yoast SEO plugin. -->","yoast_head_json":{"title":"Wenn der alte wei\u00dfe Mann Suppe kochen muss - Zeitgeist? Frei!","robots":{"index":"index","follow":"follow","max-snippet":"max-snippet:-1","max-image-preview":"max-image-preview:large","max-video-preview":"max-video-preview:-1"},"canonical":"https:\/\/www.inkultura-online.de\/politisch_unkorrekt\/wenn-der-alte-weisse-mann-suppe-kochen-muss\/","og_locale":"de_DE","og_type":"article","og_title":"Wenn der alte wei\u00dfe Mann Suppe kochen muss - Zeitgeist? Frei!","og_description":"Es beginnt in jenem politisch aromatisierten Paralleluniversum, in dem Funktion\u00e4re der Gegenwart mit einer Selbstgewissheit auftreten, als h\u00e4tten sie den Ernstfall pers\u00f6nlich erfunden. Eine gr\u00fcne Spitzenpolitikerin, frisch aus dem Kokon der moralischen Veredelung, unber\u00fchrt von Kasernenstaub, aber vertraut mit energetischen &hellip; Weiterlesen &rarr;","og_url":"https:\/\/www.inkultura-online.de\/politisch_unkorrekt\/wenn-der-alte-weisse-mann-suppe-kochen-muss\/","og_site_name":"Zeitgeist? Frei!","article_published_time":"2025-11-19T14:35:33+00:00","author":"Orator","twitter_misc":{"Verfasst von":"Orator","Gesch\u00e4tzte Lesezeit":"5\u00a0Minuten"},"schema":{"@context":"https:\/\/schema.org","@graph":[{"@type":"Article","@id":"https:\/\/www.inkultura-online.de\/politisch_unkorrekt\/wenn-der-alte-weisse-mann-suppe-kochen-muss\/#article","isPartOf":{"@id":"https:\/\/www.inkultura-online.de\/politisch_unkorrekt\/wenn-der-alte-weisse-mann-suppe-kochen-muss\/"},"author":{"name":"Orator","@id":"https:\/\/www.inkultura-online.de\/politisch_unkorrekt\/#\/schema\/person\/5b30b80e385478896a1de221e1994d86"},"headline":"Wenn der alte wei\u00dfe Mann Suppe kochen muss","datePublished":"2025-11-19T14:35:33+00:00","mainEntityOfPage":{"@id":"https:\/\/www.inkultura-online.de\/politisch_unkorrekt\/wenn-der-alte-weisse-mann-suppe-kochen-muss\/"},"wordCount":945,"publisher":{"@id":"https:\/\/www.inkultura-online.de\/politisch_unkorrekt\/#\/schema\/person\/5b30b80e385478896a1de221e1994d86"},"keywords":["Front","Frontk\u00e4mpfer","Gr\u00fcne","gr\u00fcne Wehrdienstverweigerer","Kriegshysterie","Senioren","Suppenk\u00fcche"],"articleSection":["Antipathie","Die d\u00fcmmsten Spr\u00fcche der Woche","Fundst\u00fccke","Gedanken zum Tag","Schlimme W\u00f6rter","Systemfehler"],"inLanguage":"de"},{"@type":"WebPage","@id":"https:\/\/www.inkultura-online.de\/politisch_unkorrekt\/wenn-der-alte-weisse-mann-suppe-kochen-muss\/","url":"https:\/\/www.inkultura-online.de\/politisch_unkorrekt\/wenn-der-alte-weisse-mann-suppe-kochen-muss\/","name":"Wenn der alte wei\u00dfe Mann Suppe kochen muss - Zeitgeist? Frei!","isPartOf":{"@id":"https:\/\/www.inkultura-online.de\/politisch_unkorrekt\/#website"},"datePublished":"2025-11-19T14:35:33+00:00","breadcrumb":{"@id":"https:\/\/www.inkultura-online.de\/politisch_unkorrekt\/wenn-der-alte-weisse-mann-suppe-kochen-muss\/#breadcrumb"},"inLanguage":"de","potentialAction":[{"@type":"ReadAction","target":["https:\/\/www.inkultura-online.de\/politisch_unkorrekt\/wenn-der-alte-weisse-mann-suppe-kochen-muss\/"]}]},{"@type":"BreadcrumbList","@id":"https:\/\/www.inkultura-online.de\/politisch_unkorrekt\/wenn-der-alte-weisse-mann-suppe-kochen-muss\/#breadcrumb","itemListElement":[{"@type":"ListItem","position":1,"name":"Home","item":"https:\/\/www.inkultura-online.de\/politisch_unkorrekt\/"},{"@type":"ListItem","position":2,"name":"Wenn der alte wei\u00dfe Mann Suppe kochen muss"}]},{"@type":"WebSite","@id":"https:\/\/www.inkultura-online.de\/politisch_unkorrekt\/#website","url":"https:\/\/www.inkultura-online.de\/politisch_unkorrekt\/","name":"Zeitgeist? Frei!","description":"Was Ihr den Geist der Zeiten hei\u00dft...","publisher":{"@id":"https:\/\/www.inkultura-online.de\/politisch_unkorrekt\/#\/schema\/person\/5b30b80e385478896a1de221e1994d86"},"potentialAction":[{"@type":"SearchAction","target":{"@type":"EntryPoint","urlTemplate":"https:\/\/www.inkultura-online.de\/politisch_unkorrekt\/?s={search_term_string}"},"query-input":{"@type":"PropertyValueSpecification","valueRequired":true,"valueName":"search_term_string"}}],"inLanguage":"de"},{"@type":["Person","Organization"],"@id":"https:\/\/www.inkultura-online.de\/politisch_unkorrekt\/#\/schema\/person\/5b30b80e385478896a1de221e1994d86","name":"Orator","image":{"@type":"ImageObject","inLanguage":"de","@id":"https:\/\/secure.gravatar.com\/avatar\/96e03166d31716e9c437060430eb7605c45a8ce6fb6dab483637ca6915dd0844?s=96&d=mm&r=g","url":"https:\/\/secure.gravatar.com\/avatar\/96e03166d31716e9c437060430eb7605c45a8ce6fb6dab483637ca6915dd0844?s=96&d=mm&r=g","contentUrl":"https:\/\/secure.gravatar.com\/avatar\/96e03166d31716e9c437060430eb7605c45a8ce6fb6dab483637ca6915dd0844?s=96&d=mm&r=g","caption":"Orator"},"logo":{"@id":"https:\/\/secure.gravatar.com\/avatar\/96e03166d31716e9c437060430eb7605c45a8ce6fb6dab483637ca6915dd0844?s=96&d=mm&r=g"},"url":"https:\/\/www.inkultura-online.de\/politisch_unkorrekt\/author\/1korrektor21-2\/"}]}},"_links":{"self":[{"href":"https:\/\/www.inkultura-online.de\/politisch_unkorrekt\/wp-json\/wp\/v2\/posts\/3175","targetHints":{"allow":["GET"]}}],"collection":[{"href":"https:\/\/www.inkultura-online.de\/politisch_unkorrekt\/wp-json\/wp\/v2\/posts"}],"about":[{"href":"https:\/\/www.inkultura-online.de\/politisch_unkorrekt\/wp-json\/wp\/v2\/types\/post"}],"author":[{"embeddable":true,"href":"https:\/\/www.inkultura-online.de\/politisch_unkorrekt\/wp-json\/wp\/v2\/users\/1"}],"replies":[{"embeddable":true,"href":"https:\/\/www.inkultura-online.de\/politisch_unkorrekt\/wp-json\/wp\/v2\/comments?post=3175"}],"version-history":[{"count":1,"href":"https:\/\/www.inkultura-online.de\/politisch_unkorrekt\/wp-json\/wp\/v2\/posts\/3175\/revisions"}],"predecessor-version":[{"id":3176,"href":"https:\/\/www.inkultura-online.de\/politisch_unkorrekt\/wp-json\/wp\/v2\/posts\/3175\/revisions\/3176"}],"wp:attachment":[{"href":"https:\/\/www.inkultura-online.de\/politisch_unkorrekt\/wp-json\/wp\/v2\/media?parent=3175"}],"wp:term":[{"taxonomy":"category","embeddable":true,"href":"https:\/\/www.inkultura-online.de\/politisch_unkorrekt\/wp-json\/wp\/v2\/categories?post=3175"},{"taxonomy":"post_tag","embeddable":true,"href":"https:\/\/www.inkultura-online.de\/politisch_unkorrekt\/wp-json\/wp\/v2\/tags?post=3175"}],"curies":[{"name":"wp","href":"https:\/\/api.w.org\/{rel}","templated":true}]}}