{"id":3258,"date":"2026-03-12T10:24:53","date_gmt":"2026-03-12T08:24:53","guid":{"rendered":"https:\/\/www.inkultura-online.de\/politisch_unkorrekt\/?p=3258"},"modified":"2026-03-12T10:24:53","modified_gmt":"2026-03-12T08:24:53","slug":"die-aera-des-leeren-himmels-i","status":"publish","type":"post","link":"https:\/\/www.inkultura-online.de\/politisch_unkorrekt\/die-aera-des-leeren-himmels-i\/","title":{"rendered":"Die \u00c4ra des leeren Himmels I"},"content":{"rendered":"<h4 class=\"western\">Die Einsamkeit des digitalen Menschen<\/h4>\n<p><span style=\"font-family: Liberation Serif, serif;\"><span style=\"font-size: medium;\">Es gab eine Zeit, oder wenigstens den Glauben daran,, in der der Himmel nicht leer war. \u00dcber den K\u00f6pfen der Menschen spannte sich ein Raum, der mehr war als Atmosph\u00e4re. Er war Projektionsfl\u00e4che, Drohung, Hoffnung, Gerichtssaal und Trost zugleich. Selbst der Zweifler lebte noch im Schatten einer Transzendenz, gegen die er sich auflehnen konnte.<\/span><\/span><\/p>\n<p><span style=\"font-family: Liberation Serif, serif;\"><span style=\"font-size: medium;\">Heute dagegen hat sich der Himmel entleert. Nicht spektakul\u00e4r, nicht in einem gro\u00dfen metaphysischen Donnerschlag, sondern ger\u00e4uschlos, wie ein Raum, aus dem \u00fcber Nacht die M\u00f6bel verschwinden. Am Morgen steht man darin und wundert sich \u00fcber das Echo der eigenen Schritte.<\/span><\/span><\/p>\n<p><span style=\"font-family: Liberation Serif, serif;\"><span style=\"font-size: medium;\">Der Mensch der Gegenwart lebt in dieser Leere, und versucht verzweifelt, sie mit Stimmen zu f\u00fcllen.<\/span><\/span><!--more--><\/p>\n<h4 class=\"western\">Das Schweigen \u00fcber uns<\/h4>\n<p><span style=\"font-family: Liberation Serif, serif;\"><span style=\"font-size: medium;\">Die alten Religionen boten dem Individuum eine kosmische Einbettung. Der Mensch war klein, gewiss, aber seine Kleinheit hatte Bedeutung. Sie war Teil eines Plans. Selbst das Leiden war nicht sinnlos, sondern eine Pr\u00fcfung, eine Strafe oder wenigstens ein R\u00e4tsel, dessen L\u00f6sung jenseits des Horizonts wartete.<\/span><\/span><\/p>\n<p><span style=\"font-family: Liberation Serif, serif;\"><span style=\"font-size: medium;\">Mit dem langsamen R\u00fcckzug des Transzendenten verschwand auch diese dramatische B\u00fchne. \u00dcbrig blieb eine Welt, die sich selbst erkl\u00e4rt, und gerade deshalb nichts mehr erkl\u00e4rt.<\/span><\/span><\/p>\n<p><span style=\"font-family: Liberation Serif, serif;\"><span style=\"font-size: medium;\">Die Sterne sind heute physikalische Objekte. Das Schicksal ist Statistik. Das Gewissen ist Neurochemie.<\/span><\/span><\/p>\n<p><span style=\"font-family: Liberation Serif, serif;\"><span style=\"font-size: medium;\">Der moderne Mensch wei\u00df sehr viel \u00fcber die Welt, aber kaum noch, warum er in ihr lebt.<\/span><\/span><\/p>\n<p><span style=\"font-family: Liberation Serif, serif;\"><span style=\"font-size: medium;\">Diese Erkenntnis ist nicht heroisch. Sie f\u00fchrt nicht zur existenzialistischen Gr\u00f6\u00dfe eines Camus oder Sartre, die im Angesicht der Absurdit\u00e4t wenigstens noch Haltung demonstrierten. Die heutige Variante ist prosaischer: Sie besteht aus Bildschirmlicht, kurzen Texten und der Gewissheit, dass irgendwo jemand auf einen Beitrag reagieren k\u00f6nnte.<\/span><\/span><\/p>\n<h4 class=\"western\">Die Erfindung der digitalen Gemeinde<\/h4>\n<p><span style=\"font-family: Liberation Serif, serif;\"><span style=\"font-size: medium;\">In der Abwesenheit eines metaphysischen Himmels entstand eine neue Architektur: die digitale.<\/span><\/span><\/p>\n<p><span style=\"font-family: Liberation Serif, serif;\"><span style=\"font-size: medium;\">Man versprach sich von ihr eine Wiederkehr der Gemeinschaft. Endlich, so hie\u00df es, w\u00fcrden Menschen einander \u00fcber alle Grenzen hinweg begegnen. Einsamkeit sollte zu einem Relikt der analogen Vergangenheit werden.<\/span><\/span><\/p>\n<p><span style=\"font-family: Liberation Serif, serif;\"><span style=\"font-size: medium;\">Die sozialen Medien erschienen wie eine Art s\u00e4kulare Erl\u00f6sungsmaschine. Ihre Liturgie ist einfach:<\/span><\/span><\/p>\n<p><span style=\"font-family: Liberation Serif, serif;\"><span style=\"font-size: medium;\">Man sendet ein Bild.<\/span><\/span><\/p>\n<p><span style=\"font-family: Liberation Serif, serif;\"><span style=\"font-size: medium;\">Man \u00e4u\u00dfert eine Meinung.<\/span><\/span><\/p>\n<p><span style=\"font-family: Liberation Serif, serif;\"><span style=\"font-size: medium;\">Man wartet.<\/span><\/span><\/p>\n<p><span style=\"font-family: Liberation Serif, serif;\"><span style=\"font-size: medium;\">Und dann geschieht etwas Merkw\u00fcrdiges: kleine Zeichen erscheinen. Herzen, Daumen, kurze Kommentare. F\u00fcr einen Moment entsteht das Gef\u00fchl, gesehen zu werden. Ein schwaches Echo aus der Tiefe des Netzes antwortet.<\/span><\/span><\/p>\n<p><span style=\"font-family: Liberation Serif, serif;\"><span style=\"font-size: medium;\">Doch dieses Echo hat eine besondere Eigenschaft: Es ist v\u00f6llig unverbindlich.<\/span><\/span><\/p>\n<p><span style=\"font-family: Liberation Serif, serif;\"><span style=\"font-size: medium;\">Die digitale Gemeinde kennt keine wirkliche N\u00e4he. Sie ist ein Raum, in dem Milliarden Stimmen sprechen, ohne einander wirklich zu h\u00f6ren.<\/span><\/span><\/p>\n<p><span style=\"font-family: Liberation Serif, serif;\"><span style=\"font-size: medium;\">Man k\u00f6nnte sagen: Die sozialen Medien sind Kathedralen ohne Gott, und zugleich ohne Gl\u00e4ubige. Es gibt nur Besucher.<\/span><\/span><\/p>\n<h4 class=\"western\">Das paradox vereinsamte Kollektiv<\/h4>\n<p><span style=\"font-family: Liberation Serif, serif;\"><span style=\"font-size: medium;\">Die Tragik dieser neuen \u00d6ffentlichkeit besteht darin, dass sie eine Illusion von Verbundenheit erzeugt, w\u00e4hrend sie zugleich die Vereinzelung vertieft.<\/span><\/span><\/p>\n<p><span style=\"font-family: Liberation Serif, serif;\"><span style=\"font-size: medium;\">Fr\u00fcher war Einsamkeit ein Zustand der Abwesenheit. Man war allein, weil niemand da war.<\/span><\/span><\/p>\n<p><span style=\"font-family: Liberation Serif, serif;\"><span style=\"font-size: medium;\">Heute ist Einsamkeit ein Zustand der \u00dcberf\u00fclle. Man ist allein, obwohl alle da sind.<\/span><\/span><\/p>\n<p><span style=\"font-family: Liberation Serif, serif;\"><span style=\"font-size: medium;\">Der Bildschirm zeigt unaufh\u00f6rlich andere Leben: Reisen, Beziehungen, Erfolge, Meinungen. Diese permanente Sichtbarkeit erzeugt einen paradoxen Effekt. Je mehr man von den anderen sieht, desto deutlicher sp\u00fcrt man die eigene Unsichtbarkeit.<\/span><\/span><\/p>\n<p><span style=\"font-family: Liberation Serif, serif;\"><span style=\"font-size: medium;\">Denn jede digitale \u00c4u\u00dferung konkurriert mit Millionen anderer. Aufmerksamkeit wird zu einer knappen Ressource, die nach denselben Regeln verteilt wird wie fr\u00fcher Macht oder Kapital.<\/span><\/span><\/p>\n<p><span style=\"font-family: Liberation Serif, serif;\"><span style=\"font-size: medium;\">Das Individuum lernt schnell, dass seine Existenz nur dann wahrgenommen wird, wenn sie performativ wird. Man muss sich zeigen, inszenieren, optimieren.<\/span><\/span><\/p>\n<p><span style=\"font-family: Liberation Serif, serif;\"><span style=\"font-size: medium;\">Der Mensch wird zum Kurator seiner selbst.<\/span><\/span><\/p>\n<p><span style=\"font-family: Liberation Serif, serif;\"><span style=\"font-size: medium;\">Doch hinter dieser kuratierten Oberfl\u00e4che w\u00e4chst eine stille Ersch\u00f6pfung. Denn der Aufwand, sichtbar zu bleiben, ist gro\u00df, und der Ertrag gering.<\/span><\/span><\/p>\n<h4 class=\"western\">Die \u00d6konomie des Trostes<\/h4>\n<p><span style=\"font-family: Liberation Serif, serif;\"><span style=\"font-size: medium;\">Die sozialen Medien leben von einem subtilen Versprechen: Trost.<\/span><\/span><\/p>\n<p><span style=\"font-family: Liberation Serif, serif;\"><span style=\"font-size: medium;\">Nicht den gro\u00dfen Trost der Religionen, der Erl\u00f6sung oder metaphysische Sinnstiftung versprach. Sondern eine kleinere, schnellere Variante.<\/span><\/span><\/p>\n<p><span style=\"font-family: Liberation Serif, serif;\"><span style=\"font-size: medium;\">Ein Like als Miniatur-Anerkennung.<\/span><\/span><\/p>\n<p><span style=\"font-family: Liberation Serif, serif;\"><span style=\"font-size: medium;\">Ein Kommentar als fl\u00fcchtige Solidarit\u00e4t.<\/span><\/span><\/p>\n<p><span style=\"font-family: Liberation Serif, serif;\"><span style=\"font-size: medium;\">Ein geteilter Beitrag als momentane Zustimmung.<\/span><\/span><\/p>\n<p><span style=\"font-family: Liberation Serif, serif;\"><span style=\"font-size: medium;\">Diese Mikrogesten erzeugen eine \u00d6konomie des emotionalen Austauschs, in der Trost in kleinsten Einheiten gehandelt wird.<\/span><\/span><\/p>\n<p><span style=\"font-family: Liberation Serif, serif;\"><span style=\"font-size: medium;\">Doch wie bei allen inflation\u00e4ren W\u00e4hrungen verliert auch dieser Trost schnell seinen Wert.<\/span><\/span><\/p>\n<p><span style=\"font-family: Liberation Serif, serif;\"><span style=\"font-size: medium;\">Der Mensch gew\u00f6hnt sich an die permanente Best\u00e4tigung, und sp\u00fcrt zugleich, wie wenig sie bedeutet. Ein Herzsymbol ersetzt keine Ber\u00fchrung. Ein Kommentar ersetzt kein Gespr\u00e4ch.<\/span><\/span><\/p>\n<p><span style=\"font-family: Liberation Serif, serif;\"><span style=\"font-size: medium;\">Das Ergebnis ist eine seltsame Spirale: Je leerer die digitale Interaktion erscheint, desto intensiver wird sie gesucht.<\/span><\/span><\/p>\n<p><span style=\"font-family: Liberation Serif, serif;\"><span style=\"font-size: medium;\">Der Mensch klickt weiter, scrollt weiter, sendet weiter. Vielleicht antwortet diesmal jemand, der es wirklich meint.<\/span><\/span><\/p>\n<h4 class=\"western\">Das Ende der Intimit\u00e4t<\/h4>\n<p><span style=\"font-family: Liberation Serif, serif;\"><span style=\"font-size: medium;\">Eine weitere Konsequenz dieser Entwicklung ist die Erosion der Intimit\u00e4t.<\/span><\/span><\/p>\n<p><span style=\"font-family: Liberation Serif, serif;\"><span style=\"font-size: medium;\">Fr\u00fcher existierten klare Grenzen zwischen \u00d6ffentlichkeit und Privatheit. Das eigene Leben spielte sich in einem relativ kleinen Kreis ab: Familie, Freunde, Kollegen. Diese Begrenzung schuf eine gewisse Tiefe der Beziehungen.<\/span><\/span><\/p>\n<p><span style=\"font-family: Liberation Serif, serif;\"><span style=\"font-size: medium;\">Die sozialen Medien haben diese Grenzen aufgel\u00f6st. Das Individuum erz\u00e4hlt heute sein Leben vor einem potenziell globalen Publikum. Geburtstage, Liebeskrisen, politische Meinungen, allt\u00e4gliche Gedanken, alles wird Teil eines permanenten \u00f6ffentlichen Protokolls.<\/span><\/span><\/p>\n<p><span style=\"font-family: Liberation Serif, serif;\"><span style=\"font-size: medium;\">Doch paradoxerweise f\u00fchrt diese radikale Sichtbarkeit nicht zu gr\u00f6\u00dferer N\u00e4he, sondern zu gr\u00f6\u00dferer Distanz. Denn echte Intimit\u00e4t ben\u00f6tigt Vertraulichkeit. Sie lebt von R\u00e4umen, die nicht beobachtet werden.<\/span><\/span><\/p>\n<p><span style=\"font-family: Liberation Serif, serif;\"><span style=\"font-size: medium;\">Wenn jedoch alles sagbar und sichtbar wird, verliert das Gespr\u00e4ch seine Tiefe. Es verwandelt sich in eine Performance.<\/span><\/span><\/p>\n<p><span style=\"font-family: Liberation Serif, serif;\"><span style=\"font-size: medium;\">Man spricht nicht mehr mit jemandem, sondern vor allen.<\/span><\/span><\/p>\n<h4 class=\"western\">Der leere Himmel \u00fcber der digitalen Stadt<\/h4>\n<p><span style=\"font-family: Liberation Serif, serif;\"><span style=\"font-size: medium;\">So entsteht das Bild einer neuen Zivilisation: Milliarden Menschen sitzen vor Bildschirmen, verbunden durch unsichtbare Netze, doch innerlich voneinander getrennt.<\/span><\/span><\/p>\n<p><span style=\"font-family: Liberation Serif, serif;\"><span style=\"font-size: medium;\">Es ist eine Stadt ohne Zentrum.<\/span><\/span><\/p>\n<p><span style=\"font-family: Liberation Serif, serif;\"><span style=\"font-size: medium;\">Fr\u00fcher blickte der Mensch zum Himmel, im Wissen oder wenigstens im Verdacht, dass dort etwas oder jemand existieren k\u00f6nnte.<\/span><\/span><\/p>\n<p><span style=\"font-family: Liberation Serif, serif;\"><span style=\"font-size: medium;\">Heute blickt er auf sein Smartphone.<\/span><\/span><\/p>\n<p><span style=\"font-family: Liberation Serif, serif;\"><span style=\"font-size: medium;\">Der Unterschied ist subtil, aber entscheidend. Der Himmel versprach eine Antwort, auch wenn sie ausblieb. Der Bildschirm dagegen liefert st\u00e4ndig Antworten, die nichts bedeuten.<\/span><\/span><\/p>\n<p><span style=\"font-family: Liberation Serif, serif;\"><span style=\"font-size: medium;\">So wird die moderne Einsamkeit nicht durch Stille gepr\u00e4gt, sondern durch L\u00e4rm.<\/span><\/span><\/p>\n<h4 class=\"western\">Die Zukunft der Vereinzelung<\/h4>\n<p><span style=\"font-family: Liberation Serif, serif;\"><span style=\"font-size: medium;\">Die Zukunft dieser Entwicklung wirkt wenig tr\u00f6stlich.<\/span><\/span><\/p>\n<p><span style=\"font-family: Liberation Serif, serif;\"><span style=\"font-size: medium;\">Die sozialen Medien sind keine vor\u00fcbergehende Mode, sondern Teil einer tiefgreifenden Transformation der Gesellschaft. Kommunikation wird zunehmend algorithmisch organisiert. Sichtbarkeit folgt mathematischen Regeln, die kaum jemand versteht.<\/span><\/span><\/p>\n<p><span style=\"font-family: Liberation Serif, serif;\"><span style=\"font-size: medium;\">Das Individuum bewegt sich in diesen Systemen wie ein Spieler in einem gigantischen Casino der Aufmerksamkeit.<\/span><\/span><\/p>\n<p><span style=\"font-family: Liberation Serif, serif;\"><span style=\"font-size: medium;\">Man gewinnt gelegentlich, ein Beitrag geht viral, eine Meinung wird geteilt, ein Profil w\u00e4chst. Doch die meisten verlieren. Ihre Stimmen verschwinden im digitalen Rauschen.<\/span><\/span><\/p>\n<p><span style=\"font-family: Liberation Serif, serif;\"><span style=\"font-size: medium;\">Gleichzeitig nimmt die Abh\u00e4ngigkeit von diesen Plattformen zu. Arbeit, Beziehungen, politische Diskussionen, immer mehr Lebensbereiche werden in denselben digitalen Raum verlagert.<\/span><\/span><\/p>\n<p><span style=\"font-family: Liberation Serif, serif;\"><span style=\"font-size: medium;\">Der Mensch wird damit endg\u00fcltig zum Bewohner einer Welt, in der Gemeinschaft simuliert wird.<\/span><\/span><\/p>\n<h4 class=\"western\">Die letzte Einsamkeit<\/h4>\n<p><span style=\"font-family: Liberation Serif, serif;\"><span style=\"font-size: medium;\">Vielleicht wird eines Tages jemand auf diese Epoche zur\u00fcckblicken und sie als \u00dcbergangsphase betrachten. Als Moment, in dem die Menschheit lernte, mit einem entzauberten Universum zu leben.<\/span><\/span><\/p>\n<p><span style=\"font-family: Liberation Serif, serif;\"><span style=\"font-size: medium;\">Doch ebenso gut k\u00f6nnte es sein, dass diese Entwicklung eine dauerhafte Struktur hervorbringt: eine Zivilisation radikal vereinzelter Individuen, die durch Technik verbunden, aber emotional voneinander getrennt sind.<\/span><\/span><\/p>\n<p><span style=\"font-family: Liberation Serif, serif;\"><span style=\"font-size: medium;\">Der Himmel bleibt leer.<\/span><\/span><\/p>\n<p><span style=\"font-family: Liberation Serif, serif;\"><span style=\"font-size: medium;\">Und die digitalen Sterne, die an seine Stelle getreten sind, Profile, Posts, Kommentare,, spenden kein Licht, das w\u00e4rmt. Sie glimmen nur kurz auf, bevor sie im Strom der n\u00e4chsten Nachrichten verschwinden.<\/span><\/span><\/p>\n<p><span style=\"font-family: Liberation Serif, serif;\"><span style=\"font-size: medium;\">Der Mensch der Zukunft wird vielleicht ununterbrochen kommunizieren. Er wird sprechen, senden, reagieren, teilen. Doch mitten in diesem unendlichen Gespr\u00e4ch k\u00f6nnte sich eine Erkenntnis festsetzen, die schwerer wiegt als jede fr\u00fchere metaphysische Angst:<\/span><\/span><\/p>\n<p><span style=\"font-family: Liberation Serif, serif;\"><span style=\"font-size: medium;\">Dass niemand wirklich zuh\u00f6rt.<\/span><\/span><\/p>\n<p><span style=\"font-family: Liberation Serif, serif;\"><span style=\"font-size: medium;\">Und dass die Stille des Universums nicht \u00fcber uns liegt, sondern zwischen uns.<\/span><\/span><\/p>\n","protected":false},"excerpt":{"rendered":"<p>Die Einsamkeit des digitalen Menschen Es gab eine Zeit, oder wenigstens den Glauben daran,, in der der Himmel nicht leer war. \u00dcber den K\u00f6pfen der Menschen spannte sich ein Raum, der mehr war als Atmosph\u00e4re. Er war Projektionsfl\u00e4che, Drohung, Hoffnung, &hellip; <a href=\"https:\/\/www.inkultura-online.de\/politisch_unkorrekt\/die-aera-des-leeren-himmels-i\/\">Weiterlesen <span class=\"meta-nav\">&rarr;<\/span><\/a><\/p>\n","protected":false},"author":1,"featured_media":0,"comment_status":"closed","ping_status":"closed","sticky":false,"template":"","format":"standard","meta":{"footnotes":""},"categories":[444,10],"tags":[2076],"class_list":["post-3258","post","type-post","status-publish","format-standard","hentry","category-gedanken-zum-tag","category-systemfehler","tag-die-aera-des-leeren-himmels"],"yoast_head":"<!-- This site is optimized with the Yoast SEO plugin v27.5 - https:\/\/yoast.com\/product\/yoast-seo-wordpress\/ -->\n<title>Die \u00c4ra des leeren Himmels I - Zeitgeist? Frei!<\/title>\n<meta name=\"robots\" content=\"index, follow, max-snippet:-1, max-image-preview:large, max-video-preview:-1\" \/>\n<link rel=\"canonical\" href=\"https:\/\/www.inkultura-online.de\/politisch_unkorrekt\/die-aera-des-leeren-himmels-i\/\" \/>\n<meta property=\"og:locale\" content=\"de_DE\" \/>\n<meta property=\"og:type\" content=\"article\" \/>\n<meta property=\"og:title\" content=\"Die \u00c4ra des leeren Himmels I - Zeitgeist? Frei!\" \/>\n<meta property=\"og:description\" content=\"Die Einsamkeit des digitalen Menschen Es gab eine Zeit, oder wenigstens den Glauben daran,, in der der Himmel nicht leer war. \u00dcber den K\u00f6pfen der Menschen spannte sich ein Raum, der mehr war als Atmosph\u00e4re. Er war Projektionsfl\u00e4che, Drohung, Hoffnung, &hellip; Weiterlesen &rarr;\" \/>\n<meta property=\"og:url\" content=\"https:\/\/www.inkultura-online.de\/politisch_unkorrekt\/die-aera-des-leeren-himmels-i\/\" \/>\n<meta property=\"og:site_name\" content=\"Zeitgeist? Frei!\" \/>\n<meta property=\"article:published_time\" content=\"2026-03-12T08:24:53+00:00\" \/>\n<meta name=\"author\" content=\"Orator\" \/>\n<meta name=\"twitter:label1\" content=\"Verfasst von\" \/>\n\t<meta name=\"twitter:data1\" content=\"Orator\" \/>\n\t<meta name=\"twitter:label2\" content=\"Gesch\u00e4tzte Lesezeit\" \/>\n\t<meta name=\"twitter:data2\" content=\"7\u00a0Minuten\" \/>\n<script type=\"application\/ld+json\" class=\"yoast-schema-graph\">{\"@context\":\"https:\\\/\\\/schema.org\",\"@graph\":[{\"@type\":\"Article\",\"@id\":\"https:\\\/\\\/www.inkultura-online.de\\\/politisch_unkorrekt\\\/die-aera-des-leeren-himmels-i\\\/#article\",\"isPartOf\":{\"@id\":\"https:\\\/\\\/www.inkultura-online.de\\\/politisch_unkorrekt\\\/die-aera-des-leeren-himmels-i\\\/\"},\"author\":{\"name\":\"Orator\",\"@id\":\"https:\\\/\\\/www.inkultura-online.de\\\/politisch_unkorrekt\\\/#\\\/schema\\\/person\\\/5b30b80e385478896a1de221e1994d86\"},\"headline\":\"Die \u00c4ra des leeren Himmels I\",\"datePublished\":\"2026-03-12T08:24:53+00:00\",\"mainEntityOfPage\":{\"@id\":\"https:\\\/\\\/www.inkultura-online.de\\\/politisch_unkorrekt\\\/die-aera-des-leeren-himmels-i\\\/\"},\"wordCount\":1274,\"publisher\":{\"@id\":\"https:\\\/\\\/www.inkultura-online.de\\\/politisch_unkorrekt\\\/#\\\/schema\\\/person\\\/5b30b80e385478896a1de221e1994d86\"},\"keywords\":[\"Die \u00c4ra des leeren Himmels\"],\"articleSection\":[\"Gedanken zum Tag\",\"Systemfehler\"],\"inLanguage\":\"de\"},{\"@type\":\"WebPage\",\"@id\":\"https:\\\/\\\/www.inkultura-online.de\\\/politisch_unkorrekt\\\/die-aera-des-leeren-himmels-i\\\/\",\"url\":\"https:\\\/\\\/www.inkultura-online.de\\\/politisch_unkorrekt\\\/die-aera-des-leeren-himmels-i\\\/\",\"name\":\"Die \u00c4ra des leeren Himmels I - Zeitgeist? Frei!\",\"isPartOf\":{\"@id\":\"https:\\\/\\\/www.inkultura-online.de\\\/politisch_unkorrekt\\\/#website\"},\"datePublished\":\"2026-03-12T08:24:53+00:00\",\"breadcrumb\":{\"@id\":\"https:\\\/\\\/www.inkultura-online.de\\\/politisch_unkorrekt\\\/die-aera-des-leeren-himmels-i\\\/#breadcrumb\"},\"inLanguage\":\"de\",\"potentialAction\":[{\"@type\":\"ReadAction\",\"target\":[\"https:\\\/\\\/www.inkultura-online.de\\\/politisch_unkorrekt\\\/die-aera-des-leeren-himmels-i\\\/\"]}]},{\"@type\":\"BreadcrumbList\",\"@id\":\"https:\\\/\\\/www.inkultura-online.de\\\/politisch_unkorrekt\\\/die-aera-des-leeren-himmels-i\\\/#breadcrumb\",\"itemListElement\":[{\"@type\":\"ListItem\",\"position\":1,\"name\":\"Home\",\"item\":\"https:\\\/\\\/www.inkultura-online.de\\\/politisch_unkorrekt\\\/\"},{\"@type\":\"ListItem\",\"position\":2,\"name\":\"Die \u00c4ra des leeren Himmels I\"}]},{\"@type\":\"WebSite\",\"@id\":\"https:\\\/\\\/www.inkultura-online.de\\\/politisch_unkorrekt\\\/#website\",\"url\":\"https:\\\/\\\/www.inkultura-online.de\\\/politisch_unkorrekt\\\/\",\"name\":\"Zeitgeist? Frei!\",\"description\":\"Was Ihr den Geist der Zeiten hei\u00dft...\",\"publisher\":{\"@id\":\"https:\\\/\\\/www.inkultura-online.de\\\/politisch_unkorrekt\\\/#\\\/schema\\\/person\\\/5b30b80e385478896a1de221e1994d86\"},\"potentialAction\":[{\"@type\":\"SearchAction\",\"target\":{\"@type\":\"EntryPoint\",\"urlTemplate\":\"https:\\\/\\\/www.inkultura-online.de\\\/politisch_unkorrekt\\\/?s={search_term_string}\"},\"query-input\":{\"@type\":\"PropertyValueSpecification\",\"valueRequired\":true,\"valueName\":\"search_term_string\"}}],\"inLanguage\":\"de\"},{\"@type\":[\"Person\",\"Organization\"],\"@id\":\"https:\\\/\\\/www.inkultura-online.de\\\/politisch_unkorrekt\\\/#\\\/schema\\\/person\\\/5b30b80e385478896a1de221e1994d86\",\"name\":\"Orator\",\"image\":{\"@type\":\"ImageObject\",\"inLanguage\":\"de\",\"@id\":\"https:\\\/\\\/secure.gravatar.com\\\/avatar\\\/96e03166d31716e9c437060430eb7605c45a8ce6fb6dab483637ca6915dd0844?s=96&d=mm&r=g\",\"url\":\"https:\\\/\\\/secure.gravatar.com\\\/avatar\\\/96e03166d31716e9c437060430eb7605c45a8ce6fb6dab483637ca6915dd0844?s=96&d=mm&r=g\",\"contentUrl\":\"https:\\\/\\\/secure.gravatar.com\\\/avatar\\\/96e03166d31716e9c437060430eb7605c45a8ce6fb6dab483637ca6915dd0844?s=96&d=mm&r=g\",\"caption\":\"Orator\"},\"logo\":{\"@id\":\"https:\\\/\\\/secure.gravatar.com\\\/avatar\\\/96e03166d31716e9c437060430eb7605c45a8ce6fb6dab483637ca6915dd0844?s=96&d=mm&r=g\"},\"url\":\"https:\\\/\\\/www.inkultura-online.de\\\/politisch_unkorrekt\\\/author\\\/1korrektor21-2\\\/\"}]}<\/script>\n<!-- \/ Yoast SEO plugin. -->","yoast_head_json":{"title":"Die \u00c4ra des leeren Himmels I - Zeitgeist? Frei!","robots":{"index":"index","follow":"follow","max-snippet":"max-snippet:-1","max-image-preview":"max-image-preview:large","max-video-preview":"max-video-preview:-1"},"canonical":"https:\/\/www.inkultura-online.de\/politisch_unkorrekt\/die-aera-des-leeren-himmels-i\/","og_locale":"de_DE","og_type":"article","og_title":"Die \u00c4ra des leeren Himmels I - Zeitgeist? Frei!","og_description":"Die Einsamkeit des digitalen Menschen Es gab eine Zeit, oder wenigstens den Glauben daran,, in der der Himmel nicht leer war. \u00dcber den K\u00f6pfen der Menschen spannte sich ein Raum, der mehr war als Atmosph\u00e4re. Er war Projektionsfl\u00e4che, Drohung, Hoffnung, &hellip; Weiterlesen &rarr;","og_url":"https:\/\/www.inkultura-online.de\/politisch_unkorrekt\/die-aera-des-leeren-himmels-i\/","og_site_name":"Zeitgeist? Frei!","article_published_time":"2026-03-12T08:24:53+00:00","author":"Orator","twitter_misc":{"Verfasst von":"Orator","Gesch\u00e4tzte Lesezeit":"7\u00a0Minuten"},"schema":{"@context":"https:\/\/schema.org","@graph":[{"@type":"Article","@id":"https:\/\/www.inkultura-online.de\/politisch_unkorrekt\/die-aera-des-leeren-himmels-i\/#article","isPartOf":{"@id":"https:\/\/www.inkultura-online.de\/politisch_unkorrekt\/die-aera-des-leeren-himmels-i\/"},"author":{"name":"Orator","@id":"https:\/\/www.inkultura-online.de\/politisch_unkorrekt\/#\/schema\/person\/5b30b80e385478896a1de221e1994d86"},"headline":"Die \u00c4ra des leeren Himmels I","datePublished":"2026-03-12T08:24:53+00:00","mainEntityOfPage":{"@id":"https:\/\/www.inkultura-online.de\/politisch_unkorrekt\/die-aera-des-leeren-himmels-i\/"},"wordCount":1274,"publisher":{"@id":"https:\/\/www.inkultura-online.de\/politisch_unkorrekt\/#\/schema\/person\/5b30b80e385478896a1de221e1994d86"},"keywords":["Die \u00c4ra des leeren Himmels"],"articleSection":["Gedanken zum Tag","Systemfehler"],"inLanguage":"de"},{"@type":"WebPage","@id":"https:\/\/www.inkultura-online.de\/politisch_unkorrekt\/die-aera-des-leeren-himmels-i\/","url":"https:\/\/www.inkultura-online.de\/politisch_unkorrekt\/die-aera-des-leeren-himmels-i\/","name":"Die \u00c4ra des leeren Himmels I - Zeitgeist? Frei!","isPartOf":{"@id":"https:\/\/www.inkultura-online.de\/politisch_unkorrekt\/#website"},"datePublished":"2026-03-12T08:24:53+00:00","breadcrumb":{"@id":"https:\/\/www.inkultura-online.de\/politisch_unkorrekt\/die-aera-des-leeren-himmels-i\/#breadcrumb"},"inLanguage":"de","potentialAction":[{"@type":"ReadAction","target":["https:\/\/www.inkultura-online.de\/politisch_unkorrekt\/die-aera-des-leeren-himmels-i\/"]}]},{"@type":"BreadcrumbList","@id":"https:\/\/www.inkultura-online.de\/politisch_unkorrekt\/die-aera-des-leeren-himmels-i\/#breadcrumb","itemListElement":[{"@type":"ListItem","position":1,"name":"Home","item":"https:\/\/www.inkultura-online.de\/politisch_unkorrekt\/"},{"@type":"ListItem","position":2,"name":"Die \u00c4ra des leeren Himmels I"}]},{"@type":"WebSite","@id":"https:\/\/www.inkultura-online.de\/politisch_unkorrekt\/#website","url":"https:\/\/www.inkultura-online.de\/politisch_unkorrekt\/","name":"Zeitgeist? Frei!","description":"Was Ihr den Geist der Zeiten hei\u00dft...","publisher":{"@id":"https:\/\/www.inkultura-online.de\/politisch_unkorrekt\/#\/schema\/person\/5b30b80e385478896a1de221e1994d86"},"potentialAction":[{"@type":"SearchAction","target":{"@type":"EntryPoint","urlTemplate":"https:\/\/www.inkultura-online.de\/politisch_unkorrekt\/?s={search_term_string}"},"query-input":{"@type":"PropertyValueSpecification","valueRequired":true,"valueName":"search_term_string"}}],"inLanguage":"de"},{"@type":["Person","Organization"],"@id":"https:\/\/www.inkultura-online.de\/politisch_unkorrekt\/#\/schema\/person\/5b30b80e385478896a1de221e1994d86","name":"Orator","image":{"@type":"ImageObject","inLanguage":"de","@id":"https:\/\/secure.gravatar.com\/avatar\/96e03166d31716e9c437060430eb7605c45a8ce6fb6dab483637ca6915dd0844?s=96&d=mm&r=g","url":"https:\/\/secure.gravatar.com\/avatar\/96e03166d31716e9c437060430eb7605c45a8ce6fb6dab483637ca6915dd0844?s=96&d=mm&r=g","contentUrl":"https:\/\/secure.gravatar.com\/avatar\/96e03166d31716e9c437060430eb7605c45a8ce6fb6dab483637ca6915dd0844?s=96&d=mm&r=g","caption":"Orator"},"logo":{"@id":"https:\/\/secure.gravatar.com\/avatar\/96e03166d31716e9c437060430eb7605c45a8ce6fb6dab483637ca6915dd0844?s=96&d=mm&r=g"},"url":"https:\/\/www.inkultura-online.de\/politisch_unkorrekt\/author\/1korrektor21-2\/"}]}},"_links":{"self":[{"href":"https:\/\/www.inkultura-online.de\/politisch_unkorrekt\/wp-json\/wp\/v2\/posts\/3258","targetHints":{"allow":["GET"]}}],"collection":[{"href":"https:\/\/www.inkultura-online.de\/politisch_unkorrekt\/wp-json\/wp\/v2\/posts"}],"about":[{"href":"https:\/\/www.inkultura-online.de\/politisch_unkorrekt\/wp-json\/wp\/v2\/types\/post"}],"author":[{"embeddable":true,"href":"https:\/\/www.inkultura-online.de\/politisch_unkorrekt\/wp-json\/wp\/v2\/users\/1"}],"replies":[{"embeddable":true,"href":"https:\/\/www.inkultura-online.de\/politisch_unkorrekt\/wp-json\/wp\/v2\/comments?post=3258"}],"version-history":[{"count":1,"href":"https:\/\/www.inkultura-online.de\/politisch_unkorrekt\/wp-json\/wp\/v2\/posts\/3258\/revisions"}],"predecessor-version":[{"id":3259,"href":"https:\/\/www.inkultura-online.de\/politisch_unkorrekt\/wp-json\/wp\/v2\/posts\/3258\/revisions\/3259"}],"wp:attachment":[{"href":"https:\/\/www.inkultura-online.de\/politisch_unkorrekt\/wp-json\/wp\/v2\/media?parent=3258"}],"wp:term":[{"taxonomy":"category","embeddable":true,"href":"https:\/\/www.inkultura-online.de\/politisch_unkorrekt\/wp-json\/wp\/v2\/categories?post=3258"},{"taxonomy":"post_tag","embeddable":true,"href":"https:\/\/www.inkultura-online.de\/politisch_unkorrekt\/wp-json\/wp\/v2\/tags?post=3258"}],"curies":[{"name":"wp","href":"https:\/\/api.w.org\/{rel}","templated":true}]}}