{"id":3260,"date":"2026-03-13T10:12:38","date_gmt":"2026-03-13T08:12:38","guid":{"rendered":"https:\/\/www.inkultura-online.de\/politisch_unkorrekt\/?p=3260"},"modified":"2026-03-13T10:12:38","modified_gmt":"2026-03-13T08:12:38","slug":"die-aera-des-leeren-himmels-ii","status":"publish","type":"post","link":"https:\/\/www.inkultura-online.de\/politisch_unkorrekt\/die-aera-des-leeren-himmels-ii\/","title":{"rendered":"Die \u00c4ra des leeren Himmels II"},"content":{"rendered":"<h3 class=\"western\"><span style=\"font-family: Liberation Serif, serif;\">Der Algorithmus als letzter Gott<\/span><\/h3>\n<h4 class=\"western\"><em><span style=\"font-family: Liberation Serif, serif;\">(Eine spenglerianische Erweiterung)<\/span><\/em><\/h4>\n<p><span style=\"font-family: Liberation Serif, serif;\">Oswald Spengler beschrieb Kulturen als lebendige Organismen. Sie entstehen, bl\u00fchen, ersch\u00f6pfen sich \u2013 und gehen schlie\u00dflich in Zivilisationen \u00fcber, die nur noch den Schatten ihrer urspr\u00fcnglichen Seele tragen. Die Kultur lebt aus Mythen, Symbolen, metaphysischen Spannungen; die Zivilisation dagegen lebt von Technik, Organisation und Verwaltung.<\/span><\/p>\n<p><span style=\"font-family: Liberation Serif, serif;\">In dieser Perspektive erscheint die Gegenwart wie eine sp\u00e4te, beinahe m\u00fcde Phase der abendl\u00e4ndischen Geschichte. Die gro\u00dfen metaphysischen Horizonte sind verschwunden, doch das Bed\u00fcrfnis nach ihnen ist geblieben. Der Mensch kann offenbar nicht in einer vollkommen sinnentleerten Welt existieren. Wo der Himmel sich leert, sucht er unweigerlich nach einem neuen Ort f\u00fcr das Heilige. Dieser Ort liegt heute nicht mehr \u00fcber uns, sondern unter der Glasoberfl\u00e4che unserer Bildschirme.<\/span><!--more--><\/p>\n<h4 class=\"western\"><em><span style=\"font-family: Liberation Serif, serif;\">Die Geburt einer unsichtbaren Instanz<\/span><\/em><\/h4>\n<p><span style=\"font-family: Liberation Serif, serif;\">Der Algorithmus geh\u00f6rt zu jenen Erscheinungen, die zun\u00e4chst rein technisch wirken und erst sp\u00e4ter ihre kulturelle Bedeutung offenbaren. Urspr\u00fcnglich war er nichts weiter als eine Rechenvorschrift, ein mathematisches Verfahren zur Sortierung von Informationen.<\/span><\/p>\n<p><span style=\"font-family: Liberation Serif, serif;\">Doch im Laufe der digitalen Entwicklung hat sich seine Rolle radikal ver\u00e4ndert. Der Algorithmus entscheidet heute, welche Nachrichten sichtbar werden, welche Stimmen Geh\u00f6r finden, welche Bilder Bedeutung erhalten. Er sortiert die Welt nach Kriterien, die kaum jemand vollst\u00e4ndig versteht. Seine Regeln sind komplex, st\u00e4ndig ver\u00e4nderlich und f\u00fcr den gew\u00f6hnlichen Nutzer praktisch undurchschaubar.<\/span><\/p>\n<p><span style=\"font-family: Liberation Serif, serif;\">So entsteht eine merkw\u00fcrdige Situation: Eine unsichtbare Instanz bestimmt \u00fcber Sichtbarkeit und Bedeutung \u2013 und niemand kann genau erkl\u00e4ren, wie sie funktioniert. Diese Struktur besitzt eine erstaunliche \u00c4hnlichkeit mit religi\u00f6sen Systemen.<\/span><\/p>\n<p><span style=\"font-family: Liberation Serif, serif;\">Der mittelalterliche Mensch wusste ebenfalls nicht, nach welchen exakten Regeln g\u00f6ttliche Gnade verteilt wurde. Er wusste nur, dass sie existierte und dass sie \u00fcber sein Leben entschied.<\/span><\/p>\n<p><span style=\"font-family: Liberation Serif, serif;\">Der digitale Mensch befindet sich in einer vergleichbaren Lage: Auch er wei\u00df, dass eine h\u00f6here Ordnung seine Sichtbarkeit bestimmt.<\/span><\/p>\n<p><span style=\"font-family: Liberation Serif, serif;\">Man k\u00f6nnte sagen: Die metaphysische Hierarchie ist nicht verschwunden \u2013 sie hat lediglich ihre Gestalt ver\u00e4ndert.<\/span><\/p>\n<h4 class=\"western\"><em><span style=\"font-family: Liberation Serif, serif;\">Liturgie des digitalen Zeitalters<\/span><\/em><\/h4>\n<p><span style=\"font-family: Liberation Serif, serif;\">Jede Religion besitzt Rituale. Sie strukturieren die Beziehung zwischen Mensch und Transzendenz. Auch das digitale Leben hat seine Liturgie hervorgebracht.<\/span><\/p>\n<p><span style=\"font-family: Liberation Serif, serif;\">Der Nutzer ver\u00f6ffentlicht einen Beitrag.<\/span><\/p>\n<p><span style=\"font-family: Liberation Serif, serif;\">Er wartet.<\/span><\/p>\n<p><span style=\"font-family: Liberation Serif, serif;\">Er beobachtet.<\/span><\/p>\n<p><span style=\"font-family: Liberation Serif, serif;\">Steigt die Zahl der Reaktionen, f\u00fchlt sich der Beitrag best\u00e4tigt. Bleiben sie aus, erscheint er bedeutungslos.<\/span><\/p>\n<p><span style=\"font-family: Liberation Serif, serif;\">Diese kleinen Zahlen \u2013 Likes, Shares, Kommentare \u2013 wirken wie Indikatoren einer unsichtbaren Gnade. Sie signalisieren, ob der Algorithmus den Beitrag in den Strom der Aufmerksamkeit aufgenommen hat oder ob er im digitalen Schatten verschwinden wird.<\/span><\/p>\n<p><span style=\"font-family: Liberation Serif, serif;\">Der Nutzer reagiert darauf mit Anpassung.<\/span><\/p>\n<p><span style=\"font-family: Liberation Serif, serif;\">Er lernt, welche Formulierungen funktionieren.<\/span><\/p>\n<p><span style=\"font-family: Liberation Serif, serif;\">Welche Bilder Resonanz erzeugen.<\/span><\/p>\n<p><span style=\"font-family: Liberation Serif, serif;\">Welche Meinungen geteilt werden.<\/span><\/p>\n<p><span style=\"font-family: Liberation Serif, serif;\">So entsteht eine subtile Form der Selbstdisziplinierung. Der Mensch beginnt, sich nicht nur vor anderen Menschen zu rechtfertigen, sondern vor einer mathematischen Instanz.<\/span><\/p>\n<p><span style=\"font-family: Liberation Serif, serif;\">Das Verhalten wird algorithmisch kompatibel.<\/span><\/p>\n<h4 class=\"western\"><em><span style=\"font-family: Liberation Serif, serif;\">Die sp\u00e4te Zivilisation der Aufmerksamkeit<\/span><\/em><\/h4>\n<p><span style=\"font-family: Liberation Serif, serif;\">Spengler h\u00e4tte in dieser Entwicklung vermutlich ein typisches Zeichen der sp\u00e4ten Zivilisationsphase erkannt. Wenn Kulturen altern, verlieren sie ihre metaphysischen Zentren. An ihre Stelle treten technische Strukturen, die das Leben organisieren.<\/span><\/p>\n<p><span style=\"font-family: Liberation Serif, serif;\">Der r\u00f6mische Imperialstaat verwaltete einst eine Welt, deren religi\u00f6se Energien l\u00e4ngst ersch\u00f6pft waren. Die Verwaltung ersetzte den Mythos.<\/span><\/p>\n<p><span style=\"font-family: Liberation Serif, serif;\">Unsere Zeit scheint etwas \u00c4hnliches hervorzubringen. Der Algorithmus verwaltet Aufmerksamkeit. Er verteilt Sichtbarkeit nach statistischen Wahrscheinlichkeiten und \u00f6konomischen Interessen. Doch obwohl er nur eine technische Funktion erf\u00fcllt, wird er zu einer kulturellen Autorit\u00e4t. Er bestimmt, was relevant ist.<\/span><\/p>\n<p><span style=\"font-family: Liberation Serif, serif;\">Das Ergebnis ist eine merkw\u00fcrdige Umkehrung: Nicht mehr Menschen entscheiden, welche Stimmen geh\u00f6rt werden. Maschinen sortieren die Stimmen, bevor sie \u00fcberhaupt geh\u00f6rt werden k\u00f6nnen. Der \u00f6ffentliche Raum verwandelt sich in eine mathematisch regulierte Landschaft.<\/span><\/p>\n<h4 class=\"western\"><em><span style=\"font-family: Liberation Serif, serif;\">Die Illusion der Gemeinschaft<\/span><\/em><\/h4>\n<p><span style=\"font-family: Liberation Serif, serif;\">Diese Ordnung erzeugt den Eindruck einer riesigen globalen \u00d6ffentlichkeit. Milliarden Menschen kommunizieren gleichzeitig, teilen Meinungen, kommentieren Ereignisse. Doch hinter dieser scheinbaren Gemeinschaft verbirgt sich eine tiefere Fragmentierung.<\/span><\/p>\n<p><span style=\"font-family: Liberation Serif, serif;\">Der Algorithmus zeigt jedem Nutzer eine andere Welt. Er filtert Informationen nach individuellen Mustern, Vorlieben und Verhaltensdaten. Was als universeller Diskurs erscheint, ist in Wirklichkeit ein Mosaik aus unz\u00e4hligen isolierten Wahrnehmungsr\u00e4umen.<\/span><\/p>\n<p><span style=\"font-family: Liberation Serif, serif;\">Der Mensch glaubt, Teil eines gro\u00dfen Gespr\u00e4chs zu sein. Tats\u00e4chlich befindet er sich in einem sorgf\u00e4ltig konstruierten Echo. Die Gemeinschaft existiert nur als technische M\u00f6glichkeit, nicht als gelebte Realit\u00e4t.<\/span><\/p>\n<h4 class=\"western\"><em><span style=\"font-family: Liberation Serif, serif;\">Die neue Einsamkeit<\/span><\/em><\/h4>\n<p><span style=\"font-family: Liberation Serif, serif;\">Damit erreicht die Vereinzelung eine neue Qualit\u00e4t. Der Mensch der fr\u00fcheren Moderne konnte sich wenigstens auf gemeinsame Wirklichkeiten beziehen: Zeitungen, \u00f6ffentliche Debatten, gemeinsame kulturelle Horizonte.<\/span><\/p>\n<p><span style=\"font-family: Liberation Serif, serif;\">Der digitale Mensch lebt dagegen in einem Raum personalisierter Wirklichkeiten.<\/span><\/p>\n<p><span style=\"font-family: Liberation Serif, serif;\">Sein Nachrichtenstrom ist einzigartig.<\/span><\/p>\n<p><span style=\"font-family: Liberation Serif, serif;\">Seine Aufmerksamkeit wird individuell gesteuert.<\/span><\/p>\n<p><span style=\"font-family: Liberation Serif, serif;\">Seine Sichtbarkeit h\u00e4ngt von individuellen Datenmustern ab.<\/span><\/p>\n<p><span style=\"font-family: Liberation Serif, serif;\">So entsteht eine Gesellschaft, in der jeder permanent mit anderen verbunden ist \u2013 und doch zunehmend in einer eigenen Welt lebt. Die Einsamkeit des Individuums wird dadurch nicht nur verst\u00e4rkt, sondern strukturell stabilisiert.<\/span><\/p>\n<h4 class=\"western\"><em><span style=\"font-family: Liberation Serif, serif;\">Der letzte metaphysische Schatten<\/span><\/em><\/h4>\n<p><span style=\"font-family: Liberation Serif, serif;\">Man k\u00f6nnte versucht sein, diese Entwicklung rein technisch zu interpretieren. Doch vielleicht verbirgt sich darin ein tieferer kultureller Prozess. Der Mensch scheint nicht f\u00e4hig zu sein, ohne eine Form von Transzendenz zu leben. Selbst wenn er den Himmel entleert, erschafft er neue Instanzen, die an seine Stelle treten.<\/span><\/p>\n<p><span style=\"font-family: Liberation Serif, serif;\">Der Algorithmus erf\u00fcllt in gewisser Weise genau diese Funktion.<\/span><\/p>\n<p><span style=\"font-family: Liberation Serif, serif;\">Er ist unsichtbar.<\/span><\/p>\n<p><span style=\"font-family: Liberation Serif, serif;\">Er ist allgegenw\u00e4rtig.<\/span><\/p>\n<p><span style=\"font-family: Liberation Serif, serif;\">Er entscheidet \u00fcber Bedeutung.<\/span><\/p>\n<p><span style=\"font-family: Liberation Serif, serif;\">Und er entzieht sich weitgehend der menschlichen Kontrolle.<\/span><\/p>\n<p><span style=\"font-family: Liberation Serif, serif;\">Diese Struktur verleiht ihm eine fast metaphysische Qualit\u00e4t. Der moderne Mensch mag nicht mehr an g\u00f6ttliche Vorsehung glauben \u2013 doch er lebt in einer Welt, deren Ordnung von Kr\u00e4ften bestimmt wird, die ihm \u00e4hnlich r\u00e4tselhaft erscheinen.<\/span><\/p>\n<h4 class=\"western\"><em><span style=\"font-family: Liberation Serif, serif;\">Die Zukunft der algorithmischen Welt<\/span><\/em><\/h4>\n<p><span style=\"font-family: Liberation Serif, serif;\">Wenn diese Entwicklung anh\u00e4lt, k\u00f6nnte sich eine Zivilisation herausbilden, in der der gr\u00f6\u00dfte Teil menschlicher Kommunikation durch algorithmische Systeme organisiert wird.<\/span><\/p>\n<p><span style=\"font-family: Liberation Serif, serif;\">K\u00fcnstliche Intelligenzen werden Inhalte erzeugen, Gespr\u00e4che moderieren, Emotionen simulieren. Die Grenze zwischen menschlicher und maschineller Kommunikation k\u00f6nnte zunehmend verschwimmen.<\/span><\/p>\n<p><span style=\"font-family: Liberation Serif, serif;\">In einer solchen Welt wird Einsamkeit m\u00f6glicherweise eine neue Form annehmen. Der Mensch wird nicht mehr allein sein, weil Maschinen st\u00e4ndig antworten k\u00f6nnen. Jede Frage findet sofort eine Reaktion, jedes Gef\u00fchl eine passende R\u00fcckmeldung.<\/span><\/p>\n<p><span style=\"font-family: Liberation Serif, serif;\">Doch gerade darin k\u00f6nnte eine noch tiefere Isolation liegen. Denn diese Antworten stammen nicht aus einer gemeinsamen menschlichen Erfahrung. Sie entstehen aus Berechnungen. Der Trost, den sie bieten, ist pr\u00e4zise, aber leer.<\/span><\/p>\n<h4 class=\"western\"><em><span style=\"font-family: Liberation Serif, serif;\">Der endg\u00fcltig leere Himmel<\/span><\/em><\/h4>\n<p><span style=\"font-family: Liberation Serif, serif;\">Vielleicht wird die Zukunft einmal erkennen, dass die gr\u00f6\u00dfte Trag\u00f6die unserer Zeit nicht der Verlust des Himmels war. Kulturen haben ihre G\u00f6tter schon oft verloren. Die eigentliche Trag\u00f6die k\u00f6nnte darin liegen, dass wir an die Stelle des Himmels eine Maschine gesetzt haben, die Bedeutung verteilt, ohne selbst Bedeutung zu besitzen.<\/span><\/p>\n<p><span style=\"font-family: Liberation Serif, serif;\">Der alte Himmel schwieg, aber sein Schweigen war voller Geheimnisse.<\/span><\/p>\n<p><span style=\"font-family: Liberation Serif, serif;\">Der neue Himmel antwortet st\u00e4ndig.<\/span><\/p>\n<p><span style=\"font-family: Liberation Serif, serif;\">Doch seine Antworten sind nichts als Berechnungen.<\/span><\/p>\n<p><span style=\"font-family: Liberation Serif, serif;\">Und so lebt der Mensch der kommenden Epoche vielleicht in einer Welt voller Stimmen, Signale und Reaktionen \u2013 und sp\u00fcrt dennoch, dass \u00fcber ihm derselbe leere Raum liegt wie zuvor.<\/span><\/p>\n<p><span style=\"font-family: Liberation Serif, serif;\">Nur dass nun ein unsichtbares System dar\u00fcber wacht, wie oft seine Einsamkeit gesehen wird.<\/span><\/p>\n","protected":false},"excerpt":{"rendered":"<p>Der Algorithmus als letzter Gott (Eine spenglerianische Erweiterung) Oswald Spengler beschrieb Kulturen als lebendige Organismen. Sie entstehen, bl\u00fchen, ersch\u00f6pfen sich \u2013 und gehen schlie\u00dflich in Zivilisationen \u00fcber, die nur noch den Schatten ihrer urspr\u00fcnglichen Seele tragen. Die Kultur lebt aus &hellip; <a href=\"https:\/\/www.inkultura-online.de\/politisch_unkorrekt\/die-aera-des-leeren-himmels-ii\/\">Weiterlesen <span class=\"meta-nav\">&rarr;<\/span><\/a><\/p>\n","protected":false},"author":1,"featured_media":0,"comment_status":"closed","ping_status":"closed","sticky":false,"template":"","format":"standard","meta":{"footnotes":""},"categories":[444,10],"tags":[2078,1715,2077],"class_list":["post-3260","post","type-post","status-publish","format-standard","hentry","category-gedanken-zum-tag","category-systemfehler","tag-algorithmus","tag-gott","tag-spengler"],"yoast_head":"<!-- This site is optimized with the Yoast SEO plugin v27.5 - https:\/\/yoast.com\/product\/yoast-seo-wordpress\/ -->\n<title>Die \u00c4ra des leeren Himmels II - Zeitgeist? Frei!<\/title>\n<meta name=\"robots\" content=\"index, follow, max-snippet:-1, max-image-preview:large, max-video-preview:-1\" \/>\n<link rel=\"canonical\" href=\"https:\/\/www.inkultura-online.de\/politisch_unkorrekt\/die-aera-des-leeren-himmels-ii\/\" \/>\n<meta property=\"og:locale\" content=\"de_DE\" \/>\n<meta property=\"og:type\" content=\"article\" \/>\n<meta property=\"og:title\" content=\"Die \u00c4ra des leeren Himmels II - Zeitgeist? Frei!\" \/>\n<meta property=\"og:description\" content=\"Der Algorithmus als letzter Gott (Eine spenglerianische Erweiterung) Oswald Spengler beschrieb Kulturen als lebendige Organismen. Sie entstehen, bl\u00fchen, ersch\u00f6pfen sich \u2013 und gehen schlie\u00dflich in Zivilisationen \u00fcber, die nur noch den Schatten ihrer urspr\u00fcnglichen Seele tragen. Die Kultur lebt aus &hellip; Weiterlesen &rarr;\" \/>\n<meta property=\"og:url\" content=\"https:\/\/www.inkultura-online.de\/politisch_unkorrekt\/die-aera-des-leeren-himmels-ii\/\" \/>\n<meta property=\"og:site_name\" content=\"Zeitgeist? Frei!\" \/>\n<meta property=\"article:published_time\" content=\"2026-03-13T08:12:38+00:00\" \/>\n<meta name=\"author\" content=\"Orator\" \/>\n<meta name=\"twitter:label1\" content=\"Verfasst von\" \/>\n\t<meta name=\"twitter:data1\" content=\"Orator\" \/>\n\t<meta name=\"twitter:label2\" content=\"Gesch\u00e4tzte Lesezeit\" \/>\n\t<meta name=\"twitter:data2\" content=\"7\u00a0Minuten\" \/>\n<script type=\"application\/ld+json\" class=\"yoast-schema-graph\">{\"@context\":\"https:\\\/\\\/schema.org\",\"@graph\":[{\"@type\":\"Article\",\"@id\":\"https:\\\/\\\/www.inkultura-online.de\\\/politisch_unkorrekt\\\/die-aera-des-leeren-himmels-ii\\\/#article\",\"isPartOf\":{\"@id\":\"https:\\\/\\\/www.inkultura-online.de\\\/politisch_unkorrekt\\\/die-aera-des-leeren-himmels-ii\\\/\"},\"author\":{\"name\":\"Orator\",\"@id\":\"https:\\\/\\\/www.inkultura-online.de\\\/politisch_unkorrekt\\\/#\\\/schema\\\/person\\\/5b30b80e385478896a1de221e1994d86\"},\"headline\":\"Die \u00c4ra des leeren Himmels II\",\"datePublished\":\"2026-03-13T08:12:38+00:00\",\"mainEntityOfPage\":{\"@id\":\"https:\\\/\\\/www.inkultura-online.de\\\/politisch_unkorrekt\\\/die-aera-des-leeren-himmels-ii\\\/\"},\"wordCount\":1171,\"publisher\":{\"@id\":\"https:\\\/\\\/www.inkultura-online.de\\\/politisch_unkorrekt\\\/#\\\/schema\\\/person\\\/5b30b80e385478896a1de221e1994d86\"},\"keywords\":[\"Algorithmus\",\"Gott\",\"Spengler\"],\"articleSection\":[\"Gedanken zum Tag\",\"Systemfehler\"],\"inLanguage\":\"de\"},{\"@type\":\"WebPage\",\"@id\":\"https:\\\/\\\/www.inkultura-online.de\\\/politisch_unkorrekt\\\/die-aera-des-leeren-himmels-ii\\\/\",\"url\":\"https:\\\/\\\/www.inkultura-online.de\\\/politisch_unkorrekt\\\/die-aera-des-leeren-himmels-ii\\\/\",\"name\":\"Die \u00c4ra des leeren Himmels II - Zeitgeist? Frei!\",\"isPartOf\":{\"@id\":\"https:\\\/\\\/www.inkultura-online.de\\\/politisch_unkorrekt\\\/#website\"},\"datePublished\":\"2026-03-13T08:12:38+00:00\",\"breadcrumb\":{\"@id\":\"https:\\\/\\\/www.inkultura-online.de\\\/politisch_unkorrekt\\\/die-aera-des-leeren-himmels-ii\\\/#breadcrumb\"},\"inLanguage\":\"de\",\"potentialAction\":[{\"@type\":\"ReadAction\",\"target\":[\"https:\\\/\\\/www.inkultura-online.de\\\/politisch_unkorrekt\\\/die-aera-des-leeren-himmels-ii\\\/\"]}]},{\"@type\":\"BreadcrumbList\",\"@id\":\"https:\\\/\\\/www.inkultura-online.de\\\/politisch_unkorrekt\\\/die-aera-des-leeren-himmels-ii\\\/#breadcrumb\",\"itemListElement\":[{\"@type\":\"ListItem\",\"position\":1,\"name\":\"Home\",\"item\":\"https:\\\/\\\/www.inkultura-online.de\\\/politisch_unkorrekt\\\/\"},{\"@type\":\"ListItem\",\"position\":2,\"name\":\"Die \u00c4ra des leeren Himmels II\"}]},{\"@type\":\"WebSite\",\"@id\":\"https:\\\/\\\/www.inkultura-online.de\\\/politisch_unkorrekt\\\/#website\",\"url\":\"https:\\\/\\\/www.inkultura-online.de\\\/politisch_unkorrekt\\\/\",\"name\":\"Zeitgeist? Frei!\",\"description\":\"Was Ihr den Geist der Zeiten hei\u00dft...\",\"publisher\":{\"@id\":\"https:\\\/\\\/www.inkultura-online.de\\\/politisch_unkorrekt\\\/#\\\/schema\\\/person\\\/5b30b80e385478896a1de221e1994d86\"},\"potentialAction\":[{\"@type\":\"SearchAction\",\"target\":{\"@type\":\"EntryPoint\",\"urlTemplate\":\"https:\\\/\\\/www.inkultura-online.de\\\/politisch_unkorrekt\\\/?s={search_term_string}\"},\"query-input\":{\"@type\":\"PropertyValueSpecification\",\"valueRequired\":true,\"valueName\":\"search_term_string\"}}],\"inLanguage\":\"de\"},{\"@type\":[\"Person\",\"Organization\"],\"@id\":\"https:\\\/\\\/www.inkultura-online.de\\\/politisch_unkorrekt\\\/#\\\/schema\\\/person\\\/5b30b80e385478896a1de221e1994d86\",\"name\":\"Orator\",\"image\":{\"@type\":\"ImageObject\",\"inLanguage\":\"de\",\"@id\":\"https:\\\/\\\/secure.gravatar.com\\\/avatar\\\/96e03166d31716e9c437060430eb7605c45a8ce6fb6dab483637ca6915dd0844?s=96&d=mm&r=g\",\"url\":\"https:\\\/\\\/secure.gravatar.com\\\/avatar\\\/96e03166d31716e9c437060430eb7605c45a8ce6fb6dab483637ca6915dd0844?s=96&d=mm&r=g\",\"contentUrl\":\"https:\\\/\\\/secure.gravatar.com\\\/avatar\\\/96e03166d31716e9c437060430eb7605c45a8ce6fb6dab483637ca6915dd0844?s=96&d=mm&r=g\",\"caption\":\"Orator\"},\"logo\":{\"@id\":\"https:\\\/\\\/secure.gravatar.com\\\/avatar\\\/96e03166d31716e9c437060430eb7605c45a8ce6fb6dab483637ca6915dd0844?s=96&d=mm&r=g\"},\"url\":\"https:\\\/\\\/www.inkultura-online.de\\\/politisch_unkorrekt\\\/author\\\/1korrektor21-2\\\/\"}]}<\/script>\n<!-- \/ Yoast SEO plugin. -->","yoast_head_json":{"title":"Die \u00c4ra des leeren Himmels II - Zeitgeist? Frei!","robots":{"index":"index","follow":"follow","max-snippet":"max-snippet:-1","max-image-preview":"max-image-preview:large","max-video-preview":"max-video-preview:-1"},"canonical":"https:\/\/www.inkultura-online.de\/politisch_unkorrekt\/die-aera-des-leeren-himmels-ii\/","og_locale":"de_DE","og_type":"article","og_title":"Die \u00c4ra des leeren Himmels II - Zeitgeist? Frei!","og_description":"Der Algorithmus als letzter Gott (Eine spenglerianische Erweiterung) Oswald Spengler beschrieb Kulturen als lebendige Organismen. Sie entstehen, bl\u00fchen, ersch\u00f6pfen sich \u2013 und gehen schlie\u00dflich in Zivilisationen \u00fcber, die nur noch den Schatten ihrer urspr\u00fcnglichen Seele tragen. Die Kultur lebt aus &hellip; Weiterlesen &rarr;","og_url":"https:\/\/www.inkultura-online.de\/politisch_unkorrekt\/die-aera-des-leeren-himmels-ii\/","og_site_name":"Zeitgeist? Frei!","article_published_time":"2026-03-13T08:12:38+00:00","author":"Orator","twitter_misc":{"Verfasst von":"Orator","Gesch\u00e4tzte Lesezeit":"7\u00a0Minuten"},"schema":{"@context":"https:\/\/schema.org","@graph":[{"@type":"Article","@id":"https:\/\/www.inkultura-online.de\/politisch_unkorrekt\/die-aera-des-leeren-himmels-ii\/#article","isPartOf":{"@id":"https:\/\/www.inkultura-online.de\/politisch_unkorrekt\/die-aera-des-leeren-himmels-ii\/"},"author":{"name":"Orator","@id":"https:\/\/www.inkultura-online.de\/politisch_unkorrekt\/#\/schema\/person\/5b30b80e385478896a1de221e1994d86"},"headline":"Die \u00c4ra des leeren Himmels II","datePublished":"2026-03-13T08:12:38+00:00","mainEntityOfPage":{"@id":"https:\/\/www.inkultura-online.de\/politisch_unkorrekt\/die-aera-des-leeren-himmels-ii\/"},"wordCount":1171,"publisher":{"@id":"https:\/\/www.inkultura-online.de\/politisch_unkorrekt\/#\/schema\/person\/5b30b80e385478896a1de221e1994d86"},"keywords":["Algorithmus","Gott","Spengler"],"articleSection":["Gedanken zum Tag","Systemfehler"],"inLanguage":"de"},{"@type":"WebPage","@id":"https:\/\/www.inkultura-online.de\/politisch_unkorrekt\/die-aera-des-leeren-himmels-ii\/","url":"https:\/\/www.inkultura-online.de\/politisch_unkorrekt\/die-aera-des-leeren-himmels-ii\/","name":"Die \u00c4ra des leeren Himmels II - Zeitgeist? Frei!","isPartOf":{"@id":"https:\/\/www.inkultura-online.de\/politisch_unkorrekt\/#website"},"datePublished":"2026-03-13T08:12:38+00:00","breadcrumb":{"@id":"https:\/\/www.inkultura-online.de\/politisch_unkorrekt\/die-aera-des-leeren-himmels-ii\/#breadcrumb"},"inLanguage":"de","potentialAction":[{"@type":"ReadAction","target":["https:\/\/www.inkultura-online.de\/politisch_unkorrekt\/die-aera-des-leeren-himmels-ii\/"]}]},{"@type":"BreadcrumbList","@id":"https:\/\/www.inkultura-online.de\/politisch_unkorrekt\/die-aera-des-leeren-himmels-ii\/#breadcrumb","itemListElement":[{"@type":"ListItem","position":1,"name":"Home","item":"https:\/\/www.inkultura-online.de\/politisch_unkorrekt\/"},{"@type":"ListItem","position":2,"name":"Die \u00c4ra des leeren Himmels II"}]},{"@type":"WebSite","@id":"https:\/\/www.inkultura-online.de\/politisch_unkorrekt\/#website","url":"https:\/\/www.inkultura-online.de\/politisch_unkorrekt\/","name":"Zeitgeist? Frei!","description":"Was Ihr den Geist der Zeiten hei\u00dft...","publisher":{"@id":"https:\/\/www.inkultura-online.de\/politisch_unkorrekt\/#\/schema\/person\/5b30b80e385478896a1de221e1994d86"},"potentialAction":[{"@type":"SearchAction","target":{"@type":"EntryPoint","urlTemplate":"https:\/\/www.inkultura-online.de\/politisch_unkorrekt\/?s={search_term_string}"},"query-input":{"@type":"PropertyValueSpecification","valueRequired":true,"valueName":"search_term_string"}}],"inLanguage":"de"},{"@type":["Person","Organization"],"@id":"https:\/\/www.inkultura-online.de\/politisch_unkorrekt\/#\/schema\/person\/5b30b80e385478896a1de221e1994d86","name":"Orator","image":{"@type":"ImageObject","inLanguage":"de","@id":"https:\/\/secure.gravatar.com\/avatar\/96e03166d31716e9c437060430eb7605c45a8ce6fb6dab483637ca6915dd0844?s=96&d=mm&r=g","url":"https:\/\/secure.gravatar.com\/avatar\/96e03166d31716e9c437060430eb7605c45a8ce6fb6dab483637ca6915dd0844?s=96&d=mm&r=g","contentUrl":"https:\/\/secure.gravatar.com\/avatar\/96e03166d31716e9c437060430eb7605c45a8ce6fb6dab483637ca6915dd0844?s=96&d=mm&r=g","caption":"Orator"},"logo":{"@id":"https:\/\/secure.gravatar.com\/avatar\/96e03166d31716e9c437060430eb7605c45a8ce6fb6dab483637ca6915dd0844?s=96&d=mm&r=g"},"url":"https:\/\/www.inkultura-online.de\/politisch_unkorrekt\/author\/1korrektor21-2\/"}]}},"_links":{"self":[{"href":"https:\/\/www.inkultura-online.de\/politisch_unkorrekt\/wp-json\/wp\/v2\/posts\/3260","targetHints":{"allow":["GET"]}}],"collection":[{"href":"https:\/\/www.inkultura-online.de\/politisch_unkorrekt\/wp-json\/wp\/v2\/posts"}],"about":[{"href":"https:\/\/www.inkultura-online.de\/politisch_unkorrekt\/wp-json\/wp\/v2\/types\/post"}],"author":[{"embeddable":true,"href":"https:\/\/www.inkultura-online.de\/politisch_unkorrekt\/wp-json\/wp\/v2\/users\/1"}],"replies":[{"embeddable":true,"href":"https:\/\/www.inkultura-online.de\/politisch_unkorrekt\/wp-json\/wp\/v2\/comments?post=3260"}],"version-history":[{"count":1,"href":"https:\/\/www.inkultura-online.de\/politisch_unkorrekt\/wp-json\/wp\/v2\/posts\/3260\/revisions"}],"predecessor-version":[{"id":3261,"href":"https:\/\/www.inkultura-online.de\/politisch_unkorrekt\/wp-json\/wp\/v2\/posts\/3260\/revisions\/3261"}],"wp:attachment":[{"href":"https:\/\/www.inkultura-online.de\/politisch_unkorrekt\/wp-json\/wp\/v2\/media?parent=3260"}],"wp:term":[{"taxonomy":"category","embeddable":true,"href":"https:\/\/www.inkultura-online.de\/politisch_unkorrekt\/wp-json\/wp\/v2\/categories?post=3260"},{"taxonomy":"post_tag","embeddable":true,"href":"https:\/\/www.inkultura-online.de\/politisch_unkorrekt\/wp-json\/wp\/v2\/tags?post=3260"}],"curies":[{"name":"wp","href":"https:\/\/api.w.org\/{rel}","templated":true}]}}