{"id":3262,"date":"2026-03-14T10:32:08","date_gmt":"2026-03-14T08:32:08","guid":{"rendered":"https:\/\/www.inkultura-online.de\/politisch_unkorrekt\/?p=3262"},"modified":"2026-03-14T10:32:59","modified_gmt":"2026-03-14T08:32:59","slug":"wer-haette-das-gedacht-2","status":"publish","type":"post","link":"https:\/\/www.inkultura-online.de\/politisch_unkorrekt\/wer-haette-das-gedacht-2\/","title":{"rendered":"Wer h\u00e4tte das gedacht?"},"content":{"rendered":"<p>Es gibt Momente im politischen Leben eines Landes, in denen eine Erkenntnis pl\u00f6tzlich mit der Wucht einer Offenbarung einschl\u00e4gt. Ein Schleier zerrei\u00dft, eine Wahrheit tritt ans Licht, und die Republik reibt sich verwundert die Augen.<\/p>\n<p>So geschehen dieser Tage, als <a href=\"https:\/\/www.welt.de\/politik\/deutschland\/article69b3bc6d28b7770e637eb393\/islamismus-gesellschaftliche-zeitbombe-politiker-fordern-konsequenzen-nach-studie-zu-jungen-muslimen.html\" target=\"_blank\" rel=\"noopener\">eine Studie<\/a> \u00fcber islamistische Einstellungen unter jungen Muslimen ver\u00f6ffentlicht wurde. Sie f\u00f6rderte Ergebnisse zutage, die in Berlin eine Mischung aus Ersch\u00fctterung, Besorgnis und der vorsichtigen Bildung von Arbeitsgruppen hervorriefen.<\/p>\n<p>Ein Teil junger Muslime \u2013 man halte sich fest \u2013 \u00e4u\u00dfert Sympathien f\u00fcr islamistische Positionen.<\/p>\n<p>Wer h\u00e4tte das gedacht?<!--more--><\/p>\n<h4 class=\"western\">Die \u00dcberraschung der professionell \u00dcberraschten<\/h4>\n<p>Die politische Klasse reagierte erwartungsgem\u00e4\u00df \u00fcberrascht. Manche \u00e4u\u00dferten sich sogar \u201ealarmiert\u201c. Das ist in der deutschen Politik die h\u00f6chste Steigerungsform der Betroffenheit, knapp unter \u201eTaskforce\u201c.<\/p>\n<p>Man sieht bestimmt bald politisches Personal in Talkshows, das mit jener ernsten Stirnfalte erkl\u00e4rten, man m\u00fcsse diese Entwicklung \u201esehr ernst nehmen\u201c. Dasselbe Personal hat allerdings \u00fcber Jahre hinweg jede Diskussion \u00fcber genau diese Entwicklung mit dem Hinweis beendet, sie sei \u201eproblematisierend\u201c, \u201estigmatisierend\u201c oder schlicht \u201enicht hilfreich\u201c.<\/p>\n<p>So ist das eben mit Problemen:<\/p>\n<p>Solange sie nur existieren, sind sie st\u00f6rend.<\/p>\n<p>Erst wenn sie statistisch messbar werden, sind sie politisch interessant.<\/p>\n<h4 class=\"western\">Die Kunst des Nicht-Sehens<\/h4>\n<p>Deutschland hat in den vergangenen zwei Jahrzehnten eine bemerkenswerte F\u00e4higkeit kultiviert: die Kunst des Nicht-Sehens.<\/p>\n<p>Es gab Lehrer, die von religi\u00f6sem Druck in Schulklassen berichteten.<\/p>\n<p>Es gab Polizisten, die vor islamistischen Netzwerken warnten.<\/p>\n<p>Es gab Sozialarbeiter, die erz\u00e4hlten, wie junge M\u00e4nner sich zunehmend in religi\u00f6s-identit\u00e4re Milieus zur\u00fcckzogen.<\/p>\n<p>Doch all das galt lange als Randph\u00e4nomen \u2013 oder, noch eleganter formuliert: als \u201eNarrativ\u201c.<\/p>\n<p>Ein Narrativ ist in der modernen Debattenkultur eine Tatsache, die politisch unerw\u00fcnscht ist.<\/p>\n<h4 class=\"western\">Integration als p\u00e4dagogisches Projekt<\/h4>\n<p>Die deutsche Integrationspolitik beruhte lange auf einer optimistischen Annahme:<\/p>\n<p>Menschen werden automatisch liberal, wenn man ihnen gen\u00fcgend Integrationskurse, Dialogveranstaltungen und interkulturelle Sommerfeste anbietet.<\/p>\n<p>Der Gedanke, dass religi\u00f6se Ideologien sich m\u00f6glicherweise nicht durch Moderationskarten und Gespr\u00e4chskreise aufl\u00f6sen, galt als unn\u00f6tig pessimistisch.<\/p>\n<p>Man glaubte ernsthaft, Radikalismus sei im Grunde ein Kommunikationsproblem.<\/p>\n<p>H\u00e4tte man nur lange genug miteinander geredet \u2013 vielleicht bei Pfefferminztee und Geb\u00e4ck \u2013, w\u00e4re der politische Islam vermutlich irgendwann freiwillig zum Grundgesetz \u00fcbergetreten.<\/p>\n<h4 class=\"western\">Die Zahlen, die keiner bestellen wollte<\/h4>\n<p>Nun liegen sie also da, die Zahlen. Nicht bestellt, nicht gew\u00fcnscht, aber vorhanden.<\/p>\n<p>Ein signifikanter Teil der Befragten h\u00e4lt religi\u00f6se Regeln f\u00fcr wichtiger als staatliche Gesetze oder kann sich eine religi\u00f6se Ordnung vorstellen, die mit liberaler Demokratie wenig zu tun hat.<\/p>\n<p>Das ist nat\u00fcrlich unerquicklich. Denn Zahlen haben eine unangenehme Eigenschaft: Sie widersprechen manchmal politischen Erz\u00e4hlungen. Und politische Erz\u00e4hlungen sind das Fundament moderner Regierungskunst.<\/p>\n<h4 class=\"western\">Der reflexhafte Diskurs<\/h4>\n<p>Kaum sind solche Studien ver\u00f6ffentlicht, beginnt in Deutschland ein ritualisierter Diskurs, der sich seit Jahren bew\u00e4hrt hat.<\/p>\n<p>Zuerst folgt der Hinweis, man d\u00fcrfe \u201enicht pauschalisieren\u201c.<\/p>\n<p>Dann kommt der Hinweis, dass auch Rechtsextremismus ein Problem sei.<\/p>\n<p>Darauf folgt der Hinweis, dass soziale Benachteiligung eine Rolle spiele.<\/p>\n<p>Und schlie\u00dflich erkl\u00e4rt jemand, das eigentliche Problem sei die \u201eDebattenkultur\u201c.<\/p>\n<p>Am Ende steht die beruhigende Erkenntnis: Das Problem ist kompliziert. Und komplizierte Probleme haben einen gro\u00dfen Vorteil: Sie lassen sich hervorragend vertagen.<\/p>\n<h4 class=\"western\">Die sp\u00e4te Entdeckung der Realit\u00e4t<\/h4>\n<p>Das eigentlich Faszinierende an der aktuellen Debatte ist jedoch der Zeitpunkt. Denn die Diskussion \u00fcber islamistische Parallelmilieus ist ungef\u00e4hr so neu wie der Berliner Flughafen. Man hat nur lange so getan, als existiere sie nicht.<\/p>\n<p>\u00dcber Jahre hinweg galt eine simple Regel:<\/p>\n<p>Wer fr\u00fch \u00fcber das Problem sprach, war verd\u00e4chtig.<\/p>\n<p>Wer sp\u00e4t dar\u00fcber sprach, war verantwortungsvoll.<\/p>\n<p>Und wer sehr sp\u00e4t dar\u00fcber spricht, wird Experte.<\/p>\n<h4 class=\"western\">Politik als \u00dcberraschungstheater<\/h4>\n<p>Die deutsche Politik gleicht in solchen Momenten einem Theaterst\u00fcck, dessen Handlung allen bekannt ist, nur die Schauspieler wirken jedes Mal aufs Neue verbl\u00fcfft \u00fcber den Fortgang der Geschichte. Man hat Migration organisiert, Integration verwaltet, religi\u00f6se Verb\u00e4nde hofiert und gesellschaftliche Konflikte rhetorisch entsch\u00e4rft.<\/p>\n<p>Und nun stellt man fest, dass Ideologien tats\u00e4chlich existieren.<\/p>\n<p>Es ist ungef\u00e4hr so, als w\u00fcrde man nach zwanzig Jahren Autofahren pl\u00f6tzlich feststellen, dass Motoren Ger\u00e4usche machen.<\/p>\n<h4 class=\"western\">Die Zukunft der Problembew\u00e4ltigung<\/h4>\n<p>Nat\u00fcrlich wird nun gehandelt. Deutschland handelt immer \u2013 nur etwas sp\u00e4ter.<\/p>\n<p>Es wird Programme geben.<\/p>\n<p>Strategien.<\/p>\n<p>Dialogplattformen.<\/p>\n<p>Koordinierungsstellen.<\/p>\n<p>Vielleicht sogar einen \u201eNationalen Aktionsplan gegen Radikalisierungsnarrative im Kontext pluraler Gesellschaften\u201c. Das klingt nicht nur eindrucksvoll, sondern garantiert auch eine beeindruckende Zahl an Sitzungen. Ob sich dadurch etwas \u00e4ndert, ist eine andere Frage.<\/p>\n<p>Aber Sitzungen sind in Deutschland eine bew\u00e4hrte Methode, Realit\u00e4t zu bearbeiten, ohne sie direkt ber\u00fchren zu m\u00fcssen.<\/p>\n<h4 class=\"western\">Ein kleiner Ausblick<\/h4>\n<p>Vielleicht ist die aktuelle Studie dennoch ein Fortschritt. Nicht, weil sie etwas Neues entdeckt h\u00e4tte, sondern weil sie etwas Offensichtliches endlich messbar macht. Gesellschaftliche Probleme verschwinden nicht dadurch, dass man sie h\u00f6flich ignoriert. Ideologien l\u00f6sen sich nicht auf, weil man sie f\u00fcr missverst\u00e4ndlich erkl\u00e4rt.<\/p>\n<p>Und Integration ist keine p\u00e4dagogische \u00dcbung, sondern eine kulturelle und politische Herausforderung.<\/p>\n<p>All das h\u00e4tte man nat\u00fcrlich auch fr\u00fcher wissen k\u00f6nnen. Aber Deutschland ist ein geduldiges Land. Es wartet gerne, bis die Realit\u00e4t h\u00f6flich anklopft. Und wenn sie dann hereinkommt, blickt man erstaunt auf und sagt:<\/p>\n<p><strong>Wer h\u00e4tte das gedacht?<\/strong><\/p>\n","protected":false},"excerpt":{"rendered":"<p>Es gibt Momente im politischen Leben eines Landes, in denen eine Erkenntnis pl\u00f6tzlich mit der Wucht einer Offenbarung einschl\u00e4gt. Ein Schleier zerrei\u00dft, eine Wahrheit tritt ans Licht, und die Republik reibt sich verwundert die Augen. So geschehen dieser Tage, als &hellip; <a href=\"https:\/\/www.inkultura-online.de\/politisch_unkorrekt\/wer-haette-das-gedacht-2\/\">Weiterlesen <span class=\"meta-nav\">&rarr;<\/span><\/a><\/p>\n","protected":false},"author":1,"featured_media":0,"comment_status":"closed","ping_status":"closed","sticky":false,"template":"","format":"standard","meta":{"footnotes":""},"categories":[1,444,146,30,10],"tags":[707,383,27,21,630,229],"class_list":["post-3262","post","type-post","status-publish","format-standard","hentry","category-fundstuecke","category-gedanken-zum-tag","category-keine-islamisierung","category-so-siehts-aus","category-systemfehler","tag-gescheiterte-integration","tag-grundgesetz","tag-integration","tag-islam","tag-loyalitaet","tag-scharia"],"yoast_head":"<!-- This site is optimized with the Yoast SEO plugin v27.5 - https:\/\/yoast.com\/product\/yoast-seo-wordpress\/ -->\n<title>Wer h\u00e4tte das gedacht? - Zeitgeist? Frei!<\/title>\n<meta name=\"robots\" content=\"index, follow, max-snippet:-1, max-image-preview:large, max-video-preview:-1\" \/>\n<link rel=\"canonical\" href=\"https:\/\/www.inkultura-online.de\/politisch_unkorrekt\/wer-haette-das-gedacht-2\/\" \/>\n<meta property=\"og:locale\" content=\"de_DE\" \/>\n<meta property=\"og:type\" content=\"article\" \/>\n<meta property=\"og:title\" content=\"Wer h\u00e4tte das gedacht? - Zeitgeist? Frei!\" \/>\n<meta property=\"og:description\" content=\"Es gibt Momente im politischen Leben eines Landes, in denen eine Erkenntnis pl\u00f6tzlich mit der Wucht einer Offenbarung einschl\u00e4gt. Ein Schleier zerrei\u00dft, eine Wahrheit tritt ans Licht, und die Republik reibt sich verwundert die Augen. So geschehen dieser Tage, als &hellip; Weiterlesen &rarr;\" \/>\n<meta property=\"og:url\" content=\"https:\/\/www.inkultura-online.de\/politisch_unkorrekt\/wer-haette-das-gedacht-2\/\" \/>\n<meta property=\"og:site_name\" content=\"Zeitgeist? Frei!\" \/>\n<meta property=\"article:published_time\" content=\"2026-03-14T08:32:08+00:00\" \/>\n<meta property=\"article:modified_time\" content=\"2026-03-14T08:32:59+00:00\" \/>\n<meta name=\"author\" content=\"Orator\" \/>\n<meta name=\"twitter:label1\" content=\"Verfasst von\" \/>\n\t<meta name=\"twitter:data1\" content=\"Orator\" \/>\n\t<meta name=\"twitter:label2\" content=\"Gesch\u00e4tzte Lesezeit\" \/>\n\t<meta name=\"twitter:data2\" content=\"5\u00a0Minuten\" \/>\n<script type=\"application\/ld+json\" class=\"yoast-schema-graph\">{\"@context\":\"https:\\\/\\\/schema.org\",\"@graph\":[{\"@type\":\"Article\",\"@id\":\"https:\\\/\\\/www.inkultura-online.de\\\/politisch_unkorrekt\\\/wer-haette-das-gedacht-2\\\/#article\",\"isPartOf\":{\"@id\":\"https:\\\/\\\/www.inkultura-online.de\\\/politisch_unkorrekt\\\/wer-haette-das-gedacht-2\\\/\"},\"author\":{\"name\":\"Orator\",\"@id\":\"https:\\\/\\\/www.inkultura-online.de\\\/politisch_unkorrekt\\\/#\\\/schema\\\/person\\\/5b30b80e385478896a1de221e1994d86\"},\"headline\":\"Wer h\u00e4tte das gedacht?\",\"datePublished\":\"2026-03-14T08:32:08+00:00\",\"dateModified\":\"2026-03-14T08:32:59+00:00\",\"mainEntityOfPage\":{\"@id\":\"https:\\\/\\\/www.inkultura-online.de\\\/politisch_unkorrekt\\\/wer-haette-das-gedacht-2\\\/\"},\"wordCount\":887,\"publisher\":{\"@id\":\"https:\\\/\\\/www.inkultura-online.de\\\/politisch_unkorrekt\\\/#\\\/schema\\\/person\\\/5b30b80e385478896a1de221e1994d86\"},\"keywords\":[\"gescheiterte Integration\",\"Grundgesetz\",\"Integration\",\"Islam\",\"Loyalit\u00e4t\",\"Scharia\"],\"articleSection\":[\"Fundst\u00fccke\",\"Gedanken zum Tag\",\"Keine Islamisierung?\",\"So sieht\u00b4s aus\",\"Systemfehler\"],\"inLanguage\":\"de\"},{\"@type\":\"WebPage\",\"@id\":\"https:\\\/\\\/www.inkultura-online.de\\\/politisch_unkorrekt\\\/wer-haette-das-gedacht-2\\\/\",\"url\":\"https:\\\/\\\/www.inkultura-online.de\\\/politisch_unkorrekt\\\/wer-haette-das-gedacht-2\\\/\",\"name\":\"Wer h\u00e4tte das gedacht? - Zeitgeist? Frei!\",\"isPartOf\":{\"@id\":\"https:\\\/\\\/www.inkultura-online.de\\\/politisch_unkorrekt\\\/#website\"},\"datePublished\":\"2026-03-14T08:32:08+00:00\",\"dateModified\":\"2026-03-14T08:32:59+00:00\",\"breadcrumb\":{\"@id\":\"https:\\\/\\\/www.inkultura-online.de\\\/politisch_unkorrekt\\\/wer-haette-das-gedacht-2\\\/#breadcrumb\"},\"inLanguage\":\"de\",\"potentialAction\":[{\"@type\":\"ReadAction\",\"target\":[\"https:\\\/\\\/www.inkultura-online.de\\\/politisch_unkorrekt\\\/wer-haette-das-gedacht-2\\\/\"]}]},{\"@type\":\"BreadcrumbList\",\"@id\":\"https:\\\/\\\/www.inkultura-online.de\\\/politisch_unkorrekt\\\/wer-haette-das-gedacht-2\\\/#breadcrumb\",\"itemListElement\":[{\"@type\":\"ListItem\",\"position\":1,\"name\":\"Home\",\"item\":\"https:\\\/\\\/www.inkultura-online.de\\\/politisch_unkorrekt\\\/\"},{\"@type\":\"ListItem\",\"position\":2,\"name\":\"Wer h\u00e4tte das gedacht?\"}]},{\"@type\":\"WebSite\",\"@id\":\"https:\\\/\\\/www.inkultura-online.de\\\/politisch_unkorrekt\\\/#website\",\"url\":\"https:\\\/\\\/www.inkultura-online.de\\\/politisch_unkorrekt\\\/\",\"name\":\"Zeitgeist? Frei!\",\"description\":\"Was Ihr den Geist der Zeiten hei\u00dft...\",\"publisher\":{\"@id\":\"https:\\\/\\\/www.inkultura-online.de\\\/politisch_unkorrekt\\\/#\\\/schema\\\/person\\\/5b30b80e385478896a1de221e1994d86\"},\"potentialAction\":[{\"@type\":\"SearchAction\",\"target\":{\"@type\":\"EntryPoint\",\"urlTemplate\":\"https:\\\/\\\/www.inkultura-online.de\\\/politisch_unkorrekt\\\/?s={search_term_string}\"},\"query-input\":{\"@type\":\"PropertyValueSpecification\",\"valueRequired\":true,\"valueName\":\"search_term_string\"}}],\"inLanguage\":\"de\"},{\"@type\":[\"Person\",\"Organization\"],\"@id\":\"https:\\\/\\\/www.inkultura-online.de\\\/politisch_unkorrekt\\\/#\\\/schema\\\/person\\\/5b30b80e385478896a1de221e1994d86\",\"name\":\"Orator\",\"image\":{\"@type\":\"ImageObject\",\"inLanguage\":\"de\",\"@id\":\"https:\\\/\\\/secure.gravatar.com\\\/avatar\\\/96e03166d31716e9c437060430eb7605c45a8ce6fb6dab483637ca6915dd0844?s=96&d=mm&r=g\",\"url\":\"https:\\\/\\\/secure.gravatar.com\\\/avatar\\\/96e03166d31716e9c437060430eb7605c45a8ce6fb6dab483637ca6915dd0844?s=96&d=mm&r=g\",\"contentUrl\":\"https:\\\/\\\/secure.gravatar.com\\\/avatar\\\/96e03166d31716e9c437060430eb7605c45a8ce6fb6dab483637ca6915dd0844?s=96&d=mm&r=g\",\"caption\":\"Orator\"},\"logo\":{\"@id\":\"https:\\\/\\\/secure.gravatar.com\\\/avatar\\\/96e03166d31716e9c437060430eb7605c45a8ce6fb6dab483637ca6915dd0844?s=96&d=mm&r=g\"},\"url\":\"https:\\\/\\\/www.inkultura-online.de\\\/politisch_unkorrekt\\\/author\\\/1korrektor21-2\\\/\"}]}<\/script>\n<!-- \/ Yoast SEO plugin. -->","yoast_head_json":{"title":"Wer h\u00e4tte das gedacht? - Zeitgeist? Frei!","robots":{"index":"index","follow":"follow","max-snippet":"max-snippet:-1","max-image-preview":"max-image-preview:large","max-video-preview":"max-video-preview:-1"},"canonical":"https:\/\/www.inkultura-online.de\/politisch_unkorrekt\/wer-haette-das-gedacht-2\/","og_locale":"de_DE","og_type":"article","og_title":"Wer h\u00e4tte das gedacht? - Zeitgeist? Frei!","og_description":"Es gibt Momente im politischen Leben eines Landes, in denen eine Erkenntnis pl\u00f6tzlich mit der Wucht einer Offenbarung einschl\u00e4gt. Ein Schleier zerrei\u00dft, eine Wahrheit tritt ans Licht, und die Republik reibt sich verwundert die Augen. So geschehen dieser Tage, als &hellip; Weiterlesen &rarr;","og_url":"https:\/\/www.inkultura-online.de\/politisch_unkorrekt\/wer-haette-das-gedacht-2\/","og_site_name":"Zeitgeist? Frei!","article_published_time":"2026-03-14T08:32:08+00:00","article_modified_time":"2026-03-14T08:32:59+00:00","author":"Orator","twitter_misc":{"Verfasst von":"Orator","Gesch\u00e4tzte Lesezeit":"5\u00a0Minuten"},"schema":{"@context":"https:\/\/schema.org","@graph":[{"@type":"Article","@id":"https:\/\/www.inkultura-online.de\/politisch_unkorrekt\/wer-haette-das-gedacht-2\/#article","isPartOf":{"@id":"https:\/\/www.inkultura-online.de\/politisch_unkorrekt\/wer-haette-das-gedacht-2\/"},"author":{"name":"Orator","@id":"https:\/\/www.inkultura-online.de\/politisch_unkorrekt\/#\/schema\/person\/5b30b80e385478896a1de221e1994d86"},"headline":"Wer h\u00e4tte das gedacht?","datePublished":"2026-03-14T08:32:08+00:00","dateModified":"2026-03-14T08:32:59+00:00","mainEntityOfPage":{"@id":"https:\/\/www.inkultura-online.de\/politisch_unkorrekt\/wer-haette-das-gedacht-2\/"},"wordCount":887,"publisher":{"@id":"https:\/\/www.inkultura-online.de\/politisch_unkorrekt\/#\/schema\/person\/5b30b80e385478896a1de221e1994d86"},"keywords":["gescheiterte Integration","Grundgesetz","Integration","Islam","Loyalit\u00e4t","Scharia"],"articleSection":["Fundst\u00fccke","Gedanken zum Tag","Keine Islamisierung?","So sieht\u00b4s aus","Systemfehler"],"inLanguage":"de"},{"@type":"WebPage","@id":"https:\/\/www.inkultura-online.de\/politisch_unkorrekt\/wer-haette-das-gedacht-2\/","url":"https:\/\/www.inkultura-online.de\/politisch_unkorrekt\/wer-haette-das-gedacht-2\/","name":"Wer h\u00e4tte das gedacht? - Zeitgeist? Frei!","isPartOf":{"@id":"https:\/\/www.inkultura-online.de\/politisch_unkorrekt\/#website"},"datePublished":"2026-03-14T08:32:08+00:00","dateModified":"2026-03-14T08:32:59+00:00","breadcrumb":{"@id":"https:\/\/www.inkultura-online.de\/politisch_unkorrekt\/wer-haette-das-gedacht-2\/#breadcrumb"},"inLanguage":"de","potentialAction":[{"@type":"ReadAction","target":["https:\/\/www.inkultura-online.de\/politisch_unkorrekt\/wer-haette-das-gedacht-2\/"]}]},{"@type":"BreadcrumbList","@id":"https:\/\/www.inkultura-online.de\/politisch_unkorrekt\/wer-haette-das-gedacht-2\/#breadcrumb","itemListElement":[{"@type":"ListItem","position":1,"name":"Home","item":"https:\/\/www.inkultura-online.de\/politisch_unkorrekt\/"},{"@type":"ListItem","position":2,"name":"Wer h\u00e4tte das gedacht?"}]},{"@type":"WebSite","@id":"https:\/\/www.inkultura-online.de\/politisch_unkorrekt\/#website","url":"https:\/\/www.inkultura-online.de\/politisch_unkorrekt\/","name":"Zeitgeist? Frei!","description":"Was Ihr den Geist der Zeiten hei\u00dft...","publisher":{"@id":"https:\/\/www.inkultura-online.de\/politisch_unkorrekt\/#\/schema\/person\/5b30b80e385478896a1de221e1994d86"},"potentialAction":[{"@type":"SearchAction","target":{"@type":"EntryPoint","urlTemplate":"https:\/\/www.inkultura-online.de\/politisch_unkorrekt\/?s={search_term_string}"},"query-input":{"@type":"PropertyValueSpecification","valueRequired":true,"valueName":"search_term_string"}}],"inLanguage":"de"},{"@type":["Person","Organization"],"@id":"https:\/\/www.inkultura-online.de\/politisch_unkorrekt\/#\/schema\/person\/5b30b80e385478896a1de221e1994d86","name":"Orator","image":{"@type":"ImageObject","inLanguage":"de","@id":"https:\/\/secure.gravatar.com\/avatar\/96e03166d31716e9c437060430eb7605c45a8ce6fb6dab483637ca6915dd0844?s=96&d=mm&r=g","url":"https:\/\/secure.gravatar.com\/avatar\/96e03166d31716e9c437060430eb7605c45a8ce6fb6dab483637ca6915dd0844?s=96&d=mm&r=g","contentUrl":"https:\/\/secure.gravatar.com\/avatar\/96e03166d31716e9c437060430eb7605c45a8ce6fb6dab483637ca6915dd0844?s=96&d=mm&r=g","caption":"Orator"},"logo":{"@id":"https:\/\/secure.gravatar.com\/avatar\/96e03166d31716e9c437060430eb7605c45a8ce6fb6dab483637ca6915dd0844?s=96&d=mm&r=g"},"url":"https:\/\/www.inkultura-online.de\/politisch_unkorrekt\/author\/1korrektor21-2\/"}]}},"_links":{"self":[{"href":"https:\/\/www.inkultura-online.de\/politisch_unkorrekt\/wp-json\/wp\/v2\/posts\/3262","targetHints":{"allow":["GET"]}}],"collection":[{"href":"https:\/\/www.inkultura-online.de\/politisch_unkorrekt\/wp-json\/wp\/v2\/posts"}],"about":[{"href":"https:\/\/www.inkultura-online.de\/politisch_unkorrekt\/wp-json\/wp\/v2\/types\/post"}],"author":[{"embeddable":true,"href":"https:\/\/www.inkultura-online.de\/politisch_unkorrekt\/wp-json\/wp\/v2\/users\/1"}],"replies":[{"embeddable":true,"href":"https:\/\/www.inkultura-online.de\/politisch_unkorrekt\/wp-json\/wp\/v2\/comments?post=3262"}],"version-history":[{"count":2,"href":"https:\/\/www.inkultura-online.de\/politisch_unkorrekt\/wp-json\/wp\/v2\/posts\/3262\/revisions"}],"predecessor-version":[{"id":3264,"href":"https:\/\/www.inkultura-online.de\/politisch_unkorrekt\/wp-json\/wp\/v2\/posts\/3262\/revisions\/3264"}],"wp:attachment":[{"href":"https:\/\/www.inkultura-online.de\/politisch_unkorrekt\/wp-json\/wp\/v2\/media?parent=3262"}],"wp:term":[{"taxonomy":"category","embeddable":true,"href":"https:\/\/www.inkultura-online.de\/politisch_unkorrekt\/wp-json\/wp\/v2\/categories?post=3262"},{"taxonomy":"post_tag","embeddable":true,"href":"https:\/\/www.inkultura-online.de\/politisch_unkorrekt\/wp-json\/wp\/v2\/tags?post=3262"}],"curies":[{"name":"wp","href":"https:\/\/api.w.org\/{rel}","templated":true}]}}