{"id":3298,"date":"2026-04-26T08:39:46","date_gmt":"2026-04-26T06:39:46","guid":{"rendered":"https:\/\/www.inkultura-online.de\/politisch_unkorrekt\/?p=3298"},"modified":"2026-04-26T08:39:46","modified_gmt":"2026-04-26T06:39:46","slug":"die-letzte-einberufung","status":"publish","type":"post","link":"https:\/\/www.inkultura-online.de\/politisch_unkorrekt\/die-letzte-einberufung\/","title":{"rendered":"Die letzte Einberufung"},"content":{"rendered":"<p>Der Staat entdeckt den Greis als Waffensystem<\/p>\n<p>Es gibt politische Forderungen, die klingen zun\u00e4chst wie ein Versehen. Ein Zahlendreher vielleicht, ein redaktioneller Schluckauf, ein Moment ungl\u00fccklicher geistiger Unterversorgung.<!--more--><\/p>\n<p>Reservistendienst bis 70.<\/p>\n<p>Man liest das, blinzelt kurz, und erwartet instinktiv eine Korrekturmeldung. Stattdessen folgt die Begr\u00fcndung: Die Menschen seien heute l\u00e4nger fit. Ein Satz, der in seiner Sanftheit so etwas wie Gewalt enth\u00e4lt.<\/p>\n<p>An alle 75-j\u00e4hrigen!<br \/>\nWir gelten ab sofort nicht mehr als Zielgruppe, sondern als ungenutztes Inventar.<\/p>\n<p>Es ist die gro\u00dfe Wiederentdeckung des alten Mannes, nicht als Mensch, sondern als Restposten. Jahrzehntelang hat man uns erz\u00e4hlt, wir sollten Platz machen, wir seien Ballast, demografische Last, wandelnde Rentenl\u00fccke. Und nun, pl\u00f6tzlich, sollen wir wieder etwas darstellen: eine milit\u00e4rische Option.<\/p>\n<p>Das ist keine Kehrtwende. Das ist Kreislaufwirtschaft.<\/p>\n<p>Man hat ein Nachwuchsproblem. Junge Menschen sind offenbar schwerer zu begeistern f\u00fcr die Aussicht, im Ernstfall zu sterben. Wer h\u00e4tte das gedacht. Also greift man tiefer ins Regal, dorthin, wo die Dinge stehen, die man eigentlich l\u00e4ngst aussortiert hatte, aber nie weggeworfen hat, aus einer Mischung aus Sentimentalit\u00e4t und stiller Hoffnung, sie k\u00f6nnten doch noch einmal n\u00fctzlich werden.<\/p>\n<p>Und siehe da: Wir sind es.<\/p>\n<p>\u201eErfahrung\u201c, sagt man jetzt.<br \/>\nEin wunderbares Wort. Es bedeutet in diesem Zusammenhang: zu alt, um wegzulaufen, und zu m\u00fcde, um noch grunds\u00e4tzliche Fragen zu stellen.<\/p>\n<p>Ich stelle mir die Musterung vor. Ein Raum voller M\u00e4nner, die ihre Krankheiten alphabetisch sortieren k\u00f6nnen. Knie, R\u00fccken, Herz, ein Ensemble der Verschlei\u00dferscheinungen. Der Arzt blickt auf die Akte, nickt und sagt: \u201eEingeschr\u00e4nkt tauglich.\u201c<\/p>\n<p>Eingeschr\u00e4nkt, das neue Pr\u00e4dikat der Einsatzf\u00e4higkeit.<\/p>\n<p>Die Bundeswehr w\u00e4chst, h\u00f6rt man. Allerdings nicht nach vorne, sondern nach hinten. Sie expandiert in die Vergangenheit, wie ein Imperium, das seine eigene Geschichte kolonisiert.<\/p>\n<p>Wir werden eingekleidet. Tarnanz\u00fcge \u00fcber br\u00fcchigen Knochen, Stiefel an F\u00fc\u00dfen, die l\u00e4ngst den Frieden bevorzugen. Man wird uns ausr\u00fcsten mit Ger\u00e4ten, die wir nicht verstehen, und Erwartungen, die wir l\u00e4ngst \u00fcberwunden glaubten.<\/p>\n<p>Der Drill wird angepasst.<br \/>\nNicht mehr \u201eSchneller!\u201c, sondern \u201eVorsichtig!\u201c.<br \/>\nNicht mehr \u201eHinlegen!\u201c, sondern \u201eLangsam absenken!\u201c.<\/p>\n<p>Der Feind, so stelle ich mir vor, wird uns sehen und kurz innehalten. Nicht aus Furcht, aus Verwirrung. Vielleicht auch aus einem Anflug von Respekt vor dieser eigent\u00fcmlichen Konsequenz: ein Land, das seine Zukunft so wenig \u00fcberzeugen kann, dass es beginnt, seine Vergangenheit zu bewaffnen.<\/p>\n<p>Wir werden marschieren.<br \/>\nLangsam, knirschend, mit dem w\u00fcrdevollen Ger\u00e4usch von Gelenken, die ihre besten Zeiten nicht nur hinter sich haben, sondern aktiv vermissen.<\/p>\n<p>Und irgendwo wird ein Funktion\u00e4r erkl\u00e4ren, dies sei Ausdruck gesellschaftlicher Resilienz.<\/p>\n<p>In Wahrheit ist es etwas anderes: die stille Kapitulation einer Gegenwart, die ihre eigenen Versprechen nicht mehr glaubt und deshalb auf jene zur\u00fcckgreift, die zu alt sind, um sich noch Illusionen zu leisten.<\/p>\n<p>Wir werden erscheinen, selbstverst\u00e4ndlich.<br \/>\nMit H\u00f6rger\u00e4t, Lesebrille und einem Rest an Ironie, der sich bislang jeder staatlichen Erfassung entzogen hat.<\/p>\n<p>Nicht, weil wir noch gebraucht werden.<\/p>\n<p>Sondern weil wir sehen wollen, wie ein Land sich selbst erkl\u00e4rt, dass das alles vollkommen vern\u00fcnftig sei.<\/p>\n","protected":false},"excerpt":{"rendered":"<p>Der Staat entdeckt den Greis als Waffensystem Es gibt politische Forderungen, die klingen zun\u00e4chst wie ein Versehen. Ein Zahlendreher vielleicht, ein redaktioneller Schluckauf, ein Moment ungl\u00fccklicher geistiger Unterversorgung.<\/p>\n","protected":false},"author":1,"featured_media":0,"comment_status":"closed","ping_status":"closed","sticky":false,"template":"","format":"standard","meta":{"footnotes":""},"categories":[2,3,1,444,8,30,10],"tags":[184,2102,177,2101],"class_list":["post-3298","post","type-post","status-publish","format-standard","hentry","category-antipathie","category-die-duemmsten-sprueche-der-woche","category-fundstuecke","category-gedanken-zum-tag","category-schlimme-woerter","category-so-siehts-aus","category-systemfehler","tag-bundeswehr","tag-einberufung","tag-kriegstreiber","tag-reservisten"],"yoast_head":"<!-- This site is optimized with the Yoast SEO plugin v27.4 - https:\/\/yoast.com\/product\/yoast-seo-wordpress\/ -->\n<title>Die letzte Einberufung - Zeitgeist? Frei!<\/title>\n<meta name=\"robots\" content=\"index, follow, max-snippet:-1, max-image-preview:large, max-video-preview:-1\" \/>\n<link rel=\"canonical\" href=\"https:\/\/www.inkultura-online.de\/politisch_unkorrekt\/die-letzte-einberufung\/\" \/>\n<meta property=\"og:locale\" content=\"de_DE\" \/>\n<meta property=\"og:type\" content=\"article\" \/>\n<meta property=\"og:title\" content=\"Die letzte Einberufung - Zeitgeist? Frei!\" \/>\n<meta property=\"og:description\" content=\"Der Staat entdeckt den Greis als Waffensystem Es gibt politische Forderungen, die klingen zun\u00e4chst wie ein Versehen. Ein Zahlendreher vielleicht, ein redaktioneller Schluckauf, ein Moment ungl\u00fccklicher geistiger Unterversorgung.\" \/>\n<meta property=\"og:url\" content=\"https:\/\/www.inkultura-online.de\/politisch_unkorrekt\/die-letzte-einberufung\/\" \/>\n<meta property=\"og:site_name\" content=\"Zeitgeist? Frei!\" \/>\n<meta property=\"article:published_time\" content=\"2026-04-26T06:39:46+00:00\" \/>\n<meta name=\"author\" content=\"Orator\" \/>\n<meta name=\"twitter:label1\" content=\"Verfasst von\" \/>\n\t<meta name=\"twitter:data1\" content=\"Orator\" \/>\n\t<meta name=\"twitter:label2\" content=\"Gesch\u00e4tzte Lesezeit\" \/>\n\t<meta name=\"twitter:data2\" content=\"3\u00a0Minuten\" \/>\n<script type=\"application\/ld+json\" class=\"yoast-schema-graph\">{\"@context\":\"https:\\\/\\\/schema.org\",\"@graph\":[{\"@type\":\"Article\",\"@id\":\"https:\\\/\\\/www.inkultura-online.de\\\/politisch_unkorrekt\\\/die-letzte-einberufung\\\/#article\",\"isPartOf\":{\"@id\":\"https:\\\/\\\/www.inkultura-online.de\\\/politisch_unkorrekt\\\/die-letzte-einberufung\\\/\"},\"author\":{\"name\":\"Orator\",\"@id\":\"https:\\\/\\\/www.inkultura-online.de\\\/politisch_unkorrekt\\\/#\\\/schema\\\/person\\\/5b30b80e385478896a1de221e1994d86\"},\"headline\":\"Die letzte Einberufung\",\"datePublished\":\"2026-04-26T06:39:46+00:00\",\"mainEntityOfPage\":{\"@id\":\"https:\\\/\\\/www.inkultura-online.de\\\/politisch_unkorrekt\\\/die-letzte-einberufung\\\/\"},\"wordCount\":530,\"publisher\":{\"@id\":\"https:\\\/\\\/www.inkultura-online.de\\\/politisch_unkorrekt\\\/#\\\/schema\\\/person\\\/5b30b80e385478896a1de221e1994d86\"},\"keywords\":[\"Bundeswehr\",\"Einberufung\",\"Kriegstreiber\",\"Reservisten\"],\"articleSection\":[\"Antipathie\",\"Die d\u00fcmmsten Spr\u00fcche der Woche\",\"Fundst\u00fccke\",\"Gedanken zum Tag\",\"Schlimme W\u00f6rter\",\"So sieht\u00b4s aus\",\"Systemfehler\"],\"inLanguage\":\"de\"},{\"@type\":\"WebPage\",\"@id\":\"https:\\\/\\\/www.inkultura-online.de\\\/politisch_unkorrekt\\\/die-letzte-einberufung\\\/\",\"url\":\"https:\\\/\\\/www.inkultura-online.de\\\/politisch_unkorrekt\\\/die-letzte-einberufung\\\/\",\"name\":\"Die letzte Einberufung - Zeitgeist? Frei!\",\"isPartOf\":{\"@id\":\"https:\\\/\\\/www.inkultura-online.de\\\/politisch_unkorrekt\\\/#website\"},\"datePublished\":\"2026-04-26T06:39:46+00:00\",\"breadcrumb\":{\"@id\":\"https:\\\/\\\/www.inkultura-online.de\\\/politisch_unkorrekt\\\/die-letzte-einberufung\\\/#breadcrumb\"},\"inLanguage\":\"de\",\"potentialAction\":[{\"@type\":\"ReadAction\",\"target\":[\"https:\\\/\\\/www.inkultura-online.de\\\/politisch_unkorrekt\\\/die-letzte-einberufung\\\/\"]}]},{\"@type\":\"BreadcrumbList\",\"@id\":\"https:\\\/\\\/www.inkultura-online.de\\\/politisch_unkorrekt\\\/die-letzte-einberufung\\\/#breadcrumb\",\"itemListElement\":[{\"@type\":\"ListItem\",\"position\":1,\"name\":\"Home\",\"item\":\"https:\\\/\\\/www.inkultura-online.de\\\/politisch_unkorrekt\\\/\"},{\"@type\":\"ListItem\",\"position\":2,\"name\":\"Die letzte Einberufung\"}]},{\"@type\":\"WebSite\",\"@id\":\"https:\\\/\\\/www.inkultura-online.de\\\/politisch_unkorrekt\\\/#website\",\"url\":\"https:\\\/\\\/www.inkultura-online.de\\\/politisch_unkorrekt\\\/\",\"name\":\"Zeitgeist? Frei!\",\"description\":\"Was Ihr den Geist der Zeiten hei\u00dft...\",\"publisher\":{\"@id\":\"https:\\\/\\\/www.inkultura-online.de\\\/politisch_unkorrekt\\\/#\\\/schema\\\/person\\\/5b30b80e385478896a1de221e1994d86\"},\"potentialAction\":[{\"@type\":\"SearchAction\",\"target\":{\"@type\":\"EntryPoint\",\"urlTemplate\":\"https:\\\/\\\/www.inkultura-online.de\\\/politisch_unkorrekt\\\/?s={search_term_string}\"},\"query-input\":{\"@type\":\"PropertyValueSpecification\",\"valueRequired\":true,\"valueName\":\"search_term_string\"}}],\"inLanguage\":\"de\"},{\"@type\":[\"Person\",\"Organization\"],\"@id\":\"https:\\\/\\\/www.inkultura-online.de\\\/politisch_unkorrekt\\\/#\\\/schema\\\/person\\\/5b30b80e385478896a1de221e1994d86\",\"name\":\"Orator\",\"image\":{\"@type\":\"ImageObject\",\"inLanguage\":\"de\",\"@id\":\"https:\\\/\\\/secure.gravatar.com\\\/avatar\\\/96e03166d31716e9c437060430eb7605c45a8ce6fb6dab483637ca6915dd0844?s=96&d=mm&r=g\",\"url\":\"https:\\\/\\\/secure.gravatar.com\\\/avatar\\\/96e03166d31716e9c437060430eb7605c45a8ce6fb6dab483637ca6915dd0844?s=96&d=mm&r=g\",\"contentUrl\":\"https:\\\/\\\/secure.gravatar.com\\\/avatar\\\/96e03166d31716e9c437060430eb7605c45a8ce6fb6dab483637ca6915dd0844?s=96&d=mm&r=g\",\"caption\":\"Orator\"},\"logo\":{\"@id\":\"https:\\\/\\\/secure.gravatar.com\\\/avatar\\\/96e03166d31716e9c437060430eb7605c45a8ce6fb6dab483637ca6915dd0844?s=96&d=mm&r=g\"},\"url\":\"https:\\\/\\\/www.inkultura-online.de\\\/politisch_unkorrekt\\\/author\\\/1korrektor21-2\\\/\"}]}<\/script>\n<!-- \/ Yoast SEO plugin. -->","yoast_head_json":{"title":"Die letzte Einberufung - Zeitgeist? Frei!","robots":{"index":"index","follow":"follow","max-snippet":"max-snippet:-1","max-image-preview":"max-image-preview:large","max-video-preview":"max-video-preview:-1"},"canonical":"https:\/\/www.inkultura-online.de\/politisch_unkorrekt\/die-letzte-einberufung\/","og_locale":"de_DE","og_type":"article","og_title":"Die letzte Einberufung - Zeitgeist? Frei!","og_description":"Der Staat entdeckt den Greis als Waffensystem Es gibt politische Forderungen, die klingen zun\u00e4chst wie ein Versehen. Ein Zahlendreher vielleicht, ein redaktioneller Schluckauf, ein Moment ungl\u00fccklicher geistiger Unterversorgung.","og_url":"https:\/\/www.inkultura-online.de\/politisch_unkorrekt\/die-letzte-einberufung\/","og_site_name":"Zeitgeist? Frei!","article_published_time":"2026-04-26T06:39:46+00:00","author":"Orator","twitter_misc":{"Verfasst von":"Orator","Gesch\u00e4tzte Lesezeit":"3\u00a0Minuten"},"schema":{"@context":"https:\/\/schema.org","@graph":[{"@type":"Article","@id":"https:\/\/www.inkultura-online.de\/politisch_unkorrekt\/die-letzte-einberufung\/#article","isPartOf":{"@id":"https:\/\/www.inkultura-online.de\/politisch_unkorrekt\/die-letzte-einberufung\/"},"author":{"name":"Orator","@id":"https:\/\/www.inkultura-online.de\/politisch_unkorrekt\/#\/schema\/person\/5b30b80e385478896a1de221e1994d86"},"headline":"Die letzte Einberufung","datePublished":"2026-04-26T06:39:46+00:00","mainEntityOfPage":{"@id":"https:\/\/www.inkultura-online.de\/politisch_unkorrekt\/die-letzte-einberufung\/"},"wordCount":530,"publisher":{"@id":"https:\/\/www.inkultura-online.de\/politisch_unkorrekt\/#\/schema\/person\/5b30b80e385478896a1de221e1994d86"},"keywords":["Bundeswehr","Einberufung","Kriegstreiber","Reservisten"],"articleSection":["Antipathie","Die d\u00fcmmsten Spr\u00fcche der Woche","Fundst\u00fccke","Gedanken zum Tag","Schlimme W\u00f6rter","So sieht\u00b4s aus","Systemfehler"],"inLanguage":"de"},{"@type":"WebPage","@id":"https:\/\/www.inkultura-online.de\/politisch_unkorrekt\/die-letzte-einberufung\/","url":"https:\/\/www.inkultura-online.de\/politisch_unkorrekt\/die-letzte-einberufung\/","name":"Die letzte Einberufung - Zeitgeist? Frei!","isPartOf":{"@id":"https:\/\/www.inkultura-online.de\/politisch_unkorrekt\/#website"},"datePublished":"2026-04-26T06:39:46+00:00","breadcrumb":{"@id":"https:\/\/www.inkultura-online.de\/politisch_unkorrekt\/die-letzte-einberufung\/#breadcrumb"},"inLanguage":"de","potentialAction":[{"@type":"ReadAction","target":["https:\/\/www.inkultura-online.de\/politisch_unkorrekt\/die-letzte-einberufung\/"]}]},{"@type":"BreadcrumbList","@id":"https:\/\/www.inkultura-online.de\/politisch_unkorrekt\/die-letzte-einberufung\/#breadcrumb","itemListElement":[{"@type":"ListItem","position":1,"name":"Home","item":"https:\/\/www.inkultura-online.de\/politisch_unkorrekt\/"},{"@type":"ListItem","position":2,"name":"Die letzte Einberufung"}]},{"@type":"WebSite","@id":"https:\/\/www.inkultura-online.de\/politisch_unkorrekt\/#website","url":"https:\/\/www.inkultura-online.de\/politisch_unkorrekt\/","name":"Zeitgeist? Frei!","description":"Was Ihr den Geist der Zeiten hei\u00dft...","publisher":{"@id":"https:\/\/www.inkultura-online.de\/politisch_unkorrekt\/#\/schema\/person\/5b30b80e385478896a1de221e1994d86"},"potentialAction":[{"@type":"SearchAction","target":{"@type":"EntryPoint","urlTemplate":"https:\/\/www.inkultura-online.de\/politisch_unkorrekt\/?s={search_term_string}"},"query-input":{"@type":"PropertyValueSpecification","valueRequired":true,"valueName":"search_term_string"}}],"inLanguage":"de"},{"@type":["Person","Organization"],"@id":"https:\/\/www.inkultura-online.de\/politisch_unkorrekt\/#\/schema\/person\/5b30b80e385478896a1de221e1994d86","name":"Orator","image":{"@type":"ImageObject","inLanguage":"de","@id":"https:\/\/secure.gravatar.com\/avatar\/96e03166d31716e9c437060430eb7605c45a8ce6fb6dab483637ca6915dd0844?s=96&d=mm&r=g","url":"https:\/\/secure.gravatar.com\/avatar\/96e03166d31716e9c437060430eb7605c45a8ce6fb6dab483637ca6915dd0844?s=96&d=mm&r=g","contentUrl":"https:\/\/secure.gravatar.com\/avatar\/96e03166d31716e9c437060430eb7605c45a8ce6fb6dab483637ca6915dd0844?s=96&d=mm&r=g","caption":"Orator"},"logo":{"@id":"https:\/\/secure.gravatar.com\/avatar\/96e03166d31716e9c437060430eb7605c45a8ce6fb6dab483637ca6915dd0844?s=96&d=mm&r=g"},"url":"https:\/\/www.inkultura-online.de\/politisch_unkorrekt\/author\/1korrektor21-2\/"}]}},"_links":{"self":[{"href":"https:\/\/www.inkultura-online.de\/politisch_unkorrekt\/wp-json\/wp\/v2\/posts\/3298","targetHints":{"allow":["GET"]}}],"collection":[{"href":"https:\/\/www.inkultura-online.de\/politisch_unkorrekt\/wp-json\/wp\/v2\/posts"}],"about":[{"href":"https:\/\/www.inkultura-online.de\/politisch_unkorrekt\/wp-json\/wp\/v2\/types\/post"}],"author":[{"embeddable":true,"href":"https:\/\/www.inkultura-online.de\/politisch_unkorrekt\/wp-json\/wp\/v2\/users\/1"}],"replies":[{"embeddable":true,"href":"https:\/\/www.inkultura-online.de\/politisch_unkorrekt\/wp-json\/wp\/v2\/comments?post=3298"}],"version-history":[{"count":1,"href":"https:\/\/www.inkultura-online.de\/politisch_unkorrekt\/wp-json\/wp\/v2\/posts\/3298\/revisions"}],"predecessor-version":[{"id":3299,"href":"https:\/\/www.inkultura-online.de\/politisch_unkorrekt\/wp-json\/wp\/v2\/posts\/3298\/revisions\/3299"}],"wp:attachment":[{"href":"https:\/\/www.inkultura-online.de\/politisch_unkorrekt\/wp-json\/wp\/v2\/media?parent=3298"}],"wp:term":[{"taxonomy":"category","embeddable":true,"href":"https:\/\/www.inkultura-online.de\/politisch_unkorrekt\/wp-json\/wp\/v2\/categories?post=3298"},{"taxonomy":"post_tag","embeddable":true,"href":"https:\/\/www.inkultura-online.de\/politisch_unkorrekt\/wp-json\/wp\/v2\/tags?post=3298"}],"curies":[{"name":"wp","href":"https:\/\/api.w.org\/{rel}","templated":true}]}}