{"id":3300,"date":"2026-04-28T08:47:38","date_gmt":"2026-04-28T06:47:38","guid":{"rendered":"https:\/\/www.inkultura-online.de\/politisch_unkorrekt\/?p=3300"},"modified":"2026-04-28T08:47:38","modified_gmt":"2026-04-28T06:47:38","slug":"gute-gedanken-boese-gedanken","status":"publish","type":"post","link":"https:\/\/www.inkultura-online.de\/politisch_unkorrekt\/gute-gedanken-boese-gedanken\/","title":{"rendered":"Gute Gedanken, b\u00f6se Gedanken"},"content":{"rendered":"<h4 class=\"western\">Kontrolliere ich die Welt?<\/h4>\n<p>Der Satz <i>\u201eAlle meine negativen Gedanken, die ich gegen\u00fcber anderen Menschen habe, fallen auf mich selbst zur\u00fcck\u201c<\/i> ber\u00fchrt tiefgr\u00fcndige Konzepte, die sich durch die Religionsgeschichte, esoterische Lehren, philosophische Denkschulen und bis hinein in die moderne Quantenphysik ziehen. Dieser Gedanke dr\u00fcckt eine fundamentale Verbundenheit zwischen dem inneren Erleben eines Individuums und seiner \u00e4u\u00dferen Realit\u00e4t aus, wobei die Trennung zwischen dem Selbst und dem Anderen aufgehoben oder zumindest stark relativiert wird. Im Folgenden wird diese Aussage in einem umfassenden interdisziplin\u00e4ren Rahmen beleuchtet, der ethische, psychologische und quantenphysikalische Perspektiven integriert, um die vielschichtigen Dimensionen dieses Prinzips f\u00fcr das moderne philosophische Denken herauszuarbeiten.<!--more--><\/p>\n<p>In den gro\u00dfen Weltreligionen findet sich der Gedanke der R\u00fcckwirkung eigenen Handelns und Denkens in unterschiedlichen Auspr\u00e4gungen, oft verkn\u00fcpft mit moralischen und ethischen Geboten. Im Hinduismus und Buddhismus ist das Konzept des Karma zentral [1]. Karma beschreibt das Prinzip von Ursache und Wirkung, demzufolge nicht nur physische Handlungen, sondern auch Absichten, Worte und Gedanken karmische Samen pflanzen. Ein negativer Gedanke, wie etwa Hass oder Neid gegen\u00fcber einer anderen Person, erzeugt eine energetische Pr\u00e4gung im eigenen Geist. Diese Pr\u00e4gung f\u00fchrt unweigerlich zu zuk\u00fcnftigem Leiden f\u00fcr den Denkenden selbst, da der Geist durch solche Emotionen getr\u00fcbt und von der Erkenntnis der wahren Natur der Dinge abgehalten wird. Im Buddhismus wird dem durch Praktiken wie der Metta-Meditation (Liebende G\u00fcte) entgegengewirkt, bei der bewusst Wohlwollen f\u00fcr sich und andere kultiviert wird, um den eigenen Geist zu reinigen und sch\u00e4dliche karmische R\u00fcckwirkungen zu vermeiden [2].<\/p>\n<p>In den abrahamitischen Religionen manifestiert sich ein \u00e4hnliches Prinzip in der \u201eGoldenen Regel\u201c sowie in Geboten zur N\u00e4chsten- und Feindesliebe [3]. Im Christentum fordert die Bergpredigt dazu auf, selbst Feinde zu lieben und f\u00fcr diejenigen zu beten, die einen verfolgen. Der negative Gedanke gegen den N\u00e4chsten wird als eine Abkehr von der g\u00f6ttlichen Liebe verstanden, die in erster Linie den Denkenden selbst von Gott trennt und ihm spirituellen Schaden zuf\u00fcgt [4]. Im Judentum betont der Talmud, dass verletzende Worte und Gedanken vermieden werden sollen, da sie nicht nur dem Anderen schaden, sondern auch die eigene Seele belasten und den T\u00e4ter in die Pflicht zur Umkehr (Teschuwa) rufen [5]. Im Islam wird ebenfalls gelehrt, dass Allah die innersten Gedanken und Absichten kennt. B\u00f6se Gedanken \u00fcber andere werden als sch\u00e4dlich f\u00fcr das eigene Herz betrachtet, das durch solche Negativit\u00e4t verh\u00e4rtet wird, w\u00e4hrend Vergebung und Nachsicht den eigenen inneren Frieden f\u00f6rdern [6].<\/p>\n<p>In der Esoterik und modernen Spiritualit\u00e4t wird der Satz h\u00e4ufig durch das sogenannte \u201eSpiegelgesetz\u201c oder das \u201eGesetz der Anziehung\u201c erkl\u00e4rt [7]. Das Spiegelgesetz besagt, dass die \u00e4u\u00dfere Welt lediglich ein Spiegel der inneren geistigen und emotionalen Zust\u00e4nde ist. Wenn eine Person negative Gedanken gegen\u00fcber einem anderen Menschen hegt, reagiert sie in Wahrheit auf Aspekte in sich selbst, die sie ablehnt oder verdr\u00e4ngt hat. Die Negativit\u00e4t, die nach au\u00dfen gerichtet wird, ist somit ein Indikator f\u00fcr ungel\u00f6ste innere Konflikte. Indem diese Gedanken gehegt werden, zieht das Individuum gem\u00e4\u00df dem Gesetz der Anziehung \u00e4hnliche negative Energien und Situationen in sein eigenes Leben [8]. Diese Sichtweise wurzelt tief in den hermetischen Prinzipien, insbesondere dem Gesetz der Entsprechung, das oft mit dem Satz \u201eWie innen, so au\u00dfen; wie oben, so unten\u201c zusammengefasst wird [9]. Nach dieser Lehre gibt es keine strikte Trennung zwischen der inneren Gedankenwelt und der \u00e4u\u00dferen Realit\u00e4t. Ein negativer Gedanke \u00fcber einen anderen Menschen vergiftet demnach zwangsl\u00e4ufig das eigene energetische Feld und manifestiert sich als Blockade oder Leid im eigenen Leben. Die esoterische Praxis zielt daher darauf ab, die Verantwortung f\u00fcr die eigenen Gedanken vollst\u00e4ndig zu \u00fcbernehmen und durch Bewusstwerdung die eigene Schwingung zu erh\u00f6hen.<\/p>\n<p>In der klassischen Philosophie l\u00e4sst sich der Satz durch verschiedene Ans\u00e4tze der Ethik, der Erkenntnistheorie und der Tiefenpsychologie deuten. Ein zentraler philosophischer Ankn\u00fcpfungspunkt ist die Stoa, eine antike Philosophenschule, die von Denkern wie Epiktet, Seneca und Mark Aurel gepr\u00e4gt wurde [10]. Die Stoiker lehrten, dass nicht die Dinge selbst uns beunruhigen, sondern unsere Urteile dar\u00fcber. Negative Gedanken \u00fcber andere Menschen, wie etwa \u00c4rger \u00fcber deren Fehlverhalten, schaden nach stoischer Auffassung nicht dem Anderen, sondern zerst\u00f6ren die eigene innere Ruhe (Ataraxia) und Vernunft. Mark Aurel betonte in seinen Selbstbetrachtungen immer wieder, dass man sich durch den Hass auf andere nur selbst degradiert und sich von der vern\u00fcnftigen Weltordnung entfernt [11].<\/p>\n<p>Ein weiterer wichtiger philosophischer Bezugsrahmen ist die Mitleidsethik von Arthur Schopenhauer [12]. Schopenhauer ging davon aus, dass die Trennung zwischen Individuen letztlich eine Illusion (der \u201eSchleier der Maya\u201c) ist und alle Lebewesen im Grunde Manifestationen desselben metaphysischen Willens sind. Wenn ich einem anderen Menschen durch Taten oder Gedanken schade, schade ich im Grunde mir selbst, da wir auf einer tieferen Ebene eins sind. Das Mitleid (Tat twam asi \u2013 \u201eDas bist du\u201c) ist f\u00fcr Schopenhauer die einzige Grundlage echter Moral, w\u00e4hrend Egoismus und Bosheit auf einer falschen Wahrnehmung der Getrenntheit beruhen und das eigene Leiden nur vergr\u00f6\u00dfern.<\/p>\n<p>Auch die Tiefenpsychologie, insbesondere die von Carl Gustav Jung begr\u00fcndete Analytische Psychologie, bietet eine profunde Erkl\u00e4rung f\u00fcr dieses Ph\u00e4nomen durch das Konzept der Projektion und des Schattens [13]. Der \u201eSchatten\u201c umfasst alle unbewussten, verdr\u00e4ngten und gesellschaftlich unerw\u00fcnschten Aspekte der eigenen Pers\u00f6nlichkeit. Wenn wir negative Gedanken oder starke Abneigung gegen\u00fcber anderen empfinden, projizieren wir laut Jung oft unsere eigenen ungeliebten Schattenanteile auf sie. Der Hass auf den Anderen ist somit in Wirklichkeit ein unbewusster Hass auf einen Teil von uns selbst. Die negativen Gedanken fallen auf uns zur\u00fcck, weil sie uns in einem Zustand der psychischen Spaltung und Unbewusstheit gefangen halten, bis wir bereit sind, diese Projektionen zur\u00fcckzunehmen und den Schatten zu integrieren [14].<\/p>\n<p>Die philosophische und spirituelle Vorstellung einer fundamentalen Verbundenheit wirft in der modernen Zeit unweigerlich die Frage auf, ob Gedanken auf einer physikalischen, genauer gesagt quantentheoretischen Ebene, Einfluss auf die Handlungen anderer Menschen oder auf \u00e4u\u00dfere Ereignisse nehmen k\u00f6nnen. Besonders das Ph\u00e4nomen der Quantenverschr\u00e4nkung wird h\u00e4ufig herangezogen, um Ph\u00e4nomene wie Telepathie, kollektives Bewusstsein oder die Fernwirkung von Gedanken zu erkl\u00e4ren. Um diese M\u00f6glichkeit fundiert zu beurteilen, ist eine genaue Betrachtung der quantenphysikalischen Grundlagen, der biologischen Machbarkeit im Gehirn sowie der etablierten physikalischen Grenzen erforderlich.<\/p>\n<p>Die Quantenverschr\u00e4nkung, von Albert Einstein einst skeptisch als \u201espukhafte Fernwirkung\u201c bezeichnet, beschreibt einen Zustand, in dem zwei oder mehr Teilchen so miteinander verbunden sind, dass der Zustand des einen Teilchens untrennbar mit dem Zustand des anderen verkn\u00fcpft ist, unabh\u00e4ngig von der r\u00e4umlichen Distanz zwischen ihnen [15]. Wenn an einem der verschr\u00e4nkten Teilchen eine Messung durchgef\u00fchrt wird, determiniert dies augenblicklich den Zustand des anderen Teilchens.<\/p>\n<p>Aus dieser Nichtlokalit\u00e4t wird in popul\u00e4ren und teils esoterischen Diskursen oft abgeleitet, dass Informationen oder sogar Gedanken augenblicklich von einem Gehirn zu einem anderen \u00fcbertragen werden k\u00f6nnten. Dem steht jedoch in der etablierten Physik ein fundamentales Prinzip entgegen: das sogenannte No-Communication-Theorem (Nichtkommunikationstheorem) [16]. Dieses mathematische Theorem der Quantenmechanik besagt, dass es unm\u00f6glich ist, durch die Messung an einem verschr\u00e4nkten Teilchen gezielt Informationen zum anderen Teilchen zu senden. Die Ergebnisse der Messungen sind stets rein zuf\u00e4llig. Eine Korrelation zwischen den Teilchen l\u00e4sst sich erst im Nachhinein feststellen, wenn die Messergebnisse \u00fcber einen klassischen, lichtgeschwindigkeitsgebundenen Kanal verglichen werden. Demnach verbietet die Standard-Quantenmechanik die Nutzung der Verschr\u00e4nkung zur \u00dcbertragung von Botschaften, Signalen oder gezielten Gedanken [17].<\/p>\n<p>Damit Gedanken \u00fcberhaupt quantenmechanisch auf andere Systeme wirken k\u00f6nnten, m\u00fcsste das Gehirn selbst in der Lage sein, Quantenzust\u00e4nde aufrechtzuerhalten und zu verarbeiten. In der klassischen Neurobiologie gilt das Gehirn als makroskopisches System, in dem neuronale Netzwerke auf Basis von klassischer Chemie und Elektrizit\u00e4t kommunizieren. Einen alternativen Erkl\u00e4rungsansatz bietet die von dem Mathematiker und Nobelpreistr\u00e4ger Roger Penrose und dem An\u00e4sthesisten Stuart Hameroff in den 1990er Jahren entwickelte \u201eOrchestrated Objective Reduction\u201c-Theorie (Orch-OR). Diese Theorie postuliert, dass das Bewusstsein nicht aus komplexer klassischer Datenverarbeitung zwischen Neuronen entsteht, sondern aus Quantenberechnungen in den Mikrotubuli, winzigen r\u00f6hrenf\u00f6rmigen Proteinstrukturen innerhalb der Gehirnzellen [18]. Penrose argumentierte, dass der menschliche Geist f\u00e4hig ist, mathematische Wahrheiten zu erkennen, die sich nicht rein algorithmisch ableiten lassen, weshalb klassische Computermodelle des Gehirns unzureichend seien.<\/p>\n<p>Die Orch-OR-Theorie stie\u00df in der Wissenschaftsgemeinde lange Zeit auf heftige Kritik. Der Hauptkritikpunkt, formuliert unter anderem von dem Physiker Max Tegmark, besagt, dass das Gehirn \u201ezu warm, zu nass und zu laut\u201c sei, um empfindliche Quantenzust\u00e4nde aufrechtzuerhalten [19]. Unter diesen Bedingungen tritt die sogenannte Dekoh\u00e4renz extrem schnell ein, innerhalb von Femtosekunden kollabieren die Quantenzust\u00e4nde durch Wechselwirkungen mit der Umgebung, lange bevor sie neuronale Prozesse, die im Millisekundenbereich ablaufen, beeinflussen k\u00f6nnten [20]. In j\u00fcngster Zeit hat die Quantenbiologie jedoch gezeigt, dass Quanteneffekte in biologischen Systemen durchaus eine Rolle spielen k\u00f6nnen, etwa bei der Photosynthese oder dem Navigationssinn von Zugv\u00f6geln [21]. Zudem weisen neuere Studien, wie Experimente zur Stabilisierung von Mikrotubuli bei Ratten unter Narkose, darauf hin, dass diese Strukturen tats\u00e4chlich ma\u00dfgeblich an der Aufrechterhaltung des Bewusstseins beteiligt sein k\u00f6nnten, was der Orch-OR-Theorie neue empirische Relevanz verleiht [22].<\/p>\n<p>Selbst wenn man annimmt, dass das Gehirn auf Quantenprozessen basiert, bleibt die Frage, ob diese Prozesse \u00fcber den eigenen Sch\u00e4del hinausreichen. In der Parapsychologie und den Noetic Sciences wird diese M\u00f6glichkeit intensiv erforscht. Ein bekanntes Beispiel ist das \u201eGlobal Consciousness Project\u201c (GCP), das an der Princeton University initiiert wurde. Dort wird untersucht, ob emotional aufgeladene globale Ereignisse messbare Abweichungen in weltweit verteilten physikalischen Zufallszahlengeneratoren verursachen [23]. Die Initiatoren, darunter Dean Radin, interpretieren die gefundenen statistischen Anomalien als Indiz f\u00fcr ein koh\u00e4rentes globales Bewusstsein, das subtilen Einfluss auf die physische Realit\u00e4t aus\u00fcbt [24]. Diese Studien sind jedoch in der Mainstream-Wissenschaft stark umstritten. Kritiker weisen auf methodische M\u00e4ngel, selektive Datenauswertung und das Fehlen eines plausiblen physikalischen Mechanismus hin [25]. Aus streng physikalischer Sicht gibt es bisher keinen empirischen Beweis daf\u00fcr, dass Quantenzust\u00e4nde im Gehirn einer Person mit denen einer anderen Person verschr\u00e4nkt sind oder dass der bewusste Geist makroskopische Quantenwahrscheinlichkeiten in der Au\u00dfenwelt gezielt manipulieren kann.<\/p>\n<p>Zusammenfassend l\u00e4sst sich feststellen, dass der Satz eine universelle Weisheit ausdr\u00fcckt, die \u00fcber verschiedene Disziplinen hinweg G\u00fcltigkeit beansprucht. Ob als karmische Konsequenz in fern\u00f6stlichen Religionen, als spirituelle Entfremdung in den monotheistischen Glaubensrichtungen, als energetische Resonanz in der Esoterik oder als psychologische Projektion und Verlust der inneren Vernunft in der Philosophie, der Kern bleibt derselbe: Der Geist, der Negativit\u00e4t aussendet, wird durch eben diese Negativit\u00e4t geformt und gesch\u00e4digt. Die Erkenntnis dieses Prinzips ist in all diesen Traditionen der erste Schritt zur \u00dcberwindung von Trennung und zur Kultivierung von innerem Frieden, Mitgef\u00fchl und Selbsterkenntnis. Auf der Basis der gegenw\u00e4rtig anerkannten Quantenphysik ist es hingegen nicht denkbar, dass Gedanken durch Quantenverschr\u00e4nkung gezielt Handlungen anderer Menschen beeinflussen. Das No-Communication-Theorem schlie\u00dft eine solche Informations\u00fcbertragung fundamental aus, und die schnelle Dekoh\u00e4renz in biologischen Systemen macht weitreichende Verschr\u00e4nkungen zwischen verschiedenen Gehirnen extrem unwahrscheinlich. Dennoch bleibt das Verh\u00e4ltnis von Bewusstsein und Quantenphysik eines der spannendsten ungel\u00f6sten R\u00e4tsel der modernen Wissenschaft. Theorien wie Orch-OR deuten darauf hin, dass unser Verst\u00e4ndnis des Geistes m\u00f6glicherweise unvollst\u00e4ndig ist und dass Quanteneffekte bei der Entstehung des Bewusstseins eine Rolle spielen k\u00f6nnten. Ob diese Erkenntnisse jemals zu einer physikalischen Best\u00e4tigung von Konzepten wie kollektivem Bewusstsein oder gedanklicher Fernwirkung f\u00fchren werden, bleibt spekulativ, markiert aber eine faszinierende Grenze der aktuellen Forschung, an der Metaphysik und Physik in einen neuen, fruchtbaren Dialog treten.<\/p>\n<p>[1] Wissenschaft von Karma. In: YouTube. <span style=\"color: #0563c1;\"><u><a href=\"https:\/\/www.youtube.com\/watch?v=lYp7wgJA0vM\">(<\/a><a href=\"https:\/\/www.youtube.com\/watch?v=lYp7wgJA0vM\" target=\"_blank\" rel=\"noopener\">https:\/\/www.youtube.com\/watch?v=lYp7wgJA0v<\/a><\/u><\/span><a href=\"https:\/\/www.youtube.com\/watch?v=lYp7wgJA0vM\" target=\"_blank\" rel=\"noopener\">M<\/a>)<\/p>\n<p>[2] Metta Meditation: Ach du liebevolle G\u00fcte! In: 7Mind. <span style=\"color: #0563c1;\"><u><a href=\"https:\/\/www.7mind.de\/magazin\/metta-meditation-liebe-mitgefuehl\">(<\/a><a href=\"https:\/\/www.7mind.de\/magazin\/metta-meditation-liebe-mitgefuehl\" target=\"_blank\" rel=\"noopener\">https:\/\/www.7mind.de\/magazin\/metta-meditation-liebe-mitgefueh<\/a><\/u><\/span><a href=\"https:\/\/www.7mind.de\/magazin\/metta-meditation-liebe-mitgefuehl\" target=\"_blank\" rel=\"noopener\">l<\/a>)<\/p>\n<p>[3] Goldene Regel. In: Wikipedia. <span style=\"color: #0563c1;\"><u><a href=\"https:\/\/de.wikipedia.org\/wiki\/Goldene_Regel\">(<\/a><a href=\"https:\/\/de.wikipedia.org\/wiki\/Goldene_Regel\" target=\"_blank\" rel=\"noopener\">https:\/\/de.wikipedia.org\/wiki\/Goldene_Rege<\/a><\/u><\/span><a href=\"https:\/\/de.wikipedia.org\/wiki\/Goldene_Regel\" target=\"_blank\" rel=\"noopener\">l<\/a>)<\/p>\n<p>[4] Die Bergpredigt: Herzst\u00fcck von Jesu Botschaft. In: Logos. <span style=\"color: #0563c1;\"><u><a href=\"https:\/\/deutsch.logos.com\/die-bergpredigt\/\">(<\/a><a href=\"https:\/\/deutsch.logos.com\/die-bergpredigt\/\" target=\"_blank\" rel=\"noopener\">https:\/\/deutsch.logos.com\/die-bergpredigt<\/a><\/u><\/span><a href=\"https:\/\/deutsch.logos.com\/die-bergpredigt\/\" target=\"_blank\" rel=\"noopener\">\/<\/a>)<\/p>\n<p>[5] Verletzende Worte &#8211; Gedanken. In: Chabad.org. <span style=\"color: #0563c1;\"><u><a href=\"https:\/\/de.chabad.org\/parshah\/article_cdo\/aid\/1967905\/jewish\/Verletzende-Worte.htm\">(<\/a><a href=\"https:\/\/de.chabad.org\/parshah\/article_cdo\/aid\/1967905\/jewish\/Verletzende-Worte.htm\" target=\"_blank\" rel=\"noopener\">https:\/\/de.chabad.org\/parshah\/article_cdo\/aid\/1967905\/jewish\/Verletzende-Worte.ht<\/a><\/u><\/span><a href=\"https:\/\/de.chabad.org\/parshah\/article_cdo\/aid\/1967905\/jewish\/Verletzende-Worte.htm\" target=\"_blank\" rel=\"noopener\">m<\/a>)<\/p>\n<p>[6] Surah An-Nisa &#8211; 148. In: Quran.com. <span style=\"color: #0563c1;\"><u><a href=\"https:\/\/quran.com\/an-nisa\/148\">(<\/a><a href=\"https:\/\/quran.com\/an-nisa\/148\" target=\"_blank\" rel=\"noopener\">https:\/\/quran.com\/an-nisa\/14<\/a><\/u><\/span><a href=\"https:\/\/quran.com\/an-nisa\/148\" target=\"_blank\" rel=\"noopener\">8<\/a>)<\/p>\n<p>[7] Das Spiegelgesetz und die vier aufbauenden Aspekte. In: Landsiedel. <span style=\"color: #0563c1;\"><u><a href=\"https:\/\/www.landsiedel.com\/at\/wissen\/spiegelgesetz.html\">(<\/a><a href=\"https:\/\/www.landsiedel.com\/at\/wissen\/spiegelgesetz.html\" target=\"_blank\" rel=\"noopener\">https:\/\/www.landsiedel.com\/at\/wissen\/spiegelgesetz.htm<\/a><\/u><\/span><a href=\"https:\/\/www.landsiedel.com\/at\/wissen\/spiegelgesetz.html\" target=\"_blank\" rel=\"noopener\">l<\/a>)<\/p>\n<p>[8] Gesetz der Anziehung: So soll es funktionieren. In: Utopia. <span style=\"color: #0563c1;\"><u><a href=\"https:\/\/utopia.de\/ratgeber\/gesetz-der-anziehung-so-soll-es-funktionieren_135539\/\">(<\/a><a href=\"https:\/\/utopia.de\/ratgeber\/gesetz-der-anziehung-so-soll-es-funktionieren_135539\/\" target=\"_blank\" rel=\"noopener\">https:\/\/utopia.de\/ratgeber\/gesetz-der-anziehung-so-soll-es-funktionieren_135539<\/a><\/u><\/span><a href=\"https:\/\/utopia.de\/ratgeber\/gesetz-der-anziehung-so-soll-es-funktionieren_135539\/\" target=\"_blank\" rel=\"noopener\">\/<\/a>)<\/p>\n<p>[9] Die 7 hermetischen Prinzipien des Kybalion. In: Gaia. <span style=\"color: #0563c1;\"><u><a href=\"https:\/\/www.gaia.com\/de\/article\/7-hermetische-prinzipien-des-kybalion\">(<\/a><a href=\"https:\/\/www.gaia.com\/de\/article\/7-hermetische-prinzipien-des-kybalion\" target=\"_blank\" rel=\"noopener\">https:\/\/www.gaia.com\/de\/article\/7-hermetische-prinzipien-des-kybalio<\/a><\/u><\/span><a href=\"https:\/\/www.gaia.com\/de\/article\/7-hermetische-prinzipien-des-kybalion\" target=\"_blank\" rel=\"noopener\">n<\/a>)<\/p>\n<p>[10] Stoizismus: So wird man gelassener. In: Die Zeit. <span style=\"color: #0563c1;\"><u><a href=\"https:\/\/www.zeit.de\/2024\/08\/stoizismus-gelassenheit-selbstoptimierung-philosophie\">(<\/a><a href=\"https:\/\/www.zeit.de\/2024\/08\/stoizismus-gelassenheit-selbstoptimierung-philosophie\" target=\"_blank\" rel=\"noopener\">https:\/\/www.zeit.de\/2024\/08\/stoizismus-gelassenheit-selbstoptimierung-philosophi<\/a><\/u><\/span><a href=\"https:\/\/www.zeit.de\/2024\/08\/stoizismus-gelassenheit-selbstoptimierung-philosophie\" target=\"_blank\" rel=\"noopener\">e<\/a>)<\/p>\n<p>[11] Selbstbetrachtungen. In: Wikipedia. <span style=\"color: #0563c1;\"><u><a href=\"https:\/\/de.wikipedia.org\/wiki\/Selbstbetrachtungen\">(<\/a><a href=\"https:\/\/de.wikipedia.org\/wiki\/Selbstbetrachtungen\" target=\"_blank\" rel=\"noopener\">https:\/\/de.wikipedia.org\/wiki\/Selbstbetrachtunge<\/a><\/u><\/span><a href=\"https:\/\/de.wikipedia.org\/wiki\/Selbstbetrachtungen\" target=\"_blank\" rel=\"noopener\">n<\/a>)<\/p>\n<p>[12] Nur Taten aus Mitleid sind moralisch. In: Ethik Heute. <span style=\"color: #0563c1;\"><u><a href=\"https:\/\/ethik-heute.org\/nur-taten-aus-mitleid-sind-moralisch\/\">(<\/a><a href=\"https:\/\/ethik-heute.org\/nur-taten-aus-mitleid-sind-moralisch\/\" target=\"_blank\" rel=\"noopener\">https:\/\/ethik-heute.org\/nur-taten-aus-mitleid-sind-moralisch<\/a><\/u><\/span><a href=\"https:\/\/ethik-heute.org\/nur-taten-aus-mitleid-sind-moralisch\/\" target=\"_blank\" rel=\"noopener\">\/<\/a>)<\/p>\n<p>[13] Projektion (Psychoanalyse). In: Wikipedia. <span style=\"color: #0563c1;\"><u><a href=\"https:\/\/de.wikipedia.org\/wiki\/Projektion_(Psychoanalyse)\">(<\/a><a href=\"https:\/\/de.wikipedia.org\/wiki\/Projektion_(Psychoanalyse)\" target=\"_blank\" rel=\"noopener\">https:\/\/de.wikipedia.org\/wiki\/Projektion_(Psychoanalyse<\/a><\/u><\/span><a href=\"https:\/\/de.wikipedia.org\/wiki\/Projektion_(Psychoanalyse)\" target=\"_blank\" rel=\"noopener\">)<\/a>)<\/p>\n<p>[14] Der Schatten in der Psychologie: Was Jung dar\u00fcber wusste. In: Doreen Ullrich. <span style=\"color: #0563c1;\"><u><a href=\"https:\/\/www.doreenullrich.com\/2025\/11\/07\/der-schatten-in-der-psychologie\/\">(<\/a><a href=\"https:\/\/www.doreenullrich.com\/2025\/11\/07\/der-schatten-in-der-psychologie\/\" target=\"_blank\" rel=\"noopener\">https:\/\/www.doreenullrich.com\/2025\/11\/07\/der-schatten-in-der-psychologie<\/a><\/u><\/span><a href=\"https:\/\/www.doreenullrich.com\/2025\/11\/07\/der-schatten-in-der-psychologie\/\" target=\"_blank\" rel=\"noopener\">\/<\/a>)<\/p>\n<p>[15] Quantenverschr\u00e4nkung. In: Wikipedia. <span style=\"color: #0563c1;\"><u><a href=\"https:\/\/de.wikipedia.org\/wiki\/Quantenverschr%C3%A4nkung\">(<\/a><a href=\"https:\/\/de.wikipedia.org\/wiki\/Quantenverschr%C3%A4nkung\" target=\"_blank\" rel=\"noopener\">https:\/\/de.wikipedia.org\/wiki\/Quantenverschr%C3%A4nkun<\/a><\/u><\/span><a href=\"https:\/\/de.wikipedia.org\/wiki\/Quantenverschr%C3%A4nkung\" target=\"_blank\" rel=\"noopener\">g<\/a>)<\/p>\n<p>[16] No-communication theorem. In: Wikipedia. <span style=\"color: #0563c1;\"><u><a href=\"https:\/\/en.wikipedia.org\/wiki\/No-communication_theorem\">(<\/a><a href=\"https:\/\/en.wikipedia.org\/wiki\/No-communication_theorem\" target=\"_blank\" rel=\"noopener\">https:\/\/en.wikipedia.org\/wiki\/No-communication_theore<\/a><\/u><\/span><a href=\"https:\/\/en.wikipedia.org\/wiki\/No-communication_theorem\" target=\"_blank\" rel=\"noopener\">m<\/a>)<\/p>\n<p>[17] Quantenverschr\u00e4nkung. In: Chemie.de. <span style=\"color: #0563c1;\"><u><a href=\"https:\/\/www.chemie.de\/lexikon\/Quantenverschr%C3%A4nkung.html\">(<\/a><a href=\"https:\/\/www.chemie.de\/lexikon\/Quantenverschr%C3%A4nkung.html\" target=\"_blank\" rel=\"noopener\">https:\/\/www.chemie.de\/lexikon\/Quantenverschr%C3%A4nkung.htm<\/a><\/u><\/span><a href=\"https:\/\/www.chemie.de\/lexikon\/Quantenverschr%C3%A4nkung.html\" target=\"_blank\" rel=\"noopener\">l<\/a>)<\/p>\n<p>[18] Orchestrated objective reduction. In: Wikipedia. <span style=\"color: #0563c1;\"><u><a href=\"https:\/\/en.wikipedia.org\/wiki\/Orchestrated_objective_reduction\">(<\/a><a href=\"https:\/\/en.wikipedia.org\/wiki\/Orchestrated_objective_reduction\" target=\"_blank\" rel=\"noopener\">https:\/\/en.wikipedia.org\/wiki\/Orchestrated_objective_reductio<\/a><\/u><\/span><a href=\"https:\/\/en.wikipedia.org\/wiki\/Orchestrated_objective_reduction\" target=\"_blank\" rel=\"noopener\">n<\/a>)<\/p>\n<p>[19] Tegmark, Max (2000): The importance of quantum decoherence in brain processes. Physical Review E 61(4194). In: arXiv. <span style=\"color: #0563c1;\"><u><a href=\"https:\/\/arxiv.org\/abs\/quant-ph\/9907009\">(<\/a><a href=\"https:\/\/arxiv.org\/abs\/quant-ph\/9907009\" target=\"_blank\" rel=\"noopener\">https:\/\/arxiv.org\/abs\/quant-ph\/990700<\/a><\/u><\/span><a href=\"https:\/\/arxiv.org\/abs\/quant-ph\/9907009\" target=\"_blank\" rel=\"noopener\">9<\/a>)<\/p>\n<p>[20] Die gro\u00dfe KI-Blase und der Quantenkater. In: Lucke EDV. <span style=\"color: #0563c1;\"><u><a href=\"https:\/\/lucke-edv.de\/posts\/die-groe-ki-blase-und-der-quantenkater-teil-3-2-der-todessto\">(<\/a><a href=\"https:\/\/lucke-edv.de\/posts\/die-groe-ki-blase-und-der-quantenkater-teil-3-2-der-todessto\" target=\"_blank\" rel=\"noopener\">https:\/\/lucke-edv.de\/posts\/die-groe-ki-blase-und-der-quantenkater-teil-3-2-der-todesst<\/a><\/u><\/span><a href=\"https:\/\/lucke-edv.de\/posts\/die-groe-ki-blase-und-der-quantenkater-teil-3-2-der-todessto\" target=\"_blank\" rel=\"noopener\">o<\/a>)<\/p>\n<p>[21] Quantenbiologie. In: Wikipedia. <span style=\"color: #0563c1;\"><u><a href=\"https:\/\/de.wikipedia.org\/wiki\/Quantenbiologie\">(<\/a><a href=\"https:\/\/de.wikipedia.org\/wiki\/Quantenbiologie\" target=\"_blank\" rel=\"noopener\">https:\/\/de.wikipedia.org\/wiki\/Quantenbiologi<\/a><\/u><\/span><a href=\"https:\/\/de.wikipedia.org\/wiki\/Quantenbiologie\" target=\"_blank\" rel=\"noopener\">e<\/a>)<\/p>\n<p>[22] Orch-OR Theorie: Quantenbewusstsein 2026. In: The Digioneer. <span style=\"color: #0563c1;\"><u><a href=\"https:\/\/digioneer.pro\/penrose-orch-or-quantenbewusstsein-2026\/\">(<\/a><a href=\"https:\/\/digioneer.pro\/penrose-orch-or-quantenbewusstsein-2026\/\" target=\"_blank\" rel=\"noopener\">https:\/\/digioneer.pro\/penrose-orch-or-quantenbewusstsein-2026<\/a><\/u><\/span><a href=\"https:\/\/digioneer.pro\/penrose-orch-or-quantenbewusstsein-2026\/\" target=\"_blank\" rel=\"noopener\">\/<\/a>)<\/p>\n<p>[23] Global Consciousness Project. In: Wikipedia. <span style=\"color: #0563c1;\"><u><a href=\"https:\/\/en.wikipedia.org\/wiki\/Global_Consciousness_Project\" target=\"_blank\" rel=\"noopener\">(https:\/\/en.wikipedia.org\/wiki\/Global_Consciousness_Projec<\/a><\/u><\/span><a href=\"https:\/\/en.wikipedia.org\/wiki\/Global_Consciousness_Project\">t<\/a>)<\/p>\n<p><span style=\"color: #34322d;\"><span style=\"font-family: Liberation Serif, serif;\"><span style=\"font-size: medium;\">[24] <\/span><\/span><\/span>Radin, Dean: The Conscious Universe: The Scientific Truth of Psychic Phenomena. HarperOne, New York 1997.<\/p>\n<p>[25] Dean Radin. In: Wikipedia. <span style=\"color: #0563c1;\"><u><a href=\"https:\/\/en.wikipedia.org\/wiki\/Dean_Radin\">(<\/a><a href=\"https:\/\/en.wikipedia.org\/wiki\/Dean_Radin\" target=\"_blank\" rel=\"noopener\">https:\/\/en.wikipedia.org\/wiki\/Dean_Radi<\/a>n)<\/u><\/span><\/p>\n","protected":false},"excerpt":{"rendered":"<p>Kontrolliere ich die Welt? Der Satz \u201eAlle meine negativen Gedanken, die ich gegen\u00fcber anderen Menschen habe, fallen auf mich selbst zur\u00fcck\u201c ber\u00fchrt tiefgr\u00fcndige Konzepte, die sich durch die Religionsgeschichte, esoterische Lehren, philosophische Denkschulen und bis hinein in die moderne Quantenphysik &hellip; <a href=\"https:\/\/www.inkultura-online.de\/politisch_unkorrekt\/gute-gedanken-boese-gedanken\/\">Weiterlesen <span class=\"meta-nav\">&rarr;<\/span><\/a><\/p>\n","protected":false},"author":1,"featured_media":0,"comment_status":"closed","ping_status":"closed","sticky":false,"template":"","format":"standard","meta":{"footnotes":""},"categories":[444],"tags":[2104,2106,2103,2105,2109,2107,2108],"class_list":["post-3300","post","type-post","status-publish","format-standard","hentry","category-gedanken-zum-tag","tag-boese-gedanken","tag-esoterik","tag-gute-gedanken","tag-kontrolle","tag-nichtlokalitaet","tag-philosophie","tag-quantenverschraenkung"],"yoast_head":"<!-- This site is optimized with the Yoast SEO plugin v27.4 - https:\/\/yoast.com\/product\/yoast-seo-wordpress\/ -->\n<title>Gute Gedanken, b\u00f6se Gedanken - Zeitgeist? Frei!<\/title>\n<meta name=\"robots\" content=\"index, follow, max-snippet:-1, max-image-preview:large, max-video-preview:-1\" \/>\n<link rel=\"canonical\" href=\"https:\/\/www.inkultura-online.de\/politisch_unkorrekt\/gute-gedanken-boese-gedanken\/\" \/>\n<meta property=\"og:locale\" content=\"de_DE\" \/>\n<meta property=\"og:type\" content=\"article\" \/>\n<meta property=\"og:title\" content=\"Gute Gedanken, b\u00f6se Gedanken - Zeitgeist? Frei!\" \/>\n<meta property=\"og:description\" content=\"Kontrolliere ich die Welt? Der Satz \u201eAlle meine negativen Gedanken, die ich gegen\u00fcber anderen Menschen habe, fallen auf mich selbst zur\u00fcck\u201c ber\u00fchrt tiefgr\u00fcndige Konzepte, die sich durch die Religionsgeschichte, esoterische Lehren, philosophische Denkschulen und bis hinein in die moderne Quantenphysik &hellip; Weiterlesen &rarr;\" \/>\n<meta property=\"og:url\" content=\"https:\/\/www.inkultura-online.de\/politisch_unkorrekt\/gute-gedanken-boese-gedanken\/\" \/>\n<meta property=\"og:site_name\" content=\"Zeitgeist? Frei!\" \/>\n<meta property=\"article:published_time\" content=\"2026-04-28T06:47:38+00:00\" \/>\n<meta name=\"author\" content=\"Orator\" \/>\n<meta name=\"twitter:label1\" content=\"Verfasst von\" \/>\n\t<meta name=\"twitter:data1\" content=\"Orator\" \/>\n\t<meta name=\"twitter:label2\" content=\"Gesch\u00e4tzte Lesezeit\" \/>\n\t<meta name=\"twitter:data2\" content=\"12\u00a0Minuten\" \/>\n<script type=\"application\/ld+json\" class=\"yoast-schema-graph\">{\"@context\":\"https:\\\/\\\/schema.org\",\"@graph\":[{\"@type\":\"Article\",\"@id\":\"https:\\\/\\\/www.inkultura-online.de\\\/politisch_unkorrekt\\\/gute-gedanken-boese-gedanken\\\/#article\",\"isPartOf\":{\"@id\":\"https:\\\/\\\/www.inkultura-online.de\\\/politisch_unkorrekt\\\/gute-gedanken-boese-gedanken\\\/\"},\"author\":{\"name\":\"Orator\",\"@id\":\"https:\\\/\\\/www.inkultura-online.de\\\/politisch_unkorrekt\\\/#\\\/schema\\\/person\\\/5b30b80e385478896a1de221e1994d86\"},\"headline\":\"Gute Gedanken, b\u00f6se Gedanken\",\"datePublished\":\"2026-04-28T06:47:38+00:00\",\"mainEntityOfPage\":{\"@id\":\"https:\\\/\\\/www.inkultura-online.de\\\/politisch_unkorrekt\\\/gute-gedanken-boese-gedanken\\\/\"},\"wordCount\":2278,\"publisher\":{\"@id\":\"https:\\\/\\\/www.inkultura-online.de\\\/politisch_unkorrekt\\\/#\\\/schema\\\/person\\\/5b30b80e385478896a1de221e1994d86\"},\"keywords\":[\"B\u00f6se Gedanken\",\"Esoterik\",\"Gute Gedanken\",\"Kontrolle\",\"Nichtlokalit\u00e4t\",\"Philosophie\",\"Quantenverschr\u00e4nkung\"],\"articleSection\":[\"Gedanken zum Tag\"],\"inLanguage\":\"de\"},{\"@type\":\"WebPage\",\"@id\":\"https:\\\/\\\/www.inkultura-online.de\\\/politisch_unkorrekt\\\/gute-gedanken-boese-gedanken\\\/\",\"url\":\"https:\\\/\\\/www.inkultura-online.de\\\/politisch_unkorrekt\\\/gute-gedanken-boese-gedanken\\\/\",\"name\":\"Gute Gedanken, b\u00f6se Gedanken - Zeitgeist? Frei!\",\"isPartOf\":{\"@id\":\"https:\\\/\\\/www.inkultura-online.de\\\/politisch_unkorrekt\\\/#website\"},\"datePublished\":\"2026-04-28T06:47:38+00:00\",\"breadcrumb\":{\"@id\":\"https:\\\/\\\/www.inkultura-online.de\\\/politisch_unkorrekt\\\/gute-gedanken-boese-gedanken\\\/#breadcrumb\"},\"inLanguage\":\"de\",\"potentialAction\":[{\"@type\":\"ReadAction\",\"target\":[\"https:\\\/\\\/www.inkultura-online.de\\\/politisch_unkorrekt\\\/gute-gedanken-boese-gedanken\\\/\"]}]},{\"@type\":\"BreadcrumbList\",\"@id\":\"https:\\\/\\\/www.inkultura-online.de\\\/politisch_unkorrekt\\\/gute-gedanken-boese-gedanken\\\/#breadcrumb\",\"itemListElement\":[{\"@type\":\"ListItem\",\"position\":1,\"name\":\"Home\",\"item\":\"https:\\\/\\\/www.inkultura-online.de\\\/politisch_unkorrekt\\\/\"},{\"@type\":\"ListItem\",\"position\":2,\"name\":\"Gute Gedanken, b\u00f6se Gedanken\"}]},{\"@type\":\"WebSite\",\"@id\":\"https:\\\/\\\/www.inkultura-online.de\\\/politisch_unkorrekt\\\/#website\",\"url\":\"https:\\\/\\\/www.inkultura-online.de\\\/politisch_unkorrekt\\\/\",\"name\":\"Zeitgeist? Frei!\",\"description\":\"Was Ihr den Geist der Zeiten hei\u00dft...\",\"publisher\":{\"@id\":\"https:\\\/\\\/www.inkultura-online.de\\\/politisch_unkorrekt\\\/#\\\/schema\\\/person\\\/5b30b80e385478896a1de221e1994d86\"},\"potentialAction\":[{\"@type\":\"SearchAction\",\"target\":{\"@type\":\"EntryPoint\",\"urlTemplate\":\"https:\\\/\\\/www.inkultura-online.de\\\/politisch_unkorrekt\\\/?s={search_term_string}\"},\"query-input\":{\"@type\":\"PropertyValueSpecification\",\"valueRequired\":true,\"valueName\":\"search_term_string\"}}],\"inLanguage\":\"de\"},{\"@type\":[\"Person\",\"Organization\"],\"@id\":\"https:\\\/\\\/www.inkultura-online.de\\\/politisch_unkorrekt\\\/#\\\/schema\\\/person\\\/5b30b80e385478896a1de221e1994d86\",\"name\":\"Orator\",\"image\":{\"@type\":\"ImageObject\",\"inLanguage\":\"de\",\"@id\":\"https:\\\/\\\/secure.gravatar.com\\\/avatar\\\/96e03166d31716e9c437060430eb7605c45a8ce6fb6dab483637ca6915dd0844?s=96&d=mm&r=g\",\"url\":\"https:\\\/\\\/secure.gravatar.com\\\/avatar\\\/96e03166d31716e9c437060430eb7605c45a8ce6fb6dab483637ca6915dd0844?s=96&d=mm&r=g\",\"contentUrl\":\"https:\\\/\\\/secure.gravatar.com\\\/avatar\\\/96e03166d31716e9c437060430eb7605c45a8ce6fb6dab483637ca6915dd0844?s=96&d=mm&r=g\",\"caption\":\"Orator\"},\"logo\":{\"@id\":\"https:\\\/\\\/secure.gravatar.com\\\/avatar\\\/96e03166d31716e9c437060430eb7605c45a8ce6fb6dab483637ca6915dd0844?s=96&d=mm&r=g\"},\"url\":\"https:\\\/\\\/www.inkultura-online.de\\\/politisch_unkorrekt\\\/author\\\/1korrektor21-2\\\/\"}]}<\/script>\n<!-- \/ Yoast SEO plugin. -->","yoast_head_json":{"title":"Gute Gedanken, b\u00f6se Gedanken - Zeitgeist? Frei!","robots":{"index":"index","follow":"follow","max-snippet":"max-snippet:-1","max-image-preview":"max-image-preview:large","max-video-preview":"max-video-preview:-1"},"canonical":"https:\/\/www.inkultura-online.de\/politisch_unkorrekt\/gute-gedanken-boese-gedanken\/","og_locale":"de_DE","og_type":"article","og_title":"Gute Gedanken, b\u00f6se Gedanken - Zeitgeist? Frei!","og_description":"Kontrolliere ich die Welt? Der Satz \u201eAlle meine negativen Gedanken, die ich gegen\u00fcber anderen Menschen habe, fallen auf mich selbst zur\u00fcck\u201c ber\u00fchrt tiefgr\u00fcndige Konzepte, die sich durch die Religionsgeschichte, esoterische Lehren, philosophische Denkschulen und bis hinein in die moderne Quantenphysik &hellip; Weiterlesen &rarr;","og_url":"https:\/\/www.inkultura-online.de\/politisch_unkorrekt\/gute-gedanken-boese-gedanken\/","og_site_name":"Zeitgeist? Frei!","article_published_time":"2026-04-28T06:47:38+00:00","author":"Orator","twitter_misc":{"Verfasst von":"Orator","Gesch\u00e4tzte Lesezeit":"12\u00a0Minuten"},"schema":{"@context":"https:\/\/schema.org","@graph":[{"@type":"Article","@id":"https:\/\/www.inkultura-online.de\/politisch_unkorrekt\/gute-gedanken-boese-gedanken\/#article","isPartOf":{"@id":"https:\/\/www.inkultura-online.de\/politisch_unkorrekt\/gute-gedanken-boese-gedanken\/"},"author":{"name":"Orator","@id":"https:\/\/www.inkultura-online.de\/politisch_unkorrekt\/#\/schema\/person\/5b30b80e385478896a1de221e1994d86"},"headline":"Gute Gedanken, b\u00f6se Gedanken","datePublished":"2026-04-28T06:47:38+00:00","mainEntityOfPage":{"@id":"https:\/\/www.inkultura-online.de\/politisch_unkorrekt\/gute-gedanken-boese-gedanken\/"},"wordCount":2278,"publisher":{"@id":"https:\/\/www.inkultura-online.de\/politisch_unkorrekt\/#\/schema\/person\/5b30b80e385478896a1de221e1994d86"},"keywords":["B\u00f6se Gedanken","Esoterik","Gute Gedanken","Kontrolle","Nichtlokalit\u00e4t","Philosophie","Quantenverschr\u00e4nkung"],"articleSection":["Gedanken zum Tag"],"inLanguage":"de"},{"@type":"WebPage","@id":"https:\/\/www.inkultura-online.de\/politisch_unkorrekt\/gute-gedanken-boese-gedanken\/","url":"https:\/\/www.inkultura-online.de\/politisch_unkorrekt\/gute-gedanken-boese-gedanken\/","name":"Gute Gedanken, b\u00f6se Gedanken - Zeitgeist? Frei!","isPartOf":{"@id":"https:\/\/www.inkultura-online.de\/politisch_unkorrekt\/#website"},"datePublished":"2026-04-28T06:47:38+00:00","breadcrumb":{"@id":"https:\/\/www.inkultura-online.de\/politisch_unkorrekt\/gute-gedanken-boese-gedanken\/#breadcrumb"},"inLanguage":"de","potentialAction":[{"@type":"ReadAction","target":["https:\/\/www.inkultura-online.de\/politisch_unkorrekt\/gute-gedanken-boese-gedanken\/"]}]},{"@type":"BreadcrumbList","@id":"https:\/\/www.inkultura-online.de\/politisch_unkorrekt\/gute-gedanken-boese-gedanken\/#breadcrumb","itemListElement":[{"@type":"ListItem","position":1,"name":"Home","item":"https:\/\/www.inkultura-online.de\/politisch_unkorrekt\/"},{"@type":"ListItem","position":2,"name":"Gute Gedanken, b\u00f6se Gedanken"}]},{"@type":"WebSite","@id":"https:\/\/www.inkultura-online.de\/politisch_unkorrekt\/#website","url":"https:\/\/www.inkultura-online.de\/politisch_unkorrekt\/","name":"Zeitgeist? Frei!","description":"Was Ihr den Geist der Zeiten hei\u00dft...","publisher":{"@id":"https:\/\/www.inkultura-online.de\/politisch_unkorrekt\/#\/schema\/person\/5b30b80e385478896a1de221e1994d86"},"potentialAction":[{"@type":"SearchAction","target":{"@type":"EntryPoint","urlTemplate":"https:\/\/www.inkultura-online.de\/politisch_unkorrekt\/?s={search_term_string}"},"query-input":{"@type":"PropertyValueSpecification","valueRequired":true,"valueName":"search_term_string"}}],"inLanguage":"de"},{"@type":["Person","Organization"],"@id":"https:\/\/www.inkultura-online.de\/politisch_unkorrekt\/#\/schema\/person\/5b30b80e385478896a1de221e1994d86","name":"Orator","image":{"@type":"ImageObject","inLanguage":"de","@id":"https:\/\/secure.gravatar.com\/avatar\/96e03166d31716e9c437060430eb7605c45a8ce6fb6dab483637ca6915dd0844?s=96&d=mm&r=g","url":"https:\/\/secure.gravatar.com\/avatar\/96e03166d31716e9c437060430eb7605c45a8ce6fb6dab483637ca6915dd0844?s=96&d=mm&r=g","contentUrl":"https:\/\/secure.gravatar.com\/avatar\/96e03166d31716e9c437060430eb7605c45a8ce6fb6dab483637ca6915dd0844?s=96&d=mm&r=g","caption":"Orator"},"logo":{"@id":"https:\/\/secure.gravatar.com\/avatar\/96e03166d31716e9c437060430eb7605c45a8ce6fb6dab483637ca6915dd0844?s=96&d=mm&r=g"},"url":"https:\/\/www.inkultura-online.de\/politisch_unkorrekt\/author\/1korrektor21-2\/"}]}},"_links":{"self":[{"href":"https:\/\/www.inkultura-online.de\/politisch_unkorrekt\/wp-json\/wp\/v2\/posts\/3300","targetHints":{"allow":["GET"]}}],"collection":[{"href":"https:\/\/www.inkultura-online.de\/politisch_unkorrekt\/wp-json\/wp\/v2\/posts"}],"about":[{"href":"https:\/\/www.inkultura-online.de\/politisch_unkorrekt\/wp-json\/wp\/v2\/types\/post"}],"author":[{"embeddable":true,"href":"https:\/\/www.inkultura-online.de\/politisch_unkorrekt\/wp-json\/wp\/v2\/users\/1"}],"replies":[{"embeddable":true,"href":"https:\/\/www.inkultura-online.de\/politisch_unkorrekt\/wp-json\/wp\/v2\/comments?post=3300"}],"version-history":[{"count":2,"href":"https:\/\/www.inkultura-online.de\/politisch_unkorrekt\/wp-json\/wp\/v2\/posts\/3300\/revisions"}],"predecessor-version":[{"id":3302,"href":"https:\/\/www.inkultura-online.de\/politisch_unkorrekt\/wp-json\/wp\/v2\/posts\/3300\/revisions\/3302"}],"wp:attachment":[{"href":"https:\/\/www.inkultura-online.de\/politisch_unkorrekt\/wp-json\/wp\/v2\/media?parent=3300"}],"wp:term":[{"taxonomy":"category","embeddable":true,"href":"https:\/\/www.inkultura-online.de\/politisch_unkorrekt\/wp-json\/wp\/v2\/categories?post=3300"},{"taxonomy":"post_tag","embeddable":true,"href":"https:\/\/www.inkultura-online.de\/politisch_unkorrekt\/wp-json\/wp\/v2\/tags?post=3300"}],"curies":[{"name":"wp","href":"https:\/\/api.w.org\/{rel}","templated":true}]}}