{"id":413,"date":"2015-04-19T15:52:31","date_gmt":"2015-04-19T13:52:31","guid":{"rendered":"http:\/\/www.inkultura-online.de\/politisch_unkorrekt\/?p=413"},"modified":"2015-04-19T15:54:27","modified_gmt":"2015-04-19T13:54:27","slug":"wie-laesst-man-ein-volk-verschwinden","status":"publish","type":"post","link":"https:\/\/www.inkultura-online.de\/politisch_unkorrekt\/wie-laesst-man-ein-volk-verschwinden\/","title":{"rendered":"Wie l\u00e4sst man ein Volk verschwinden?"},"content":{"rendered":"<p>Am 04.01.1943 erschien im New Yorker &#8222;Peabody Magazine&#8220; (P.M.) ein Beitrag von <a href=\"http:\/\/de.metapedia.org\/wiki\/Hooton-Plan\" target=\"_blank\">Earnest Albert Hooton<\/a>, Professor f\u00fcr Anthropologie an der Harvard-Universit\u00e4t, unter der \u00dcberschrift &#8222;Sollen wir die Deutschen t\u00f6ten?&#8220;<!--more--><\/p>\n<p>Darin fordert er die Verschleppung m\u00f6glichst vieler deutscher M\u00e4nner zu lebenslanger Sklavenarbeit in fremde L\u00e4nder. Durch Ansiedlung von abermillionen Ausl\u00e4ndern in Deutschland verfolgte Hooton das Ziel einer &#8222;Umvolkung&#8220;, wie die Nationalsozialisten diesen Vorgang zweifelsohne genannt h\u00e4tten. Deutschland sollte systematisch mit Fremdv\u00f6lkern vermischt werden, um seine, wie Hooton es nannte, &#8222;Kriegsseele&#8220; auszuz\u00fcchten.<\/p>\n<p>Mehr als 70 Jahre sp\u00e4ter wird dieser Volksaustausch von den deutschen Volksverr\u00e4tern, Verzeihung, Volksvertretern und der ihnen angeschlossenen Systempresse endlich in die Tat umgesetzt. Ein Land, das solch ein politisches und journalistisches Personal besitzt, das braucht keine \u00e4u\u00dferen Feinde mehr. Die Selbstzerst\u00f6rung wird von innen ausge\u00fcbt.<\/p>\n","protected":false},"excerpt":{"rendered":"<p>Am 04.01.1943 erschien im New Yorker &#8222;Peabody Magazine&#8220; (P.M.) ein Beitrag von Earnest Albert Hooton, Professor f\u00fcr Anthropologie an der Harvard-Universit\u00e4t, unter der \u00dcberschrift &#8222;Sollen wir die Deutschen t\u00f6ten?&#8220;<\/p>\n","protected":false},"author":1,"featured_media":0,"comment_status":"open","ping_status":"open","sticky":false,"template":"","format":"standard","meta":{"footnotes":""},"categories":[1,8,10,11],"tags":[18,237,156],"class_list":["post-413","post","type-post","status-publish","format-standard","hentry","category-fundstuecke","category-schlimme-woerter","category-systemfehler","category-was-die-qualitaetspresse-gern-verschweigt","tag-asylbewerber","tag-hooton-plan","tag-volksaustausch"],"yoast_head":"<!-- This site is optimized with the Yoast SEO plugin v28.3 - https:\/\/yoast.com\/product\/yoast-seo-wordpress\/ -->\n<title>Wie l\u00e4sst man ein Volk verschwinden?<\/title>\n<meta name=\"robots\" content=\"index, follow, max-snippet:-1, max-image-preview:large, max-video-preview:-1\" \/>\n<link rel=\"canonical\" href=\"https:\/\/www.inkultura-online.de\/politisch_unkorrekt\/wie-laesst-man-ein-volk-verschwinden\/\" \/>\n<meta property=\"og:locale\" content=\"de_DE\" \/>\n<meta property=\"og:type\" content=\"article\" \/>\n<meta property=\"og:title\" content=\"Wie l\u00e4sst man ein Volk verschwinden?\" \/>\n<meta property=\"og:description\" content=\"Am 04.01.1943 erschien im New Yorker &#8222;Peabody Magazine&#8220; (P.M.) ein Beitrag von Earnest Albert Hooton, Professor f\u00fcr Anthropologie an der Harvard-Universit\u00e4t, unter der \u00dcberschrift &#8222;Sollen wir die Deutschen t\u00f6ten?&#8220;\" \/>\n<meta property=\"og:url\" content=\"https:\/\/www.inkultura-online.de\/politisch_unkorrekt\/wie-laesst-man-ein-volk-verschwinden\/\" \/>\n<meta property=\"og:site_name\" content=\"Zeitgeist? Frei!\" \/>\n<meta property=\"article:published_time\" content=\"2015-04-19T13:52:31+00:00\" \/>\n<meta property=\"article:modified_time\" content=\"2015-04-19T13:54:27+00:00\" \/>\n<meta name=\"author\" content=\"Orator\" \/>\n<meta name=\"twitter:label1\" content=\"Verfasst von\" \/>\n\t<meta name=\"twitter:data1\" content=\"Orator\" \/>\n\t<meta name=\"twitter:label2\" content=\"Gesch\u00e4tzte Lesezeit\" \/>\n\t<meta name=\"twitter:data2\" content=\"1\u00a0Minute\" \/>\n<script type=\"application\/ld+json\" class=\"yoast-schema-graph\">{\"@context\":\"https:\\\/\\\/schema.org\",\"@graph\":[{\"@type\":\"Article\",\"@id\":\"https:\\\/\\\/www.inkultura-online.de\\\/politisch_unkorrekt\\\/wie-laesst-man-ein-volk-verschwinden\\\/#article\",\"isPartOf\":{\"@id\":\"https:\\\/\\\/www.inkultura-online.de\\\/politisch_unkorrekt\\\/wie-laesst-man-ein-volk-verschwinden\\\/\"},\"author\":{\"name\":\"Orator\",\"@id\":\"https:\\\/\\\/www.inkultura-online.de\\\/politisch_unkorrekt\\\/#\\\/schema\\\/person\\\/5b30b80e385478896a1de221e1994d86\"},\"headline\":\"Wie l\u00e4sst man ein Volk verschwinden?\",\"datePublished\":\"2015-04-19T13:52:31+00:00\",\"dateModified\":\"2015-04-19T13:54:27+00:00\",\"mainEntityOfPage\":{\"@id\":\"https:\\\/\\\/www.inkultura-online.de\\\/politisch_unkorrekt\\\/wie-laesst-man-ein-volk-verschwinden\\\/\"},\"wordCount\":147,\"commentCount\":0,\"publisher\":{\"@id\":\"https:\\\/\\\/www.inkultura-online.de\\\/politisch_unkorrekt\\\/#\\\/schema\\\/person\\\/5b30b80e385478896a1de221e1994d86\"},\"keywords\":[\"Asylbewerber\",\"Hooton-Plan\",\"Volksaustausch\"],\"articleSection\":[\"Fundst\u00fccke\",\"Schlimme W\u00f6rter\",\"Systemfehler\",\"Was die \\\"Qualit\u00e4tspresse\\\" gern verschweigt\"],\"inLanguage\":\"de\",\"potentialAction\":[{\"@type\":\"CommentAction\",\"name\":\"Comment\",\"target\":[\"https:\\\/\\\/www.inkultura-online.de\\\/politisch_unkorrekt\\\/wie-laesst-man-ein-volk-verschwinden\\\/#respond\"]}]},{\"@type\":\"WebPage\",\"@id\":\"https:\\\/\\\/www.inkultura-online.de\\\/politisch_unkorrekt\\\/wie-laesst-man-ein-volk-verschwinden\\\/\",\"url\":\"https:\\\/\\\/www.inkultura-online.de\\\/politisch_unkorrekt\\\/wie-laesst-man-ein-volk-verschwinden\\\/\",\"name\":\"Wie l\u00e4sst man ein Volk verschwinden?\",\"isPartOf\":{\"@id\":\"https:\\\/\\\/www.inkultura-online.de\\\/politisch_unkorrekt\\\/#website\"},\"datePublished\":\"2015-04-19T13:52:31+00:00\",\"dateModified\":\"2015-04-19T13:54:27+00:00\",\"breadcrumb\":{\"@id\":\"https:\\\/\\\/www.inkultura-online.de\\\/politisch_unkorrekt\\\/wie-laesst-man-ein-volk-verschwinden\\\/#breadcrumb\"},\"inLanguage\":\"de\",\"potentialAction\":[{\"@type\":\"ReadAction\",\"target\":[\"https:\\\/\\\/www.inkultura-online.de\\\/politisch_unkorrekt\\\/wie-laesst-man-ein-volk-verschwinden\\\/\"]}]},{\"@type\":\"BreadcrumbList\",\"@id\":\"https:\\\/\\\/www.inkultura-online.de\\\/politisch_unkorrekt\\\/wie-laesst-man-ein-volk-verschwinden\\\/#breadcrumb\",\"itemListElement\":[{\"@type\":\"ListItem\",\"position\":1,\"name\":\"Home\",\"item\":\"https:\\\/\\\/www.inkultura-online.de\\\/politisch_unkorrekt\\\/\"},{\"@type\":\"ListItem\",\"position\":2,\"name\":\"Wie l\u00e4sst man ein Volk verschwinden?\"}]},{\"@type\":\"WebSite\",\"@id\":\"https:\\\/\\\/www.inkultura-online.de\\\/politisch_unkorrekt\\\/#website\",\"url\":\"https:\\\/\\\/www.inkultura-online.de\\\/politisch_unkorrekt\\\/\",\"name\":\"Zeitgeist? Frei!\",\"description\":\"Was Ihr den Geist der Zeiten hei\u00dft...\",\"publisher\":{\"@id\":\"https:\\\/\\\/www.inkultura-online.de\\\/politisch_unkorrekt\\\/#\\\/schema\\\/person\\\/5b30b80e385478896a1de221e1994d86\"},\"potentialAction\":[{\"@type\":\"SearchAction\",\"target\":{\"@type\":\"EntryPoint\",\"urlTemplate\":\"https:\\\/\\\/www.inkultura-online.de\\\/politisch_unkorrekt\\\/?s={search_term_string}\"},\"query-input\":{\"@type\":\"PropertyValueSpecification\",\"valueRequired\":true,\"valueName\":\"search_term_string\"}}],\"inLanguage\":\"de\"},{\"@type\":[\"Person\",\"Organization\"],\"@id\":\"https:\\\/\\\/www.inkultura-online.de\\\/politisch_unkorrekt\\\/#\\\/schema\\\/person\\\/5b30b80e385478896a1de221e1994d86\",\"name\":\"Orator\",\"image\":{\"@type\":\"ImageObject\",\"inLanguage\":\"de\",\"@id\":\"https:\\\/\\\/secure.gravatar.com\\\/avatar\\\/96e03166d31716e9c437060430eb7605c45a8ce6fb6dab483637ca6915dd0844?s=96&d=mm&r=g\",\"url\":\"https:\\\/\\\/secure.gravatar.com\\\/avatar\\\/96e03166d31716e9c437060430eb7605c45a8ce6fb6dab483637ca6915dd0844?s=96&d=mm&r=g\",\"contentUrl\":\"https:\\\/\\\/secure.gravatar.com\\\/avatar\\\/96e03166d31716e9c437060430eb7605c45a8ce6fb6dab483637ca6915dd0844?s=96&d=mm&r=g\",\"caption\":\"Orator\"},\"logo\":{\"@id\":\"https:\\\/\\\/secure.gravatar.com\\\/avatar\\\/96e03166d31716e9c437060430eb7605c45a8ce6fb6dab483637ca6915dd0844?s=96&d=mm&r=g\"},\"url\":\"https:\\\/\\\/www.inkultura-online.de\\\/politisch_unkorrekt\\\/author\\\/1korrektor21-2\\\/\"}]}<\/script>\n<!-- \/ Yoast SEO plugin. -->","yoast_head_json":{"title":"Wie l\u00e4sst man ein Volk verschwinden?","robots":{"index":"index","follow":"follow","max-snippet":"max-snippet:-1","max-image-preview":"max-image-preview:large","max-video-preview":"max-video-preview:-1"},"canonical":"https:\/\/www.inkultura-online.de\/politisch_unkorrekt\/wie-laesst-man-ein-volk-verschwinden\/","og_locale":"de_DE","og_type":"article","og_title":"Wie l\u00e4sst man ein Volk verschwinden?","og_description":"Am 04.01.1943 erschien im New Yorker &#8222;Peabody Magazine&#8220; (P.M.) ein Beitrag von Earnest Albert Hooton, Professor f\u00fcr Anthropologie an der Harvard-Universit\u00e4t, unter der \u00dcberschrift &#8222;Sollen wir die Deutschen t\u00f6ten?&#8220;","og_url":"https:\/\/www.inkultura-online.de\/politisch_unkorrekt\/wie-laesst-man-ein-volk-verschwinden\/","og_site_name":"Zeitgeist? Frei!","article_published_time":"2015-04-19T13:52:31+00:00","article_modified_time":"2015-04-19T13:54:27+00:00","author":"Orator","twitter_misc":{"Verfasst von":"Orator","Gesch\u00e4tzte Lesezeit":"1\u00a0Minute"},"schema":{"@context":"https:\/\/schema.org","@graph":[{"@type":"Article","@id":"https:\/\/www.inkultura-online.de\/politisch_unkorrekt\/wie-laesst-man-ein-volk-verschwinden\/#article","isPartOf":{"@id":"https:\/\/www.inkultura-online.de\/politisch_unkorrekt\/wie-laesst-man-ein-volk-verschwinden\/"},"author":{"name":"Orator","@id":"https:\/\/www.inkultura-online.de\/politisch_unkorrekt\/#\/schema\/person\/5b30b80e385478896a1de221e1994d86"},"headline":"Wie l\u00e4sst man ein Volk verschwinden?","datePublished":"2015-04-19T13:52:31+00:00","dateModified":"2015-04-19T13:54:27+00:00","mainEntityOfPage":{"@id":"https:\/\/www.inkultura-online.de\/politisch_unkorrekt\/wie-laesst-man-ein-volk-verschwinden\/"},"wordCount":147,"commentCount":0,"publisher":{"@id":"https:\/\/www.inkultura-online.de\/politisch_unkorrekt\/#\/schema\/person\/5b30b80e385478896a1de221e1994d86"},"keywords":["Asylbewerber","Hooton-Plan","Volksaustausch"],"articleSection":["Fundst\u00fccke","Schlimme W\u00f6rter","Systemfehler","Was die \"Qualit\u00e4tspresse\" gern verschweigt"],"inLanguage":"de","potentialAction":[{"@type":"CommentAction","name":"Comment","target":["https:\/\/www.inkultura-online.de\/politisch_unkorrekt\/wie-laesst-man-ein-volk-verschwinden\/#respond"]}]},{"@type":"WebPage","@id":"https:\/\/www.inkultura-online.de\/politisch_unkorrekt\/wie-laesst-man-ein-volk-verschwinden\/","url":"https:\/\/www.inkultura-online.de\/politisch_unkorrekt\/wie-laesst-man-ein-volk-verschwinden\/","name":"Wie l\u00e4sst man ein Volk verschwinden?","isPartOf":{"@id":"https:\/\/www.inkultura-online.de\/politisch_unkorrekt\/#website"},"datePublished":"2015-04-19T13:52:31+00:00","dateModified":"2015-04-19T13:54:27+00:00","breadcrumb":{"@id":"https:\/\/www.inkultura-online.de\/politisch_unkorrekt\/wie-laesst-man-ein-volk-verschwinden\/#breadcrumb"},"inLanguage":"de","potentialAction":[{"@type":"ReadAction","target":["https:\/\/www.inkultura-online.de\/politisch_unkorrekt\/wie-laesst-man-ein-volk-verschwinden\/"]}]},{"@type":"BreadcrumbList","@id":"https:\/\/www.inkultura-online.de\/politisch_unkorrekt\/wie-laesst-man-ein-volk-verschwinden\/#breadcrumb","itemListElement":[{"@type":"ListItem","position":1,"name":"Home","item":"https:\/\/www.inkultura-online.de\/politisch_unkorrekt\/"},{"@type":"ListItem","position":2,"name":"Wie l\u00e4sst man ein Volk verschwinden?"}]},{"@type":"WebSite","@id":"https:\/\/www.inkultura-online.de\/politisch_unkorrekt\/#website","url":"https:\/\/www.inkultura-online.de\/politisch_unkorrekt\/","name":"Zeitgeist? Frei!","description":"Was Ihr den Geist der Zeiten hei\u00dft...","publisher":{"@id":"https:\/\/www.inkultura-online.de\/politisch_unkorrekt\/#\/schema\/person\/5b30b80e385478896a1de221e1994d86"},"potentialAction":[{"@type":"SearchAction","target":{"@type":"EntryPoint","urlTemplate":"https:\/\/www.inkultura-online.de\/politisch_unkorrekt\/?s={search_term_string}"},"query-input":{"@type":"PropertyValueSpecification","valueRequired":true,"valueName":"search_term_string"}}],"inLanguage":"de"},{"@type":["Person","Organization"],"@id":"https:\/\/www.inkultura-online.de\/politisch_unkorrekt\/#\/schema\/person\/5b30b80e385478896a1de221e1994d86","name":"Orator","image":{"@type":"ImageObject","inLanguage":"de","@id":"https:\/\/secure.gravatar.com\/avatar\/96e03166d31716e9c437060430eb7605c45a8ce6fb6dab483637ca6915dd0844?s=96&d=mm&r=g","url":"https:\/\/secure.gravatar.com\/avatar\/96e03166d31716e9c437060430eb7605c45a8ce6fb6dab483637ca6915dd0844?s=96&d=mm&r=g","contentUrl":"https:\/\/secure.gravatar.com\/avatar\/96e03166d31716e9c437060430eb7605c45a8ce6fb6dab483637ca6915dd0844?s=96&d=mm&r=g","caption":"Orator"},"logo":{"@id":"https:\/\/secure.gravatar.com\/avatar\/96e03166d31716e9c437060430eb7605c45a8ce6fb6dab483637ca6915dd0844?s=96&d=mm&r=g"},"url":"https:\/\/www.inkultura-online.de\/politisch_unkorrekt\/author\/1korrektor21-2\/"}]}},"_links":{"self":[{"href":"https:\/\/www.inkultura-online.de\/politisch_unkorrekt\/wp-json\/wp\/v2\/posts\/413","targetHints":{"allow":["GET"]}}],"collection":[{"href":"https:\/\/www.inkultura-online.de\/politisch_unkorrekt\/wp-json\/wp\/v2\/posts"}],"about":[{"href":"https:\/\/www.inkultura-online.de\/politisch_unkorrekt\/wp-json\/wp\/v2\/types\/post"}],"author":[{"embeddable":true,"href":"https:\/\/www.inkultura-online.de\/politisch_unkorrekt\/wp-json\/wp\/v2\/users\/1"}],"replies":[{"embeddable":true,"href":"https:\/\/www.inkultura-online.de\/politisch_unkorrekt\/wp-json\/wp\/v2\/comments?post=413"}],"version-history":[{"count":2,"href":"https:\/\/www.inkultura-online.de\/politisch_unkorrekt\/wp-json\/wp\/v2\/posts\/413\/revisions"}],"predecessor-version":[{"id":415,"href":"https:\/\/www.inkultura-online.de\/politisch_unkorrekt\/wp-json\/wp\/v2\/posts\/413\/revisions\/415"}],"wp:attachment":[{"href":"https:\/\/www.inkultura-online.de\/politisch_unkorrekt\/wp-json\/wp\/v2\/media?parent=413"}],"wp:term":[{"taxonomy":"category","embeddable":true,"href":"https:\/\/www.inkultura-online.de\/politisch_unkorrekt\/wp-json\/wp\/v2\/categories?post=413"},{"taxonomy":"post_tag","embeddable":true,"href":"https:\/\/www.inkultura-online.de\/politisch_unkorrekt\/wp-json\/wp\/v2\/tags?post=413"}],"curies":[{"name":"wp","href":"https:\/\/api.w.org\/{rel}","templated":true}]}}