{"id":433,"date":"2015-04-28T19:57:40","date_gmt":"2015-04-28T17:57:40","guid":{"rendered":"http:\/\/www.inkultura-online.de\/politisch_unkorrekt\/?p=433"},"modified":"2015-04-28T19:57:40","modified_gmt":"2015-04-28T17:57:40","slug":"ein-bescheidener-vorschlag","status":"publish","type":"post","link":"https:\/\/www.inkultura-online.de\/politisch_unkorrekt\/ein-bescheidener-vorschlag\/","title":{"rendered":"Ein bescheidener Vorschlag"},"content":{"rendered":"<p>Den Mitgliedern der Sozial- und Migrationsmafia, die sich derzeit angesichts der steigenden Todeszahlen von im Mittelmeer ertrunkenen \u201eFl\u00fcchtlingen\u201c mit Vorschl\u00e4gen zur L\u00f6sung des Problems V\u00f6lkerwanderung \u00fcbertreffen, sei gesagt, dass es eine gute und bereits von Australien mit Erfolg angewandte Methode gibt, um dem Tod durch Ertrinken zu entrinnen.<!--more--><\/p>\n<p>Visa-Stellen in den L\u00e4ndern, aus denen die meisten \u201eFl\u00fcchtlinge\u201c kommen. Nur wer \u00fcber ein g\u00fcltiges Visum verf\u00fcgt, darf europ\u00e4ischen Boden betreten. Mit diesem Vorgehen, das nat\u00fcrlich die politische Unterst\u00fctzung der europ\u00e4ischen Volksverr\u00e4ter, Verzeihung, Volksvertreter haben muss, w\u00e4re schnell Schluss mit lustig und der Einwanderung ins deutsche Sozialsystem. Weil unsere politische und mediale \u201eElite\u201c jedoch als neue Ersatzreligion dem praktizierten Volksaustausch huldigt und weil die Volksvertreter nun mal Volksverr\u00e4ter sind, wird es auch kein australisches Modell bei der Beschr\u00e4nkung der Zuwanderung nach Europa geben.<\/p>\n<p>Man k\u00f6nnte das Problem aber auch anders l\u00f6sen. Ein kleines Gedankenspiel zum Thema Dreijahresvisum f\u00fcr Afrikaner, ausgestellt in den europ\u00e4ischen Botschafter der dortigen L\u00e4nder, das f\u00f6rmlich, mit kleinen Korrekturen, danach ruft, in die Tat umgesetzt zu werden:<\/p>\n<p>Als Ziel k\u00f6nnte man dabei eine beliebige Anzahl von Menschen ins Auge fassen. Sagen wir zun\u00e4chst einmal 20.000.000 Afrikaner (zwanzig Millionen Afrikaner). F\u00fcr die schafft man in ganz Europa Arbeitspl\u00e4tze. Gleichzeitig kann man schon mal mit dem Druck der 20 Millionen Visa beginnen.<\/p>\n<p>Wenn dann die 20 Millionen Arbeitspl\u00e4tze bereitstehen, das dauert nat\u00fcrlich ein paar Tage, schreddert man die Visa sehr sorgf\u00e4ltig. Und die 20 Millionen Arbeitspl\u00e4tze gehen an die 20 Millionen Arbeitslosen, die bereits in der EU leben. Die meisten von denen sind zwar EU-B\u00fcrger und erf\u00fcllen nicht die Kriterien der Volksverr\u00e4ter, aber das ist egal. Es sind 20 Millionen europ\u00e4ische Arbeitslose und die sollen endlich Arbeit finden.<\/p>\n<p>Die meisten von denen leben bereits in der N\u00e4he ihrer jetzt entstandenen Arbeitspl\u00e4tze, andere m\u00fcssen ein bisschen umziehen. Manche m\u00fcssen neue Sprachen lernen, andere neue Berufe. Was, im Jargon unserer Volksverr\u00e4ter, f\u00fcr die Afrikaner gelten soll, k\u00f6nnen die Europ\u00e4er schon lange.<\/p>\n<p>Das Pr\u00e4ferieren der EU-Arbeitslosen macht man nicht, weil EU-Arbeitslose netter sind oder nicht so gut gebr\u00e4unt sind oder was auch immer. Sie sind schlicht und ergreifend bereits hier und sind deshalb auch zuerst dran.<\/p>\n<p>Wenn diese 20 Millionen alle arbeiten und man es dann schafft, noch mehr Arbeitspl\u00e4tze zu schaffen, beispielsweise weitere 100 oder weitere 2000 oder weitere 200000, dann holt man entsprechend 100 oder 2000 oder 200000 Afrikaner rein.<\/p>\n<p>Oder bildet die eigene, will sagen, junge europ\u00e4ische Generation aus. Aber wie bereits erw\u00e4hnt, mit dem derzeitigen politischen Personal ist so etwas nicht zu machen. Dieses bet\u00e4tigt sich lieber aktiv im Bev\u00f6lkerungsaustausch.<\/p>\n","protected":false},"excerpt":{"rendered":"<p>Den Mitgliedern der Sozial- und Migrationsmafia, die sich derzeit angesichts der steigenden Todeszahlen von im Mittelmeer ertrunkenen \u201eFl\u00fcchtlingen\u201c mit Vorschl\u00e4gen zur L\u00f6sung des Problems V\u00f6lkerwanderung \u00fcbertreffen, sei gesagt, dass es eine gute und bereits von Australien mit Erfolg angewandte Methode &hellip; <a href=\"https:\/\/www.inkultura-online.de\/politisch_unkorrekt\/ein-bescheidener-vorschlag\/\">Weiterlesen <span class=\"meta-nav\">&rarr;<\/span><\/a><\/p>\n","protected":false},"author":1,"featured_media":0,"comment_status":"open","ping_status":"open","sticky":false,"template":"","format":"standard","meta":{"footnotes":""},"categories":[5,8],"tags":[238,240,79,57,56,225,239],"class_list":["post-433","post","type-post","status-publish","format-standard","hentry","category-meinungen-und-sprueche","category-schlimme-woerter","tag-bevoelkerungsaustausch","tag-ersatzreligion","tag-fluechtlinge","tag-migrationsmafia","tag-sozialmafia","tag-volksverraeter","tag-volksvertreter"],"yoast_head":"<!-- This site is optimized with the Yoast SEO plugin v27.5 - https:\/\/yoast.com\/product\/yoast-seo-wordpress\/ -->\n<title>Ein bescheidener Vorschlag<\/title>\n<meta name=\"robots\" content=\"index, follow, max-snippet:-1, max-image-preview:large, max-video-preview:-1\" \/>\n<link rel=\"canonical\" href=\"https:\/\/www.inkultura-online.de\/politisch_unkorrekt\/ein-bescheidener-vorschlag\/\" \/>\n<meta property=\"og:locale\" content=\"de_DE\" \/>\n<meta property=\"og:type\" content=\"article\" \/>\n<meta property=\"og:title\" content=\"Ein bescheidener Vorschlag\" \/>\n<meta property=\"og:description\" content=\"Den Mitgliedern der Sozial- und Migrationsmafia, die sich derzeit angesichts der steigenden Todeszahlen von im Mittelmeer ertrunkenen \u201eFl\u00fcchtlingen\u201c mit Vorschl\u00e4gen zur L\u00f6sung des Problems V\u00f6lkerwanderung \u00fcbertreffen, sei gesagt, dass es eine gute und bereits von Australien mit Erfolg angewandte Methode &hellip; Weiterlesen &rarr;\" \/>\n<meta property=\"og:url\" content=\"https:\/\/www.inkultura-online.de\/politisch_unkorrekt\/ein-bescheidener-vorschlag\/\" \/>\n<meta property=\"og:site_name\" content=\"Zeitgeist? Frei!\" \/>\n<meta property=\"article:published_time\" content=\"2015-04-28T17:57:40+00:00\" \/>\n<meta name=\"author\" content=\"Orator\" \/>\n<meta name=\"twitter:label1\" content=\"Verfasst von\" \/>\n\t<meta name=\"twitter:data1\" content=\"Orator\" \/>\n\t<meta name=\"twitter:label2\" content=\"Gesch\u00e4tzte Lesezeit\" \/>\n\t<meta name=\"twitter:data2\" content=\"2\u00a0Minuten\" \/>\n<script type=\"application\/ld+json\" class=\"yoast-schema-graph\">{\"@context\":\"https:\\\/\\\/schema.org\",\"@graph\":[{\"@type\":\"Article\",\"@id\":\"https:\\\/\\\/www.inkultura-online.de\\\/politisch_unkorrekt\\\/ein-bescheidener-vorschlag\\\/#article\",\"isPartOf\":{\"@id\":\"https:\\\/\\\/www.inkultura-online.de\\\/politisch_unkorrekt\\\/ein-bescheidener-vorschlag\\\/\"},\"author\":{\"name\":\"Orator\",\"@id\":\"https:\\\/\\\/www.inkultura-online.de\\\/politisch_unkorrekt\\\/#\\\/schema\\\/person\\\/5b30b80e385478896a1de221e1994d86\"},\"headline\":\"Ein bescheidener Vorschlag\",\"datePublished\":\"2015-04-28T17:57:40+00:00\",\"mainEntityOfPage\":{\"@id\":\"https:\\\/\\\/www.inkultura-online.de\\\/politisch_unkorrekt\\\/ein-bescheidener-vorschlag\\\/\"},\"wordCount\":459,\"commentCount\":0,\"publisher\":{\"@id\":\"https:\\\/\\\/www.inkultura-online.de\\\/politisch_unkorrekt\\\/#\\\/schema\\\/person\\\/5b30b80e385478896a1de221e1994d86\"},\"keywords\":[\"Bev\u00f6lkerungsaustausch\",\"Ersatzreligion\",\"Fl\u00fcchtlinge\",\"Migrationsmafia\",\"Sozialmafia\",\"Volksverr\u00e4ter\",\"Volksvertreter\"],\"articleSection\":[\"Meinungen und Spr\u00fcche\",\"Schlimme W\u00f6rter\"],\"inLanguage\":\"de\",\"potentialAction\":[{\"@type\":\"CommentAction\",\"name\":\"Comment\",\"target\":[\"https:\\\/\\\/www.inkultura-online.de\\\/politisch_unkorrekt\\\/ein-bescheidener-vorschlag\\\/#respond\"]}]},{\"@type\":\"WebPage\",\"@id\":\"https:\\\/\\\/www.inkultura-online.de\\\/politisch_unkorrekt\\\/ein-bescheidener-vorschlag\\\/\",\"url\":\"https:\\\/\\\/www.inkultura-online.de\\\/politisch_unkorrekt\\\/ein-bescheidener-vorschlag\\\/\",\"name\":\"Ein bescheidener Vorschlag\",\"isPartOf\":{\"@id\":\"https:\\\/\\\/www.inkultura-online.de\\\/politisch_unkorrekt\\\/#website\"},\"datePublished\":\"2015-04-28T17:57:40+00:00\",\"breadcrumb\":{\"@id\":\"https:\\\/\\\/www.inkultura-online.de\\\/politisch_unkorrekt\\\/ein-bescheidener-vorschlag\\\/#breadcrumb\"},\"inLanguage\":\"de\",\"potentialAction\":[{\"@type\":\"ReadAction\",\"target\":[\"https:\\\/\\\/www.inkultura-online.de\\\/politisch_unkorrekt\\\/ein-bescheidener-vorschlag\\\/\"]}]},{\"@type\":\"BreadcrumbList\",\"@id\":\"https:\\\/\\\/www.inkultura-online.de\\\/politisch_unkorrekt\\\/ein-bescheidener-vorschlag\\\/#breadcrumb\",\"itemListElement\":[{\"@type\":\"ListItem\",\"position\":1,\"name\":\"Home\",\"item\":\"https:\\\/\\\/www.inkultura-online.de\\\/politisch_unkorrekt\\\/\"},{\"@type\":\"ListItem\",\"position\":2,\"name\":\"Ein bescheidener Vorschlag\"}]},{\"@type\":\"WebSite\",\"@id\":\"https:\\\/\\\/www.inkultura-online.de\\\/politisch_unkorrekt\\\/#website\",\"url\":\"https:\\\/\\\/www.inkultura-online.de\\\/politisch_unkorrekt\\\/\",\"name\":\"Zeitgeist? Frei!\",\"description\":\"Was Ihr den Geist der Zeiten hei\u00dft...\",\"publisher\":{\"@id\":\"https:\\\/\\\/www.inkultura-online.de\\\/politisch_unkorrekt\\\/#\\\/schema\\\/person\\\/5b30b80e385478896a1de221e1994d86\"},\"potentialAction\":[{\"@type\":\"SearchAction\",\"target\":{\"@type\":\"EntryPoint\",\"urlTemplate\":\"https:\\\/\\\/www.inkultura-online.de\\\/politisch_unkorrekt\\\/?s={search_term_string}\"},\"query-input\":{\"@type\":\"PropertyValueSpecification\",\"valueRequired\":true,\"valueName\":\"search_term_string\"}}],\"inLanguage\":\"de\"},{\"@type\":[\"Person\",\"Organization\"],\"@id\":\"https:\\\/\\\/www.inkultura-online.de\\\/politisch_unkorrekt\\\/#\\\/schema\\\/person\\\/5b30b80e385478896a1de221e1994d86\",\"name\":\"Orator\",\"image\":{\"@type\":\"ImageObject\",\"inLanguage\":\"de\",\"@id\":\"https:\\\/\\\/secure.gravatar.com\\\/avatar\\\/96e03166d31716e9c437060430eb7605c45a8ce6fb6dab483637ca6915dd0844?s=96&d=mm&r=g\",\"url\":\"https:\\\/\\\/secure.gravatar.com\\\/avatar\\\/96e03166d31716e9c437060430eb7605c45a8ce6fb6dab483637ca6915dd0844?s=96&d=mm&r=g\",\"contentUrl\":\"https:\\\/\\\/secure.gravatar.com\\\/avatar\\\/96e03166d31716e9c437060430eb7605c45a8ce6fb6dab483637ca6915dd0844?s=96&d=mm&r=g\",\"caption\":\"Orator\"},\"logo\":{\"@id\":\"https:\\\/\\\/secure.gravatar.com\\\/avatar\\\/96e03166d31716e9c437060430eb7605c45a8ce6fb6dab483637ca6915dd0844?s=96&d=mm&r=g\"},\"url\":\"https:\\\/\\\/www.inkultura-online.de\\\/politisch_unkorrekt\\\/author\\\/1korrektor21-2\\\/\"}]}<\/script>\n<!-- \/ Yoast SEO plugin. -->","yoast_head_json":{"title":"Ein bescheidener Vorschlag","robots":{"index":"index","follow":"follow","max-snippet":"max-snippet:-1","max-image-preview":"max-image-preview:large","max-video-preview":"max-video-preview:-1"},"canonical":"https:\/\/www.inkultura-online.de\/politisch_unkorrekt\/ein-bescheidener-vorschlag\/","og_locale":"de_DE","og_type":"article","og_title":"Ein bescheidener Vorschlag","og_description":"Den Mitgliedern der Sozial- und Migrationsmafia, die sich derzeit angesichts der steigenden Todeszahlen von im Mittelmeer ertrunkenen \u201eFl\u00fcchtlingen\u201c mit Vorschl\u00e4gen zur L\u00f6sung des Problems V\u00f6lkerwanderung \u00fcbertreffen, sei gesagt, dass es eine gute und bereits von Australien mit Erfolg angewandte Methode &hellip; Weiterlesen &rarr;","og_url":"https:\/\/www.inkultura-online.de\/politisch_unkorrekt\/ein-bescheidener-vorschlag\/","og_site_name":"Zeitgeist? Frei!","article_published_time":"2015-04-28T17:57:40+00:00","author":"Orator","twitter_misc":{"Verfasst von":"Orator","Gesch\u00e4tzte Lesezeit":"2\u00a0Minuten"},"schema":{"@context":"https:\/\/schema.org","@graph":[{"@type":"Article","@id":"https:\/\/www.inkultura-online.de\/politisch_unkorrekt\/ein-bescheidener-vorschlag\/#article","isPartOf":{"@id":"https:\/\/www.inkultura-online.de\/politisch_unkorrekt\/ein-bescheidener-vorschlag\/"},"author":{"name":"Orator","@id":"https:\/\/www.inkultura-online.de\/politisch_unkorrekt\/#\/schema\/person\/5b30b80e385478896a1de221e1994d86"},"headline":"Ein bescheidener Vorschlag","datePublished":"2015-04-28T17:57:40+00:00","mainEntityOfPage":{"@id":"https:\/\/www.inkultura-online.de\/politisch_unkorrekt\/ein-bescheidener-vorschlag\/"},"wordCount":459,"commentCount":0,"publisher":{"@id":"https:\/\/www.inkultura-online.de\/politisch_unkorrekt\/#\/schema\/person\/5b30b80e385478896a1de221e1994d86"},"keywords":["Bev\u00f6lkerungsaustausch","Ersatzreligion","Fl\u00fcchtlinge","Migrationsmafia","Sozialmafia","Volksverr\u00e4ter","Volksvertreter"],"articleSection":["Meinungen und Spr\u00fcche","Schlimme W\u00f6rter"],"inLanguage":"de","potentialAction":[{"@type":"CommentAction","name":"Comment","target":["https:\/\/www.inkultura-online.de\/politisch_unkorrekt\/ein-bescheidener-vorschlag\/#respond"]}]},{"@type":"WebPage","@id":"https:\/\/www.inkultura-online.de\/politisch_unkorrekt\/ein-bescheidener-vorschlag\/","url":"https:\/\/www.inkultura-online.de\/politisch_unkorrekt\/ein-bescheidener-vorschlag\/","name":"Ein bescheidener Vorschlag","isPartOf":{"@id":"https:\/\/www.inkultura-online.de\/politisch_unkorrekt\/#website"},"datePublished":"2015-04-28T17:57:40+00:00","breadcrumb":{"@id":"https:\/\/www.inkultura-online.de\/politisch_unkorrekt\/ein-bescheidener-vorschlag\/#breadcrumb"},"inLanguage":"de","potentialAction":[{"@type":"ReadAction","target":["https:\/\/www.inkultura-online.de\/politisch_unkorrekt\/ein-bescheidener-vorschlag\/"]}]},{"@type":"BreadcrumbList","@id":"https:\/\/www.inkultura-online.de\/politisch_unkorrekt\/ein-bescheidener-vorschlag\/#breadcrumb","itemListElement":[{"@type":"ListItem","position":1,"name":"Home","item":"https:\/\/www.inkultura-online.de\/politisch_unkorrekt\/"},{"@type":"ListItem","position":2,"name":"Ein bescheidener Vorschlag"}]},{"@type":"WebSite","@id":"https:\/\/www.inkultura-online.de\/politisch_unkorrekt\/#website","url":"https:\/\/www.inkultura-online.de\/politisch_unkorrekt\/","name":"Zeitgeist? Frei!","description":"Was Ihr den Geist der Zeiten hei\u00dft...","publisher":{"@id":"https:\/\/www.inkultura-online.de\/politisch_unkorrekt\/#\/schema\/person\/5b30b80e385478896a1de221e1994d86"},"potentialAction":[{"@type":"SearchAction","target":{"@type":"EntryPoint","urlTemplate":"https:\/\/www.inkultura-online.de\/politisch_unkorrekt\/?s={search_term_string}"},"query-input":{"@type":"PropertyValueSpecification","valueRequired":true,"valueName":"search_term_string"}}],"inLanguage":"de"},{"@type":["Person","Organization"],"@id":"https:\/\/www.inkultura-online.de\/politisch_unkorrekt\/#\/schema\/person\/5b30b80e385478896a1de221e1994d86","name":"Orator","image":{"@type":"ImageObject","inLanguage":"de","@id":"https:\/\/secure.gravatar.com\/avatar\/96e03166d31716e9c437060430eb7605c45a8ce6fb6dab483637ca6915dd0844?s=96&d=mm&r=g","url":"https:\/\/secure.gravatar.com\/avatar\/96e03166d31716e9c437060430eb7605c45a8ce6fb6dab483637ca6915dd0844?s=96&d=mm&r=g","contentUrl":"https:\/\/secure.gravatar.com\/avatar\/96e03166d31716e9c437060430eb7605c45a8ce6fb6dab483637ca6915dd0844?s=96&d=mm&r=g","caption":"Orator"},"logo":{"@id":"https:\/\/secure.gravatar.com\/avatar\/96e03166d31716e9c437060430eb7605c45a8ce6fb6dab483637ca6915dd0844?s=96&d=mm&r=g"},"url":"https:\/\/www.inkultura-online.de\/politisch_unkorrekt\/author\/1korrektor21-2\/"}]}},"_links":{"self":[{"href":"https:\/\/www.inkultura-online.de\/politisch_unkorrekt\/wp-json\/wp\/v2\/posts\/433","targetHints":{"allow":["GET"]}}],"collection":[{"href":"https:\/\/www.inkultura-online.de\/politisch_unkorrekt\/wp-json\/wp\/v2\/posts"}],"about":[{"href":"https:\/\/www.inkultura-online.de\/politisch_unkorrekt\/wp-json\/wp\/v2\/types\/post"}],"author":[{"embeddable":true,"href":"https:\/\/www.inkultura-online.de\/politisch_unkorrekt\/wp-json\/wp\/v2\/users\/1"}],"replies":[{"embeddable":true,"href":"https:\/\/www.inkultura-online.de\/politisch_unkorrekt\/wp-json\/wp\/v2\/comments?post=433"}],"version-history":[{"count":1,"href":"https:\/\/www.inkultura-online.de\/politisch_unkorrekt\/wp-json\/wp\/v2\/posts\/433\/revisions"}],"predecessor-version":[{"id":434,"href":"https:\/\/www.inkultura-online.de\/politisch_unkorrekt\/wp-json\/wp\/v2\/posts\/433\/revisions\/434"}],"wp:attachment":[{"href":"https:\/\/www.inkultura-online.de\/politisch_unkorrekt\/wp-json\/wp\/v2\/media?parent=433"}],"wp:term":[{"taxonomy":"category","embeddable":true,"href":"https:\/\/www.inkultura-online.de\/politisch_unkorrekt\/wp-json\/wp\/v2\/categories?post=433"},{"taxonomy":"post_tag","embeddable":true,"href":"https:\/\/www.inkultura-online.de\/politisch_unkorrekt\/wp-json\/wp\/v2\/tags?post=433"}],"curies":[{"name":"wp","href":"https:\/\/api.w.org\/{rel}","templated":true}]}}