{"id":435,"date":"2015-05-03T08:59:34","date_gmt":"2015-05-03T06:59:34","guid":{"rendered":"http:\/\/www.inkultura-online.de\/politisch_unkorrekt\/?p=435"},"modified":"2015-05-03T08:59:34","modified_gmt":"2015-05-03T06:59:34","slug":"das-maerchen-von-der-sinkenden-arbeitslosenquote","status":"publish","type":"post","link":"https:\/\/www.inkultura-online.de\/politisch_unkorrekt\/das-maerchen-von-der-sinkenden-arbeitslosenquote\/","title":{"rendered":"Das M\u00e4rchen von der sinkenden Arbeitslosenquote"},"content":{"rendered":"<p>Wenn es darum geht die aktuelle (desastr\u00f6se) Politik in einem warmen Licht guter Nachrichten zu pr\u00e4sentieren, dann scheuen die offiziellen Stellen nicht davor zur\u00fcck, L\u00fcgen und Unwahrheiten zu verbreiten.<!--more--><\/p>\n<p>Was haben die B\u00fcrger in den letzten Monaten nicht alles \u00fcber sich ergehen lassen m\u00fcssen. So verk\u00fcndet die Systempresse unentwegt die wohl auf politische Anweisung gesch\u00f6nten Arbeitslosenzahlen, leitet daraus einen dubiosen Fachkr\u00e4ftemangel ab, der wiederum dem naiven Michel erkl\u00e4ren und beweisen soll, dass wir dringend auf ausl\u00e4ndische Facharbeiter, die in der Lesart der Migrationsmafia ja fast alle einen Hochschulabschluss haben, angewiesen sind.<\/p>\n<p>Das argumentative Schema, dem die &#8222;Qualit\u00e4tspresse&#8220; nur allzu gern folgt sieht so aus:<\/p>\n<ul style=\"list-style-type: square;\">\n<li>Arbeitslosenquote sinkt kontinuierlich<\/li>\n<li>Noch nie gab so viele freie Arbeitsstellen<\/li>\n<li>Der Fachkr\u00e4ftemangel steigt unaufh\u00f6rlich<\/li>\n<\/ul>\n<p>Dass dem nicht so ist, beweist die <a href=\"http:\/\/finanzmarktwelt.de\/arbeitslosenquote-dreiste-taeuschung-nimmt-kein-ende-11805\/\" target=\"_blank\">Finanzmarktwelt<\/a> und kommt zu einem ganz anderen Ergebnis als es uns die L\u00fcgenbarone mit ihrer Propaganda suggerieren wollen.<\/p>\n","protected":false},"excerpt":{"rendered":"<p>Wenn es darum geht die aktuelle (desastr\u00f6se) Politik in einem warmen Licht guter Nachrichten zu pr\u00e4sentieren, dann scheuen die offiziellen Stellen nicht davor zur\u00fcck, L\u00fcgen und Unwahrheiten zu verbreiten.<\/p>\n","protected":false},"author":1,"featured_media":0,"comment_status":"open","ping_status":"open","sticky":false,"template":"","format":"standard","meta":{"footnotes":""},"categories":[1,30,11],"tags":[241,242,243,76],"class_list":["post-435","post","type-post","status-publish","format-standard","hentry","category-fundstuecke","category-so-siehts-aus","category-was-die-qualitaetspresse-gern-verschweigt","tag-arbeitslosenquote","tag-fachkraeftemangel","tag-luegenbarone","tag-systempresse"],"yoast_head":"<!-- This site is optimized with the Yoast SEO plugin v27.5 - https:\/\/yoast.com\/product\/yoast-seo-wordpress\/ -->\n<title>Das M\u00e4rchen von der sinkenden Arbeitslosenquote<\/title>\n<meta name=\"robots\" content=\"index, follow, max-snippet:-1, max-image-preview:large, max-video-preview:-1\" \/>\n<link rel=\"canonical\" href=\"https:\/\/www.inkultura-online.de\/politisch_unkorrekt\/das-maerchen-von-der-sinkenden-arbeitslosenquote\/\" \/>\n<meta property=\"og:locale\" content=\"de_DE\" \/>\n<meta property=\"og:type\" content=\"article\" \/>\n<meta property=\"og:title\" content=\"Das M\u00e4rchen von der sinkenden Arbeitslosenquote\" \/>\n<meta property=\"og:description\" content=\"Wenn es darum geht die aktuelle (desastr\u00f6se) Politik in einem warmen Licht guter Nachrichten zu pr\u00e4sentieren, dann scheuen die offiziellen Stellen nicht davor zur\u00fcck, L\u00fcgen und Unwahrheiten zu verbreiten.\" \/>\n<meta property=\"og:url\" content=\"https:\/\/www.inkultura-online.de\/politisch_unkorrekt\/das-maerchen-von-der-sinkenden-arbeitslosenquote\/\" \/>\n<meta property=\"og:site_name\" content=\"Zeitgeist? Frei!\" \/>\n<meta property=\"article:published_time\" content=\"2015-05-03T06:59:34+00:00\" \/>\n<meta name=\"author\" content=\"Orator\" \/>\n<meta name=\"twitter:label1\" content=\"Verfasst von\" \/>\n\t<meta name=\"twitter:data1\" content=\"Orator\" \/>\n\t<meta name=\"twitter:label2\" content=\"Gesch\u00e4tzte Lesezeit\" \/>\n\t<meta name=\"twitter:data2\" content=\"1\u00a0Minute\" \/>\n<script type=\"application\/ld+json\" class=\"yoast-schema-graph\">{\"@context\":\"https:\\\/\\\/schema.org\",\"@graph\":[{\"@type\":\"Article\",\"@id\":\"https:\\\/\\\/www.inkultura-online.de\\\/politisch_unkorrekt\\\/das-maerchen-von-der-sinkenden-arbeitslosenquote\\\/#article\",\"isPartOf\":{\"@id\":\"https:\\\/\\\/www.inkultura-online.de\\\/politisch_unkorrekt\\\/das-maerchen-von-der-sinkenden-arbeitslosenquote\\\/\"},\"author\":{\"name\":\"Orator\",\"@id\":\"https:\\\/\\\/www.inkultura-online.de\\\/politisch_unkorrekt\\\/#\\\/schema\\\/person\\\/5b30b80e385478896a1de221e1994d86\"},\"headline\":\"Das M\u00e4rchen von der sinkenden Arbeitslosenquote\",\"datePublished\":\"2015-05-03T06:59:34+00:00\",\"mainEntityOfPage\":{\"@id\":\"https:\\\/\\\/www.inkultura-online.de\\\/politisch_unkorrekt\\\/das-maerchen-von-der-sinkenden-arbeitslosenquote\\\/\"},\"wordCount\":165,\"commentCount\":0,\"publisher\":{\"@id\":\"https:\\\/\\\/www.inkultura-online.de\\\/politisch_unkorrekt\\\/#\\\/schema\\\/person\\\/5b30b80e385478896a1de221e1994d86\"},\"keywords\":[\"Arbeitslosenquote\",\"Fachkr\u00e4ftemangel\",\"L\u00fcgenbarone\",\"Systempresse\"],\"articleSection\":[\"Fundst\u00fccke\",\"So sieht\u00b4s aus\",\"Was die \\\"Qualit\u00e4tspresse\\\" gern verschweigt\"],\"inLanguage\":\"de\",\"potentialAction\":[{\"@type\":\"CommentAction\",\"name\":\"Comment\",\"target\":[\"https:\\\/\\\/www.inkultura-online.de\\\/politisch_unkorrekt\\\/das-maerchen-von-der-sinkenden-arbeitslosenquote\\\/#respond\"]}]},{\"@type\":\"WebPage\",\"@id\":\"https:\\\/\\\/www.inkultura-online.de\\\/politisch_unkorrekt\\\/das-maerchen-von-der-sinkenden-arbeitslosenquote\\\/\",\"url\":\"https:\\\/\\\/www.inkultura-online.de\\\/politisch_unkorrekt\\\/das-maerchen-von-der-sinkenden-arbeitslosenquote\\\/\",\"name\":\"Das M\u00e4rchen von der sinkenden Arbeitslosenquote\",\"isPartOf\":{\"@id\":\"https:\\\/\\\/www.inkultura-online.de\\\/politisch_unkorrekt\\\/#website\"},\"datePublished\":\"2015-05-03T06:59:34+00:00\",\"breadcrumb\":{\"@id\":\"https:\\\/\\\/www.inkultura-online.de\\\/politisch_unkorrekt\\\/das-maerchen-von-der-sinkenden-arbeitslosenquote\\\/#breadcrumb\"},\"inLanguage\":\"de\",\"potentialAction\":[{\"@type\":\"ReadAction\",\"target\":[\"https:\\\/\\\/www.inkultura-online.de\\\/politisch_unkorrekt\\\/das-maerchen-von-der-sinkenden-arbeitslosenquote\\\/\"]}]},{\"@type\":\"BreadcrumbList\",\"@id\":\"https:\\\/\\\/www.inkultura-online.de\\\/politisch_unkorrekt\\\/das-maerchen-von-der-sinkenden-arbeitslosenquote\\\/#breadcrumb\",\"itemListElement\":[{\"@type\":\"ListItem\",\"position\":1,\"name\":\"Home\",\"item\":\"https:\\\/\\\/www.inkultura-online.de\\\/politisch_unkorrekt\\\/\"},{\"@type\":\"ListItem\",\"position\":2,\"name\":\"Das M\u00e4rchen von der sinkenden Arbeitslosenquote\"}]},{\"@type\":\"WebSite\",\"@id\":\"https:\\\/\\\/www.inkultura-online.de\\\/politisch_unkorrekt\\\/#website\",\"url\":\"https:\\\/\\\/www.inkultura-online.de\\\/politisch_unkorrekt\\\/\",\"name\":\"Zeitgeist? Frei!\",\"description\":\"Was Ihr den Geist der Zeiten hei\u00dft...\",\"publisher\":{\"@id\":\"https:\\\/\\\/www.inkultura-online.de\\\/politisch_unkorrekt\\\/#\\\/schema\\\/person\\\/5b30b80e385478896a1de221e1994d86\"},\"potentialAction\":[{\"@type\":\"SearchAction\",\"target\":{\"@type\":\"EntryPoint\",\"urlTemplate\":\"https:\\\/\\\/www.inkultura-online.de\\\/politisch_unkorrekt\\\/?s={search_term_string}\"},\"query-input\":{\"@type\":\"PropertyValueSpecification\",\"valueRequired\":true,\"valueName\":\"search_term_string\"}}],\"inLanguage\":\"de\"},{\"@type\":[\"Person\",\"Organization\"],\"@id\":\"https:\\\/\\\/www.inkultura-online.de\\\/politisch_unkorrekt\\\/#\\\/schema\\\/person\\\/5b30b80e385478896a1de221e1994d86\",\"name\":\"Orator\",\"image\":{\"@type\":\"ImageObject\",\"inLanguage\":\"de\",\"@id\":\"https:\\\/\\\/secure.gravatar.com\\\/avatar\\\/96e03166d31716e9c437060430eb7605c45a8ce6fb6dab483637ca6915dd0844?s=96&d=mm&r=g\",\"url\":\"https:\\\/\\\/secure.gravatar.com\\\/avatar\\\/96e03166d31716e9c437060430eb7605c45a8ce6fb6dab483637ca6915dd0844?s=96&d=mm&r=g\",\"contentUrl\":\"https:\\\/\\\/secure.gravatar.com\\\/avatar\\\/96e03166d31716e9c437060430eb7605c45a8ce6fb6dab483637ca6915dd0844?s=96&d=mm&r=g\",\"caption\":\"Orator\"},\"logo\":{\"@id\":\"https:\\\/\\\/secure.gravatar.com\\\/avatar\\\/96e03166d31716e9c437060430eb7605c45a8ce6fb6dab483637ca6915dd0844?s=96&d=mm&r=g\"},\"url\":\"https:\\\/\\\/www.inkultura-online.de\\\/politisch_unkorrekt\\\/author\\\/1korrektor21-2\\\/\"}]}<\/script>\n<!-- \/ Yoast SEO plugin. -->","yoast_head_json":{"title":"Das M\u00e4rchen von der sinkenden Arbeitslosenquote","robots":{"index":"index","follow":"follow","max-snippet":"max-snippet:-1","max-image-preview":"max-image-preview:large","max-video-preview":"max-video-preview:-1"},"canonical":"https:\/\/www.inkultura-online.de\/politisch_unkorrekt\/das-maerchen-von-der-sinkenden-arbeitslosenquote\/","og_locale":"de_DE","og_type":"article","og_title":"Das M\u00e4rchen von der sinkenden Arbeitslosenquote","og_description":"Wenn es darum geht die aktuelle (desastr\u00f6se) Politik in einem warmen Licht guter Nachrichten zu pr\u00e4sentieren, dann scheuen die offiziellen Stellen nicht davor zur\u00fcck, L\u00fcgen und Unwahrheiten zu verbreiten.","og_url":"https:\/\/www.inkultura-online.de\/politisch_unkorrekt\/das-maerchen-von-der-sinkenden-arbeitslosenquote\/","og_site_name":"Zeitgeist? Frei!","article_published_time":"2015-05-03T06:59:34+00:00","author":"Orator","twitter_misc":{"Verfasst von":"Orator","Gesch\u00e4tzte Lesezeit":"1\u00a0Minute"},"schema":{"@context":"https:\/\/schema.org","@graph":[{"@type":"Article","@id":"https:\/\/www.inkultura-online.de\/politisch_unkorrekt\/das-maerchen-von-der-sinkenden-arbeitslosenquote\/#article","isPartOf":{"@id":"https:\/\/www.inkultura-online.de\/politisch_unkorrekt\/das-maerchen-von-der-sinkenden-arbeitslosenquote\/"},"author":{"name":"Orator","@id":"https:\/\/www.inkultura-online.de\/politisch_unkorrekt\/#\/schema\/person\/5b30b80e385478896a1de221e1994d86"},"headline":"Das M\u00e4rchen von der sinkenden Arbeitslosenquote","datePublished":"2015-05-03T06:59:34+00:00","mainEntityOfPage":{"@id":"https:\/\/www.inkultura-online.de\/politisch_unkorrekt\/das-maerchen-von-der-sinkenden-arbeitslosenquote\/"},"wordCount":165,"commentCount":0,"publisher":{"@id":"https:\/\/www.inkultura-online.de\/politisch_unkorrekt\/#\/schema\/person\/5b30b80e385478896a1de221e1994d86"},"keywords":["Arbeitslosenquote","Fachkr\u00e4ftemangel","L\u00fcgenbarone","Systempresse"],"articleSection":["Fundst\u00fccke","So sieht\u00b4s aus","Was die \"Qualit\u00e4tspresse\" gern verschweigt"],"inLanguage":"de","potentialAction":[{"@type":"CommentAction","name":"Comment","target":["https:\/\/www.inkultura-online.de\/politisch_unkorrekt\/das-maerchen-von-der-sinkenden-arbeitslosenquote\/#respond"]}]},{"@type":"WebPage","@id":"https:\/\/www.inkultura-online.de\/politisch_unkorrekt\/das-maerchen-von-der-sinkenden-arbeitslosenquote\/","url":"https:\/\/www.inkultura-online.de\/politisch_unkorrekt\/das-maerchen-von-der-sinkenden-arbeitslosenquote\/","name":"Das M\u00e4rchen von der sinkenden Arbeitslosenquote","isPartOf":{"@id":"https:\/\/www.inkultura-online.de\/politisch_unkorrekt\/#website"},"datePublished":"2015-05-03T06:59:34+00:00","breadcrumb":{"@id":"https:\/\/www.inkultura-online.de\/politisch_unkorrekt\/das-maerchen-von-der-sinkenden-arbeitslosenquote\/#breadcrumb"},"inLanguage":"de","potentialAction":[{"@type":"ReadAction","target":["https:\/\/www.inkultura-online.de\/politisch_unkorrekt\/das-maerchen-von-der-sinkenden-arbeitslosenquote\/"]}]},{"@type":"BreadcrumbList","@id":"https:\/\/www.inkultura-online.de\/politisch_unkorrekt\/das-maerchen-von-der-sinkenden-arbeitslosenquote\/#breadcrumb","itemListElement":[{"@type":"ListItem","position":1,"name":"Home","item":"https:\/\/www.inkultura-online.de\/politisch_unkorrekt\/"},{"@type":"ListItem","position":2,"name":"Das M\u00e4rchen von der sinkenden Arbeitslosenquote"}]},{"@type":"WebSite","@id":"https:\/\/www.inkultura-online.de\/politisch_unkorrekt\/#website","url":"https:\/\/www.inkultura-online.de\/politisch_unkorrekt\/","name":"Zeitgeist? Frei!","description":"Was Ihr den Geist der Zeiten hei\u00dft...","publisher":{"@id":"https:\/\/www.inkultura-online.de\/politisch_unkorrekt\/#\/schema\/person\/5b30b80e385478896a1de221e1994d86"},"potentialAction":[{"@type":"SearchAction","target":{"@type":"EntryPoint","urlTemplate":"https:\/\/www.inkultura-online.de\/politisch_unkorrekt\/?s={search_term_string}"},"query-input":{"@type":"PropertyValueSpecification","valueRequired":true,"valueName":"search_term_string"}}],"inLanguage":"de"},{"@type":["Person","Organization"],"@id":"https:\/\/www.inkultura-online.de\/politisch_unkorrekt\/#\/schema\/person\/5b30b80e385478896a1de221e1994d86","name":"Orator","image":{"@type":"ImageObject","inLanguage":"de","@id":"https:\/\/secure.gravatar.com\/avatar\/96e03166d31716e9c437060430eb7605c45a8ce6fb6dab483637ca6915dd0844?s=96&d=mm&r=g","url":"https:\/\/secure.gravatar.com\/avatar\/96e03166d31716e9c437060430eb7605c45a8ce6fb6dab483637ca6915dd0844?s=96&d=mm&r=g","contentUrl":"https:\/\/secure.gravatar.com\/avatar\/96e03166d31716e9c437060430eb7605c45a8ce6fb6dab483637ca6915dd0844?s=96&d=mm&r=g","caption":"Orator"},"logo":{"@id":"https:\/\/secure.gravatar.com\/avatar\/96e03166d31716e9c437060430eb7605c45a8ce6fb6dab483637ca6915dd0844?s=96&d=mm&r=g"},"url":"https:\/\/www.inkultura-online.de\/politisch_unkorrekt\/author\/1korrektor21-2\/"}]}},"_links":{"self":[{"href":"https:\/\/www.inkultura-online.de\/politisch_unkorrekt\/wp-json\/wp\/v2\/posts\/435","targetHints":{"allow":["GET"]}}],"collection":[{"href":"https:\/\/www.inkultura-online.de\/politisch_unkorrekt\/wp-json\/wp\/v2\/posts"}],"about":[{"href":"https:\/\/www.inkultura-online.de\/politisch_unkorrekt\/wp-json\/wp\/v2\/types\/post"}],"author":[{"embeddable":true,"href":"https:\/\/www.inkultura-online.de\/politisch_unkorrekt\/wp-json\/wp\/v2\/users\/1"}],"replies":[{"embeddable":true,"href":"https:\/\/www.inkultura-online.de\/politisch_unkorrekt\/wp-json\/wp\/v2\/comments?post=435"}],"version-history":[{"count":1,"href":"https:\/\/www.inkultura-online.de\/politisch_unkorrekt\/wp-json\/wp\/v2\/posts\/435\/revisions"}],"predecessor-version":[{"id":436,"href":"https:\/\/www.inkultura-online.de\/politisch_unkorrekt\/wp-json\/wp\/v2\/posts\/435\/revisions\/436"}],"wp:attachment":[{"href":"https:\/\/www.inkultura-online.de\/politisch_unkorrekt\/wp-json\/wp\/v2\/media?parent=435"}],"wp:term":[{"taxonomy":"category","embeddable":true,"href":"https:\/\/www.inkultura-online.de\/politisch_unkorrekt\/wp-json\/wp\/v2\/categories?post=435"},{"taxonomy":"post_tag","embeddable":true,"href":"https:\/\/www.inkultura-online.de\/politisch_unkorrekt\/wp-json\/wp\/v2\/tags?post=435"}],"curies":[{"name":"wp","href":"https:\/\/api.w.org\/{rel}","templated":true}]}}