{"id":437,"date":"2015-05-03T12:10:22","date_gmt":"2015-05-03T10:10:22","guid":{"rendered":"http:\/\/www.inkultura-online.de\/politisch_unkorrekt\/?p=437"},"modified":"2015-05-03T12:10:22","modified_gmt":"2015-05-03T10:10:22","slug":"islam-bedeutet-frieden","status":"publish","type":"post","link":"https:\/\/www.inkultura-online.de\/politisch_unkorrekt\/islam-bedeutet-frieden\/","title":{"rendered":"Islam bedeutet Frieden"},"content":{"rendered":"<p>Sie sind mit der \u00dcberschrift nicht zufrieden? Sie wissen, im Gegensatz zu unseren politischen B\u00fcrgergef\u00e4hrdern, was Islam wirklich bedeutet? Dann sind Sie ein aufgekl\u00e4rter B\u00fcrger, der sich nicht vom polit-korrekten Gew\u00e4sch seiner Volksverr\u00e4ter, Verzeihung, Volksvertreter manipulieren l\u00e4sst.<!--more--><\/p>\n<p>Islam hei\u00dft korrekt \u00fcbersetzt, Unterwerfung. Und eben diese Unterwerfung unter eine Religion die es seit Jahrhunderten vers\u00e4umt hat, sich den stetig ver\u00e4ndernden Umst\u00e4nden der Weltgeschichte anzupassen, fordern Islamisten. Die aber, so die offizielle Lesart der volksverdummenden Medien, die, inzwischen total gleichgeschaltet, unisono die Botschaft vom friedlichen Islam verbreiten, haben mit dem wahren Islam gar nichts zu tun.<\/p>\n<p>So muss man sich wohl den vereitelten Terroranschlag des von Hartz-IV lebenden Ehepaars Halil und Senay D. als Ausdruck religi\u00f6ser Verwirrung vorstellen, die den Namen des Propheten missbraucht und mit dem wahren Islam nichts, aber auch gar nichts zu tun hat. Den Schwachsinn glauben vielleicht unsere Volksverr\u00e4ter, Verzeihung, Volksvertreter, die tats\u00e4chliche Situation sieht jedoch vollkommen anders aus.<\/p>\n<p>Da leben mitten unter uns polizeibekannte Islamisten, werden vom deutschen Sozialsystem durchgef\u00fcttert und schicken sich an, den deutschen Staat zu bek\u00e4mpfen, der ihnen erst die Lebensgrundlage bietet. Man k\u00f6nnte dr\u00fcber lachen \u2013 w\u00e4re es nicht solch ein politischer Irrsinn &#8211; dass z. B. gewaltbereite islamische R\u00fcckkehrer aus Syrien, die noch nicht von deutschen Sozialp\u00e4dagogen resozialisiert wurden, von unserer politisch-medialen Elite als \u201enicht stellvertretend f\u00fcr den Islam\u201c bezeichnet werden und dar\u00fcber hinaus auch noch ein Denkverbot angesichts der aktuellen Bedrohungen durch fanatisierte und radikalisierte Moslems einfordern.<\/p>\n<p>Kritik an den Ausw\u00fcchsen dieser demokratiefeindlichen und r\u00fcckst\u00e4ndigen Religion ist, zumindest in den Augen unserer \u201eEliten\u201c, gleichbedeutend mit Islamophobie und Fremdenfeindlichkeit und daher aufs sch\u00e4rfste zu bek\u00e4mpfen. Derweil lachen sich die \u201edumm aber gl\u00e4ubig\u201c Typen in ihren immer zahlreicher und gr\u00f6\u00dfer werdenden Moscheen zu Tode. Fast jedenfalls, denn den Tod haben die ja f\u00fcr uns Ungl\u00e4ubige vorgesehen.<\/p>\n","protected":false},"excerpt":{"rendered":"<p>Sie sind mit der \u00dcberschrift nicht zufrieden? Sie wissen, im Gegensatz zu unseren politischen B\u00fcrgergef\u00e4hrdern, was Islam wirklich bedeutet? Dann sind Sie ein aufgekl\u00e4rter B\u00fcrger, der sich nicht vom polit-korrekten Gew\u00e4sch seiner Volksverr\u00e4ter, Verzeihung, Volksvertreter manipulieren l\u00e4sst.<\/p>\n","protected":false},"author":1,"featured_media":0,"comment_status":"open","ping_status":"open","sticky":false,"template":"","format":"standard","meta":{"footnotes":""},"categories":[30,10,11],"tags":[21,244,60,192],"class_list":["post-437","post","type-post","status-publish","format-standard","hentry","category-so-siehts-aus","category-systemfehler","category-was-die-qualitaetspresse-gern-verschweigt","tag-islam","tag-islamische-gewalt","tag-islamismus","tag-terror"],"yoast_head":"<!-- This site is optimized with the Yoast SEO plugin v27.5 - https:\/\/yoast.com\/product\/yoast-seo-wordpress\/ -->\n<title>Islam bedeutet Frieden<\/title>\n<meta name=\"robots\" content=\"index, follow, max-snippet:-1, max-image-preview:large, max-video-preview:-1\" \/>\n<link rel=\"canonical\" href=\"https:\/\/www.inkultura-online.de\/politisch_unkorrekt\/islam-bedeutet-frieden\/\" \/>\n<meta property=\"og:locale\" content=\"de_DE\" \/>\n<meta property=\"og:type\" content=\"article\" \/>\n<meta property=\"og:title\" content=\"Islam bedeutet Frieden\" \/>\n<meta property=\"og:description\" content=\"Sie sind mit der \u00dcberschrift nicht zufrieden? Sie wissen, im Gegensatz zu unseren politischen B\u00fcrgergef\u00e4hrdern, was Islam wirklich bedeutet? Dann sind Sie ein aufgekl\u00e4rter B\u00fcrger, der sich nicht vom polit-korrekten Gew\u00e4sch seiner Volksverr\u00e4ter, Verzeihung, Volksvertreter manipulieren l\u00e4sst.\" \/>\n<meta property=\"og:url\" content=\"https:\/\/www.inkultura-online.de\/politisch_unkorrekt\/islam-bedeutet-frieden\/\" \/>\n<meta property=\"og:site_name\" content=\"Zeitgeist? Frei!\" \/>\n<meta property=\"article:published_time\" content=\"2015-05-03T10:10:22+00:00\" \/>\n<meta name=\"author\" content=\"Orator\" \/>\n<meta name=\"twitter:label1\" content=\"Verfasst von\" \/>\n\t<meta name=\"twitter:data1\" content=\"Orator\" \/>\n\t<meta name=\"twitter:label2\" content=\"Gesch\u00e4tzte Lesezeit\" \/>\n\t<meta name=\"twitter:data2\" content=\"2\u00a0Minuten\" \/>\n<script type=\"application\/ld+json\" class=\"yoast-schema-graph\">{\"@context\":\"https:\\\/\\\/schema.org\",\"@graph\":[{\"@type\":\"Article\",\"@id\":\"https:\\\/\\\/www.inkultura-online.de\\\/politisch_unkorrekt\\\/islam-bedeutet-frieden\\\/#article\",\"isPartOf\":{\"@id\":\"https:\\\/\\\/www.inkultura-online.de\\\/politisch_unkorrekt\\\/islam-bedeutet-frieden\\\/\"},\"author\":{\"name\":\"Orator\",\"@id\":\"https:\\\/\\\/www.inkultura-online.de\\\/politisch_unkorrekt\\\/#\\\/schema\\\/person\\\/5b30b80e385478896a1de221e1994d86\"},\"headline\":\"Islam bedeutet Frieden\",\"datePublished\":\"2015-05-03T10:10:22+00:00\",\"mainEntityOfPage\":{\"@id\":\"https:\\\/\\\/www.inkultura-online.de\\\/politisch_unkorrekt\\\/islam-bedeutet-frieden\\\/\"},\"wordCount\":327,\"commentCount\":0,\"publisher\":{\"@id\":\"https:\\\/\\\/www.inkultura-online.de\\\/politisch_unkorrekt\\\/#\\\/schema\\\/person\\\/5b30b80e385478896a1de221e1994d86\"},\"keywords\":[\"Islam\",\"islamische Gewalt\",\"Islamismus\",\"Terror\"],\"articleSection\":[\"So sieht\u00b4s aus\",\"Systemfehler\",\"Was die \\\"Qualit\u00e4tspresse\\\" gern verschweigt\"],\"inLanguage\":\"de\",\"potentialAction\":[{\"@type\":\"CommentAction\",\"name\":\"Comment\",\"target\":[\"https:\\\/\\\/www.inkultura-online.de\\\/politisch_unkorrekt\\\/islam-bedeutet-frieden\\\/#respond\"]}]},{\"@type\":\"WebPage\",\"@id\":\"https:\\\/\\\/www.inkultura-online.de\\\/politisch_unkorrekt\\\/islam-bedeutet-frieden\\\/\",\"url\":\"https:\\\/\\\/www.inkultura-online.de\\\/politisch_unkorrekt\\\/islam-bedeutet-frieden\\\/\",\"name\":\"Islam bedeutet Frieden\",\"isPartOf\":{\"@id\":\"https:\\\/\\\/www.inkultura-online.de\\\/politisch_unkorrekt\\\/#website\"},\"datePublished\":\"2015-05-03T10:10:22+00:00\",\"breadcrumb\":{\"@id\":\"https:\\\/\\\/www.inkultura-online.de\\\/politisch_unkorrekt\\\/islam-bedeutet-frieden\\\/#breadcrumb\"},\"inLanguage\":\"de\",\"potentialAction\":[{\"@type\":\"ReadAction\",\"target\":[\"https:\\\/\\\/www.inkultura-online.de\\\/politisch_unkorrekt\\\/islam-bedeutet-frieden\\\/\"]}]},{\"@type\":\"BreadcrumbList\",\"@id\":\"https:\\\/\\\/www.inkultura-online.de\\\/politisch_unkorrekt\\\/islam-bedeutet-frieden\\\/#breadcrumb\",\"itemListElement\":[{\"@type\":\"ListItem\",\"position\":1,\"name\":\"Home\",\"item\":\"https:\\\/\\\/www.inkultura-online.de\\\/politisch_unkorrekt\\\/\"},{\"@type\":\"ListItem\",\"position\":2,\"name\":\"Islam bedeutet Frieden\"}]},{\"@type\":\"WebSite\",\"@id\":\"https:\\\/\\\/www.inkultura-online.de\\\/politisch_unkorrekt\\\/#website\",\"url\":\"https:\\\/\\\/www.inkultura-online.de\\\/politisch_unkorrekt\\\/\",\"name\":\"Zeitgeist? Frei!\",\"description\":\"Was Ihr den Geist der Zeiten hei\u00dft...\",\"publisher\":{\"@id\":\"https:\\\/\\\/www.inkultura-online.de\\\/politisch_unkorrekt\\\/#\\\/schema\\\/person\\\/5b30b80e385478896a1de221e1994d86\"},\"potentialAction\":[{\"@type\":\"SearchAction\",\"target\":{\"@type\":\"EntryPoint\",\"urlTemplate\":\"https:\\\/\\\/www.inkultura-online.de\\\/politisch_unkorrekt\\\/?s={search_term_string}\"},\"query-input\":{\"@type\":\"PropertyValueSpecification\",\"valueRequired\":true,\"valueName\":\"search_term_string\"}}],\"inLanguage\":\"de\"},{\"@type\":[\"Person\",\"Organization\"],\"@id\":\"https:\\\/\\\/www.inkultura-online.de\\\/politisch_unkorrekt\\\/#\\\/schema\\\/person\\\/5b30b80e385478896a1de221e1994d86\",\"name\":\"Orator\",\"image\":{\"@type\":\"ImageObject\",\"inLanguage\":\"de\",\"@id\":\"https:\\\/\\\/secure.gravatar.com\\\/avatar\\\/96e03166d31716e9c437060430eb7605c45a8ce6fb6dab483637ca6915dd0844?s=96&d=mm&r=g\",\"url\":\"https:\\\/\\\/secure.gravatar.com\\\/avatar\\\/96e03166d31716e9c437060430eb7605c45a8ce6fb6dab483637ca6915dd0844?s=96&d=mm&r=g\",\"contentUrl\":\"https:\\\/\\\/secure.gravatar.com\\\/avatar\\\/96e03166d31716e9c437060430eb7605c45a8ce6fb6dab483637ca6915dd0844?s=96&d=mm&r=g\",\"caption\":\"Orator\"},\"logo\":{\"@id\":\"https:\\\/\\\/secure.gravatar.com\\\/avatar\\\/96e03166d31716e9c437060430eb7605c45a8ce6fb6dab483637ca6915dd0844?s=96&d=mm&r=g\"},\"url\":\"https:\\\/\\\/www.inkultura-online.de\\\/politisch_unkorrekt\\\/author\\\/1korrektor21-2\\\/\"}]}<\/script>\n<!-- \/ Yoast SEO plugin. -->","yoast_head_json":{"title":"Islam bedeutet Frieden","robots":{"index":"index","follow":"follow","max-snippet":"max-snippet:-1","max-image-preview":"max-image-preview:large","max-video-preview":"max-video-preview:-1"},"canonical":"https:\/\/www.inkultura-online.de\/politisch_unkorrekt\/islam-bedeutet-frieden\/","og_locale":"de_DE","og_type":"article","og_title":"Islam bedeutet Frieden","og_description":"Sie sind mit der \u00dcberschrift nicht zufrieden? Sie wissen, im Gegensatz zu unseren politischen B\u00fcrgergef\u00e4hrdern, was Islam wirklich bedeutet? Dann sind Sie ein aufgekl\u00e4rter B\u00fcrger, der sich nicht vom polit-korrekten Gew\u00e4sch seiner Volksverr\u00e4ter, Verzeihung, Volksvertreter manipulieren l\u00e4sst.","og_url":"https:\/\/www.inkultura-online.de\/politisch_unkorrekt\/islam-bedeutet-frieden\/","og_site_name":"Zeitgeist? Frei!","article_published_time":"2015-05-03T10:10:22+00:00","author":"Orator","twitter_misc":{"Verfasst von":"Orator","Gesch\u00e4tzte Lesezeit":"2\u00a0Minuten"},"schema":{"@context":"https:\/\/schema.org","@graph":[{"@type":"Article","@id":"https:\/\/www.inkultura-online.de\/politisch_unkorrekt\/islam-bedeutet-frieden\/#article","isPartOf":{"@id":"https:\/\/www.inkultura-online.de\/politisch_unkorrekt\/islam-bedeutet-frieden\/"},"author":{"name":"Orator","@id":"https:\/\/www.inkultura-online.de\/politisch_unkorrekt\/#\/schema\/person\/5b30b80e385478896a1de221e1994d86"},"headline":"Islam bedeutet Frieden","datePublished":"2015-05-03T10:10:22+00:00","mainEntityOfPage":{"@id":"https:\/\/www.inkultura-online.de\/politisch_unkorrekt\/islam-bedeutet-frieden\/"},"wordCount":327,"commentCount":0,"publisher":{"@id":"https:\/\/www.inkultura-online.de\/politisch_unkorrekt\/#\/schema\/person\/5b30b80e385478896a1de221e1994d86"},"keywords":["Islam","islamische Gewalt","Islamismus","Terror"],"articleSection":["So sieht\u00b4s aus","Systemfehler","Was die \"Qualit\u00e4tspresse\" gern verschweigt"],"inLanguage":"de","potentialAction":[{"@type":"CommentAction","name":"Comment","target":["https:\/\/www.inkultura-online.de\/politisch_unkorrekt\/islam-bedeutet-frieden\/#respond"]}]},{"@type":"WebPage","@id":"https:\/\/www.inkultura-online.de\/politisch_unkorrekt\/islam-bedeutet-frieden\/","url":"https:\/\/www.inkultura-online.de\/politisch_unkorrekt\/islam-bedeutet-frieden\/","name":"Islam bedeutet Frieden","isPartOf":{"@id":"https:\/\/www.inkultura-online.de\/politisch_unkorrekt\/#website"},"datePublished":"2015-05-03T10:10:22+00:00","breadcrumb":{"@id":"https:\/\/www.inkultura-online.de\/politisch_unkorrekt\/islam-bedeutet-frieden\/#breadcrumb"},"inLanguage":"de","potentialAction":[{"@type":"ReadAction","target":["https:\/\/www.inkultura-online.de\/politisch_unkorrekt\/islam-bedeutet-frieden\/"]}]},{"@type":"BreadcrumbList","@id":"https:\/\/www.inkultura-online.de\/politisch_unkorrekt\/islam-bedeutet-frieden\/#breadcrumb","itemListElement":[{"@type":"ListItem","position":1,"name":"Home","item":"https:\/\/www.inkultura-online.de\/politisch_unkorrekt\/"},{"@type":"ListItem","position":2,"name":"Islam bedeutet Frieden"}]},{"@type":"WebSite","@id":"https:\/\/www.inkultura-online.de\/politisch_unkorrekt\/#website","url":"https:\/\/www.inkultura-online.de\/politisch_unkorrekt\/","name":"Zeitgeist? Frei!","description":"Was Ihr den Geist der Zeiten hei\u00dft...","publisher":{"@id":"https:\/\/www.inkultura-online.de\/politisch_unkorrekt\/#\/schema\/person\/5b30b80e385478896a1de221e1994d86"},"potentialAction":[{"@type":"SearchAction","target":{"@type":"EntryPoint","urlTemplate":"https:\/\/www.inkultura-online.de\/politisch_unkorrekt\/?s={search_term_string}"},"query-input":{"@type":"PropertyValueSpecification","valueRequired":true,"valueName":"search_term_string"}}],"inLanguage":"de"},{"@type":["Person","Organization"],"@id":"https:\/\/www.inkultura-online.de\/politisch_unkorrekt\/#\/schema\/person\/5b30b80e385478896a1de221e1994d86","name":"Orator","image":{"@type":"ImageObject","inLanguage":"de","@id":"https:\/\/secure.gravatar.com\/avatar\/96e03166d31716e9c437060430eb7605c45a8ce6fb6dab483637ca6915dd0844?s=96&d=mm&r=g","url":"https:\/\/secure.gravatar.com\/avatar\/96e03166d31716e9c437060430eb7605c45a8ce6fb6dab483637ca6915dd0844?s=96&d=mm&r=g","contentUrl":"https:\/\/secure.gravatar.com\/avatar\/96e03166d31716e9c437060430eb7605c45a8ce6fb6dab483637ca6915dd0844?s=96&d=mm&r=g","caption":"Orator"},"logo":{"@id":"https:\/\/secure.gravatar.com\/avatar\/96e03166d31716e9c437060430eb7605c45a8ce6fb6dab483637ca6915dd0844?s=96&d=mm&r=g"},"url":"https:\/\/www.inkultura-online.de\/politisch_unkorrekt\/author\/1korrektor21-2\/"}]}},"_links":{"self":[{"href":"https:\/\/www.inkultura-online.de\/politisch_unkorrekt\/wp-json\/wp\/v2\/posts\/437","targetHints":{"allow":["GET"]}}],"collection":[{"href":"https:\/\/www.inkultura-online.de\/politisch_unkorrekt\/wp-json\/wp\/v2\/posts"}],"about":[{"href":"https:\/\/www.inkultura-online.de\/politisch_unkorrekt\/wp-json\/wp\/v2\/types\/post"}],"author":[{"embeddable":true,"href":"https:\/\/www.inkultura-online.de\/politisch_unkorrekt\/wp-json\/wp\/v2\/users\/1"}],"replies":[{"embeddable":true,"href":"https:\/\/www.inkultura-online.de\/politisch_unkorrekt\/wp-json\/wp\/v2\/comments?post=437"}],"version-history":[{"count":1,"href":"https:\/\/www.inkultura-online.de\/politisch_unkorrekt\/wp-json\/wp\/v2\/posts\/437\/revisions"}],"predecessor-version":[{"id":438,"href":"https:\/\/www.inkultura-online.de\/politisch_unkorrekt\/wp-json\/wp\/v2\/posts\/437\/revisions\/438"}],"wp:attachment":[{"href":"https:\/\/www.inkultura-online.de\/politisch_unkorrekt\/wp-json\/wp\/v2\/media?parent=437"}],"wp:term":[{"taxonomy":"category","embeddable":true,"href":"https:\/\/www.inkultura-online.de\/politisch_unkorrekt\/wp-json\/wp\/v2\/categories?post=437"},{"taxonomy":"post_tag","embeddable":true,"href":"https:\/\/www.inkultura-online.de\/politisch_unkorrekt\/wp-json\/wp\/v2\/tags?post=437"}],"curies":[{"name":"wp","href":"https:\/\/api.w.org\/{rel}","templated":true}]}}