{"id":467,"date":"2015-05-24T11:29:50","date_gmt":"2015-05-24T09:29:50","guid":{"rendered":"http:\/\/www.inkultura-online.de\/politisch_unkorrekt\/?p=467"},"modified":"2015-05-24T11:31:30","modified_gmt":"2015-05-24T09:31:30","slug":"ein-souveraener-staat","status":"publish","type":"post","link":"https:\/\/www.inkultura-online.de\/politisch_unkorrekt\/ein-souveraener-staat\/","title":{"rendered":"Ein souver\u00e4ner Staat"},"content":{"rendered":"<p>In Russland ist ein Gesetz inkraftgetreten, das ein sch\u00e4rferes Vorgehen gegen ausl\u00e4ndische Nichtregierungsorganisationen erm\u00f6glicht. Nat\u00fcrlich erhebt sich dagegen Widerspruch aus allen politischen Ecken. Die USA\u00a0 &#8211; ausgerechnet &#8211; sprechen von <em>&#8222;zunehmenden Einschr\u00e4nkungen von unabh\u00e4ngigen Medien, der Zivilgesellschaft, Minderheiten und der politischen Opposition.&#8220;<\/em><!--more--><\/p>\n<p>In die gleiche Kerbe haut &#8211; ausgerechnet &#8211; Human Rights Wachtch und klagt, <em>&#8222;&#8230; das Gesetz richte sich in Wahrheit gegen russische Aktivisten und Organisationen, denen damit ihre internationalen Partner entzogen w\u00fcrden. Das Gesetz f\u00f6rdere Xenophobie und Nationalismus.&#8220;<\/em><\/p>\n<p>Na dann hat Russland doch genau das Richtige getan, um sich des unerw\u00fcnschten Einflusses ausl\u00e4ndischer Interessengruppen zu erwehren. Dem aufmerksamen Beobachter des politischen Zeitgeistes d\u00fcrfte es nicht entgangen sein, dass gerade sog. &#8222;NGOs&#8220; ein seit Jahrzehnten bew\u00e4hrtes Mittel der USA sind, dessen man sich gern zur Destabilisierung und Drangsalierung unliebsamer und unfolgsamer Regierungen bedient. &#8222;Human Rights Watch&#8220; ist eines der penetrantesten Werkzeuge zur Propagierung sog. westlicher Werte.<\/p>\n<p>Beispiel Ukraine: Die &#8222;Qualit\u00e4tspresse&#8220; und die Sender der \u00d6ffentlich-Rechtlichen-Verdummung beziehen ihre Informationen \u00fcber die Ukraine durch das Kiewer Medienb\u00fcro, das von George Soros, Multimillard\u00e4r und Investmentmanager, finanziert wird. Dessen &#8222;Stiftungen&#8220; finanzieren diverse Anti-Russische Vereine und Organisationen. Was dabei herauskommt, ist bekannt: B\u00fcrgerkrieg und tausende von Toten.<\/p>\n<p>Das von Russland auf den Weg gebrachte Gesetz verbietet nicht die &#8222;NGOs&#8220; im Allgemeinen. Wenn denen in Russland nur an Informationsaustausch gelegen ist, haben sie ja nichts zu bef\u00fcrchten.<\/p>\n<p>Frage: wie w\u00fcrden die amerikanische F\u00fchrung reagieren, wenn russische NGOs\u00a0 in den USA ihr Unwesen treiben und indirekt zum Sturz der Regierung aufrufen, wie es in der Ukraine geschehen ist?<\/p>\n<p>Nebenbei bemerkt: Gerade Organisationen wie Pro Asyl sollten auch bei uns verboten werden. Sie stellen Schattenregierungen dar, deren Ziel eine Flutung Deutschlands mit illegalen Einwanderern aus Afrika und Arabien ist.<\/p>\n","protected":false},"excerpt":{"rendered":"<p>In Russland ist ein Gesetz inkraftgetreten, das ein sch\u00e4rferes Vorgehen gegen ausl\u00e4ndische Nichtregierungsorganisationen erm\u00f6glicht. Nat\u00fcrlich erhebt sich dagegen Widerspruch aus allen politischen Ecken. Die USA\u00a0 &#8211; ausgerechnet &#8211; sprechen von &#8222;zunehmenden Einschr\u00e4nkungen von unabh\u00e4ngigen Medien, der Zivilgesellschaft, Minderheiten und der &hellip; <a href=\"https:\/\/www.inkultura-online.de\/politisch_unkorrekt\/ein-souveraener-staat\/\">Weiterlesen <span class=\"meta-nav\">&rarr;<\/span><\/a><\/p>\n","protected":false},"author":1,"featured_media":0,"comment_status":"open","ping_status":"open","sticky":false,"template":"","format":"standard","meta":{"footnotes":""},"categories":[1,5],"tags":[269,270,268,175],"class_list":["post-467","post","type-post","status-publish","format-standard","hentry","category-fundstuecke","category-meinungen-und-sprueche","tag-ngo","tag-ngo-gesetz","tag-ngos","tag-russland"],"yoast_head":"<!-- This site is optimized with the Yoast SEO plugin v27.5 - https:\/\/yoast.com\/product\/yoast-seo-wordpress\/ -->\n<title>Ein souver\u00e4ner Staat<\/title>\n<meta name=\"robots\" content=\"index, follow, max-snippet:-1, max-image-preview:large, max-video-preview:-1\" \/>\n<link rel=\"canonical\" href=\"https:\/\/www.inkultura-online.de\/politisch_unkorrekt\/ein-souveraener-staat\/\" \/>\n<meta property=\"og:locale\" content=\"de_DE\" \/>\n<meta property=\"og:type\" content=\"article\" \/>\n<meta property=\"og:title\" content=\"Ein souver\u00e4ner Staat\" \/>\n<meta property=\"og:description\" content=\"In Russland ist ein Gesetz inkraftgetreten, das ein sch\u00e4rferes Vorgehen gegen ausl\u00e4ndische Nichtregierungsorganisationen erm\u00f6glicht. Nat\u00fcrlich erhebt sich dagegen Widerspruch aus allen politischen Ecken. Die USA\u00a0 &#8211; ausgerechnet &#8211; sprechen von &#8222;zunehmenden Einschr\u00e4nkungen von unabh\u00e4ngigen Medien, der Zivilgesellschaft, Minderheiten und der &hellip; Weiterlesen &rarr;\" \/>\n<meta property=\"og:url\" content=\"https:\/\/www.inkultura-online.de\/politisch_unkorrekt\/ein-souveraener-staat\/\" \/>\n<meta property=\"og:site_name\" content=\"Zeitgeist? Frei!\" \/>\n<meta property=\"article:published_time\" content=\"2015-05-24T09:29:50+00:00\" \/>\n<meta property=\"article:modified_time\" content=\"2015-05-24T09:31:30+00:00\" \/>\n<meta name=\"author\" content=\"Orator\" \/>\n<meta name=\"twitter:label1\" content=\"Verfasst von\" \/>\n\t<meta name=\"twitter:data1\" content=\"Orator\" \/>\n\t<meta name=\"twitter:label2\" content=\"Gesch\u00e4tzte Lesezeit\" \/>\n\t<meta name=\"twitter:data2\" content=\"2\u00a0Minuten\" \/>\n<script type=\"application\/ld+json\" class=\"yoast-schema-graph\">{\"@context\":\"https:\\\/\\\/schema.org\",\"@graph\":[{\"@type\":\"Article\",\"@id\":\"https:\\\/\\\/www.inkultura-online.de\\\/politisch_unkorrekt\\\/ein-souveraener-staat\\\/#article\",\"isPartOf\":{\"@id\":\"https:\\\/\\\/www.inkultura-online.de\\\/politisch_unkorrekt\\\/ein-souveraener-staat\\\/\"},\"author\":{\"name\":\"Orator\",\"@id\":\"https:\\\/\\\/www.inkultura-online.de\\\/politisch_unkorrekt\\\/#\\\/schema\\\/person\\\/5b30b80e385478896a1de221e1994d86\"},\"headline\":\"Ein souver\u00e4ner Staat\",\"datePublished\":\"2015-05-24T09:29:50+00:00\",\"dateModified\":\"2015-05-24T09:31:30+00:00\",\"mainEntityOfPage\":{\"@id\":\"https:\\\/\\\/www.inkultura-online.de\\\/politisch_unkorrekt\\\/ein-souveraener-staat\\\/\"},\"wordCount\":304,\"commentCount\":0,\"publisher\":{\"@id\":\"https:\\\/\\\/www.inkultura-online.de\\\/politisch_unkorrekt\\\/#\\\/schema\\\/person\\\/5b30b80e385478896a1de221e1994d86\"},\"keywords\":[\"NGO\",\"NGO-Gesetz\",\"NGOs\",\"Russland\"],\"articleSection\":[\"Fundst\u00fccke\",\"Meinungen und Spr\u00fcche\"],\"inLanguage\":\"de\",\"potentialAction\":[{\"@type\":\"CommentAction\",\"name\":\"Comment\",\"target\":[\"https:\\\/\\\/www.inkultura-online.de\\\/politisch_unkorrekt\\\/ein-souveraener-staat\\\/#respond\"]}]},{\"@type\":\"WebPage\",\"@id\":\"https:\\\/\\\/www.inkultura-online.de\\\/politisch_unkorrekt\\\/ein-souveraener-staat\\\/\",\"url\":\"https:\\\/\\\/www.inkultura-online.de\\\/politisch_unkorrekt\\\/ein-souveraener-staat\\\/\",\"name\":\"Ein souver\u00e4ner Staat\",\"isPartOf\":{\"@id\":\"https:\\\/\\\/www.inkultura-online.de\\\/politisch_unkorrekt\\\/#website\"},\"datePublished\":\"2015-05-24T09:29:50+00:00\",\"dateModified\":\"2015-05-24T09:31:30+00:00\",\"breadcrumb\":{\"@id\":\"https:\\\/\\\/www.inkultura-online.de\\\/politisch_unkorrekt\\\/ein-souveraener-staat\\\/#breadcrumb\"},\"inLanguage\":\"de\",\"potentialAction\":[{\"@type\":\"ReadAction\",\"target\":[\"https:\\\/\\\/www.inkultura-online.de\\\/politisch_unkorrekt\\\/ein-souveraener-staat\\\/\"]}]},{\"@type\":\"BreadcrumbList\",\"@id\":\"https:\\\/\\\/www.inkultura-online.de\\\/politisch_unkorrekt\\\/ein-souveraener-staat\\\/#breadcrumb\",\"itemListElement\":[{\"@type\":\"ListItem\",\"position\":1,\"name\":\"Home\",\"item\":\"https:\\\/\\\/www.inkultura-online.de\\\/politisch_unkorrekt\\\/\"},{\"@type\":\"ListItem\",\"position\":2,\"name\":\"Ein souver\u00e4ner Staat\"}]},{\"@type\":\"WebSite\",\"@id\":\"https:\\\/\\\/www.inkultura-online.de\\\/politisch_unkorrekt\\\/#website\",\"url\":\"https:\\\/\\\/www.inkultura-online.de\\\/politisch_unkorrekt\\\/\",\"name\":\"Zeitgeist? Frei!\",\"description\":\"Was Ihr den Geist der Zeiten hei\u00dft...\",\"publisher\":{\"@id\":\"https:\\\/\\\/www.inkultura-online.de\\\/politisch_unkorrekt\\\/#\\\/schema\\\/person\\\/5b30b80e385478896a1de221e1994d86\"},\"potentialAction\":[{\"@type\":\"SearchAction\",\"target\":{\"@type\":\"EntryPoint\",\"urlTemplate\":\"https:\\\/\\\/www.inkultura-online.de\\\/politisch_unkorrekt\\\/?s={search_term_string}\"},\"query-input\":{\"@type\":\"PropertyValueSpecification\",\"valueRequired\":true,\"valueName\":\"search_term_string\"}}],\"inLanguage\":\"de\"},{\"@type\":[\"Person\",\"Organization\"],\"@id\":\"https:\\\/\\\/www.inkultura-online.de\\\/politisch_unkorrekt\\\/#\\\/schema\\\/person\\\/5b30b80e385478896a1de221e1994d86\",\"name\":\"Orator\",\"image\":{\"@type\":\"ImageObject\",\"inLanguage\":\"de\",\"@id\":\"https:\\\/\\\/secure.gravatar.com\\\/avatar\\\/96e03166d31716e9c437060430eb7605c45a8ce6fb6dab483637ca6915dd0844?s=96&d=mm&r=g\",\"url\":\"https:\\\/\\\/secure.gravatar.com\\\/avatar\\\/96e03166d31716e9c437060430eb7605c45a8ce6fb6dab483637ca6915dd0844?s=96&d=mm&r=g\",\"contentUrl\":\"https:\\\/\\\/secure.gravatar.com\\\/avatar\\\/96e03166d31716e9c437060430eb7605c45a8ce6fb6dab483637ca6915dd0844?s=96&d=mm&r=g\",\"caption\":\"Orator\"},\"logo\":{\"@id\":\"https:\\\/\\\/secure.gravatar.com\\\/avatar\\\/96e03166d31716e9c437060430eb7605c45a8ce6fb6dab483637ca6915dd0844?s=96&d=mm&r=g\"},\"url\":\"https:\\\/\\\/www.inkultura-online.de\\\/politisch_unkorrekt\\\/author\\\/1korrektor21-2\\\/\"}]}<\/script>\n<!-- \/ Yoast SEO plugin. -->","yoast_head_json":{"title":"Ein souver\u00e4ner Staat","robots":{"index":"index","follow":"follow","max-snippet":"max-snippet:-1","max-image-preview":"max-image-preview:large","max-video-preview":"max-video-preview:-1"},"canonical":"https:\/\/www.inkultura-online.de\/politisch_unkorrekt\/ein-souveraener-staat\/","og_locale":"de_DE","og_type":"article","og_title":"Ein souver\u00e4ner Staat","og_description":"In Russland ist ein Gesetz inkraftgetreten, das ein sch\u00e4rferes Vorgehen gegen ausl\u00e4ndische Nichtregierungsorganisationen erm\u00f6glicht. Nat\u00fcrlich erhebt sich dagegen Widerspruch aus allen politischen Ecken. Die USA\u00a0 &#8211; ausgerechnet &#8211; sprechen von &#8222;zunehmenden Einschr\u00e4nkungen von unabh\u00e4ngigen Medien, der Zivilgesellschaft, Minderheiten und der &hellip; Weiterlesen &rarr;","og_url":"https:\/\/www.inkultura-online.de\/politisch_unkorrekt\/ein-souveraener-staat\/","og_site_name":"Zeitgeist? Frei!","article_published_time":"2015-05-24T09:29:50+00:00","article_modified_time":"2015-05-24T09:31:30+00:00","author":"Orator","twitter_misc":{"Verfasst von":"Orator","Gesch\u00e4tzte Lesezeit":"2\u00a0Minuten"},"schema":{"@context":"https:\/\/schema.org","@graph":[{"@type":"Article","@id":"https:\/\/www.inkultura-online.de\/politisch_unkorrekt\/ein-souveraener-staat\/#article","isPartOf":{"@id":"https:\/\/www.inkultura-online.de\/politisch_unkorrekt\/ein-souveraener-staat\/"},"author":{"name":"Orator","@id":"https:\/\/www.inkultura-online.de\/politisch_unkorrekt\/#\/schema\/person\/5b30b80e385478896a1de221e1994d86"},"headline":"Ein souver\u00e4ner Staat","datePublished":"2015-05-24T09:29:50+00:00","dateModified":"2015-05-24T09:31:30+00:00","mainEntityOfPage":{"@id":"https:\/\/www.inkultura-online.de\/politisch_unkorrekt\/ein-souveraener-staat\/"},"wordCount":304,"commentCount":0,"publisher":{"@id":"https:\/\/www.inkultura-online.de\/politisch_unkorrekt\/#\/schema\/person\/5b30b80e385478896a1de221e1994d86"},"keywords":["NGO","NGO-Gesetz","NGOs","Russland"],"articleSection":["Fundst\u00fccke","Meinungen und Spr\u00fcche"],"inLanguage":"de","potentialAction":[{"@type":"CommentAction","name":"Comment","target":["https:\/\/www.inkultura-online.de\/politisch_unkorrekt\/ein-souveraener-staat\/#respond"]}]},{"@type":"WebPage","@id":"https:\/\/www.inkultura-online.de\/politisch_unkorrekt\/ein-souveraener-staat\/","url":"https:\/\/www.inkultura-online.de\/politisch_unkorrekt\/ein-souveraener-staat\/","name":"Ein souver\u00e4ner Staat","isPartOf":{"@id":"https:\/\/www.inkultura-online.de\/politisch_unkorrekt\/#website"},"datePublished":"2015-05-24T09:29:50+00:00","dateModified":"2015-05-24T09:31:30+00:00","breadcrumb":{"@id":"https:\/\/www.inkultura-online.de\/politisch_unkorrekt\/ein-souveraener-staat\/#breadcrumb"},"inLanguage":"de","potentialAction":[{"@type":"ReadAction","target":["https:\/\/www.inkultura-online.de\/politisch_unkorrekt\/ein-souveraener-staat\/"]}]},{"@type":"BreadcrumbList","@id":"https:\/\/www.inkultura-online.de\/politisch_unkorrekt\/ein-souveraener-staat\/#breadcrumb","itemListElement":[{"@type":"ListItem","position":1,"name":"Home","item":"https:\/\/www.inkultura-online.de\/politisch_unkorrekt\/"},{"@type":"ListItem","position":2,"name":"Ein souver\u00e4ner Staat"}]},{"@type":"WebSite","@id":"https:\/\/www.inkultura-online.de\/politisch_unkorrekt\/#website","url":"https:\/\/www.inkultura-online.de\/politisch_unkorrekt\/","name":"Zeitgeist? Frei!","description":"Was Ihr den Geist der Zeiten hei\u00dft...","publisher":{"@id":"https:\/\/www.inkultura-online.de\/politisch_unkorrekt\/#\/schema\/person\/5b30b80e385478896a1de221e1994d86"},"potentialAction":[{"@type":"SearchAction","target":{"@type":"EntryPoint","urlTemplate":"https:\/\/www.inkultura-online.de\/politisch_unkorrekt\/?s={search_term_string}"},"query-input":{"@type":"PropertyValueSpecification","valueRequired":true,"valueName":"search_term_string"}}],"inLanguage":"de"},{"@type":["Person","Organization"],"@id":"https:\/\/www.inkultura-online.de\/politisch_unkorrekt\/#\/schema\/person\/5b30b80e385478896a1de221e1994d86","name":"Orator","image":{"@type":"ImageObject","inLanguage":"de","@id":"https:\/\/secure.gravatar.com\/avatar\/96e03166d31716e9c437060430eb7605c45a8ce6fb6dab483637ca6915dd0844?s=96&d=mm&r=g","url":"https:\/\/secure.gravatar.com\/avatar\/96e03166d31716e9c437060430eb7605c45a8ce6fb6dab483637ca6915dd0844?s=96&d=mm&r=g","contentUrl":"https:\/\/secure.gravatar.com\/avatar\/96e03166d31716e9c437060430eb7605c45a8ce6fb6dab483637ca6915dd0844?s=96&d=mm&r=g","caption":"Orator"},"logo":{"@id":"https:\/\/secure.gravatar.com\/avatar\/96e03166d31716e9c437060430eb7605c45a8ce6fb6dab483637ca6915dd0844?s=96&d=mm&r=g"},"url":"https:\/\/www.inkultura-online.de\/politisch_unkorrekt\/author\/1korrektor21-2\/"}]}},"_links":{"self":[{"href":"https:\/\/www.inkultura-online.de\/politisch_unkorrekt\/wp-json\/wp\/v2\/posts\/467","targetHints":{"allow":["GET"]}}],"collection":[{"href":"https:\/\/www.inkultura-online.de\/politisch_unkorrekt\/wp-json\/wp\/v2\/posts"}],"about":[{"href":"https:\/\/www.inkultura-online.de\/politisch_unkorrekt\/wp-json\/wp\/v2\/types\/post"}],"author":[{"embeddable":true,"href":"https:\/\/www.inkultura-online.de\/politisch_unkorrekt\/wp-json\/wp\/v2\/users\/1"}],"replies":[{"embeddable":true,"href":"https:\/\/www.inkultura-online.de\/politisch_unkorrekt\/wp-json\/wp\/v2\/comments?post=467"}],"version-history":[{"count":2,"href":"https:\/\/www.inkultura-online.de\/politisch_unkorrekt\/wp-json\/wp\/v2\/posts\/467\/revisions"}],"predecessor-version":[{"id":469,"href":"https:\/\/www.inkultura-online.de\/politisch_unkorrekt\/wp-json\/wp\/v2\/posts\/467\/revisions\/469"}],"wp:attachment":[{"href":"https:\/\/www.inkultura-online.de\/politisch_unkorrekt\/wp-json\/wp\/v2\/media?parent=467"}],"wp:term":[{"taxonomy":"category","embeddable":true,"href":"https:\/\/www.inkultura-online.de\/politisch_unkorrekt\/wp-json\/wp\/v2\/categories?post=467"},{"taxonomy":"post_tag","embeddable":true,"href":"https:\/\/www.inkultura-online.de\/politisch_unkorrekt\/wp-json\/wp\/v2\/tags?post=467"}],"curies":[{"name":"wp","href":"https:\/\/api.w.org\/{rel}","templated":true}]}}