{"id":491,"date":"2015-06-23T19:26:18","date_gmt":"2015-06-23T17:26:18","guid":{"rendered":"http:\/\/www.inkultura-online.de\/politisch_unkorrekt\/?p=491"},"modified":"2015-06-23T19:30:45","modified_gmt":"2015-06-23T17:30:45","slug":"so-handeln-verantwortungsbewusste-politiker","status":"publish","type":"post","link":"https:\/\/www.inkultura-online.de\/politisch_unkorrekt\/so-handeln-verantwortungsbewusste-politiker\/","title":{"rendered":"So handeln verantwortungsbewusste Politiker"},"content":{"rendered":"<p>Ungarn macht ernst und setzt die Dublin-Regelung au\u00dfer Kraft, nach der &#8222;Asylbewerber&#8220; bei ihren Reisen &#8211; nach Deutschland &#8211; wieder in das Land zur\u00fcckgeschickt werden (k\u00f6nnen), in dem sie zuerst europ\u00e4ischen Boden betreten haben.<\/p>\n<p>&#8222;Das Boot ist voll&#8220; und &#8222;&#8230;, aber wir m\u00fcssen die ungarischen Interessen wahren und unser Bev\u00f6lkerung sch\u00fctzen&#8220;. So der Tenor der ungarischen Regierung.<\/p>\n<p>Wann hat man solche knallharten Aussagen bez\u00fcglich der Interessen der eigenen Bev\u00f6lkerung von unseren Politaffen geh\u00f6rt? Gar nicht, denn die haben l\u00e4ngst das Projekt Volksausstausch gestartet.<\/p>\n<p>Leider sind die meisten &#8222;Zur\u00fcckzunehmenden&#8220; bereits in Deutschland. Macht ja nichts, der Bundespr\u00e4ser hat sie alle lieb.<\/p>\n","protected":false},"excerpt":{"rendered":"<p>Ungarn macht ernst und setzt die Dublin-Regelung au\u00dfer Kraft, nach der &#8222;Asylbewerber&#8220; bei ihren Reisen &#8211; nach Deutschland &#8211; wieder in das Land zur\u00fcckgeschickt werden (k\u00f6nnen), in dem sie zuerst europ\u00e4ischen Boden betreten haben. &#8222;Das Boot ist voll&#8220; und &#8222;&#8230;, &hellip; <a href=\"https:\/\/www.inkultura-online.de\/politisch_unkorrekt\/so-handeln-verantwortungsbewusste-politiker\/\">Weiterlesen <span class=\"meta-nav\">&rarr;<\/span><\/a><\/p>\n","protected":false},"author":1,"featured_media":0,"comment_status":"open","ping_status":"open","sticky":false,"template":"","format":"standard","meta":{"footnotes":""},"categories":[1,5],"tags":[18,281,156],"class_list":["post-491","post","type-post","status-publish","format-standard","hentry","category-fundstuecke","category-meinungen-und-sprueche","tag-asylbewerber","tag-das-boot-ist-voll","tag-volksaustausch"],"yoast_head":"<!-- This site is optimized with the Yoast SEO plugin v27.5 - https:\/\/yoast.com\/product\/yoast-seo-wordpress\/ -->\n<title>So handeln verantwortungsbewusste Politiker<\/title>\n<meta name=\"robots\" content=\"index, follow, max-snippet:-1, max-image-preview:large, max-video-preview:-1\" \/>\n<link rel=\"canonical\" href=\"https:\/\/www.inkultura-online.de\/politisch_unkorrekt\/so-handeln-verantwortungsbewusste-politiker\/\" \/>\n<meta property=\"og:locale\" content=\"de_DE\" \/>\n<meta property=\"og:type\" content=\"article\" \/>\n<meta property=\"og:title\" content=\"So handeln verantwortungsbewusste Politiker\" \/>\n<meta property=\"og:description\" content=\"Ungarn macht ernst und setzt die Dublin-Regelung au\u00dfer Kraft, nach der &#8222;Asylbewerber&#8220; bei ihren Reisen &#8211; nach Deutschland &#8211; wieder in das Land zur\u00fcckgeschickt werden (k\u00f6nnen), in dem sie zuerst europ\u00e4ischen Boden betreten haben. &#8222;Das Boot ist voll&#8220; und &#8222;&#8230;, &hellip; Weiterlesen &rarr;\" \/>\n<meta property=\"og:url\" content=\"https:\/\/www.inkultura-online.de\/politisch_unkorrekt\/so-handeln-verantwortungsbewusste-politiker\/\" \/>\n<meta property=\"og:site_name\" content=\"Zeitgeist? Frei!\" \/>\n<meta property=\"article:published_time\" content=\"2015-06-23T17:26:18+00:00\" \/>\n<meta property=\"article:modified_time\" content=\"2015-06-23T17:30:45+00:00\" \/>\n<meta name=\"author\" content=\"Orator\" \/>\n<meta name=\"twitter:label1\" content=\"Verfasst von\" \/>\n\t<meta name=\"twitter:data1\" content=\"Orator\" \/>\n\t<meta name=\"twitter:label2\" content=\"Gesch\u00e4tzte Lesezeit\" \/>\n\t<meta name=\"twitter:data2\" content=\"1\u00a0Minute\" \/>\n<script type=\"application\/ld+json\" class=\"yoast-schema-graph\">{\"@context\":\"https:\\\/\\\/schema.org\",\"@graph\":[{\"@type\":\"Article\",\"@id\":\"https:\\\/\\\/www.inkultura-online.de\\\/politisch_unkorrekt\\\/so-handeln-verantwortungsbewusste-politiker\\\/#article\",\"isPartOf\":{\"@id\":\"https:\\\/\\\/www.inkultura-online.de\\\/politisch_unkorrekt\\\/so-handeln-verantwortungsbewusste-politiker\\\/\"},\"author\":{\"name\":\"Orator\",\"@id\":\"https:\\\/\\\/www.inkultura-online.de\\\/politisch_unkorrekt\\\/#\\\/schema\\\/person\\\/5b30b80e385478896a1de221e1994d86\"},\"headline\":\"So handeln verantwortungsbewusste Politiker\",\"datePublished\":\"2015-06-23T17:26:18+00:00\",\"dateModified\":\"2015-06-23T17:30:45+00:00\",\"mainEntityOfPage\":{\"@id\":\"https:\\\/\\\/www.inkultura-online.de\\\/politisch_unkorrekt\\\/so-handeln-verantwortungsbewusste-politiker\\\/\"},\"wordCount\":116,\"commentCount\":0,\"publisher\":{\"@id\":\"https:\\\/\\\/www.inkultura-online.de\\\/politisch_unkorrekt\\\/#\\\/schema\\\/person\\\/5b30b80e385478896a1de221e1994d86\"},\"keywords\":[\"Asylbewerber\",\"Das Boot ist voll\",\"Volksaustausch\"],\"articleSection\":[\"Fundst\u00fccke\",\"Meinungen und Spr\u00fcche\"],\"inLanguage\":\"de\",\"potentialAction\":[{\"@type\":\"CommentAction\",\"name\":\"Comment\",\"target\":[\"https:\\\/\\\/www.inkultura-online.de\\\/politisch_unkorrekt\\\/so-handeln-verantwortungsbewusste-politiker\\\/#respond\"]}]},{\"@type\":\"WebPage\",\"@id\":\"https:\\\/\\\/www.inkultura-online.de\\\/politisch_unkorrekt\\\/so-handeln-verantwortungsbewusste-politiker\\\/\",\"url\":\"https:\\\/\\\/www.inkultura-online.de\\\/politisch_unkorrekt\\\/so-handeln-verantwortungsbewusste-politiker\\\/\",\"name\":\"So handeln verantwortungsbewusste Politiker\",\"isPartOf\":{\"@id\":\"https:\\\/\\\/www.inkultura-online.de\\\/politisch_unkorrekt\\\/#website\"},\"datePublished\":\"2015-06-23T17:26:18+00:00\",\"dateModified\":\"2015-06-23T17:30:45+00:00\",\"breadcrumb\":{\"@id\":\"https:\\\/\\\/www.inkultura-online.de\\\/politisch_unkorrekt\\\/so-handeln-verantwortungsbewusste-politiker\\\/#breadcrumb\"},\"inLanguage\":\"de\",\"potentialAction\":[{\"@type\":\"ReadAction\",\"target\":[\"https:\\\/\\\/www.inkultura-online.de\\\/politisch_unkorrekt\\\/so-handeln-verantwortungsbewusste-politiker\\\/\"]}]},{\"@type\":\"BreadcrumbList\",\"@id\":\"https:\\\/\\\/www.inkultura-online.de\\\/politisch_unkorrekt\\\/so-handeln-verantwortungsbewusste-politiker\\\/#breadcrumb\",\"itemListElement\":[{\"@type\":\"ListItem\",\"position\":1,\"name\":\"Home\",\"item\":\"https:\\\/\\\/www.inkultura-online.de\\\/politisch_unkorrekt\\\/\"},{\"@type\":\"ListItem\",\"position\":2,\"name\":\"So handeln verantwortungsbewusste Politiker\"}]},{\"@type\":\"WebSite\",\"@id\":\"https:\\\/\\\/www.inkultura-online.de\\\/politisch_unkorrekt\\\/#website\",\"url\":\"https:\\\/\\\/www.inkultura-online.de\\\/politisch_unkorrekt\\\/\",\"name\":\"Zeitgeist? Frei!\",\"description\":\"Was Ihr den Geist der Zeiten hei\u00dft...\",\"publisher\":{\"@id\":\"https:\\\/\\\/www.inkultura-online.de\\\/politisch_unkorrekt\\\/#\\\/schema\\\/person\\\/5b30b80e385478896a1de221e1994d86\"},\"potentialAction\":[{\"@type\":\"SearchAction\",\"target\":{\"@type\":\"EntryPoint\",\"urlTemplate\":\"https:\\\/\\\/www.inkultura-online.de\\\/politisch_unkorrekt\\\/?s={search_term_string}\"},\"query-input\":{\"@type\":\"PropertyValueSpecification\",\"valueRequired\":true,\"valueName\":\"search_term_string\"}}],\"inLanguage\":\"de\"},{\"@type\":[\"Person\",\"Organization\"],\"@id\":\"https:\\\/\\\/www.inkultura-online.de\\\/politisch_unkorrekt\\\/#\\\/schema\\\/person\\\/5b30b80e385478896a1de221e1994d86\",\"name\":\"Orator\",\"image\":{\"@type\":\"ImageObject\",\"inLanguage\":\"de\",\"@id\":\"https:\\\/\\\/secure.gravatar.com\\\/avatar\\\/96e03166d31716e9c437060430eb7605c45a8ce6fb6dab483637ca6915dd0844?s=96&d=mm&r=g\",\"url\":\"https:\\\/\\\/secure.gravatar.com\\\/avatar\\\/96e03166d31716e9c437060430eb7605c45a8ce6fb6dab483637ca6915dd0844?s=96&d=mm&r=g\",\"contentUrl\":\"https:\\\/\\\/secure.gravatar.com\\\/avatar\\\/96e03166d31716e9c437060430eb7605c45a8ce6fb6dab483637ca6915dd0844?s=96&d=mm&r=g\",\"caption\":\"Orator\"},\"logo\":{\"@id\":\"https:\\\/\\\/secure.gravatar.com\\\/avatar\\\/96e03166d31716e9c437060430eb7605c45a8ce6fb6dab483637ca6915dd0844?s=96&d=mm&r=g\"},\"url\":\"https:\\\/\\\/www.inkultura-online.de\\\/politisch_unkorrekt\\\/author\\\/1korrektor21-2\\\/\"}]}<\/script>\n<!-- \/ Yoast SEO plugin. -->","yoast_head_json":{"title":"So handeln verantwortungsbewusste Politiker","robots":{"index":"index","follow":"follow","max-snippet":"max-snippet:-1","max-image-preview":"max-image-preview:large","max-video-preview":"max-video-preview:-1"},"canonical":"https:\/\/www.inkultura-online.de\/politisch_unkorrekt\/so-handeln-verantwortungsbewusste-politiker\/","og_locale":"de_DE","og_type":"article","og_title":"So handeln verantwortungsbewusste Politiker","og_description":"Ungarn macht ernst und setzt die Dublin-Regelung au\u00dfer Kraft, nach der &#8222;Asylbewerber&#8220; bei ihren Reisen &#8211; nach Deutschland &#8211; wieder in das Land zur\u00fcckgeschickt werden (k\u00f6nnen), in dem sie zuerst europ\u00e4ischen Boden betreten haben. &#8222;Das Boot ist voll&#8220; und &#8222;&#8230;, &hellip; Weiterlesen &rarr;","og_url":"https:\/\/www.inkultura-online.de\/politisch_unkorrekt\/so-handeln-verantwortungsbewusste-politiker\/","og_site_name":"Zeitgeist? Frei!","article_published_time":"2015-06-23T17:26:18+00:00","article_modified_time":"2015-06-23T17:30:45+00:00","author":"Orator","twitter_misc":{"Verfasst von":"Orator","Gesch\u00e4tzte Lesezeit":"1\u00a0Minute"},"schema":{"@context":"https:\/\/schema.org","@graph":[{"@type":"Article","@id":"https:\/\/www.inkultura-online.de\/politisch_unkorrekt\/so-handeln-verantwortungsbewusste-politiker\/#article","isPartOf":{"@id":"https:\/\/www.inkultura-online.de\/politisch_unkorrekt\/so-handeln-verantwortungsbewusste-politiker\/"},"author":{"name":"Orator","@id":"https:\/\/www.inkultura-online.de\/politisch_unkorrekt\/#\/schema\/person\/5b30b80e385478896a1de221e1994d86"},"headline":"So handeln verantwortungsbewusste Politiker","datePublished":"2015-06-23T17:26:18+00:00","dateModified":"2015-06-23T17:30:45+00:00","mainEntityOfPage":{"@id":"https:\/\/www.inkultura-online.de\/politisch_unkorrekt\/so-handeln-verantwortungsbewusste-politiker\/"},"wordCount":116,"commentCount":0,"publisher":{"@id":"https:\/\/www.inkultura-online.de\/politisch_unkorrekt\/#\/schema\/person\/5b30b80e385478896a1de221e1994d86"},"keywords":["Asylbewerber","Das Boot ist voll","Volksaustausch"],"articleSection":["Fundst\u00fccke","Meinungen und Spr\u00fcche"],"inLanguage":"de","potentialAction":[{"@type":"CommentAction","name":"Comment","target":["https:\/\/www.inkultura-online.de\/politisch_unkorrekt\/so-handeln-verantwortungsbewusste-politiker\/#respond"]}]},{"@type":"WebPage","@id":"https:\/\/www.inkultura-online.de\/politisch_unkorrekt\/so-handeln-verantwortungsbewusste-politiker\/","url":"https:\/\/www.inkultura-online.de\/politisch_unkorrekt\/so-handeln-verantwortungsbewusste-politiker\/","name":"So handeln verantwortungsbewusste Politiker","isPartOf":{"@id":"https:\/\/www.inkultura-online.de\/politisch_unkorrekt\/#website"},"datePublished":"2015-06-23T17:26:18+00:00","dateModified":"2015-06-23T17:30:45+00:00","breadcrumb":{"@id":"https:\/\/www.inkultura-online.de\/politisch_unkorrekt\/so-handeln-verantwortungsbewusste-politiker\/#breadcrumb"},"inLanguage":"de","potentialAction":[{"@type":"ReadAction","target":["https:\/\/www.inkultura-online.de\/politisch_unkorrekt\/so-handeln-verantwortungsbewusste-politiker\/"]}]},{"@type":"BreadcrumbList","@id":"https:\/\/www.inkultura-online.de\/politisch_unkorrekt\/so-handeln-verantwortungsbewusste-politiker\/#breadcrumb","itemListElement":[{"@type":"ListItem","position":1,"name":"Home","item":"https:\/\/www.inkultura-online.de\/politisch_unkorrekt\/"},{"@type":"ListItem","position":2,"name":"So handeln verantwortungsbewusste Politiker"}]},{"@type":"WebSite","@id":"https:\/\/www.inkultura-online.de\/politisch_unkorrekt\/#website","url":"https:\/\/www.inkultura-online.de\/politisch_unkorrekt\/","name":"Zeitgeist? Frei!","description":"Was Ihr den Geist der Zeiten hei\u00dft...","publisher":{"@id":"https:\/\/www.inkultura-online.de\/politisch_unkorrekt\/#\/schema\/person\/5b30b80e385478896a1de221e1994d86"},"potentialAction":[{"@type":"SearchAction","target":{"@type":"EntryPoint","urlTemplate":"https:\/\/www.inkultura-online.de\/politisch_unkorrekt\/?s={search_term_string}"},"query-input":{"@type":"PropertyValueSpecification","valueRequired":true,"valueName":"search_term_string"}}],"inLanguage":"de"},{"@type":["Person","Organization"],"@id":"https:\/\/www.inkultura-online.de\/politisch_unkorrekt\/#\/schema\/person\/5b30b80e385478896a1de221e1994d86","name":"Orator","image":{"@type":"ImageObject","inLanguage":"de","@id":"https:\/\/secure.gravatar.com\/avatar\/96e03166d31716e9c437060430eb7605c45a8ce6fb6dab483637ca6915dd0844?s=96&d=mm&r=g","url":"https:\/\/secure.gravatar.com\/avatar\/96e03166d31716e9c437060430eb7605c45a8ce6fb6dab483637ca6915dd0844?s=96&d=mm&r=g","contentUrl":"https:\/\/secure.gravatar.com\/avatar\/96e03166d31716e9c437060430eb7605c45a8ce6fb6dab483637ca6915dd0844?s=96&d=mm&r=g","caption":"Orator"},"logo":{"@id":"https:\/\/secure.gravatar.com\/avatar\/96e03166d31716e9c437060430eb7605c45a8ce6fb6dab483637ca6915dd0844?s=96&d=mm&r=g"},"url":"https:\/\/www.inkultura-online.de\/politisch_unkorrekt\/author\/1korrektor21-2\/"}]}},"_links":{"self":[{"href":"https:\/\/www.inkultura-online.de\/politisch_unkorrekt\/wp-json\/wp\/v2\/posts\/491","targetHints":{"allow":["GET"]}}],"collection":[{"href":"https:\/\/www.inkultura-online.de\/politisch_unkorrekt\/wp-json\/wp\/v2\/posts"}],"about":[{"href":"https:\/\/www.inkultura-online.de\/politisch_unkorrekt\/wp-json\/wp\/v2\/types\/post"}],"author":[{"embeddable":true,"href":"https:\/\/www.inkultura-online.de\/politisch_unkorrekt\/wp-json\/wp\/v2\/users\/1"}],"replies":[{"embeddable":true,"href":"https:\/\/www.inkultura-online.de\/politisch_unkorrekt\/wp-json\/wp\/v2\/comments?post=491"}],"version-history":[{"count":2,"href":"https:\/\/www.inkultura-online.de\/politisch_unkorrekt\/wp-json\/wp\/v2\/posts\/491\/revisions"}],"predecessor-version":[{"id":497,"href":"https:\/\/www.inkultura-online.de\/politisch_unkorrekt\/wp-json\/wp\/v2\/posts\/491\/revisions\/497"}],"wp:attachment":[{"href":"https:\/\/www.inkultura-online.de\/politisch_unkorrekt\/wp-json\/wp\/v2\/media?parent=491"}],"wp:term":[{"taxonomy":"category","embeddable":true,"href":"https:\/\/www.inkultura-online.de\/politisch_unkorrekt\/wp-json\/wp\/v2\/categories?post=491"},{"taxonomy":"post_tag","embeddable":true,"href":"https:\/\/www.inkultura-online.de\/politisch_unkorrekt\/wp-json\/wp\/v2\/tags?post=491"}],"curies":[{"name":"wp","href":"https:\/\/api.w.org\/{rel}","templated":true}]}}