{"id":509,"date":"2015-06-26T18:33:13","date_gmt":"2015-06-26T16:33:13","guid":{"rendered":"http:\/\/www.inkultura-online.de\/politisch_unkorrekt\/?p=509"},"modified":"2015-06-26T18:54:05","modified_gmt":"2015-06-26T16:54:05","slug":"das-hat-nichts-mit-dem-islam-zu-tun","status":"publish","type":"post","link":"https:\/\/www.inkultura-online.de\/politisch_unkorrekt\/das-hat-nichts-mit-dem-islam-zu-tun\/","title":{"rendered":"Das hat nichts mit dem Islam zu tun"},"content":{"rendered":"<p>Was haben die islamistischen Anschl\u00e4ge von Tunesien, Kuwait und Lyon gemeinsam? Sie haben nichts, aber auch gar nichts mit dem Islam zu tun. Der Islam ist, so plappern es unsere Volksverr\u00e4ter, Verzeihung, Volksvertreter wie ein Mantra, die Religion des Friedens und der universellen Harmonie.<!--more--><\/p>\n<p>Wann kapieren unsere politischen Minderleister endlich, dass der Islam eine gewaltbereite, dogmatische und die individuelle Freiheit unterdr\u00fcckende Religion ist, deren Geltungsanspruch erst dann zu einem Ende kommen wird, wenn die ganze Welt zum islamischen Glauben bekehrt, gepr\u00fcgelt und gezwungen ist. Der tolerante Islam ist ein M\u00e4rchen linksrotg\u00fcner Tr\u00e4umer.<\/p>\n<p>Das Szenario, das unsere herrschenden Eliten bald zu verantworten haben und dessen wir, die B\u00fcrger, bald Zeuge werden, wird folgenderma\u00dfen ablaufen: geheuchelte Betroffenheit, gelogene Abscheu vor den barbarischen Taten der Attent\u00e4ter, scheinbare Solidarit\u00e4t mit den Opfern und dann, quasi als vorbeugende Ma\u00dfnahme gegen\u00fcber der zunehmenden Kritik an der in der Bundesrepublik gehandhabten unkontrollierten Einwanderung die immer gleiche, immer wieder falsche und realit\u00e4tsverleugnende Aussage, dass das alles gar nichts mit dem Islam zu tun hat.<\/p>\n<p>Da selbiger, jedenfalls in der Merkel-Gauckschen Doktrin, ja zu Deutschland geh\u00f6rt und alle, so glauben es vielleicht unsere \u201eQualit\u00e4tsjournalisten\u201c und das politische Pack von dem wir in den Untergang getrieben werden, von der \u201ekulturellen Bereicherung\u201c profitieren, ist die ver\u00f6ffentlichte Meinung dergestalt, dass islamischer Terror zwar im Namen Allahs ver\u00fcbt wird und dessen abscheuliche Verbrechen immer mit dem Ruf <em>Allahu Akbar<\/em> beginnen, die Verbrechen im Namen des Islam jedoch keinen Bezug zum \u201ewahren\u201c Islam haben. Was f\u00fcr eine gequirlte Schei\u00dfe.<\/p>\n<p>Der aktuelle ungebremste Ansturm auf die L\u00e4nder Europas und ganz besonders Deutschland mit \u201eFl\u00fcchtlingen\u201c aus islamischen L\u00e4ndern und die daraus resultierende Ghettobildung und Zusammenrottung von Personen, die inkompatibel mit unseren Werten und unserer Vorstellung von individueller Freiheit sind und deren Integration mangels beruflicher und sprachlicher Kompetenzen, vom Fehlen des Anpassungswillen an das hier akzeptierte gesellschaftliche Miteinander einmal ganz abgesehen, niemals gelingen wird, bietet ein f\u00fcr die Islamisten h\u00f6chst willkommenes Reservoir an Nachwuchsattent\u00e4tern.<\/p>\n<p>Die Einschl\u00e4ge kommen unbestreitbar n\u00e4her. Es ist nur eine Frage der Zeit, bis auch in Deutschland durch den islamistischen Terror die ersten Toten zu beklagen sind. Das allerdings geht dann auf die Rechnung unserer islamverliebten Dummschw\u00e4tzer in der Politik, in den Sendeanstalten und den Zeitungsredaktionen. Leider wird man diese, durch ihre Feigheit und ihre Realit\u00e4tsverweigerung den islamistischen Terror erst erm\u00f6glichenden, ihm T\u00fcr und Tor \u00f6ffnenden Typen nicht zur Rechenschaft ziehen k\u00f6nnen \u2013 oder etwa doch&#8230;?<\/p>\n<p>Frage: Ob es der \u201eislamischen Community\u201c diesmal gelingen wird, sich vom Terror im Namen Allahs zu distanzieren oder werden solch windige Typen wie <em>Aiman Mazyek<\/em> auch diesmal wieder durch ihr lautes Schweigen klammheimliche Genugtuung demonstrieren?<\/p>\n","protected":false},"excerpt":{"rendered":"<p>Was haben die islamistischen Anschl\u00e4ge von Tunesien, Kuwait und Lyon gemeinsam? Sie haben nichts, aber auch gar nichts mit dem Islam zu tun. Der Islam ist, so plappern es unsere Volksverr\u00e4ter, Verzeihung, Volksvertreter wie ein Mantra, die Religion des Friedens &hellip; <a href=\"https:\/\/www.inkultura-online.de\/politisch_unkorrekt\/das-hat-nichts-mit-dem-islam-zu-tun\/\">Weiterlesen <span class=\"meta-nav\">&rarr;<\/span><\/a><\/p>\n","protected":false},"author":1,"featured_media":0,"comment_status":"open","ping_status":"open","sticky":false,"template":"","format":"standard","meta":{"footnotes":""},"categories":[30,10,11],"tags":[235,21,283,19,284,225],"class_list":["post-509","post","type-post","status-publish","format-standard","hentry","category-so-siehts-aus","category-systemfehler","category-was-die-qualitaetspresse-gern-verschweigt","tag-einwanderung","tag-islam","tag-islamistischerterror","tag-migranten","tag-realitaetsverweigerung","tag-volksverraeter"],"yoast_head":"<!-- This site is optimized with the Yoast SEO plugin v27.5 - https:\/\/yoast.com\/product\/yoast-seo-wordpress\/ -->\n<title>Das hat nichts mit dem Islam zu tun<\/title>\n<meta name=\"robots\" content=\"index, follow, max-snippet:-1, max-image-preview:large, max-video-preview:-1\" \/>\n<link rel=\"canonical\" href=\"https:\/\/www.inkultura-online.de\/politisch_unkorrekt\/das-hat-nichts-mit-dem-islam-zu-tun\/\" \/>\n<meta property=\"og:locale\" content=\"de_DE\" \/>\n<meta property=\"og:type\" content=\"article\" \/>\n<meta property=\"og:title\" content=\"Das hat nichts mit dem Islam zu tun\" \/>\n<meta property=\"og:description\" content=\"Was haben die islamistischen Anschl\u00e4ge von Tunesien, Kuwait und Lyon gemeinsam? Sie haben nichts, aber auch gar nichts mit dem Islam zu tun. Der Islam ist, so plappern es unsere Volksverr\u00e4ter, Verzeihung, Volksvertreter wie ein Mantra, die Religion des Friedens &hellip; Weiterlesen &rarr;\" \/>\n<meta property=\"og:url\" content=\"https:\/\/www.inkultura-online.de\/politisch_unkorrekt\/das-hat-nichts-mit-dem-islam-zu-tun\/\" \/>\n<meta property=\"og:site_name\" content=\"Zeitgeist? Frei!\" \/>\n<meta property=\"article:published_time\" content=\"2015-06-26T16:33:13+00:00\" \/>\n<meta property=\"article:modified_time\" content=\"2015-06-26T16:54:05+00:00\" \/>\n<meta name=\"author\" content=\"Orator\" \/>\n<meta name=\"twitter:label1\" content=\"Verfasst von\" \/>\n\t<meta name=\"twitter:data1\" content=\"Orator\" \/>\n\t<meta name=\"twitter:label2\" content=\"Gesch\u00e4tzte Lesezeit\" \/>\n\t<meta name=\"twitter:data2\" content=\"2\u00a0Minuten\" \/>\n<script type=\"application\/ld+json\" class=\"yoast-schema-graph\">{\"@context\":\"https:\\\/\\\/schema.org\",\"@graph\":[{\"@type\":\"Article\",\"@id\":\"https:\\\/\\\/www.inkultura-online.de\\\/politisch_unkorrekt\\\/das-hat-nichts-mit-dem-islam-zu-tun\\\/#article\",\"isPartOf\":{\"@id\":\"https:\\\/\\\/www.inkultura-online.de\\\/politisch_unkorrekt\\\/das-hat-nichts-mit-dem-islam-zu-tun\\\/\"},\"author\":{\"name\":\"Orator\",\"@id\":\"https:\\\/\\\/www.inkultura-online.de\\\/politisch_unkorrekt\\\/#\\\/schema\\\/person\\\/5b30b80e385478896a1de221e1994d86\"},\"headline\":\"Das hat nichts mit dem Islam zu tun\",\"datePublished\":\"2015-06-26T16:33:13+00:00\",\"dateModified\":\"2015-06-26T16:54:05+00:00\",\"mainEntityOfPage\":{\"@id\":\"https:\\\/\\\/www.inkultura-online.de\\\/politisch_unkorrekt\\\/das-hat-nichts-mit-dem-islam-zu-tun\\\/\"},\"wordCount\":467,\"commentCount\":0,\"publisher\":{\"@id\":\"https:\\\/\\\/www.inkultura-online.de\\\/politisch_unkorrekt\\\/#\\\/schema\\\/person\\\/5b30b80e385478896a1de221e1994d86\"},\"keywords\":[\"Einwanderung\",\"Islam\",\"islamistischerTerror\",\"Migranten\",\"Realit\u00e4tsverweigerung\",\"Volksverr\u00e4ter\"],\"articleSection\":[\"So sieht\u00b4s aus\",\"Systemfehler\",\"Was die \\\"Qualit\u00e4tspresse\\\" gern verschweigt\"],\"inLanguage\":\"de\",\"potentialAction\":[{\"@type\":\"CommentAction\",\"name\":\"Comment\",\"target\":[\"https:\\\/\\\/www.inkultura-online.de\\\/politisch_unkorrekt\\\/das-hat-nichts-mit-dem-islam-zu-tun\\\/#respond\"]}]},{\"@type\":\"WebPage\",\"@id\":\"https:\\\/\\\/www.inkultura-online.de\\\/politisch_unkorrekt\\\/das-hat-nichts-mit-dem-islam-zu-tun\\\/\",\"url\":\"https:\\\/\\\/www.inkultura-online.de\\\/politisch_unkorrekt\\\/das-hat-nichts-mit-dem-islam-zu-tun\\\/\",\"name\":\"Das hat nichts mit dem Islam zu tun\",\"isPartOf\":{\"@id\":\"https:\\\/\\\/www.inkultura-online.de\\\/politisch_unkorrekt\\\/#website\"},\"datePublished\":\"2015-06-26T16:33:13+00:00\",\"dateModified\":\"2015-06-26T16:54:05+00:00\",\"breadcrumb\":{\"@id\":\"https:\\\/\\\/www.inkultura-online.de\\\/politisch_unkorrekt\\\/das-hat-nichts-mit-dem-islam-zu-tun\\\/#breadcrumb\"},\"inLanguage\":\"de\",\"potentialAction\":[{\"@type\":\"ReadAction\",\"target\":[\"https:\\\/\\\/www.inkultura-online.de\\\/politisch_unkorrekt\\\/das-hat-nichts-mit-dem-islam-zu-tun\\\/\"]}]},{\"@type\":\"BreadcrumbList\",\"@id\":\"https:\\\/\\\/www.inkultura-online.de\\\/politisch_unkorrekt\\\/das-hat-nichts-mit-dem-islam-zu-tun\\\/#breadcrumb\",\"itemListElement\":[{\"@type\":\"ListItem\",\"position\":1,\"name\":\"Home\",\"item\":\"https:\\\/\\\/www.inkultura-online.de\\\/politisch_unkorrekt\\\/\"},{\"@type\":\"ListItem\",\"position\":2,\"name\":\"Das hat nichts mit dem Islam zu tun\"}]},{\"@type\":\"WebSite\",\"@id\":\"https:\\\/\\\/www.inkultura-online.de\\\/politisch_unkorrekt\\\/#website\",\"url\":\"https:\\\/\\\/www.inkultura-online.de\\\/politisch_unkorrekt\\\/\",\"name\":\"Zeitgeist? Frei!\",\"description\":\"Was Ihr den Geist der Zeiten hei\u00dft...\",\"publisher\":{\"@id\":\"https:\\\/\\\/www.inkultura-online.de\\\/politisch_unkorrekt\\\/#\\\/schema\\\/person\\\/5b30b80e385478896a1de221e1994d86\"},\"potentialAction\":[{\"@type\":\"SearchAction\",\"target\":{\"@type\":\"EntryPoint\",\"urlTemplate\":\"https:\\\/\\\/www.inkultura-online.de\\\/politisch_unkorrekt\\\/?s={search_term_string}\"},\"query-input\":{\"@type\":\"PropertyValueSpecification\",\"valueRequired\":true,\"valueName\":\"search_term_string\"}}],\"inLanguage\":\"de\"},{\"@type\":[\"Person\",\"Organization\"],\"@id\":\"https:\\\/\\\/www.inkultura-online.de\\\/politisch_unkorrekt\\\/#\\\/schema\\\/person\\\/5b30b80e385478896a1de221e1994d86\",\"name\":\"Orator\",\"image\":{\"@type\":\"ImageObject\",\"inLanguage\":\"de\",\"@id\":\"https:\\\/\\\/secure.gravatar.com\\\/avatar\\\/96e03166d31716e9c437060430eb7605c45a8ce6fb6dab483637ca6915dd0844?s=96&d=mm&r=g\",\"url\":\"https:\\\/\\\/secure.gravatar.com\\\/avatar\\\/96e03166d31716e9c437060430eb7605c45a8ce6fb6dab483637ca6915dd0844?s=96&d=mm&r=g\",\"contentUrl\":\"https:\\\/\\\/secure.gravatar.com\\\/avatar\\\/96e03166d31716e9c437060430eb7605c45a8ce6fb6dab483637ca6915dd0844?s=96&d=mm&r=g\",\"caption\":\"Orator\"},\"logo\":{\"@id\":\"https:\\\/\\\/secure.gravatar.com\\\/avatar\\\/96e03166d31716e9c437060430eb7605c45a8ce6fb6dab483637ca6915dd0844?s=96&d=mm&r=g\"},\"url\":\"https:\\\/\\\/www.inkultura-online.de\\\/politisch_unkorrekt\\\/author\\\/1korrektor21-2\\\/\"}]}<\/script>\n<!-- \/ Yoast SEO plugin. -->","yoast_head_json":{"title":"Das hat nichts mit dem Islam zu tun","robots":{"index":"index","follow":"follow","max-snippet":"max-snippet:-1","max-image-preview":"max-image-preview:large","max-video-preview":"max-video-preview:-1"},"canonical":"https:\/\/www.inkultura-online.de\/politisch_unkorrekt\/das-hat-nichts-mit-dem-islam-zu-tun\/","og_locale":"de_DE","og_type":"article","og_title":"Das hat nichts mit dem Islam zu tun","og_description":"Was haben die islamistischen Anschl\u00e4ge von Tunesien, Kuwait und Lyon gemeinsam? Sie haben nichts, aber auch gar nichts mit dem Islam zu tun. Der Islam ist, so plappern es unsere Volksverr\u00e4ter, Verzeihung, Volksvertreter wie ein Mantra, die Religion des Friedens &hellip; Weiterlesen &rarr;","og_url":"https:\/\/www.inkultura-online.de\/politisch_unkorrekt\/das-hat-nichts-mit-dem-islam-zu-tun\/","og_site_name":"Zeitgeist? Frei!","article_published_time":"2015-06-26T16:33:13+00:00","article_modified_time":"2015-06-26T16:54:05+00:00","author":"Orator","twitter_misc":{"Verfasst von":"Orator","Gesch\u00e4tzte Lesezeit":"2\u00a0Minuten"},"schema":{"@context":"https:\/\/schema.org","@graph":[{"@type":"Article","@id":"https:\/\/www.inkultura-online.de\/politisch_unkorrekt\/das-hat-nichts-mit-dem-islam-zu-tun\/#article","isPartOf":{"@id":"https:\/\/www.inkultura-online.de\/politisch_unkorrekt\/das-hat-nichts-mit-dem-islam-zu-tun\/"},"author":{"name":"Orator","@id":"https:\/\/www.inkultura-online.de\/politisch_unkorrekt\/#\/schema\/person\/5b30b80e385478896a1de221e1994d86"},"headline":"Das hat nichts mit dem Islam zu tun","datePublished":"2015-06-26T16:33:13+00:00","dateModified":"2015-06-26T16:54:05+00:00","mainEntityOfPage":{"@id":"https:\/\/www.inkultura-online.de\/politisch_unkorrekt\/das-hat-nichts-mit-dem-islam-zu-tun\/"},"wordCount":467,"commentCount":0,"publisher":{"@id":"https:\/\/www.inkultura-online.de\/politisch_unkorrekt\/#\/schema\/person\/5b30b80e385478896a1de221e1994d86"},"keywords":["Einwanderung","Islam","islamistischerTerror","Migranten","Realit\u00e4tsverweigerung","Volksverr\u00e4ter"],"articleSection":["So sieht\u00b4s aus","Systemfehler","Was die \"Qualit\u00e4tspresse\" gern verschweigt"],"inLanguage":"de","potentialAction":[{"@type":"CommentAction","name":"Comment","target":["https:\/\/www.inkultura-online.de\/politisch_unkorrekt\/das-hat-nichts-mit-dem-islam-zu-tun\/#respond"]}]},{"@type":"WebPage","@id":"https:\/\/www.inkultura-online.de\/politisch_unkorrekt\/das-hat-nichts-mit-dem-islam-zu-tun\/","url":"https:\/\/www.inkultura-online.de\/politisch_unkorrekt\/das-hat-nichts-mit-dem-islam-zu-tun\/","name":"Das hat nichts mit dem Islam zu tun","isPartOf":{"@id":"https:\/\/www.inkultura-online.de\/politisch_unkorrekt\/#website"},"datePublished":"2015-06-26T16:33:13+00:00","dateModified":"2015-06-26T16:54:05+00:00","breadcrumb":{"@id":"https:\/\/www.inkultura-online.de\/politisch_unkorrekt\/das-hat-nichts-mit-dem-islam-zu-tun\/#breadcrumb"},"inLanguage":"de","potentialAction":[{"@type":"ReadAction","target":["https:\/\/www.inkultura-online.de\/politisch_unkorrekt\/das-hat-nichts-mit-dem-islam-zu-tun\/"]}]},{"@type":"BreadcrumbList","@id":"https:\/\/www.inkultura-online.de\/politisch_unkorrekt\/das-hat-nichts-mit-dem-islam-zu-tun\/#breadcrumb","itemListElement":[{"@type":"ListItem","position":1,"name":"Home","item":"https:\/\/www.inkultura-online.de\/politisch_unkorrekt\/"},{"@type":"ListItem","position":2,"name":"Das hat nichts mit dem Islam zu tun"}]},{"@type":"WebSite","@id":"https:\/\/www.inkultura-online.de\/politisch_unkorrekt\/#website","url":"https:\/\/www.inkultura-online.de\/politisch_unkorrekt\/","name":"Zeitgeist? Frei!","description":"Was Ihr den Geist der Zeiten hei\u00dft...","publisher":{"@id":"https:\/\/www.inkultura-online.de\/politisch_unkorrekt\/#\/schema\/person\/5b30b80e385478896a1de221e1994d86"},"potentialAction":[{"@type":"SearchAction","target":{"@type":"EntryPoint","urlTemplate":"https:\/\/www.inkultura-online.de\/politisch_unkorrekt\/?s={search_term_string}"},"query-input":{"@type":"PropertyValueSpecification","valueRequired":true,"valueName":"search_term_string"}}],"inLanguage":"de"},{"@type":["Person","Organization"],"@id":"https:\/\/www.inkultura-online.de\/politisch_unkorrekt\/#\/schema\/person\/5b30b80e385478896a1de221e1994d86","name":"Orator","image":{"@type":"ImageObject","inLanguage":"de","@id":"https:\/\/secure.gravatar.com\/avatar\/96e03166d31716e9c437060430eb7605c45a8ce6fb6dab483637ca6915dd0844?s=96&d=mm&r=g","url":"https:\/\/secure.gravatar.com\/avatar\/96e03166d31716e9c437060430eb7605c45a8ce6fb6dab483637ca6915dd0844?s=96&d=mm&r=g","contentUrl":"https:\/\/secure.gravatar.com\/avatar\/96e03166d31716e9c437060430eb7605c45a8ce6fb6dab483637ca6915dd0844?s=96&d=mm&r=g","caption":"Orator"},"logo":{"@id":"https:\/\/secure.gravatar.com\/avatar\/96e03166d31716e9c437060430eb7605c45a8ce6fb6dab483637ca6915dd0844?s=96&d=mm&r=g"},"url":"https:\/\/www.inkultura-online.de\/politisch_unkorrekt\/author\/1korrektor21-2\/"}]}},"_links":{"self":[{"href":"https:\/\/www.inkultura-online.de\/politisch_unkorrekt\/wp-json\/wp\/v2\/posts\/509","targetHints":{"allow":["GET"]}}],"collection":[{"href":"https:\/\/www.inkultura-online.de\/politisch_unkorrekt\/wp-json\/wp\/v2\/posts"}],"about":[{"href":"https:\/\/www.inkultura-online.de\/politisch_unkorrekt\/wp-json\/wp\/v2\/types\/post"}],"author":[{"embeddable":true,"href":"https:\/\/www.inkultura-online.de\/politisch_unkorrekt\/wp-json\/wp\/v2\/users\/1"}],"replies":[{"embeddable":true,"href":"https:\/\/www.inkultura-online.de\/politisch_unkorrekt\/wp-json\/wp\/v2\/comments?post=509"}],"version-history":[{"count":2,"href":"https:\/\/www.inkultura-online.de\/politisch_unkorrekt\/wp-json\/wp\/v2\/posts\/509\/revisions"}],"predecessor-version":[{"id":513,"href":"https:\/\/www.inkultura-online.de\/politisch_unkorrekt\/wp-json\/wp\/v2\/posts\/509\/revisions\/513"}],"wp:attachment":[{"href":"https:\/\/www.inkultura-online.de\/politisch_unkorrekt\/wp-json\/wp\/v2\/media?parent=509"}],"wp:term":[{"taxonomy":"category","embeddable":true,"href":"https:\/\/www.inkultura-online.de\/politisch_unkorrekt\/wp-json\/wp\/v2\/categories?post=509"},{"taxonomy":"post_tag","embeddable":true,"href":"https:\/\/www.inkultura-online.de\/politisch_unkorrekt\/wp-json\/wp\/v2\/tags?post=509"}],"curies":[{"name":"wp","href":"https:\/\/api.w.org\/{rel}","templated":true}]}}