{"id":526,"date":"2015-06-27T13:16:56","date_gmt":"2015-06-27T11:16:56","guid":{"rendered":"http:\/\/www.inkultura-online.de\/politisch_unkorrekt\/?p=526"},"modified":"2015-06-27T13:19:02","modified_gmt":"2015-06-27T11:19:02","slug":"wenn-mord-kein-mord-mehr-ist","status":"publish","type":"post","link":"https:\/\/www.inkultura-online.de\/politisch_unkorrekt\/wenn-mord-kein-mord-mehr-ist\/","title":{"rendered":"Wenn Mord kein Mord mehr ist"},"content":{"rendered":"<p>Heiko Maas, Justizminister der wohl bald bunten und ethnisch durchmischten deutschen Gesellschaft sorgt vor f\u00fcr die zu erwartenden Morde, Verzeihung, T\u00f6tungsdelikte, resultierend aus kulturell bedingten Gr\u00fcnden.<!--more--><\/p>\n<p>So soll Mord in Deutschland in Zukunft nicht mehr automatisch mit einer lebenslangen Freiheitsstrafe geahndet werden. Wohl gemerkt: Lebenslang hei\u00dft in der Praxis sowieso nur 15 Jahre. Auch die Begriffe \u2033Mord\u2033, \u2033M\u00f6rder\u2033 und \u2033Totschl\u00e4ger\u2033 sollen nach den Vorstellungen des Justizministers aus dem juristischen Sprachgebrauch verschwinden, ebenso wie \u2033Heimt\u00fccke\u2033 und \u2033niedrige Beweggr\u00fcnde\u2033.<\/p>\n<p>Die von Maas eingesetzte Kommission aus Richtern, Staatsanw\u00e4lten und Wissenschaftlern pl\u00e4diert gleichzeitig &#8211; Nachtigall ick h\u00f6r`dir trapsen &#8211; T\u00f6tungen \u2033aus rassistischen Beweggr\u00fcnden\u2033 als Mord zu ahnden. Wat denn nu? Entweder es gibt keinen Mord mehr oder es gibt ihn doch. An der Tatsache, dass Menschen Menschen umbringen \u00e4ndert sich wohl nichts.<\/p>\n<p>Interessant ist die Frage, und damit liegt Heiko Maas voll auf der Linie linker Ideologiegeschichte, ob den T\u00e4tern durch das juristische Neusprech die Schuld an ihrer Tat abgesprochen werden soll. Denn, so die Auffassung roter Soziologen und tiefroter Gesellschaftsingenieure, Schuld hat immer die Umwelt. Ohne deren verheerenden Einfluss w\u00e4ren alle Menschen lammfromm. Was f\u00fcr eine gequirlte Schei\u00dfe!<\/p>\n<p>Nun ist Deutschland das einzige Land auf der Welt, in dem Morde so lasch und mit viel offiziellem T\u00e4terverst\u00e4ndnis bestraft werden. Lebenslang hei\u00dft in der Realit\u00e4t 15 Jahre, bei guter F\u00fchrung darf es auch schon mal weniger werden. Aber auch das liegt in der Tradition linksrotgr\u00fcner Gutmenschen, den T\u00e4ter zu sch\u00fctzen, ihm alle M\u00f6glichkeiten de \u2033Resozialisierung\u2033 angedeihen zu lassen, dabei gleichzeitig die Opfer und ihre Angeh\u00f6rigen im Regen stehen zu lassen.<\/p>\n<p>Das Ziel des juristischen Neusprechs, der aufmerksame Beobachter des politischen Zeitgeistes wird es sich l\u00e4ngst gedacht haben, ist die Reinigung des Strafgesetzbuches von den, wie es die \u2033Experten\u2033 nennen, letzten Spuren der T\u00e4tertypenlehre der Nazizeit.<\/p>\n<p>\u00dcberspitzt ausgedr\u00fcckt hei\u00dft das dann wohl, dass ein angek\u00fcndigter Mord keiner mehr ist, denn das Opfer war ja gewarnt und hat demnach selber schuld, wenn es jetzt tot ist. \u00dcber die geplante Neuregelung der Sprache werden sich besonders unserer kulturellen Bereicherer freuen, denn dann wird es endlich m\u00f6glich sein, die Verbrechen, die die Medien euphemistisch \u2033Ehrenmorde\u2033 nennen, dann mit offiziellem Segen politisch-juristisch korrekt als k\u00f6rperliche Auseinandersetzung mit versehentlichem und unerwartetem Ableben einer Person zu bezeichnen.<\/p>\n<p>Herr, lass Hirn vom Himmel fallen!<\/p>\n","protected":false},"excerpt":{"rendered":"<p>Heiko Maas, Justizminister der wohl bald bunten und ethnisch durchmischten deutschen Gesellschaft sorgt vor f\u00fcr die zu erwartenden Morde, Verzeihung, T\u00f6tungsdelikte, resultierend aus kulturell bedingten Gr\u00fcnden.<\/p>\n","protected":false},"author":1,"featured_media":0,"comment_status":"open","ping_status":"open","sticky":false,"template":"","format":"standard","meta":{"footnotes":""},"categories":[3,7,10],"tags":[282,289,288],"class_list":["post-526","post","type-post","status-publish","format-standard","hentry","category-die-duemmsten-sprueche-der-woche","category-moderne-zeiten","category-systemfehler","tag-bunte-republik","tag-ehrenmorde","tag-neusprech"],"yoast_head":"<!-- This site is optimized with the Yoast SEO plugin v27.5 - https:\/\/yoast.com\/product\/yoast-seo-wordpress\/ -->\n<title>Wenn Mord kein Mord mehr ist<\/title>\n<meta name=\"robots\" content=\"index, follow, max-snippet:-1, max-image-preview:large, max-video-preview:-1\" \/>\n<link rel=\"canonical\" href=\"https:\/\/www.inkultura-online.de\/politisch_unkorrekt\/wenn-mord-kein-mord-mehr-ist\/\" \/>\n<meta property=\"og:locale\" content=\"de_DE\" \/>\n<meta property=\"og:type\" content=\"article\" \/>\n<meta property=\"og:title\" content=\"Wenn Mord kein Mord mehr ist\" \/>\n<meta property=\"og:description\" content=\"Heiko Maas, Justizminister der wohl bald bunten und ethnisch durchmischten deutschen Gesellschaft sorgt vor f\u00fcr die zu erwartenden Morde, Verzeihung, T\u00f6tungsdelikte, resultierend aus kulturell bedingten Gr\u00fcnden.\" \/>\n<meta property=\"og:url\" content=\"https:\/\/www.inkultura-online.de\/politisch_unkorrekt\/wenn-mord-kein-mord-mehr-ist\/\" \/>\n<meta property=\"og:site_name\" content=\"Zeitgeist? Frei!\" \/>\n<meta property=\"article:published_time\" content=\"2015-06-27T11:16:56+00:00\" \/>\n<meta property=\"article:modified_time\" content=\"2015-06-27T11:19:02+00:00\" \/>\n<meta name=\"author\" content=\"Orator\" \/>\n<meta name=\"twitter:label1\" content=\"Verfasst von\" \/>\n\t<meta name=\"twitter:data1\" content=\"Orator\" \/>\n\t<meta name=\"twitter:label2\" content=\"Gesch\u00e4tzte Lesezeit\" \/>\n\t<meta name=\"twitter:data2\" content=\"2\u00a0Minuten\" \/>\n<script type=\"application\/ld+json\" class=\"yoast-schema-graph\">{\"@context\":\"https:\\\/\\\/schema.org\",\"@graph\":[{\"@type\":\"Article\",\"@id\":\"https:\\\/\\\/www.inkultura-online.de\\\/politisch_unkorrekt\\\/wenn-mord-kein-mord-mehr-ist\\\/#article\",\"isPartOf\":{\"@id\":\"https:\\\/\\\/www.inkultura-online.de\\\/politisch_unkorrekt\\\/wenn-mord-kein-mord-mehr-ist\\\/\"},\"author\":{\"name\":\"Orator\",\"@id\":\"https:\\\/\\\/www.inkultura-online.de\\\/politisch_unkorrekt\\\/#\\\/schema\\\/person\\\/5b30b80e385478896a1de221e1994d86\"},\"headline\":\"Wenn Mord kein Mord mehr ist\",\"datePublished\":\"2015-06-27T11:16:56+00:00\",\"dateModified\":\"2015-06-27T11:19:02+00:00\",\"mainEntityOfPage\":{\"@id\":\"https:\\\/\\\/www.inkultura-online.de\\\/politisch_unkorrekt\\\/wenn-mord-kein-mord-mehr-ist\\\/\"},\"wordCount\":411,\"commentCount\":0,\"publisher\":{\"@id\":\"https:\\\/\\\/www.inkultura-online.de\\\/politisch_unkorrekt\\\/#\\\/schema\\\/person\\\/5b30b80e385478896a1de221e1994d86\"},\"keywords\":[\"bunte Republik\",\"Ehrenmorde\",\"Neusprech\"],\"articleSection\":[\"Die d\u00fcmmsten Spr\u00fcche der Woche\",\"Moderne Zeiten\",\"Systemfehler\"],\"inLanguage\":\"de\",\"potentialAction\":[{\"@type\":\"CommentAction\",\"name\":\"Comment\",\"target\":[\"https:\\\/\\\/www.inkultura-online.de\\\/politisch_unkorrekt\\\/wenn-mord-kein-mord-mehr-ist\\\/#respond\"]}]},{\"@type\":\"WebPage\",\"@id\":\"https:\\\/\\\/www.inkultura-online.de\\\/politisch_unkorrekt\\\/wenn-mord-kein-mord-mehr-ist\\\/\",\"url\":\"https:\\\/\\\/www.inkultura-online.de\\\/politisch_unkorrekt\\\/wenn-mord-kein-mord-mehr-ist\\\/\",\"name\":\"Wenn Mord kein Mord mehr ist\",\"isPartOf\":{\"@id\":\"https:\\\/\\\/www.inkultura-online.de\\\/politisch_unkorrekt\\\/#website\"},\"datePublished\":\"2015-06-27T11:16:56+00:00\",\"dateModified\":\"2015-06-27T11:19:02+00:00\",\"breadcrumb\":{\"@id\":\"https:\\\/\\\/www.inkultura-online.de\\\/politisch_unkorrekt\\\/wenn-mord-kein-mord-mehr-ist\\\/#breadcrumb\"},\"inLanguage\":\"de\",\"potentialAction\":[{\"@type\":\"ReadAction\",\"target\":[\"https:\\\/\\\/www.inkultura-online.de\\\/politisch_unkorrekt\\\/wenn-mord-kein-mord-mehr-ist\\\/\"]}]},{\"@type\":\"BreadcrumbList\",\"@id\":\"https:\\\/\\\/www.inkultura-online.de\\\/politisch_unkorrekt\\\/wenn-mord-kein-mord-mehr-ist\\\/#breadcrumb\",\"itemListElement\":[{\"@type\":\"ListItem\",\"position\":1,\"name\":\"Home\",\"item\":\"https:\\\/\\\/www.inkultura-online.de\\\/politisch_unkorrekt\\\/\"},{\"@type\":\"ListItem\",\"position\":2,\"name\":\"Wenn Mord kein Mord mehr ist\"}]},{\"@type\":\"WebSite\",\"@id\":\"https:\\\/\\\/www.inkultura-online.de\\\/politisch_unkorrekt\\\/#website\",\"url\":\"https:\\\/\\\/www.inkultura-online.de\\\/politisch_unkorrekt\\\/\",\"name\":\"Zeitgeist? Frei!\",\"description\":\"Was Ihr den Geist der Zeiten hei\u00dft...\",\"publisher\":{\"@id\":\"https:\\\/\\\/www.inkultura-online.de\\\/politisch_unkorrekt\\\/#\\\/schema\\\/person\\\/5b30b80e385478896a1de221e1994d86\"},\"potentialAction\":[{\"@type\":\"SearchAction\",\"target\":{\"@type\":\"EntryPoint\",\"urlTemplate\":\"https:\\\/\\\/www.inkultura-online.de\\\/politisch_unkorrekt\\\/?s={search_term_string}\"},\"query-input\":{\"@type\":\"PropertyValueSpecification\",\"valueRequired\":true,\"valueName\":\"search_term_string\"}}],\"inLanguage\":\"de\"},{\"@type\":[\"Person\",\"Organization\"],\"@id\":\"https:\\\/\\\/www.inkultura-online.de\\\/politisch_unkorrekt\\\/#\\\/schema\\\/person\\\/5b30b80e385478896a1de221e1994d86\",\"name\":\"Orator\",\"image\":{\"@type\":\"ImageObject\",\"inLanguage\":\"de\",\"@id\":\"https:\\\/\\\/secure.gravatar.com\\\/avatar\\\/96e03166d31716e9c437060430eb7605c45a8ce6fb6dab483637ca6915dd0844?s=96&d=mm&r=g\",\"url\":\"https:\\\/\\\/secure.gravatar.com\\\/avatar\\\/96e03166d31716e9c437060430eb7605c45a8ce6fb6dab483637ca6915dd0844?s=96&d=mm&r=g\",\"contentUrl\":\"https:\\\/\\\/secure.gravatar.com\\\/avatar\\\/96e03166d31716e9c437060430eb7605c45a8ce6fb6dab483637ca6915dd0844?s=96&d=mm&r=g\",\"caption\":\"Orator\"},\"logo\":{\"@id\":\"https:\\\/\\\/secure.gravatar.com\\\/avatar\\\/96e03166d31716e9c437060430eb7605c45a8ce6fb6dab483637ca6915dd0844?s=96&d=mm&r=g\"},\"url\":\"https:\\\/\\\/www.inkultura-online.de\\\/politisch_unkorrekt\\\/author\\\/1korrektor21-2\\\/\"}]}<\/script>\n<!-- \/ Yoast SEO plugin. -->","yoast_head_json":{"title":"Wenn Mord kein Mord mehr ist","robots":{"index":"index","follow":"follow","max-snippet":"max-snippet:-1","max-image-preview":"max-image-preview:large","max-video-preview":"max-video-preview:-1"},"canonical":"https:\/\/www.inkultura-online.de\/politisch_unkorrekt\/wenn-mord-kein-mord-mehr-ist\/","og_locale":"de_DE","og_type":"article","og_title":"Wenn Mord kein Mord mehr ist","og_description":"Heiko Maas, Justizminister der wohl bald bunten und ethnisch durchmischten deutschen Gesellschaft sorgt vor f\u00fcr die zu erwartenden Morde, Verzeihung, T\u00f6tungsdelikte, resultierend aus kulturell bedingten Gr\u00fcnden.","og_url":"https:\/\/www.inkultura-online.de\/politisch_unkorrekt\/wenn-mord-kein-mord-mehr-ist\/","og_site_name":"Zeitgeist? Frei!","article_published_time":"2015-06-27T11:16:56+00:00","article_modified_time":"2015-06-27T11:19:02+00:00","author":"Orator","twitter_misc":{"Verfasst von":"Orator","Gesch\u00e4tzte Lesezeit":"2\u00a0Minuten"},"schema":{"@context":"https:\/\/schema.org","@graph":[{"@type":"Article","@id":"https:\/\/www.inkultura-online.de\/politisch_unkorrekt\/wenn-mord-kein-mord-mehr-ist\/#article","isPartOf":{"@id":"https:\/\/www.inkultura-online.de\/politisch_unkorrekt\/wenn-mord-kein-mord-mehr-ist\/"},"author":{"name":"Orator","@id":"https:\/\/www.inkultura-online.de\/politisch_unkorrekt\/#\/schema\/person\/5b30b80e385478896a1de221e1994d86"},"headline":"Wenn Mord kein Mord mehr ist","datePublished":"2015-06-27T11:16:56+00:00","dateModified":"2015-06-27T11:19:02+00:00","mainEntityOfPage":{"@id":"https:\/\/www.inkultura-online.de\/politisch_unkorrekt\/wenn-mord-kein-mord-mehr-ist\/"},"wordCount":411,"commentCount":0,"publisher":{"@id":"https:\/\/www.inkultura-online.de\/politisch_unkorrekt\/#\/schema\/person\/5b30b80e385478896a1de221e1994d86"},"keywords":["bunte Republik","Ehrenmorde","Neusprech"],"articleSection":["Die d\u00fcmmsten Spr\u00fcche der Woche","Moderne Zeiten","Systemfehler"],"inLanguage":"de","potentialAction":[{"@type":"CommentAction","name":"Comment","target":["https:\/\/www.inkultura-online.de\/politisch_unkorrekt\/wenn-mord-kein-mord-mehr-ist\/#respond"]}]},{"@type":"WebPage","@id":"https:\/\/www.inkultura-online.de\/politisch_unkorrekt\/wenn-mord-kein-mord-mehr-ist\/","url":"https:\/\/www.inkultura-online.de\/politisch_unkorrekt\/wenn-mord-kein-mord-mehr-ist\/","name":"Wenn Mord kein Mord mehr ist","isPartOf":{"@id":"https:\/\/www.inkultura-online.de\/politisch_unkorrekt\/#website"},"datePublished":"2015-06-27T11:16:56+00:00","dateModified":"2015-06-27T11:19:02+00:00","breadcrumb":{"@id":"https:\/\/www.inkultura-online.de\/politisch_unkorrekt\/wenn-mord-kein-mord-mehr-ist\/#breadcrumb"},"inLanguage":"de","potentialAction":[{"@type":"ReadAction","target":["https:\/\/www.inkultura-online.de\/politisch_unkorrekt\/wenn-mord-kein-mord-mehr-ist\/"]}]},{"@type":"BreadcrumbList","@id":"https:\/\/www.inkultura-online.de\/politisch_unkorrekt\/wenn-mord-kein-mord-mehr-ist\/#breadcrumb","itemListElement":[{"@type":"ListItem","position":1,"name":"Home","item":"https:\/\/www.inkultura-online.de\/politisch_unkorrekt\/"},{"@type":"ListItem","position":2,"name":"Wenn Mord kein Mord mehr ist"}]},{"@type":"WebSite","@id":"https:\/\/www.inkultura-online.de\/politisch_unkorrekt\/#website","url":"https:\/\/www.inkultura-online.de\/politisch_unkorrekt\/","name":"Zeitgeist? Frei!","description":"Was Ihr den Geist der Zeiten hei\u00dft...","publisher":{"@id":"https:\/\/www.inkultura-online.de\/politisch_unkorrekt\/#\/schema\/person\/5b30b80e385478896a1de221e1994d86"},"potentialAction":[{"@type":"SearchAction","target":{"@type":"EntryPoint","urlTemplate":"https:\/\/www.inkultura-online.de\/politisch_unkorrekt\/?s={search_term_string}"},"query-input":{"@type":"PropertyValueSpecification","valueRequired":true,"valueName":"search_term_string"}}],"inLanguage":"de"},{"@type":["Person","Organization"],"@id":"https:\/\/www.inkultura-online.de\/politisch_unkorrekt\/#\/schema\/person\/5b30b80e385478896a1de221e1994d86","name":"Orator","image":{"@type":"ImageObject","inLanguage":"de","@id":"https:\/\/secure.gravatar.com\/avatar\/96e03166d31716e9c437060430eb7605c45a8ce6fb6dab483637ca6915dd0844?s=96&d=mm&r=g","url":"https:\/\/secure.gravatar.com\/avatar\/96e03166d31716e9c437060430eb7605c45a8ce6fb6dab483637ca6915dd0844?s=96&d=mm&r=g","contentUrl":"https:\/\/secure.gravatar.com\/avatar\/96e03166d31716e9c437060430eb7605c45a8ce6fb6dab483637ca6915dd0844?s=96&d=mm&r=g","caption":"Orator"},"logo":{"@id":"https:\/\/secure.gravatar.com\/avatar\/96e03166d31716e9c437060430eb7605c45a8ce6fb6dab483637ca6915dd0844?s=96&d=mm&r=g"},"url":"https:\/\/www.inkultura-online.de\/politisch_unkorrekt\/author\/1korrektor21-2\/"}]}},"_links":{"self":[{"href":"https:\/\/www.inkultura-online.de\/politisch_unkorrekt\/wp-json\/wp\/v2\/posts\/526","targetHints":{"allow":["GET"]}}],"collection":[{"href":"https:\/\/www.inkultura-online.de\/politisch_unkorrekt\/wp-json\/wp\/v2\/posts"}],"about":[{"href":"https:\/\/www.inkultura-online.de\/politisch_unkorrekt\/wp-json\/wp\/v2\/types\/post"}],"author":[{"embeddable":true,"href":"https:\/\/www.inkultura-online.de\/politisch_unkorrekt\/wp-json\/wp\/v2\/users\/1"}],"replies":[{"embeddable":true,"href":"https:\/\/www.inkultura-online.de\/politisch_unkorrekt\/wp-json\/wp\/v2\/comments?post=526"}],"version-history":[{"count":2,"href":"https:\/\/www.inkultura-online.de\/politisch_unkorrekt\/wp-json\/wp\/v2\/posts\/526\/revisions"}],"predecessor-version":[{"id":528,"href":"https:\/\/www.inkultura-online.de\/politisch_unkorrekt\/wp-json\/wp\/v2\/posts\/526\/revisions\/528"}],"wp:attachment":[{"href":"https:\/\/www.inkultura-online.de\/politisch_unkorrekt\/wp-json\/wp\/v2\/media?parent=526"}],"wp:term":[{"taxonomy":"category","embeddable":true,"href":"https:\/\/www.inkultura-online.de\/politisch_unkorrekt\/wp-json\/wp\/v2\/categories?post=526"},{"taxonomy":"post_tag","embeddable":true,"href":"https:\/\/www.inkultura-online.de\/politisch_unkorrekt\/wp-json\/wp\/v2\/tags?post=526"}],"curies":[{"name":"wp","href":"https:\/\/api.w.org\/{rel}","templated":true}]}}