{"id":531,"date":"2015-06-30T18:30:03","date_gmt":"2015-06-30T16:30:03","guid":{"rendered":"http:\/\/www.inkultura-online.de\/politisch_unkorrekt\/?p=531"},"modified":"2015-06-30T18:38:48","modified_gmt":"2015-06-30T16:38:48","slug":"noch-eine-bekleidungsvorschrift","status":"publish","type":"post","link":"https:\/\/www.inkultura-online.de\/politisch_unkorrekt\/noch-eine-bekleidungsvorschrift\/","title":{"rendered":"Noch eine Bekleidungsvorschrift"},"content":{"rendered":"<p>Der Sommer ist da, aber f\u00fcr einige Sch\u00fclerinnen im dummdeutschen Land darf das kein Grund sein, sich leicht und luftig zu bekleiden. Je n\u00e4her eine Schule an der Unterkunft f\u00fcr unsere zuk\u00fcnftigen Rentensicherer und Fachkr\u00e4fte liegt, desto mehr wird den M\u00e4dchen angeraten, sich islamkonform zu kleiden, damit, man h\u00f6re es mit ekelverzogenem Gesicht, die allein reisenden M\u00e4nner aus islamischen L\u00e4ndern nicht auf dumme, islamische Gedanken kommen und in ihrer verklemmten islamischen Geilheit \u00fcber M\u00e4dchen in Minir\u00f6cken herfallen.<!--more--><\/p>\n<p>In Brandenburg hat ein <a href=\"http:\/\/www.maz-online.de\/Lokales\/Potsdam\/Wegen-Fluechtlingen-Keine-Miniroecke-oder-kurzen-Hosen\" target=\"_blank\">Schulleiter<\/a> mit dem Argument <em>&#8222;Urlauber m\u00fcssten sich im Ausland auch auf g\u00e4ngige Regeln des Landes einstellen&#8220; <\/em>schon mal in vorauseilendem Dhimmitum seinen Sch\u00fcler und deren Eltern klar gemacht, was Sache ist.<\/p>\n<p>Nimmt man diesen Dummschw\u00e4tzer ernst, dann befinden sich die Autochthonen also im Ausland, w\u00e4hrend &#8222;Fl\u00fcchtlinge&#8220;, die Landnehmer und die illegal sich hier aufhaltenden dauergeilen Moslems die Regeln bestimmen d\u00fcrfen, weil, so die verwirrte Diktion dieses eine vollkommen aus dem Ruder gelaufenen Willkommenskultur demonstrierenden Schulleiters, die moslemische Personengruppe unser Land als ihre neue Heimat deklariert und die Deutschen nur noch Urlauber im eigenen Land sind.<\/p>\n<p>Ja geht`s noch, Herr Oberlehrer? H\u00e4tte der Mann seinen Job richtig gemacht, dann h\u00e4tte er sich vehement gegen die Unterbringung dauergeiler Moslems, denen anscheinend bereits ein Fleckchen unbedeckte weibliche Haut den Wunsch nach Vergewaltigung der ungl\u00e4ubigen M\u00e4dchen weckt, ausgesprochen.<\/p>\n<p>Aber nein, als Schulleiter hat man ja quasi von Amtswegen die Pflicht, den gequirlten Schei\u00df, den die Vertreter der Migrations- und Islamlobby, also der Organisierten Einwanderungskriminalit\u00e4t nicht m\u00fcde werden als &#8222;Willkommenskultur&#8220; zu preisen, verbal und aktiv zu unterst\u00fctzen.<\/p>\n<p>Da holen die Volksverr\u00e4ter, Verzeihung, Volksvertreter die V\u00f6lker Afrikas nach Deutschland, die gr\u00f6\u00dftenteils islamischen Glaubens sind und das Fu\u00dfvolk, der dumme Michel, muss sich an die Gewohnheiten dieser notgeilen Bodenk\u00fcsser anpassen.<\/p>\n<p>Der Schulleiter und die ihm im Geist verwandten m\u00f6gen das f\u00fcr eine politisch-korrekte Willkommenskultur halten, ich nenne das Islamisierung.<\/p>\n","protected":false},"excerpt":{"rendered":"<p>Der Sommer ist da, aber f\u00fcr einige Sch\u00fclerinnen im dummdeutschen Land darf das kein Grund sein, sich leicht und luftig zu bekleiden. Je n\u00e4her eine Schule an der Unterkunft f\u00fcr unsere zuk\u00fcnftigen Rentensicherer und Fachkr\u00e4fte liegt, desto mehr wird den &hellip; <a href=\"https:\/\/www.inkultura-online.de\/politisch_unkorrekt\/noch-eine-bekleidungsvorschrift\/\">Weiterlesen <span class=\"meta-nav\">&rarr;<\/span><\/a><\/p>\n","protected":false},"author":1,"featured_media":0,"comment_status":"open","ping_status":"open","sticky":false,"template":"","format":"standard","meta":{"footnotes":""},"categories":[2,3,146,30,10],"tags":[290,291,79,21,224,292],"class_list":["post-531","post","type-post","status-publish","format-standard","hentry","category-antipathie","category-die-duemmsten-sprueche-der-woche","category-keine-islamisierung","category-so-siehts-aus","category-systemfehler","tag-bekleidungsvorschrift","tag-bodenkuesser","tag-fluechtlinge","tag-islam","tag-migrationslobby","tag-moslamlobby"],"yoast_head":"<!-- This site is optimized with the Yoast SEO plugin v27.5 - https:\/\/yoast.com\/product\/yoast-seo-wordpress\/ -->\n<title>Noch eine Bekleidungsvorschrift<\/title>\n<meta name=\"robots\" content=\"index, follow, max-snippet:-1, max-image-preview:large, max-video-preview:-1\" \/>\n<link rel=\"canonical\" href=\"https:\/\/www.inkultura-online.de\/politisch_unkorrekt\/noch-eine-bekleidungsvorschrift\/\" \/>\n<meta property=\"og:locale\" content=\"de_DE\" \/>\n<meta property=\"og:type\" content=\"article\" \/>\n<meta property=\"og:title\" content=\"Noch eine Bekleidungsvorschrift\" \/>\n<meta property=\"og:description\" content=\"Der Sommer ist da, aber f\u00fcr einige Sch\u00fclerinnen im dummdeutschen Land darf das kein Grund sein, sich leicht und luftig zu bekleiden. Je n\u00e4her eine Schule an der Unterkunft f\u00fcr unsere zuk\u00fcnftigen Rentensicherer und Fachkr\u00e4fte liegt, desto mehr wird den &hellip; Weiterlesen &rarr;\" \/>\n<meta property=\"og:url\" content=\"https:\/\/www.inkultura-online.de\/politisch_unkorrekt\/noch-eine-bekleidungsvorschrift\/\" \/>\n<meta property=\"og:site_name\" content=\"Zeitgeist? Frei!\" \/>\n<meta property=\"article:published_time\" content=\"2015-06-30T16:30:03+00:00\" \/>\n<meta property=\"article:modified_time\" content=\"2015-06-30T16:38:48+00:00\" \/>\n<meta name=\"author\" content=\"Orator\" \/>\n<meta name=\"twitter:label1\" content=\"Verfasst von\" \/>\n\t<meta name=\"twitter:data1\" content=\"Orator\" \/>\n\t<meta name=\"twitter:label2\" content=\"Gesch\u00e4tzte Lesezeit\" \/>\n\t<meta name=\"twitter:data2\" content=\"2\u00a0Minuten\" \/>\n<script type=\"application\/ld+json\" class=\"yoast-schema-graph\">{\"@context\":\"https:\\\/\\\/schema.org\",\"@graph\":[{\"@type\":\"Article\",\"@id\":\"https:\\\/\\\/www.inkultura-online.de\\\/politisch_unkorrekt\\\/noch-eine-bekleidungsvorschrift\\\/#article\",\"isPartOf\":{\"@id\":\"https:\\\/\\\/www.inkultura-online.de\\\/politisch_unkorrekt\\\/noch-eine-bekleidungsvorschrift\\\/\"},\"author\":{\"name\":\"Orator\",\"@id\":\"https:\\\/\\\/www.inkultura-online.de\\\/politisch_unkorrekt\\\/#\\\/schema\\\/person\\\/5b30b80e385478896a1de221e1994d86\"},\"headline\":\"Noch eine Bekleidungsvorschrift\",\"datePublished\":\"2015-06-30T16:30:03+00:00\",\"dateModified\":\"2015-06-30T16:38:48+00:00\",\"mainEntityOfPage\":{\"@id\":\"https:\\\/\\\/www.inkultura-online.de\\\/politisch_unkorrekt\\\/noch-eine-bekleidungsvorschrift\\\/\"},\"wordCount\":340,\"commentCount\":0,\"publisher\":{\"@id\":\"https:\\\/\\\/www.inkultura-online.de\\\/politisch_unkorrekt\\\/#\\\/schema\\\/person\\\/5b30b80e385478896a1de221e1994d86\"},\"keywords\":[\"Bekleidungsvorschrift\",\"Bodenk\u00fcsser\",\"Fl\u00fcchtlinge\",\"Islam\",\"MIgrationslobby\",\"Moslamlobby\"],\"articleSection\":[\"Antipathie\",\"Die d\u00fcmmsten Spr\u00fcche der Woche\",\"Keine Islamisierung?\",\"So sieht\u00b4s aus\",\"Systemfehler\"],\"inLanguage\":\"de\",\"potentialAction\":[{\"@type\":\"CommentAction\",\"name\":\"Comment\",\"target\":[\"https:\\\/\\\/www.inkultura-online.de\\\/politisch_unkorrekt\\\/noch-eine-bekleidungsvorschrift\\\/#respond\"]}]},{\"@type\":\"WebPage\",\"@id\":\"https:\\\/\\\/www.inkultura-online.de\\\/politisch_unkorrekt\\\/noch-eine-bekleidungsvorschrift\\\/\",\"url\":\"https:\\\/\\\/www.inkultura-online.de\\\/politisch_unkorrekt\\\/noch-eine-bekleidungsvorschrift\\\/\",\"name\":\"Noch eine Bekleidungsvorschrift\",\"isPartOf\":{\"@id\":\"https:\\\/\\\/www.inkultura-online.de\\\/politisch_unkorrekt\\\/#website\"},\"datePublished\":\"2015-06-30T16:30:03+00:00\",\"dateModified\":\"2015-06-30T16:38:48+00:00\",\"breadcrumb\":{\"@id\":\"https:\\\/\\\/www.inkultura-online.de\\\/politisch_unkorrekt\\\/noch-eine-bekleidungsvorschrift\\\/#breadcrumb\"},\"inLanguage\":\"de\",\"potentialAction\":[{\"@type\":\"ReadAction\",\"target\":[\"https:\\\/\\\/www.inkultura-online.de\\\/politisch_unkorrekt\\\/noch-eine-bekleidungsvorschrift\\\/\"]}]},{\"@type\":\"BreadcrumbList\",\"@id\":\"https:\\\/\\\/www.inkultura-online.de\\\/politisch_unkorrekt\\\/noch-eine-bekleidungsvorschrift\\\/#breadcrumb\",\"itemListElement\":[{\"@type\":\"ListItem\",\"position\":1,\"name\":\"Home\",\"item\":\"https:\\\/\\\/www.inkultura-online.de\\\/politisch_unkorrekt\\\/\"},{\"@type\":\"ListItem\",\"position\":2,\"name\":\"Noch eine Bekleidungsvorschrift\"}]},{\"@type\":\"WebSite\",\"@id\":\"https:\\\/\\\/www.inkultura-online.de\\\/politisch_unkorrekt\\\/#website\",\"url\":\"https:\\\/\\\/www.inkultura-online.de\\\/politisch_unkorrekt\\\/\",\"name\":\"Zeitgeist? Frei!\",\"description\":\"Was Ihr den Geist der Zeiten hei\u00dft...\",\"publisher\":{\"@id\":\"https:\\\/\\\/www.inkultura-online.de\\\/politisch_unkorrekt\\\/#\\\/schema\\\/person\\\/5b30b80e385478896a1de221e1994d86\"},\"potentialAction\":[{\"@type\":\"SearchAction\",\"target\":{\"@type\":\"EntryPoint\",\"urlTemplate\":\"https:\\\/\\\/www.inkultura-online.de\\\/politisch_unkorrekt\\\/?s={search_term_string}\"},\"query-input\":{\"@type\":\"PropertyValueSpecification\",\"valueRequired\":true,\"valueName\":\"search_term_string\"}}],\"inLanguage\":\"de\"},{\"@type\":[\"Person\",\"Organization\"],\"@id\":\"https:\\\/\\\/www.inkultura-online.de\\\/politisch_unkorrekt\\\/#\\\/schema\\\/person\\\/5b30b80e385478896a1de221e1994d86\",\"name\":\"Orator\",\"image\":{\"@type\":\"ImageObject\",\"inLanguage\":\"de\",\"@id\":\"https:\\\/\\\/secure.gravatar.com\\\/avatar\\\/96e03166d31716e9c437060430eb7605c45a8ce6fb6dab483637ca6915dd0844?s=96&d=mm&r=g\",\"url\":\"https:\\\/\\\/secure.gravatar.com\\\/avatar\\\/96e03166d31716e9c437060430eb7605c45a8ce6fb6dab483637ca6915dd0844?s=96&d=mm&r=g\",\"contentUrl\":\"https:\\\/\\\/secure.gravatar.com\\\/avatar\\\/96e03166d31716e9c437060430eb7605c45a8ce6fb6dab483637ca6915dd0844?s=96&d=mm&r=g\",\"caption\":\"Orator\"},\"logo\":{\"@id\":\"https:\\\/\\\/secure.gravatar.com\\\/avatar\\\/96e03166d31716e9c437060430eb7605c45a8ce6fb6dab483637ca6915dd0844?s=96&d=mm&r=g\"},\"url\":\"https:\\\/\\\/www.inkultura-online.de\\\/politisch_unkorrekt\\\/author\\\/1korrektor21-2\\\/\"}]}<\/script>\n<!-- \/ Yoast SEO plugin. -->","yoast_head_json":{"title":"Noch eine Bekleidungsvorschrift","robots":{"index":"index","follow":"follow","max-snippet":"max-snippet:-1","max-image-preview":"max-image-preview:large","max-video-preview":"max-video-preview:-1"},"canonical":"https:\/\/www.inkultura-online.de\/politisch_unkorrekt\/noch-eine-bekleidungsvorschrift\/","og_locale":"de_DE","og_type":"article","og_title":"Noch eine Bekleidungsvorschrift","og_description":"Der Sommer ist da, aber f\u00fcr einige Sch\u00fclerinnen im dummdeutschen Land darf das kein Grund sein, sich leicht und luftig zu bekleiden. Je n\u00e4her eine Schule an der Unterkunft f\u00fcr unsere zuk\u00fcnftigen Rentensicherer und Fachkr\u00e4fte liegt, desto mehr wird den &hellip; Weiterlesen &rarr;","og_url":"https:\/\/www.inkultura-online.de\/politisch_unkorrekt\/noch-eine-bekleidungsvorschrift\/","og_site_name":"Zeitgeist? Frei!","article_published_time":"2015-06-30T16:30:03+00:00","article_modified_time":"2015-06-30T16:38:48+00:00","author":"Orator","twitter_misc":{"Verfasst von":"Orator","Gesch\u00e4tzte Lesezeit":"2\u00a0Minuten"},"schema":{"@context":"https:\/\/schema.org","@graph":[{"@type":"Article","@id":"https:\/\/www.inkultura-online.de\/politisch_unkorrekt\/noch-eine-bekleidungsvorschrift\/#article","isPartOf":{"@id":"https:\/\/www.inkultura-online.de\/politisch_unkorrekt\/noch-eine-bekleidungsvorschrift\/"},"author":{"name":"Orator","@id":"https:\/\/www.inkultura-online.de\/politisch_unkorrekt\/#\/schema\/person\/5b30b80e385478896a1de221e1994d86"},"headline":"Noch eine Bekleidungsvorschrift","datePublished":"2015-06-30T16:30:03+00:00","dateModified":"2015-06-30T16:38:48+00:00","mainEntityOfPage":{"@id":"https:\/\/www.inkultura-online.de\/politisch_unkorrekt\/noch-eine-bekleidungsvorschrift\/"},"wordCount":340,"commentCount":0,"publisher":{"@id":"https:\/\/www.inkultura-online.de\/politisch_unkorrekt\/#\/schema\/person\/5b30b80e385478896a1de221e1994d86"},"keywords":["Bekleidungsvorschrift","Bodenk\u00fcsser","Fl\u00fcchtlinge","Islam","MIgrationslobby","Moslamlobby"],"articleSection":["Antipathie","Die d\u00fcmmsten Spr\u00fcche der Woche","Keine Islamisierung?","So sieht\u00b4s aus","Systemfehler"],"inLanguage":"de","potentialAction":[{"@type":"CommentAction","name":"Comment","target":["https:\/\/www.inkultura-online.de\/politisch_unkorrekt\/noch-eine-bekleidungsvorschrift\/#respond"]}]},{"@type":"WebPage","@id":"https:\/\/www.inkultura-online.de\/politisch_unkorrekt\/noch-eine-bekleidungsvorschrift\/","url":"https:\/\/www.inkultura-online.de\/politisch_unkorrekt\/noch-eine-bekleidungsvorschrift\/","name":"Noch eine Bekleidungsvorschrift","isPartOf":{"@id":"https:\/\/www.inkultura-online.de\/politisch_unkorrekt\/#website"},"datePublished":"2015-06-30T16:30:03+00:00","dateModified":"2015-06-30T16:38:48+00:00","breadcrumb":{"@id":"https:\/\/www.inkultura-online.de\/politisch_unkorrekt\/noch-eine-bekleidungsvorschrift\/#breadcrumb"},"inLanguage":"de","potentialAction":[{"@type":"ReadAction","target":["https:\/\/www.inkultura-online.de\/politisch_unkorrekt\/noch-eine-bekleidungsvorschrift\/"]}]},{"@type":"BreadcrumbList","@id":"https:\/\/www.inkultura-online.de\/politisch_unkorrekt\/noch-eine-bekleidungsvorschrift\/#breadcrumb","itemListElement":[{"@type":"ListItem","position":1,"name":"Home","item":"https:\/\/www.inkultura-online.de\/politisch_unkorrekt\/"},{"@type":"ListItem","position":2,"name":"Noch eine Bekleidungsvorschrift"}]},{"@type":"WebSite","@id":"https:\/\/www.inkultura-online.de\/politisch_unkorrekt\/#website","url":"https:\/\/www.inkultura-online.de\/politisch_unkorrekt\/","name":"Zeitgeist? Frei!","description":"Was Ihr den Geist der Zeiten hei\u00dft...","publisher":{"@id":"https:\/\/www.inkultura-online.de\/politisch_unkorrekt\/#\/schema\/person\/5b30b80e385478896a1de221e1994d86"},"potentialAction":[{"@type":"SearchAction","target":{"@type":"EntryPoint","urlTemplate":"https:\/\/www.inkultura-online.de\/politisch_unkorrekt\/?s={search_term_string}"},"query-input":{"@type":"PropertyValueSpecification","valueRequired":true,"valueName":"search_term_string"}}],"inLanguage":"de"},{"@type":["Person","Organization"],"@id":"https:\/\/www.inkultura-online.de\/politisch_unkorrekt\/#\/schema\/person\/5b30b80e385478896a1de221e1994d86","name":"Orator","image":{"@type":"ImageObject","inLanguage":"de","@id":"https:\/\/secure.gravatar.com\/avatar\/96e03166d31716e9c437060430eb7605c45a8ce6fb6dab483637ca6915dd0844?s=96&d=mm&r=g","url":"https:\/\/secure.gravatar.com\/avatar\/96e03166d31716e9c437060430eb7605c45a8ce6fb6dab483637ca6915dd0844?s=96&d=mm&r=g","contentUrl":"https:\/\/secure.gravatar.com\/avatar\/96e03166d31716e9c437060430eb7605c45a8ce6fb6dab483637ca6915dd0844?s=96&d=mm&r=g","caption":"Orator"},"logo":{"@id":"https:\/\/secure.gravatar.com\/avatar\/96e03166d31716e9c437060430eb7605c45a8ce6fb6dab483637ca6915dd0844?s=96&d=mm&r=g"},"url":"https:\/\/www.inkultura-online.de\/politisch_unkorrekt\/author\/1korrektor21-2\/"}]}},"_links":{"self":[{"href":"https:\/\/www.inkultura-online.de\/politisch_unkorrekt\/wp-json\/wp\/v2\/posts\/531","targetHints":{"allow":["GET"]}}],"collection":[{"href":"https:\/\/www.inkultura-online.de\/politisch_unkorrekt\/wp-json\/wp\/v2\/posts"}],"about":[{"href":"https:\/\/www.inkultura-online.de\/politisch_unkorrekt\/wp-json\/wp\/v2\/types\/post"}],"author":[{"embeddable":true,"href":"https:\/\/www.inkultura-online.de\/politisch_unkorrekt\/wp-json\/wp\/v2\/users\/1"}],"replies":[{"embeddable":true,"href":"https:\/\/www.inkultura-online.de\/politisch_unkorrekt\/wp-json\/wp\/v2\/comments?post=531"}],"version-history":[{"count":2,"href":"https:\/\/www.inkultura-online.de\/politisch_unkorrekt\/wp-json\/wp\/v2\/posts\/531\/revisions"}],"predecessor-version":[{"id":534,"href":"https:\/\/www.inkultura-online.de\/politisch_unkorrekt\/wp-json\/wp\/v2\/posts\/531\/revisions\/534"}],"wp:attachment":[{"href":"https:\/\/www.inkultura-online.de\/politisch_unkorrekt\/wp-json\/wp\/v2\/media?parent=531"}],"wp:term":[{"taxonomy":"category","embeddable":true,"href":"https:\/\/www.inkultura-online.de\/politisch_unkorrekt\/wp-json\/wp\/v2\/categories?post=531"},{"taxonomy":"post_tag","embeddable":true,"href":"https:\/\/www.inkultura-online.de\/politisch_unkorrekt\/wp-json\/wp\/v2\/tags?post=531"}],"curies":[{"name":"wp","href":"https:\/\/api.w.org\/{rel}","templated":true}]}}