{"id":543,"date":"2015-07-04T09:50:30","date_gmt":"2015-07-04T07:50:30","guid":{"rendered":"http:\/\/www.inkultura-online.de\/politisch_unkorrekt\/?p=543"},"modified":"2015-07-04T09:53:31","modified_gmt":"2015-07-04T07:53:31","slug":"berlin-beim-angewandten-irrsinn-immer-vorneweg","status":"publish","type":"post","link":"https:\/\/www.inkultura-online.de\/politisch_unkorrekt\/berlin-beim-angewandten-irrsinn-immer-vorneweg\/","title":{"rendered":"Berlin, beim angewandten Irrsinn immer vorneweg"},"content":{"rendered":"<p>Berlin, die Hauptstadt des angewandten Wahnsinns kann so manches. Wunderbare schwul-lesbische Feste ausrichten, Unisex-Toiletten in \u00f6ffentlichen Geb\u00e4uden einrichten, sich hilflos gegen\u00fcber <a href=\"http:\/\/www.tagesspiegel.de\/berlin\/bezirke\/kreuzberg\/asyl-in-berlin-kreuzberg-fluechtlinge-harren-in-gerhart-hauptmann-schule-aus\/11341770.html\" target=\"_blank\">illegal<\/a> in der Stadt sich aufhaltenden Personen erweisen und bei jedem \u00f6ffentlichen Bauvorhaben den <a href=\"http:\/\/www.rbb-online.de\/kultur\/beitrag\/2015\/05\/Berlin-Sanierung-der-Staatsoper-wird-noch-einmal-teurer.html\" target=\"_blank\">Kostenrahmen<\/a> um mindestens 60 Prozent \u00fcberschreiten.<!--more--><\/p>\n<p>Was Berlin erwiesenerma\u00dfen nicht kann, ist die <a href=\"http:\/\/www.tagesspiegel.de\/berlin\/wegen-schlamperei-in-der-justiz-gefaehrliche-sexualtaeter-in-berlin-entlassen\/12008638.html\" target=\"_blank\">ordnungsgem\u00e4\u00dfe Verwahrung<\/a> von Sexualstraft\u00e4ter. Dort wurden jetzt\u00a0 zwei gef\u00e4hrliche Vergewaltiger wegen, wie es hei\u00dft, <em>&#8222;pers\u00f6nlicher und sachlicher \u00dcberlastung des Vorsitzenden Richters\u201c<\/em> aus der Haft entlassen.<\/p>\n<p>Herr, la\u00df Hirn vom Himmel fallen!<\/p>\n","protected":false},"excerpt":{"rendered":"<p>Berlin, die Hauptstadt des angewandten Wahnsinns kann so manches. Wunderbare schwul-lesbische Feste ausrichten, Unisex-Toiletten in \u00f6ffentlichen Geb\u00e4uden einrichten, sich hilflos gegen\u00fcber illegal in der Stadt sich aufhaltenden Personen erweisen und bei jedem \u00f6ffentlichen Bauvorhaben den Kostenrahmen um mindestens 60 Prozent &hellip; <a href=\"https:\/\/www.inkultura-online.de\/politisch_unkorrekt\/berlin-beim-angewandten-irrsinn-immer-vorneweg\/\">Weiterlesen <span class=\"meta-nav\">&rarr;<\/span><\/a><\/p>\n","protected":false},"author":1,"featured_media":0,"comment_status":"open","ping_status":"open","sticky":false,"template":"","format":"standard","meta":{"footnotes":""},"categories":[4],"tags":[215,216],"class_list":["post-543","post","type-post","status-publish","format-standard","hentry","category-hauptstadtpossen","tag-berlin","tag-hauptstadt-des-angewandten-irrsinns"],"yoast_head":"<!-- This site is optimized with the Yoast SEO plugin v27.5 - https:\/\/yoast.com\/product\/yoast-seo-wordpress\/ -->\n<title>Berlin, beim angewandten Irrsinn immer vorneweg<\/title>\n<meta name=\"robots\" content=\"index, follow, max-snippet:-1, max-image-preview:large, max-video-preview:-1\" \/>\n<link rel=\"canonical\" href=\"https:\/\/www.inkultura-online.de\/politisch_unkorrekt\/berlin-beim-angewandten-irrsinn-immer-vorneweg\/\" \/>\n<meta property=\"og:locale\" content=\"de_DE\" \/>\n<meta property=\"og:type\" content=\"article\" \/>\n<meta property=\"og:title\" content=\"Berlin, beim angewandten Irrsinn immer vorneweg\" \/>\n<meta property=\"og:description\" content=\"Berlin, die Hauptstadt des angewandten Wahnsinns kann so manches. Wunderbare schwul-lesbische Feste ausrichten, Unisex-Toiletten in \u00f6ffentlichen Geb\u00e4uden einrichten, sich hilflos gegen\u00fcber illegal in der Stadt sich aufhaltenden Personen erweisen und bei jedem \u00f6ffentlichen Bauvorhaben den Kostenrahmen um mindestens 60 Prozent &hellip; Weiterlesen &rarr;\" \/>\n<meta property=\"og:url\" content=\"https:\/\/www.inkultura-online.de\/politisch_unkorrekt\/berlin-beim-angewandten-irrsinn-immer-vorneweg\/\" \/>\n<meta property=\"og:site_name\" content=\"Zeitgeist? Frei!\" \/>\n<meta property=\"article:published_time\" content=\"2015-07-04T07:50:30+00:00\" \/>\n<meta property=\"article:modified_time\" content=\"2015-07-04T07:53:31+00:00\" \/>\n<meta name=\"author\" content=\"Orator\" \/>\n<meta name=\"twitter:label1\" content=\"Verfasst von\" \/>\n\t<meta name=\"twitter:data1\" content=\"Orator\" \/>\n<script type=\"application\/ld+json\" class=\"yoast-schema-graph\">{\"@context\":\"https:\\\/\\\/schema.org\",\"@graph\":[{\"@type\":\"Article\",\"@id\":\"https:\\\/\\\/www.inkultura-online.de\\\/politisch_unkorrekt\\\/berlin-beim-angewandten-irrsinn-immer-vorneweg\\\/#article\",\"isPartOf\":{\"@id\":\"https:\\\/\\\/www.inkultura-online.de\\\/politisch_unkorrekt\\\/berlin-beim-angewandten-irrsinn-immer-vorneweg\\\/\"},\"author\":{\"name\":\"Orator\",\"@id\":\"https:\\\/\\\/www.inkultura-online.de\\\/politisch_unkorrekt\\\/#\\\/schema\\\/person\\\/5b30b80e385478896a1de221e1994d86\"},\"headline\":\"Berlin, beim angewandten Irrsinn immer vorneweg\",\"datePublished\":\"2015-07-04T07:50:30+00:00\",\"dateModified\":\"2015-07-04T07:53:31+00:00\",\"mainEntityOfPage\":{\"@id\":\"https:\\\/\\\/www.inkultura-online.de\\\/politisch_unkorrekt\\\/berlin-beim-angewandten-irrsinn-immer-vorneweg\\\/\"},\"wordCount\":92,\"commentCount\":0,\"publisher\":{\"@id\":\"https:\\\/\\\/www.inkultura-online.de\\\/politisch_unkorrekt\\\/#\\\/schema\\\/person\\\/5b30b80e385478896a1de221e1994d86\"},\"keywords\":[\"Berlin\",\"Hauptstadt des angewandten Irrsinns\"],\"articleSection\":[\"Hauptstadtpossen\"],\"inLanguage\":\"de\",\"potentialAction\":[{\"@type\":\"CommentAction\",\"name\":\"Comment\",\"target\":[\"https:\\\/\\\/www.inkultura-online.de\\\/politisch_unkorrekt\\\/berlin-beim-angewandten-irrsinn-immer-vorneweg\\\/#respond\"]}]},{\"@type\":\"WebPage\",\"@id\":\"https:\\\/\\\/www.inkultura-online.de\\\/politisch_unkorrekt\\\/berlin-beim-angewandten-irrsinn-immer-vorneweg\\\/\",\"url\":\"https:\\\/\\\/www.inkultura-online.de\\\/politisch_unkorrekt\\\/berlin-beim-angewandten-irrsinn-immer-vorneweg\\\/\",\"name\":\"Berlin, beim angewandten Irrsinn immer vorneweg\",\"isPartOf\":{\"@id\":\"https:\\\/\\\/www.inkultura-online.de\\\/politisch_unkorrekt\\\/#website\"},\"datePublished\":\"2015-07-04T07:50:30+00:00\",\"dateModified\":\"2015-07-04T07:53:31+00:00\",\"breadcrumb\":{\"@id\":\"https:\\\/\\\/www.inkultura-online.de\\\/politisch_unkorrekt\\\/berlin-beim-angewandten-irrsinn-immer-vorneweg\\\/#breadcrumb\"},\"inLanguage\":\"de\",\"potentialAction\":[{\"@type\":\"ReadAction\",\"target\":[\"https:\\\/\\\/www.inkultura-online.de\\\/politisch_unkorrekt\\\/berlin-beim-angewandten-irrsinn-immer-vorneweg\\\/\"]}]},{\"@type\":\"BreadcrumbList\",\"@id\":\"https:\\\/\\\/www.inkultura-online.de\\\/politisch_unkorrekt\\\/berlin-beim-angewandten-irrsinn-immer-vorneweg\\\/#breadcrumb\",\"itemListElement\":[{\"@type\":\"ListItem\",\"position\":1,\"name\":\"Home\",\"item\":\"https:\\\/\\\/www.inkultura-online.de\\\/politisch_unkorrekt\\\/\"},{\"@type\":\"ListItem\",\"position\":2,\"name\":\"Berlin, beim angewandten Irrsinn immer vorneweg\"}]},{\"@type\":\"WebSite\",\"@id\":\"https:\\\/\\\/www.inkultura-online.de\\\/politisch_unkorrekt\\\/#website\",\"url\":\"https:\\\/\\\/www.inkultura-online.de\\\/politisch_unkorrekt\\\/\",\"name\":\"Zeitgeist? Frei!\",\"description\":\"Was Ihr den Geist der Zeiten hei\u00dft...\",\"publisher\":{\"@id\":\"https:\\\/\\\/www.inkultura-online.de\\\/politisch_unkorrekt\\\/#\\\/schema\\\/person\\\/5b30b80e385478896a1de221e1994d86\"},\"potentialAction\":[{\"@type\":\"SearchAction\",\"target\":{\"@type\":\"EntryPoint\",\"urlTemplate\":\"https:\\\/\\\/www.inkultura-online.de\\\/politisch_unkorrekt\\\/?s={search_term_string}\"},\"query-input\":{\"@type\":\"PropertyValueSpecification\",\"valueRequired\":true,\"valueName\":\"search_term_string\"}}],\"inLanguage\":\"de\"},{\"@type\":[\"Person\",\"Organization\"],\"@id\":\"https:\\\/\\\/www.inkultura-online.de\\\/politisch_unkorrekt\\\/#\\\/schema\\\/person\\\/5b30b80e385478896a1de221e1994d86\",\"name\":\"Orator\",\"image\":{\"@type\":\"ImageObject\",\"inLanguage\":\"de\",\"@id\":\"https:\\\/\\\/secure.gravatar.com\\\/avatar\\\/96e03166d31716e9c437060430eb7605c45a8ce6fb6dab483637ca6915dd0844?s=96&d=mm&r=g\",\"url\":\"https:\\\/\\\/secure.gravatar.com\\\/avatar\\\/96e03166d31716e9c437060430eb7605c45a8ce6fb6dab483637ca6915dd0844?s=96&d=mm&r=g\",\"contentUrl\":\"https:\\\/\\\/secure.gravatar.com\\\/avatar\\\/96e03166d31716e9c437060430eb7605c45a8ce6fb6dab483637ca6915dd0844?s=96&d=mm&r=g\",\"caption\":\"Orator\"},\"logo\":{\"@id\":\"https:\\\/\\\/secure.gravatar.com\\\/avatar\\\/96e03166d31716e9c437060430eb7605c45a8ce6fb6dab483637ca6915dd0844?s=96&d=mm&r=g\"},\"url\":\"https:\\\/\\\/www.inkultura-online.de\\\/politisch_unkorrekt\\\/author\\\/1korrektor21-2\\\/\"}]}<\/script>\n<!-- \/ Yoast SEO plugin. -->","yoast_head_json":{"title":"Berlin, beim angewandten Irrsinn immer vorneweg","robots":{"index":"index","follow":"follow","max-snippet":"max-snippet:-1","max-image-preview":"max-image-preview:large","max-video-preview":"max-video-preview:-1"},"canonical":"https:\/\/www.inkultura-online.de\/politisch_unkorrekt\/berlin-beim-angewandten-irrsinn-immer-vorneweg\/","og_locale":"de_DE","og_type":"article","og_title":"Berlin, beim angewandten Irrsinn immer vorneweg","og_description":"Berlin, die Hauptstadt des angewandten Wahnsinns kann so manches. Wunderbare schwul-lesbische Feste ausrichten, Unisex-Toiletten in \u00f6ffentlichen Geb\u00e4uden einrichten, sich hilflos gegen\u00fcber illegal in der Stadt sich aufhaltenden Personen erweisen und bei jedem \u00f6ffentlichen Bauvorhaben den Kostenrahmen um mindestens 60 Prozent &hellip; Weiterlesen &rarr;","og_url":"https:\/\/www.inkultura-online.de\/politisch_unkorrekt\/berlin-beim-angewandten-irrsinn-immer-vorneweg\/","og_site_name":"Zeitgeist? Frei!","article_published_time":"2015-07-04T07:50:30+00:00","article_modified_time":"2015-07-04T07:53:31+00:00","author":"Orator","twitter_misc":{"Verfasst von":"Orator"},"schema":{"@context":"https:\/\/schema.org","@graph":[{"@type":"Article","@id":"https:\/\/www.inkultura-online.de\/politisch_unkorrekt\/berlin-beim-angewandten-irrsinn-immer-vorneweg\/#article","isPartOf":{"@id":"https:\/\/www.inkultura-online.de\/politisch_unkorrekt\/berlin-beim-angewandten-irrsinn-immer-vorneweg\/"},"author":{"name":"Orator","@id":"https:\/\/www.inkultura-online.de\/politisch_unkorrekt\/#\/schema\/person\/5b30b80e385478896a1de221e1994d86"},"headline":"Berlin, beim angewandten Irrsinn immer vorneweg","datePublished":"2015-07-04T07:50:30+00:00","dateModified":"2015-07-04T07:53:31+00:00","mainEntityOfPage":{"@id":"https:\/\/www.inkultura-online.de\/politisch_unkorrekt\/berlin-beim-angewandten-irrsinn-immer-vorneweg\/"},"wordCount":92,"commentCount":0,"publisher":{"@id":"https:\/\/www.inkultura-online.de\/politisch_unkorrekt\/#\/schema\/person\/5b30b80e385478896a1de221e1994d86"},"keywords":["Berlin","Hauptstadt des angewandten Irrsinns"],"articleSection":["Hauptstadtpossen"],"inLanguage":"de","potentialAction":[{"@type":"CommentAction","name":"Comment","target":["https:\/\/www.inkultura-online.de\/politisch_unkorrekt\/berlin-beim-angewandten-irrsinn-immer-vorneweg\/#respond"]}]},{"@type":"WebPage","@id":"https:\/\/www.inkultura-online.de\/politisch_unkorrekt\/berlin-beim-angewandten-irrsinn-immer-vorneweg\/","url":"https:\/\/www.inkultura-online.de\/politisch_unkorrekt\/berlin-beim-angewandten-irrsinn-immer-vorneweg\/","name":"Berlin, beim angewandten Irrsinn immer vorneweg","isPartOf":{"@id":"https:\/\/www.inkultura-online.de\/politisch_unkorrekt\/#website"},"datePublished":"2015-07-04T07:50:30+00:00","dateModified":"2015-07-04T07:53:31+00:00","breadcrumb":{"@id":"https:\/\/www.inkultura-online.de\/politisch_unkorrekt\/berlin-beim-angewandten-irrsinn-immer-vorneweg\/#breadcrumb"},"inLanguage":"de","potentialAction":[{"@type":"ReadAction","target":["https:\/\/www.inkultura-online.de\/politisch_unkorrekt\/berlin-beim-angewandten-irrsinn-immer-vorneweg\/"]}]},{"@type":"BreadcrumbList","@id":"https:\/\/www.inkultura-online.de\/politisch_unkorrekt\/berlin-beim-angewandten-irrsinn-immer-vorneweg\/#breadcrumb","itemListElement":[{"@type":"ListItem","position":1,"name":"Home","item":"https:\/\/www.inkultura-online.de\/politisch_unkorrekt\/"},{"@type":"ListItem","position":2,"name":"Berlin, beim angewandten Irrsinn immer vorneweg"}]},{"@type":"WebSite","@id":"https:\/\/www.inkultura-online.de\/politisch_unkorrekt\/#website","url":"https:\/\/www.inkultura-online.de\/politisch_unkorrekt\/","name":"Zeitgeist? Frei!","description":"Was Ihr den Geist der Zeiten hei\u00dft...","publisher":{"@id":"https:\/\/www.inkultura-online.de\/politisch_unkorrekt\/#\/schema\/person\/5b30b80e385478896a1de221e1994d86"},"potentialAction":[{"@type":"SearchAction","target":{"@type":"EntryPoint","urlTemplate":"https:\/\/www.inkultura-online.de\/politisch_unkorrekt\/?s={search_term_string}"},"query-input":{"@type":"PropertyValueSpecification","valueRequired":true,"valueName":"search_term_string"}}],"inLanguage":"de"},{"@type":["Person","Organization"],"@id":"https:\/\/www.inkultura-online.de\/politisch_unkorrekt\/#\/schema\/person\/5b30b80e385478896a1de221e1994d86","name":"Orator","image":{"@type":"ImageObject","inLanguage":"de","@id":"https:\/\/secure.gravatar.com\/avatar\/96e03166d31716e9c437060430eb7605c45a8ce6fb6dab483637ca6915dd0844?s=96&d=mm&r=g","url":"https:\/\/secure.gravatar.com\/avatar\/96e03166d31716e9c437060430eb7605c45a8ce6fb6dab483637ca6915dd0844?s=96&d=mm&r=g","contentUrl":"https:\/\/secure.gravatar.com\/avatar\/96e03166d31716e9c437060430eb7605c45a8ce6fb6dab483637ca6915dd0844?s=96&d=mm&r=g","caption":"Orator"},"logo":{"@id":"https:\/\/secure.gravatar.com\/avatar\/96e03166d31716e9c437060430eb7605c45a8ce6fb6dab483637ca6915dd0844?s=96&d=mm&r=g"},"url":"https:\/\/www.inkultura-online.de\/politisch_unkorrekt\/author\/1korrektor21-2\/"}]}},"_links":{"self":[{"href":"https:\/\/www.inkultura-online.de\/politisch_unkorrekt\/wp-json\/wp\/v2\/posts\/543","targetHints":{"allow":["GET"]}}],"collection":[{"href":"https:\/\/www.inkultura-online.de\/politisch_unkorrekt\/wp-json\/wp\/v2\/posts"}],"about":[{"href":"https:\/\/www.inkultura-online.de\/politisch_unkorrekt\/wp-json\/wp\/v2\/types\/post"}],"author":[{"embeddable":true,"href":"https:\/\/www.inkultura-online.de\/politisch_unkorrekt\/wp-json\/wp\/v2\/users\/1"}],"replies":[{"embeddable":true,"href":"https:\/\/www.inkultura-online.de\/politisch_unkorrekt\/wp-json\/wp\/v2\/comments?post=543"}],"version-history":[{"count":2,"href":"https:\/\/www.inkultura-online.de\/politisch_unkorrekt\/wp-json\/wp\/v2\/posts\/543\/revisions"}],"predecessor-version":[{"id":546,"href":"https:\/\/www.inkultura-online.de\/politisch_unkorrekt\/wp-json\/wp\/v2\/posts\/543\/revisions\/546"}],"wp:attachment":[{"href":"https:\/\/www.inkultura-online.de\/politisch_unkorrekt\/wp-json\/wp\/v2\/media?parent=543"}],"wp:term":[{"taxonomy":"category","embeddable":true,"href":"https:\/\/www.inkultura-online.de\/politisch_unkorrekt\/wp-json\/wp\/v2\/categories?post=543"},{"taxonomy":"post_tag","embeddable":true,"href":"https:\/\/www.inkultura-online.de\/politisch_unkorrekt\/wp-json\/wp\/v2\/tags?post=543"}],"curies":[{"name":"wp","href":"https:\/\/api.w.org\/{rel}","templated":true}]}}