{"id":607,"date":"2015-08-02T18:24:42","date_gmt":"2015-08-02T16:24:42","guid":{"rendered":"http:\/\/www.inkultura-online.de\/politisch_unkorrekt\/?p=607"},"modified":"2015-08-02T18:24:42","modified_gmt":"2015-08-02T16:24:42","slug":"deutschland-wird-von-armutsfluechtlingen-ueberrannt","status":"publish","type":"post","link":"https:\/\/www.inkultura-online.de\/politisch_unkorrekt\/deutschland-wird-von-armutsfluechtlingen-ueberrannt\/","title":{"rendered":"Deutschland wird von Armutsfl\u00fcchtlingen \u00fcberrannt"},"content":{"rendered":"<p>Der Meinung ist Rainer Wehaus in den Stuttgarter Nachrichten.<\/p>\n<p>&#8222;Es ist an der Zeit, mit einem gro\u00dfen Missverst\u00e4ndnis aufzur\u00e4umen: dass diejenigen die besseren Menschen sind, die jeden neuen Fl\u00fcchtling in Deutschland freudig begr\u00fc\u00dfen \u2013 und dass diejenigen b\u00f6se Ausl\u00e4nderhasser sind, die in dem extrem angestiegenen Zustrom an Asylbewerbern ein gro\u00dfes Problem und ein Versagen der deutschen Politik sehen. Mit der Moral ist es so einfach nicht: Wer daf\u00fcr sorgt, dass Asylbewerber hierzulande m\u00f6glichst gut versorgt werden, der heizt die Fl\u00fcchtlingsstr\u00f6me erst so richtig an, deren Opfer er nach jeder Fl\u00fcchtlingskatastrophe im Mittelmeer wortreich beklagt. Der m\u00e4stet die Schleuser-Mafia, die davon lebt, armen Menschen in aller Welt das Paradies zu versprechen. Und nicht zuletzt: Er gibt Geld aus, das ihm gar nicht geh\u00f6rt.&#8220;<\/p>\n<h6><a href=\"http:\/\/www.stuttgarter-nachrichten.de\/inhalt.kommentar-zu-fluechtlingen-geliehene-moral.e937fa50-167c-4f40-a2c3-3d87d5c35d7b.html\" target=\"_blank\">Den ganzen Kommentar lesen<\/a><\/h6>\n","protected":false},"excerpt":{"rendered":"<p>Der Meinung ist Rainer Wehaus in den Stuttgarter Nachrichten. &#8222;Es ist an der Zeit, mit einem gro\u00dfen Missverst\u00e4ndnis aufzur\u00e4umen: dass diejenigen die besseren Menschen sind, die jeden neuen Fl\u00fcchtling in Deutschland freudig begr\u00fc\u00dfen \u2013 und dass diejenigen b\u00f6se Ausl\u00e4nderhasser sind, &hellip; <a href=\"https:\/\/www.inkultura-online.de\/politisch_unkorrekt\/deutschland-wird-von-armutsfluechtlingen-ueberrannt\/\">Weiterlesen <span class=\"meta-nav\">&rarr;<\/span><\/a><\/p>\n","protected":false},"author":1,"featured_media":0,"comment_status":"open","ping_status":"open","sticky":false,"template":"","format":"standard","meta":{"footnotes":""},"categories":[1,5],"tags":[325,326,327],"class_list":["post-607","post","type-post","status-publish","format-standard","hentry","category-fundstuecke","category-meinungen-und-sprueche","tag-armutsfluechtlinge","tag-asylindustrie","tag-schleuser"],"yoast_head":"<!-- This site is optimized with the Yoast SEO plugin v27.5 - https:\/\/yoast.com\/product\/yoast-seo-wordpress\/ -->\n<title>Deutschland wird von Armutsfl\u00fcchtlingen \u00fcberrannt<\/title>\n<meta name=\"robots\" content=\"index, follow, max-snippet:-1, max-image-preview:large, max-video-preview:-1\" \/>\n<link rel=\"canonical\" href=\"https:\/\/www.inkultura-online.de\/politisch_unkorrekt\/deutschland-wird-von-armutsfluechtlingen-ueberrannt\/\" \/>\n<meta property=\"og:locale\" content=\"de_DE\" \/>\n<meta property=\"og:type\" content=\"article\" \/>\n<meta property=\"og:title\" content=\"Deutschland wird von Armutsfl\u00fcchtlingen \u00fcberrannt\" \/>\n<meta property=\"og:description\" content=\"Der Meinung ist Rainer Wehaus in den Stuttgarter Nachrichten. &#8222;Es ist an der Zeit, mit einem gro\u00dfen Missverst\u00e4ndnis aufzur\u00e4umen: dass diejenigen die besseren Menschen sind, die jeden neuen Fl\u00fcchtling in Deutschland freudig begr\u00fc\u00dfen \u2013 und dass diejenigen b\u00f6se Ausl\u00e4nderhasser sind, &hellip; Weiterlesen &rarr;\" \/>\n<meta property=\"og:url\" content=\"https:\/\/www.inkultura-online.de\/politisch_unkorrekt\/deutschland-wird-von-armutsfluechtlingen-ueberrannt\/\" \/>\n<meta property=\"og:site_name\" content=\"Zeitgeist? Frei!\" \/>\n<meta property=\"article:published_time\" content=\"2015-08-02T16:24:42+00:00\" \/>\n<meta name=\"author\" content=\"Orator\" \/>\n<meta name=\"twitter:label1\" content=\"Verfasst von\" \/>\n\t<meta name=\"twitter:data1\" content=\"Orator\" \/>\n\t<meta name=\"twitter:label2\" content=\"Gesch\u00e4tzte Lesezeit\" \/>\n\t<meta name=\"twitter:data2\" content=\"1\u00a0Minute\" \/>\n<script type=\"application\/ld+json\" class=\"yoast-schema-graph\">{\"@context\":\"https:\\\/\\\/schema.org\",\"@graph\":[{\"@type\":\"Article\",\"@id\":\"https:\\\/\\\/www.inkultura-online.de\\\/politisch_unkorrekt\\\/deutschland-wird-von-armutsfluechtlingen-ueberrannt\\\/#article\",\"isPartOf\":{\"@id\":\"https:\\\/\\\/www.inkultura-online.de\\\/politisch_unkorrekt\\\/deutschland-wird-von-armutsfluechtlingen-ueberrannt\\\/\"},\"author\":{\"name\":\"Orator\",\"@id\":\"https:\\\/\\\/www.inkultura-online.de\\\/politisch_unkorrekt\\\/#\\\/schema\\\/person\\\/5b30b80e385478896a1de221e1994d86\"},\"headline\":\"Deutschland wird von Armutsfl\u00fcchtlingen \u00fcberrannt\",\"datePublished\":\"2015-08-02T16:24:42+00:00\",\"mainEntityOfPage\":{\"@id\":\"https:\\\/\\\/www.inkultura-online.de\\\/politisch_unkorrekt\\\/deutschland-wird-von-armutsfluechtlingen-ueberrannt\\\/\"},\"wordCount\":146,\"commentCount\":0,\"publisher\":{\"@id\":\"https:\\\/\\\/www.inkultura-online.de\\\/politisch_unkorrekt\\\/#\\\/schema\\\/person\\\/5b30b80e385478896a1de221e1994d86\"},\"keywords\":[\"Armutsfl\u00fcchtlinge\",\"Asylindustrie\",\"Schleuser\"],\"articleSection\":[\"Fundst\u00fccke\",\"Meinungen und Spr\u00fcche\"],\"inLanguage\":\"de\",\"potentialAction\":[{\"@type\":\"CommentAction\",\"name\":\"Comment\",\"target\":[\"https:\\\/\\\/www.inkultura-online.de\\\/politisch_unkorrekt\\\/deutschland-wird-von-armutsfluechtlingen-ueberrannt\\\/#respond\"]}]},{\"@type\":\"WebPage\",\"@id\":\"https:\\\/\\\/www.inkultura-online.de\\\/politisch_unkorrekt\\\/deutschland-wird-von-armutsfluechtlingen-ueberrannt\\\/\",\"url\":\"https:\\\/\\\/www.inkultura-online.de\\\/politisch_unkorrekt\\\/deutschland-wird-von-armutsfluechtlingen-ueberrannt\\\/\",\"name\":\"Deutschland wird von Armutsfl\u00fcchtlingen \u00fcberrannt\",\"isPartOf\":{\"@id\":\"https:\\\/\\\/www.inkultura-online.de\\\/politisch_unkorrekt\\\/#website\"},\"datePublished\":\"2015-08-02T16:24:42+00:00\",\"breadcrumb\":{\"@id\":\"https:\\\/\\\/www.inkultura-online.de\\\/politisch_unkorrekt\\\/deutschland-wird-von-armutsfluechtlingen-ueberrannt\\\/#breadcrumb\"},\"inLanguage\":\"de\",\"potentialAction\":[{\"@type\":\"ReadAction\",\"target\":[\"https:\\\/\\\/www.inkultura-online.de\\\/politisch_unkorrekt\\\/deutschland-wird-von-armutsfluechtlingen-ueberrannt\\\/\"]}]},{\"@type\":\"BreadcrumbList\",\"@id\":\"https:\\\/\\\/www.inkultura-online.de\\\/politisch_unkorrekt\\\/deutschland-wird-von-armutsfluechtlingen-ueberrannt\\\/#breadcrumb\",\"itemListElement\":[{\"@type\":\"ListItem\",\"position\":1,\"name\":\"Home\",\"item\":\"https:\\\/\\\/www.inkultura-online.de\\\/politisch_unkorrekt\\\/\"},{\"@type\":\"ListItem\",\"position\":2,\"name\":\"Deutschland wird von Armutsfl\u00fcchtlingen \u00fcberrannt\"}]},{\"@type\":\"WebSite\",\"@id\":\"https:\\\/\\\/www.inkultura-online.de\\\/politisch_unkorrekt\\\/#website\",\"url\":\"https:\\\/\\\/www.inkultura-online.de\\\/politisch_unkorrekt\\\/\",\"name\":\"Zeitgeist? Frei!\",\"description\":\"Was Ihr den Geist der Zeiten hei\u00dft...\",\"publisher\":{\"@id\":\"https:\\\/\\\/www.inkultura-online.de\\\/politisch_unkorrekt\\\/#\\\/schema\\\/person\\\/5b30b80e385478896a1de221e1994d86\"},\"potentialAction\":[{\"@type\":\"SearchAction\",\"target\":{\"@type\":\"EntryPoint\",\"urlTemplate\":\"https:\\\/\\\/www.inkultura-online.de\\\/politisch_unkorrekt\\\/?s={search_term_string}\"},\"query-input\":{\"@type\":\"PropertyValueSpecification\",\"valueRequired\":true,\"valueName\":\"search_term_string\"}}],\"inLanguage\":\"de\"},{\"@type\":[\"Person\",\"Organization\"],\"@id\":\"https:\\\/\\\/www.inkultura-online.de\\\/politisch_unkorrekt\\\/#\\\/schema\\\/person\\\/5b30b80e385478896a1de221e1994d86\",\"name\":\"Orator\",\"image\":{\"@type\":\"ImageObject\",\"inLanguage\":\"de\",\"@id\":\"https:\\\/\\\/secure.gravatar.com\\\/avatar\\\/96e03166d31716e9c437060430eb7605c45a8ce6fb6dab483637ca6915dd0844?s=96&d=mm&r=g\",\"url\":\"https:\\\/\\\/secure.gravatar.com\\\/avatar\\\/96e03166d31716e9c437060430eb7605c45a8ce6fb6dab483637ca6915dd0844?s=96&d=mm&r=g\",\"contentUrl\":\"https:\\\/\\\/secure.gravatar.com\\\/avatar\\\/96e03166d31716e9c437060430eb7605c45a8ce6fb6dab483637ca6915dd0844?s=96&d=mm&r=g\",\"caption\":\"Orator\"},\"logo\":{\"@id\":\"https:\\\/\\\/secure.gravatar.com\\\/avatar\\\/96e03166d31716e9c437060430eb7605c45a8ce6fb6dab483637ca6915dd0844?s=96&d=mm&r=g\"},\"url\":\"https:\\\/\\\/www.inkultura-online.de\\\/politisch_unkorrekt\\\/author\\\/1korrektor21-2\\\/\"}]}<\/script>\n<!-- \/ Yoast SEO plugin. -->","yoast_head_json":{"title":"Deutschland wird von Armutsfl\u00fcchtlingen \u00fcberrannt","robots":{"index":"index","follow":"follow","max-snippet":"max-snippet:-1","max-image-preview":"max-image-preview:large","max-video-preview":"max-video-preview:-1"},"canonical":"https:\/\/www.inkultura-online.de\/politisch_unkorrekt\/deutschland-wird-von-armutsfluechtlingen-ueberrannt\/","og_locale":"de_DE","og_type":"article","og_title":"Deutschland wird von Armutsfl\u00fcchtlingen \u00fcberrannt","og_description":"Der Meinung ist Rainer Wehaus in den Stuttgarter Nachrichten. &#8222;Es ist an der Zeit, mit einem gro\u00dfen Missverst\u00e4ndnis aufzur\u00e4umen: dass diejenigen die besseren Menschen sind, die jeden neuen Fl\u00fcchtling in Deutschland freudig begr\u00fc\u00dfen \u2013 und dass diejenigen b\u00f6se Ausl\u00e4nderhasser sind, &hellip; Weiterlesen &rarr;","og_url":"https:\/\/www.inkultura-online.de\/politisch_unkorrekt\/deutschland-wird-von-armutsfluechtlingen-ueberrannt\/","og_site_name":"Zeitgeist? Frei!","article_published_time":"2015-08-02T16:24:42+00:00","author":"Orator","twitter_misc":{"Verfasst von":"Orator","Gesch\u00e4tzte Lesezeit":"1\u00a0Minute"},"schema":{"@context":"https:\/\/schema.org","@graph":[{"@type":"Article","@id":"https:\/\/www.inkultura-online.de\/politisch_unkorrekt\/deutschland-wird-von-armutsfluechtlingen-ueberrannt\/#article","isPartOf":{"@id":"https:\/\/www.inkultura-online.de\/politisch_unkorrekt\/deutschland-wird-von-armutsfluechtlingen-ueberrannt\/"},"author":{"name":"Orator","@id":"https:\/\/www.inkultura-online.de\/politisch_unkorrekt\/#\/schema\/person\/5b30b80e385478896a1de221e1994d86"},"headline":"Deutschland wird von Armutsfl\u00fcchtlingen \u00fcberrannt","datePublished":"2015-08-02T16:24:42+00:00","mainEntityOfPage":{"@id":"https:\/\/www.inkultura-online.de\/politisch_unkorrekt\/deutschland-wird-von-armutsfluechtlingen-ueberrannt\/"},"wordCount":146,"commentCount":0,"publisher":{"@id":"https:\/\/www.inkultura-online.de\/politisch_unkorrekt\/#\/schema\/person\/5b30b80e385478896a1de221e1994d86"},"keywords":["Armutsfl\u00fcchtlinge","Asylindustrie","Schleuser"],"articleSection":["Fundst\u00fccke","Meinungen und Spr\u00fcche"],"inLanguage":"de","potentialAction":[{"@type":"CommentAction","name":"Comment","target":["https:\/\/www.inkultura-online.de\/politisch_unkorrekt\/deutschland-wird-von-armutsfluechtlingen-ueberrannt\/#respond"]}]},{"@type":"WebPage","@id":"https:\/\/www.inkultura-online.de\/politisch_unkorrekt\/deutschland-wird-von-armutsfluechtlingen-ueberrannt\/","url":"https:\/\/www.inkultura-online.de\/politisch_unkorrekt\/deutschland-wird-von-armutsfluechtlingen-ueberrannt\/","name":"Deutschland wird von Armutsfl\u00fcchtlingen \u00fcberrannt","isPartOf":{"@id":"https:\/\/www.inkultura-online.de\/politisch_unkorrekt\/#website"},"datePublished":"2015-08-02T16:24:42+00:00","breadcrumb":{"@id":"https:\/\/www.inkultura-online.de\/politisch_unkorrekt\/deutschland-wird-von-armutsfluechtlingen-ueberrannt\/#breadcrumb"},"inLanguage":"de","potentialAction":[{"@type":"ReadAction","target":["https:\/\/www.inkultura-online.de\/politisch_unkorrekt\/deutschland-wird-von-armutsfluechtlingen-ueberrannt\/"]}]},{"@type":"BreadcrumbList","@id":"https:\/\/www.inkultura-online.de\/politisch_unkorrekt\/deutschland-wird-von-armutsfluechtlingen-ueberrannt\/#breadcrumb","itemListElement":[{"@type":"ListItem","position":1,"name":"Home","item":"https:\/\/www.inkultura-online.de\/politisch_unkorrekt\/"},{"@type":"ListItem","position":2,"name":"Deutschland wird von Armutsfl\u00fcchtlingen \u00fcberrannt"}]},{"@type":"WebSite","@id":"https:\/\/www.inkultura-online.de\/politisch_unkorrekt\/#website","url":"https:\/\/www.inkultura-online.de\/politisch_unkorrekt\/","name":"Zeitgeist? Frei!","description":"Was Ihr den Geist der Zeiten hei\u00dft...","publisher":{"@id":"https:\/\/www.inkultura-online.de\/politisch_unkorrekt\/#\/schema\/person\/5b30b80e385478896a1de221e1994d86"},"potentialAction":[{"@type":"SearchAction","target":{"@type":"EntryPoint","urlTemplate":"https:\/\/www.inkultura-online.de\/politisch_unkorrekt\/?s={search_term_string}"},"query-input":{"@type":"PropertyValueSpecification","valueRequired":true,"valueName":"search_term_string"}}],"inLanguage":"de"},{"@type":["Person","Organization"],"@id":"https:\/\/www.inkultura-online.de\/politisch_unkorrekt\/#\/schema\/person\/5b30b80e385478896a1de221e1994d86","name":"Orator","image":{"@type":"ImageObject","inLanguage":"de","@id":"https:\/\/secure.gravatar.com\/avatar\/96e03166d31716e9c437060430eb7605c45a8ce6fb6dab483637ca6915dd0844?s=96&d=mm&r=g","url":"https:\/\/secure.gravatar.com\/avatar\/96e03166d31716e9c437060430eb7605c45a8ce6fb6dab483637ca6915dd0844?s=96&d=mm&r=g","contentUrl":"https:\/\/secure.gravatar.com\/avatar\/96e03166d31716e9c437060430eb7605c45a8ce6fb6dab483637ca6915dd0844?s=96&d=mm&r=g","caption":"Orator"},"logo":{"@id":"https:\/\/secure.gravatar.com\/avatar\/96e03166d31716e9c437060430eb7605c45a8ce6fb6dab483637ca6915dd0844?s=96&d=mm&r=g"},"url":"https:\/\/www.inkultura-online.de\/politisch_unkorrekt\/author\/1korrektor21-2\/"}]}},"_links":{"self":[{"href":"https:\/\/www.inkultura-online.de\/politisch_unkorrekt\/wp-json\/wp\/v2\/posts\/607","targetHints":{"allow":["GET"]}}],"collection":[{"href":"https:\/\/www.inkultura-online.de\/politisch_unkorrekt\/wp-json\/wp\/v2\/posts"}],"about":[{"href":"https:\/\/www.inkultura-online.de\/politisch_unkorrekt\/wp-json\/wp\/v2\/types\/post"}],"author":[{"embeddable":true,"href":"https:\/\/www.inkultura-online.de\/politisch_unkorrekt\/wp-json\/wp\/v2\/users\/1"}],"replies":[{"embeddable":true,"href":"https:\/\/www.inkultura-online.de\/politisch_unkorrekt\/wp-json\/wp\/v2\/comments?post=607"}],"version-history":[{"count":1,"href":"https:\/\/www.inkultura-online.de\/politisch_unkorrekt\/wp-json\/wp\/v2\/posts\/607\/revisions"}],"predecessor-version":[{"id":608,"href":"https:\/\/www.inkultura-online.de\/politisch_unkorrekt\/wp-json\/wp\/v2\/posts\/607\/revisions\/608"}],"wp:attachment":[{"href":"https:\/\/www.inkultura-online.de\/politisch_unkorrekt\/wp-json\/wp\/v2\/media?parent=607"}],"wp:term":[{"taxonomy":"category","embeddable":true,"href":"https:\/\/www.inkultura-online.de\/politisch_unkorrekt\/wp-json\/wp\/v2\/categories?post=607"},{"taxonomy":"post_tag","embeddable":true,"href":"https:\/\/www.inkultura-online.de\/politisch_unkorrekt\/wp-json\/wp\/v2\/tags?post=607"}],"curies":[{"name":"wp","href":"https:\/\/api.w.org\/{rel}","templated":true}]}}