{"id":613,"date":"2015-08-07T16:59:55","date_gmt":"2015-08-07T14:59:55","guid":{"rendered":"http:\/\/www.inkultura-online.de\/politisch_unkorrekt\/?p=613"},"modified":"2015-08-07T19:18:00","modified_gmt":"2015-08-07T17:18:00","slug":"von-nutzniessern-und-profiteuren","status":"publish","type":"post","link":"https:\/\/www.inkultura-online.de\/politisch_unkorrekt\/von-nutzniessern-und-profiteuren\/","title":{"rendered":"Von Nutznie\u00dfern und Profiteuren"},"content":{"rendered":"<p>Was haben privatwirtschaftliche Unternehmen wie European Homecare und sog. \u2033gemeinn\u00fctzige\u2033 Organisationen wie Rotes Kreuz, Diakonie und Malteser Hilfsdienst gemeinsam? Sie sind Mitglieder der Organisierten Migrationskriminalit\u00e4t und es ist nicht \u00fcbertrieben, sie mit den verschiedenen Familien der Mafia zu vergleichen.<!--more--><\/p>\n<p>Ihr Ziel besteht darin, analog zu ihren Vorbildern der Organisierten Kriminalit\u00e4t, Profit zu generieren und sich goldenen Nasen zu verdienen. So schreibt das \u2033Handelsblatt\u2033, European Homecare kommt aktuell auf eine Eigenkapitalrendite von 66 Prozent und der Umsatz n\u00e4hert sich der Marke von 50 Millionen Euro. Einnahmen von 4081 Euro pro Asylbewerberplatz h\u00e4tten 2013 nur Personalkosten von 1400 Euro gegen\u00fcbergestanden.<\/p>\n<p>Die Migrations- und Sozialmafia versteht es also geschickt unter dem Deckmantel der Humanit\u00e4t satte Gewinne einzustreichen. Sogar die \u00d6ffentlich-Rechtliche-Verdummung hat inzwischen kapiert, dass die ach so r\u00fchrende Sorge um das Wohl der doch so dringend ben\u00f6tigten Fachkr\u00e4fte und zuk\u00fcnftigen Rentensicherer eine Lizenz zum Gelddrucken ist. Dass es sich dabei um die Steuergroschen des in Bezug auf Kritik an der fortgesetzten Landnahme zum Maulhalten verdammten Michels handelt, wird jedoch gro\u00dfz\u00fcgig verschwiegen.<\/p>\n<p>So berichtet der Norddeutsche Rundfunk von einem Immobilienmakler, der dem Sozialamt Elmshorn die Unterbringung von Fl\u00fcchtlingen f\u00fcr 23,90 Euro pro Person und Tag angeboten hat. Mal kurz nachgerechnet: Das macht bei einer Drei-Zimmer-Wohnung 2100 Euro Miete pro Monat, eine vergleichbare Wohnung kostet in dieser Gegend normalerweise etwa 600 Euro.<\/p>\n<p>Kein Wunder, dass die Organisierte Migrationskriminalit\u00e4t jeden Abend ein Sto\u00dfgebet gen Himmel richtet. <i>\u2033Halleluja und gepriesen seien die irren Volksverr\u00e4ter, Verzeihung, Volksvertreter. M\u00f6gen sie noch lange f\u00fcr den Nachschub an Menschenmaterial aus Afrika und sonstwo sorgen. Wir streichen derweil die Profite ein. Die Probleme \u00fcberlassen wir wie immer gro\u00dfz\u00fcgig dem dummen Michel.\u2033<\/i><\/p>\n<p>Weitere Informationen <a href=\"http:\/\/www.rolandtichy.de\/kolumnen\/goergens-feder\/fluchtgewinnler-und-migrations-industrie\/\" target=\"_blank\">hier<\/a>.<\/p>\n<p>Besonders pikant, <a href=\"http:\/\/www.schleuser.net\/de\/p1_1.php\" target=\"_blank\">schleuser.net<\/a>. H\u00f6rt sich komisch an, gibt es aber wirklich.<\/p>\n","protected":false},"excerpt":{"rendered":"<p>Was haben privatwirtschaftliche Unternehmen wie European Homecare und sog. \u2033gemeinn\u00fctzige\u2033 Organisationen wie Rotes Kreuz, Diakonie und Malteser Hilfsdienst gemeinsam? Sie sind Mitglieder der Organisierten Migrationskriminalit\u00e4t und es ist nicht \u00fcbertrieben, sie mit den verschiedenen Familien der Mafia zu vergleichen.<\/p>\n","protected":false},"author":1,"featured_media":0,"comment_status":"open","ping_status":"open","sticky":false,"template":"","format":"standard","meta":{"footnotes":""},"categories":[5,30,10],"tags":[247,332,225],"class_list":["post-613","post","type-post","status-publish","format-standard","hentry","category-meinungen-und-sprueche","category-so-siehts-aus","category-systemfehler","tag-organisierte-migrationskriminalitaet","tag-profiteure","tag-volksverraeter"],"yoast_head":"<!-- This site is optimized with the Yoast SEO plugin v27.5 - https:\/\/yoast.com\/product\/yoast-seo-wordpress\/ -->\n<title>Von Nutznie\u00dfern und Profiteuren<\/title>\n<meta name=\"robots\" content=\"index, follow, max-snippet:-1, max-image-preview:large, max-video-preview:-1\" \/>\n<link rel=\"canonical\" href=\"https:\/\/www.inkultura-online.de\/politisch_unkorrekt\/von-nutzniessern-und-profiteuren\/\" \/>\n<meta property=\"og:locale\" content=\"de_DE\" \/>\n<meta property=\"og:type\" content=\"article\" \/>\n<meta property=\"og:title\" content=\"Von Nutznie\u00dfern und Profiteuren\" \/>\n<meta property=\"og:description\" content=\"Was haben privatwirtschaftliche Unternehmen wie European Homecare und sog. \u2033gemeinn\u00fctzige\u2033 Organisationen wie Rotes Kreuz, Diakonie und Malteser Hilfsdienst gemeinsam? Sie sind Mitglieder der Organisierten Migrationskriminalit\u00e4t und es ist nicht \u00fcbertrieben, sie mit den verschiedenen Familien der Mafia zu vergleichen.\" \/>\n<meta property=\"og:url\" content=\"https:\/\/www.inkultura-online.de\/politisch_unkorrekt\/von-nutzniessern-und-profiteuren\/\" \/>\n<meta property=\"og:site_name\" content=\"Zeitgeist? Frei!\" \/>\n<meta property=\"article:published_time\" content=\"2015-08-07T14:59:55+00:00\" \/>\n<meta property=\"article:modified_time\" content=\"2015-08-07T17:18:00+00:00\" \/>\n<meta name=\"author\" content=\"Orator\" \/>\n<meta name=\"twitter:label1\" content=\"Verfasst von\" \/>\n\t<meta name=\"twitter:data1\" content=\"Orator\" \/>\n\t<meta name=\"twitter:label2\" content=\"Gesch\u00e4tzte Lesezeit\" \/>\n\t<meta name=\"twitter:data2\" content=\"1\u00a0Minute\" \/>\n<script type=\"application\/ld+json\" class=\"yoast-schema-graph\">{\"@context\":\"https:\\\/\\\/schema.org\",\"@graph\":[{\"@type\":\"Article\",\"@id\":\"https:\\\/\\\/www.inkultura-online.de\\\/politisch_unkorrekt\\\/von-nutzniessern-und-profiteuren\\\/#article\",\"isPartOf\":{\"@id\":\"https:\\\/\\\/www.inkultura-online.de\\\/politisch_unkorrekt\\\/von-nutzniessern-und-profiteuren\\\/\"},\"author\":{\"name\":\"Orator\",\"@id\":\"https:\\\/\\\/www.inkultura-online.de\\\/politisch_unkorrekt\\\/#\\\/schema\\\/person\\\/5b30b80e385478896a1de221e1994d86\"},\"headline\":\"Von Nutznie\u00dfern und Profiteuren\",\"datePublished\":\"2015-08-07T14:59:55+00:00\",\"dateModified\":\"2015-08-07T17:18:00+00:00\",\"mainEntityOfPage\":{\"@id\":\"https:\\\/\\\/www.inkultura-online.de\\\/politisch_unkorrekt\\\/von-nutzniessern-und-profiteuren\\\/\"},\"wordCount\":304,\"commentCount\":0,\"publisher\":{\"@id\":\"https:\\\/\\\/www.inkultura-online.de\\\/politisch_unkorrekt\\\/#\\\/schema\\\/person\\\/5b30b80e385478896a1de221e1994d86\"},\"keywords\":[\"Organisierte Migrationskriminalit\u00e4t\",\"Profiteure\",\"Volksverr\u00e4ter\"],\"articleSection\":[\"Meinungen und Spr\u00fcche\",\"So sieht\u00b4s aus\",\"Systemfehler\"],\"inLanguage\":\"de\",\"potentialAction\":[{\"@type\":\"CommentAction\",\"name\":\"Comment\",\"target\":[\"https:\\\/\\\/www.inkultura-online.de\\\/politisch_unkorrekt\\\/von-nutzniessern-und-profiteuren\\\/#respond\"]}]},{\"@type\":\"WebPage\",\"@id\":\"https:\\\/\\\/www.inkultura-online.de\\\/politisch_unkorrekt\\\/von-nutzniessern-und-profiteuren\\\/\",\"url\":\"https:\\\/\\\/www.inkultura-online.de\\\/politisch_unkorrekt\\\/von-nutzniessern-und-profiteuren\\\/\",\"name\":\"Von Nutznie\u00dfern und Profiteuren\",\"isPartOf\":{\"@id\":\"https:\\\/\\\/www.inkultura-online.de\\\/politisch_unkorrekt\\\/#website\"},\"datePublished\":\"2015-08-07T14:59:55+00:00\",\"dateModified\":\"2015-08-07T17:18:00+00:00\",\"breadcrumb\":{\"@id\":\"https:\\\/\\\/www.inkultura-online.de\\\/politisch_unkorrekt\\\/von-nutzniessern-und-profiteuren\\\/#breadcrumb\"},\"inLanguage\":\"de\",\"potentialAction\":[{\"@type\":\"ReadAction\",\"target\":[\"https:\\\/\\\/www.inkultura-online.de\\\/politisch_unkorrekt\\\/von-nutzniessern-und-profiteuren\\\/\"]}]},{\"@type\":\"BreadcrumbList\",\"@id\":\"https:\\\/\\\/www.inkultura-online.de\\\/politisch_unkorrekt\\\/von-nutzniessern-und-profiteuren\\\/#breadcrumb\",\"itemListElement\":[{\"@type\":\"ListItem\",\"position\":1,\"name\":\"Home\",\"item\":\"https:\\\/\\\/www.inkultura-online.de\\\/politisch_unkorrekt\\\/\"},{\"@type\":\"ListItem\",\"position\":2,\"name\":\"Von Nutznie\u00dfern und Profiteuren\"}]},{\"@type\":\"WebSite\",\"@id\":\"https:\\\/\\\/www.inkultura-online.de\\\/politisch_unkorrekt\\\/#website\",\"url\":\"https:\\\/\\\/www.inkultura-online.de\\\/politisch_unkorrekt\\\/\",\"name\":\"Zeitgeist? Frei!\",\"description\":\"Was Ihr den Geist der Zeiten hei\u00dft...\",\"publisher\":{\"@id\":\"https:\\\/\\\/www.inkultura-online.de\\\/politisch_unkorrekt\\\/#\\\/schema\\\/person\\\/5b30b80e385478896a1de221e1994d86\"},\"potentialAction\":[{\"@type\":\"SearchAction\",\"target\":{\"@type\":\"EntryPoint\",\"urlTemplate\":\"https:\\\/\\\/www.inkultura-online.de\\\/politisch_unkorrekt\\\/?s={search_term_string}\"},\"query-input\":{\"@type\":\"PropertyValueSpecification\",\"valueRequired\":true,\"valueName\":\"search_term_string\"}}],\"inLanguage\":\"de\"},{\"@type\":[\"Person\",\"Organization\"],\"@id\":\"https:\\\/\\\/www.inkultura-online.de\\\/politisch_unkorrekt\\\/#\\\/schema\\\/person\\\/5b30b80e385478896a1de221e1994d86\",\"name\":\"Orator\",\"image\":{\"@type\":\"ImageObject\",\"inLanguage\":\"de\",\"@id\":\"https:\\\/\\\/secure.gravatar.com\\\/avatar\\\/96e03166d31716e9c437060430eb7605c45a8ce6fb6dab483637ca6915dd0844?s=96&d=mm&r=g\",\"url\":\"https:\\\/\\\/secure.gravatar.com\\\/avatar\\\/96e03166d31716e9c437060430eb7605c45a8ce6fb6dab483637ca6915dd0844?s=96&d=mm&r=g\",\"contentUrl\":\"https:\\\/\\\/secure.gravatar.com\\\/avatar\\\/96e03166d31716e9c437060430eb7605c45a8ce6fb6dab483637ca6915dd0844?s=96&d=mm&r=g\",\"caption\":\"Orator\"},\"logo\":{\"@id\":\"https:\\\/\\\/secure.gravatar.com\\\/avatar\\\/96e03166d31716e9c437060430eb7605c45a8ce6fb6dab483637ca6915dd0844?s=96&d=mm&r=g\"},\"url\":\"https:\\\/\\\/www.inkultura-online.de\\\/politisch_unkorrekt\\\/author\\\/1korrektor21-2\\\/\"}]}<\/script>\n<!-- \/ Yoast SEO plugin. -->","yoast_head_json":{"title":"Von Nutznie\u00dfern und Profiteuren","robots":{"index":"index","follow":"follow","max-snippet":"max-snippet:-1","max-image-preview":"max-image-preview:large","max-video-preview":"max-video-preview:-1"},"canonical":"https:\/\/www.inkultura-online.de\/politisch_unkorrekt\/von-nutzniessern-und-profiteuren\/","og_locale":"de_DE","og_type":"article","og_title":"Von Nutznie\u00dfern und Profiteuren","og_description":"Was haben privatwirtschaftliche Unternehmen wie European Homecare und sog. \u2033gemeinn\u00fctzige\u2033 Organisationen wie Rotes Kreuz, Diakonie und Malteser Hilfsdienst gemeinsam? Sie sind Mitglieder der Organisierten Migrationskriminalit\u00e4t und es ist nicht \u00fcbertrieben, sie mit den verschiedenen Familien der Mafia zu vergleichen.","og_url":"https:\/\/www.inkultura-online.de\/politisch_unkorrekt\/von-nutzniessern-und-profiteuren\/","og_site_name":"Zeitgeist? Frei!","article_published_time":"2015-08-07T14:59:55+00:00","article_modified_time":"2015-08-07T17:18:00+00:00","author":"Orator","twitter_misc":{"Verfasst von":"Orator","Gesch\u00e4tzte Lesezeit":"1\u00a0Minute"},"schema":{"@context":"https:\/\/schema.org","@graph":[{"@type":"Article","@id":"https:\/\/www.inkultura-online.de\/politisch_unkorrekt\/von-nutzniessern-und-profiteuren\/#article","isPartOf":{"@id":"https:\/\/www.inkultura-online.de\/politisch_unkorrekt\/von-nutzniessern-und-profiteuren\/"},"author":{"name":"Orator","@id":"https:\/\/www.inkultura-online.de\/politisch_unkorrekt\/#\/schema\/person\/5b30b80e385478896a1de221e1994d86"},"headline":"Von Nutznie\u00dfern und Profiteuren","datePublished":"2015-08-07T14:59:55+00:00","dateModified":"2015-08-07T17:18:00+00:00","mainEntityOfPage":{"@id":"https:\/\/www.inkultura-online.de\/politisch_unkorrekt\/von-nutzniessern-und-profiteuren\/"},"wordCount":304,"commentCount":0,"publisher":{"@id":"https:\/\/www.inkultura-online.de\/politisch_unkorrekt\/#\/schema\/person\/5b30b80e385478896a1de221e1994d86"},"keywords":["Organisierte Migrationskriminalit\u00e4t","Profiteure","Volksverr\u00e4ter"],"articleSection":["Meinungen und Spr\u00fcche","So sieht\u00b4s aus","Systemfehler"],"inLanguage":"de","potentialAction":[{"@type":"CommentAction","name":"Comment","target":["https:\/\/www.inkultura-online.de\/politisch_unkorrekt\/von-nutzniessern-und-profiteuren\/#respond"]}]},{"@type":"WebPage","@id":"https:\/\/www.inkultura-online.de\/politisch_unkorrekt\/von-nutzniessern-und-profiteuren\/","url":"https:\/\/www.inkultura-online.de\/politisch_unkorrekt\/von-nutzniessern-und-profiteuren\/","name":"Von Nutznie\u00dfern und Profiteuren","isPartOf":{"@id":"https:\/\/www.inkultura-online.de\/politisch_unkorrekt\/#website"},"datePublished":"2015-08-07T14:59:55+00:00","dateModified":"2015-08-07T17:18:00+00:00","breadcrumb":{"@id":"https:\/\/www.inkultura-online.de\/politisch_unkorrekt\/von-nutzniessern-und-profiteuren\/#breadcrumb"},"inLanguage":"de","potentialAction":[{"@type":"ReadAction","target":["https:\/\/www.inkultura-online.de\/politisch_unkorrekt\/von-nutzniessern-und-profiteuren\/"]}]},{"@type":"BreadcrumbList","@id":"https:\/\/www.inkultura-online.de\/politisch_unkorrekt\/von-nutzniessern-und-profiteuren\/#breadcrumb","itemListElement":[{"@type":"ListItem","position":1,"name":"Home","item":"https:\/\/www.inkultura-online.de\/politisch_unkorrekt\/"},{"@type":"ListItem","position":2,"name":"Von Nutznie\u00dfern und Profiteuren"}]},{"@type":"WebSite","@id":"https:\/\/www.inkultura-online.de\/politisch_unkorrekt\/#website","url":"https:\/\/www.inkultura-online.de\/politisch_unkorrekt\/","name":"Zeitgeist? Frei!","description":"Was Ihr den Geist der Zeiten hei\u00dft...","publisher":{"@id":"https:\/\/www.inkultura-online.de\/politisch_unkorrekt\/#\/schema\/person\/5b30b80e385478896a1de221e1994d86"},"potentialAction":[{"@type":"SearchAction","target":{"@type":"EntryPoint","urlTemplate":"https:\/\/www.inkultura-online.de\/politisch_unkorrekt\/?s={search_term_string}"},"query-input":{"@type":"PropertyValueSpecification","valueRequired":true,"valueName":"search_term_string"}}],"inLanguage":"de"},{"@type":["Person","Organization"],"@id":"https:\/\/www.inkultura-online.de\/politisch_unkorrekt\/#\/schema\/person\/5b30b80e385478896a1de221e1994d86","name":"Orator","image":{"@type":"ImageObject","inLanguage":"de","@id":"https:\/\/secure.gravatar.com\/avatar\/96e03166d31716e9c437060430eb7605c45a8ce6fb6dab483637ca6915dd0844?s=96&d=mm&r=g","url":"https:\/\/secure.gravatar.com\/avatar\/96e03166d31716e9c437060430eb7605c45a8ce6fb6dab483637ca6915dd0844?s=96&d=mm&r=g","contentUrl":"https:\/\/secure.gravatar.com\/avatar\/96e03166d31716e9c437060430eb7605c45a8ce6fb6dab483637ca6915dd0844?s=96&d=mm&r=g","caption":"Orator"},"logo":{"@id":"https:\/\/secure.gravatar.com\/avatar\/96e03166d31716e9c437060430eb7605c45a8ce6fb6dab483637ca6915dd0844?s=96&d=mm&r=g"},"url":"https:\/\/www.inkultura-online.de\/politisch_unkorrekt\/author\/1korrektor21-2\/"}]}},"_links":{"self":[{"href":"https:\/\/www.inkultura-online.de\/politisch_unkorrekt\/wp-json\/wp\/v2\/posts\/613","targetHints":{"allow":["GET"]}}],"collection":[{"href":"https:\/\/www.inkultura-online.de\/politisch_unkorrekt\/wp-json\/wp\/v2\/posts"}],"about":[{"href":"https:\/\/www.inkultura-online.de\/politisch_unkorrekt\/wp-json\/wp\/v2\/types\/post"}],"author":[{"embeddable":true,"href":"https:\/\/www.inkultura-online.de\/politisch_unkorrekt\/wp-json\/wp\/v2\/users\/1"}],"replies":[{"embeddable":true,"href":"https:\/\/www.inkultura-online.de\/politisch_unkorrekt\/wp-json\/wp\/v2\/comments?post=613"}],"version-history":[{"count":2,"href":"https:\/\/www.inkultura-online.de\/politisch_unkorrekt\/wp-json\/wp\/v2\/posts\/613\/revisions"}],"predecessor-version":[{"id":616,"href":"https:\/\/www.inkultura-online.de\/politisch_unkorrekt\/wp-json\/wp\/v2\/posts\/613\/revisions\/616"}],"wp:attachment":[{"href":"https:\/\/www.inkultura-online.de\/politisch_unkorrekt\/wp-json\/wp\/v2\/media?parent=613"}],"wp:term":[{"taxonomy":"category","embeddable":true,"href":"https:\/\/www.inkultura-online.de\/politisch_unkorrekt\/wp-json\/wp\/v2\/categories?post=613"},{"taxonomy":"post_tag","embeddable":true,"href":"https:\/\/www.inkultura-online.de\/politisch_unkorrekt\/wp-json\/wp\/v2\/tags?post=613"}],"curies":[{"name":"wp","href":"https:\/\/api.w.org\/{rel}","templated":true}]}}