{"id":653,"date":"2015-08-21T17:18:45","date_gmt":"2015-08-21T15:18:45","guid":{"rendered":"http:\/\/www.inkultura-online.de\/politisch_unkorrekt\/?p=653"},"modified":"2015-08-21T17:26:57","modified_gmt":"2015-08-21T15:26:57","slug":"jede-krise-hat-ihre-gewinner","status":"publish","type":"post","link":"https:\/\/www.inkultura-online.de\/politisch_unkorrekt\/jede-krise-hat-ihre-gewinner\/","title":{"rendered":"Jede Krise hat ihre Gewinner"},"content":{"rendered":"<p>Dass von jeder Krise bestimmte Interessengruppen finanziell profitieren ist ein alter Hut. Wer es versteht, bestimmte Bed\u00fcrfnisse zu bedienen oder die Nachfrage nach diversen G\u00fctern oder Dienstleistungen erst zu wecken, der verdient sich damit in der Regel eine goldene Nase.<!--more--><\/p>\n<p>Denkt man an Krisengewinner, so tauchen vor dem geistigen Auge Banken, Waffenschmieden und ideologische Rattenf\u00e4nger auf. Doch auch in der Wohlf\u00fchlindustrie &#8211; Caritas, Rotes Kreuz und andere vermeintlich selbstlose Institutionen &#8211; leben die Krisengewinner inzwischen wie die Maden im Speck.<\/p>\n<p>Eine dieser Heuchlertruppen, die munter Steuergelder verprasst, ist die Caritas, die direkt vom Massenansturm sog. &#8222;Fl\u00fcchtlinge&#8220; profitiert. Kein Wunder, dass <a href=\"http:\/\/www.n-tv.de\/politik\/Diakonie-Mehr-Fluechtlinge-aufnehmen-article15748726.html?ref=yfp\" target=\"_blank\">Ulrich Lilie<\/a>, der Chef der Diakonie, lauthals die Aufnahme von noch mehr &#8222;Fl\u00fcchtlingen&#8220; fordert.<em> &#8222;Wir brauchen noch keine Entlastung, wir sind ein sehr starkes Land, daher k\u00f6nnen wir auch mehr leisten als andere L\u00e4nder&#8220;<\/em>, so der Boss einer der Familien der Organisierten Migrationskriminalit\u00e4t.<\/p>\n<p>Es ist also h\u00f6chste Zeit, einmal einen Blick hinter die Fassade der Selbstlosigkeit und der Hilfsbereitschaft zu werfen. Bernd Stracke macht das und kommt zu \u00fcberraschenden Erkenntnissen.<\/p>\n<div id=\"KernLinksSpatium\">\n<p><a href=\"http:\/\/www.genius.co.at\/index.php?id=693\" target=\"_blank\">Die Gesch\u00e4fte der Caritas<\/a><\/p>\n<div id=\"KernMitte\">\n<div id=\"c1203\" class=\"csc-default\">\n<div class=\"csc-header csc-header-n1\">\n<p><a href=\"http:\/\/www.genius.co.at\/index.php?id=706\" target=\"_blank\">Die Caritas und die Fl\u00fcchtlingsindustrie<\/a><\/p>\n<\/div>\n<\/div>\n<\/div>\n<\/div>\n<p>&nbsp;<\/p>\n","protected":false},"excerpt":{"rendered":"<p>Dass von jeder Krise bestimmte Interessengruppen finanziell profitieren ist ein alter Hut. Wer es versteht, bestimmte Bed\u00fcrfnisse zu bedienen oder die Nachfrage nach diversen G\u00fctern oder Dienstleistungen erst zu wecken, der verdient sich damit in der Regel eine goldene Nase.<\/p>\n","protected":false},"author":1,"featured_media":0,"comment_status":"open","ping_status":"open","sticky":false,"template":"","format":"standard","meta":{"footnotes":""},"categories":[1,11],"tags":[355,79,354,247],"class_list":["post-653","post","type-post","status-publish","format-standard","hentry","category-fundstuecke","category-was-die-qualitaetspresse-gern-verschweigt","tag-caritas","tag-fluechtlinge","tag-krisengewinner","tag-organisierte-migrationskriminalitaet"],"yoast_head":"<!-- This site is optimized with the Yoast SEO plugin v27.5 - https:\/\/yoast.com\/product\/yoast-seo-wordpress\/ -->\n<title>Jede Krise hat ihre Gewinner<\/title>\n<meta name=\"robots\" content=\"index, follow, max-snippet:-1, max-image-preview:large, max-video-preview:-1\" \/>\n<link rel=\"canonical\" href=\"https:\/\/www.inkultura-online.de\/politisch_unkorrekt\/jede-krise-hat-ihre-gewinner\/\" \/>\n<meta property=\"og:locale\" content=\"de_DE\" \/>\n<meta property=\"og:type\" content=\"article\" \/>\n<meta property=\"og:title\" content=\"Jede Krise hat ihre Gewinner\" \/>\n<meta property=\"og:description\" content=\"Dass von jeder Krise bestimmte Interessengruppen finanziell profitieren ist ein alter Hut. Wer es versteht, bestimmte Bed\u00fcrfnisse zu bedienen oder die Nachfrage nach diversen G\u00fctern oder Dienstleistungen erst zu wecken, der verdient sich damit in der Regel eine goldene Nase.\" \/>\n<meta property=\"og:url\" content=\"https:\/\/www.inkultura-online.de\/politisch_unkorrekt\/jede-krise-hat-ihre-gewinner\/\" \/>\n<meta property=\"og:site_name\" content=\"Zeitgeist? Frei!\" \/>\n<meta property=\"article:published_time\" content=\"2015-08-21T15:18:45+00:00\" \/>\n<meta property=\"article:modified_time\" content=\"2015-08-21T15:26:57+00:00\" \/>\n<meta name=\"author\" content=\"Orator\" \/>\n<meta name=\"twitter:label1\" content=\"Verfasst von\" \/>\n\t<meta name=\"twitter:data1\" content=\"Orator\" \/>\n\t<meta name=\"twitter:label2\" content=\"Gesch\u00e4tzte Lesezeit\" \/>\n\t<meta name=\"twitter:data2\" content=\"1\u00a0Minute\" \/>\n<script type=\"application\/ld+json\" class=\"yoast-schema-graph\">{\"@context\":\"https:\\\/\\\/schema.org\",\"@graph\":[{\"@type\":\"Article\",\"@id\":\"https:\\\/\\\/www.inkultura-online.de\\\/politisch_unkorrekt\\\/jede-krise-hat-ihre-gewinner\\\/#article\",\"isPartOf\":{\"@id\":\"https:\\\/\\\/www.inkultura-online.de\\\/politisch_unkorrekt\\\/jede-krise-hat-ihre-gewinner\\\/\"},\"author\":{\"name\":\"Orator\",\"@id\":\"https:\\\/\\\/www.inkultura-online.de\\\/politisch_unkorrekt\\\/#\\\/schema\\\/person\\\/5b30b80e385478896a1de221e1994d86\"},\"headline\":\"Jede Krise hat ihre Gewinner\",\"datePublished\":\"2015-08-21T15:18:45+00:00\",\"dateModified\":\"2015-08-21T15:26:57+00:00\",\"mainEntityOfPage\":{\"@id\":\"https:\\\/\\\/www.inkultura-online.de\\\/politisch_unkorrekt\\\/jede-krise-hat-ihre-gewinner\\\/\"},\"wordCount\":197,\"commentCount\":0,\"publisher\":{\"@id\":\"https:\\\/\\\/www.inkultura-online.de\\\/politisch_unkorrekt\\\/#\\\/schema\\\/person\\\/5b30b80e385478896a1de221e1994d86\"},\"keywords\":[\"Caritas\",\"Fl\u00fcchtlinge\",\"Krisengewinner\",\"Organisierte Migrationskriminalit\u00e4t\"],\"articleSection\":[\"Fundst\u00fccke\",\"Was die \\\"Qualit\u00e4tspresse\\\" gern verschweigt\"],\"inLanguage\":\"de\",\"potentialAction\":[{\"@type\":\"CommentAction\",\"name\":\"Comment\",\"target\":[\"https:\\\/\\\/www.inkultura-online.de\\\/politisch_unkorrekt\\\/jede-krise-hat-ihre-gewinner\\\/#respond\"]}]},{\"@type\":\"WebPage\",\"@id\":\"https:\\\/\\\/www.inkultura-online.de\\\/politisch_unkorrekt\\\/jede-krise-hat-ihre-gewinner\\\/\",\"url\":\"https:\\\/\\\/www.inkultura-online.de\\\/politisch_unkorrekt\\\/jede-krise-hat-ihre-gewinner\\\/\",\"name\":\"Jede Krise hat ihre Gewinner\",\"isPartOf\":{\"@id\":\"https:\\\/\\\/www.inkultura-online.de\\\/politisch_unkorrekt\\\/#website\"},\"datePublished\":\"2015-08-21T15:18:45+00:00\",\"dateModified\":\"2015-08-21T15:26:57+00:00\",\"breadcrumb\":{\"@id\":\"https:\\\/\\\/www.inkultura-online.de\\\/politisch_unkorrekt\\\/jede-krise-hat-ihre-gewinner\\\/#breadcrumb\"},\"inLanguage\":\"de\",\"potentialAction\":[{\"@type\":\"ReadAction\",\"target\":[\"https:\\\/\\\/www.inkultura-online.de\\\/politisch_unkorrekt\\\/jede-krise-hat-ihre-gewinner\\\/\"]}]},{\"@type\":\"BreadcrumbList\",\"@id\":\"https:\\\/\\\/www.inkultura-online.de\\\/politisch_unkorrekt\\\/jede-krise-hat-ihre-gewinner\\\/#breadcrumb\",\"itemListElement\":[{\"@type\":\"ListItem\",\"position\":1,\"name\":\"Home\",\"item\":\"https:\\\/\\\/www.inkultura-online.de\\\/politisch_unkorrekt\\\/\"},{\"@type\":\"ListItem\",\"position\":2,\"name\":\"Jede Krise hat ihre Gewinner\"}]},{\"@type\":\"WebSite\",\"@id\":\"https:\\\/\\\/www.inkultura-online.de\\\/politisch_unkorrekt\\\/#website\",\"url\":\"https:\\\/\\\/www.inkultura-online.de\\\/politisch_unkorrekt\\\/\",\"name\":\"Zeitgeist? Frei!\",\"description\":\"Was Ihr den Geist der Zeiten hei\u00dft...\",\"publisher\":{\"@id\":\"https:\\\/\\\/www.inkultura-online.de\\\/politisch_unkorrekt\\\/#\\\/schema\\\/person\\\/5b30b80e385478896a1de221e1994d86\"},\"potentialAction\":[{\"@type\":\"SearchAction\",\"target\":{\"@type\":\"EntryPoint\",\"urlTemplate\":\"https:\\\/\\\/www.inkultura-online.de\\\/politisch_unkorrekt\\\/?s={search_term_string}\"},\"query-input\":{\"@type\":\"PropertyValueSpecification\",\"valueRequired\":true,\"valueName\":\"search_term_string\"}}],\"inLanguage\":\"de\"},{\"@type\":[\"Person\",\"Organization\"],\"@id\":\"https:\\\/\\\/www.inkultura-online.de\\\/politisch_unkorrekt\\\/#\\\/schema\\\/person\\\/5b30b80e385478896a1de221e1994d86\",\"name\":\"Orator\",\"image\":{\"@type\":\"ImageObject\",\"inLanguage\":\"de\",\"@id\":\"https:\\\/\\\/secure.gravatar.com\\\/avatar\\\/96e03166d31716e9c437060430eb7605c45a8ce6fb6dab483637ca6915dd0844?s=96&d=mm&r=g\",\"url\":\"https:\\\/\\\/secure.gravatar.com\\\/avatar\\\/96e03166d31716e9c437060430eb7605c45a8ce6fb6dab483637ca6915dd0844?s=96&d=mm&r=g\",\"contentUrl\":\"https:\\\/\\\/secure.gravatar.com\\\/avatar\\\/96e03166d31716e9c437060430eb7605c45a8ce6fb6dab483637ca6915dd0844?s=96&d=mm&r=g\",\"caption\":\"Orator\"},\"logo\":{\"@id\":\"https:\\\/\\\/secure.gravatar.com\\\/avatar\\\/96e03166d31716e9c437060430eb7605c45a8ce6fb6dab483637ca6915dd0844?s=96&d=mm&r=g\"},\"url\":\"https:\\\/\\\/www.inkultura-online.de\\\/politisch_unkorrekt\\\/author\\\/1korrektor21-2\\\/\"}]}<\/script>\n<!-- \/ Yoast SEO plugin. -->","yoast_head_json":{"title":"Jede Krise hat ihre Gewinner","robots":{"index":"index","follow":"follow","max-snippet":"max-snippet:-1","max-image-preview":"max-image-preview:large","max-video-preview":"max-video-preview:-1"},"canonical":"https:\/\/www.inkultura-online.de\/politisch_unkorrekt\/jede-krise-hat-ihre-gewinner\/","og_locale":"de_DE","og_type":"article","og_title":"Jede Krise hat ihre Gewinner","og_description":"Dass von jeder Krise bestimmte Interessengruppen finanziell profitieren ist ein alter Hut. Wer es versteht, bestimmte Bed\u00fcrfnisse zu bedienen oder die Nachfrage nach diversen G\u00fctern oder Dienstleistungen erst zu wecken, der verdient sich damit in der Regel eine goldene Nase.","og_url":"https:\/\/www.inkultura-online.de\/politisch_unkorrekt\/jede-krise-hat-ihre-gewinner\/","og_site_name":"Zeitgeist? Frei!","article_published_time":"2015-08-21T15:18:45+00:00","article_modified_time":"2015-08-21T15:26:57+00:00","author":"Orator","twitter_misc":{"Verfasst von":"Orator","Gesch\u00e4tzte Lesezeit":"1\u00a0Minute"},"schema":{"@context":"https:\/\/schema.org","@graph":[{"@type":"Article","@id":"https:\/\/www.inkultura-online.de\/politisch_unkorrekt\/jede-krise-hat-ihre-gewinner\/#article","isPartOf":{"@id":"https:\/\/www.inkultura-online.de\/politisch_unkorrekt\/jede-krise-hat-ihre-gewinner\/"},"author":{"name":"Orator","@id":"https:\/\/www.inkultura-online.de\/politisch_unkorrekt\/#\/schema\/person\/5b30b80e385478896a1de221e1994d86"},"headline":"Jede Krise hat ihre Gewinner","datePublished":"2015-08-21T15:18:45+00:00","dateModified":"2015-08-21T15:26:57+00:00","mainEntityOfPage":{"@id":"https:\/\/www.inkultura-online.de\/politisch_unkorrekt\/jede-krise-hat-ihre-gewinner\/"},"wordCount":197,"commentCount":0,"publisher":{"@id":"https:\/\/www.inkultura-online.de\/politisch_unkorrekt\/#\/schema\/person\/5b30b80e385478896a1de221e1994d86"},"keywords":["Caritas","Fl\u00fcchtlinge","Krisengewinner","Organisierte Migrationskriminalit\u00e4t"],"articleSection":["Fundst\u00fccke","Was die \"Qualit\u00e4tspresse\" gern verschweigt"],"inLanguage":"de","potentialAction":[{"@type":"CommentAction","name":"Comment","target":["https:\/\/www.inkultura-online.de\/politisch_unkorrekt\/jede-krise-hat-ihre-gewinner\/#respond"]}]},{"@type":"WebPage","@id":"https:\/\/www.inkultura-online.de\/politisch_unkorrekt\/jede-krise-hat-ihre-gewinner\/","url":"https:\/\/www.inkultura-online.de\/politisch_unkorrekt\/jede-krise-hat-ihre-gewinner\/","name":"Jede Krise hat ihre Gewinner","isPartOf":{"@id":"https:\/\/www.inkultura-online.de\/politisch_unkorrekt\/#website"},"datePublished":"2015-08-21T15:18:45+00:00","dateModified":"2015-08-21T15:26:57+00:00","breadcrumb":{"@id":"https:\/\/www.inkultura-online.de\/politisch_unkorrekt\/jede-krise-hat-ihre-gewinner\/#breadcrumb"},"inLanguage":"de","potentialAction":[{"@type":"ReadAction","target":["https:\/\/www.inkultura-online.de\/politisch_unkorrekt\/jede-krise-hat-ihre-gewinner\/"]}]},{"@type":"BreadcrumbList","@id":"https:\/\/www.inkultura-online.de\/politisch_unkorrekt\/jede-krise-hat-ihre-gewinner\/#breadcrumb","itemListElement":[{"@type":"ListItem","position":1,"name":"Home","item":"https:\/\/www.inkultura-online.de\/politisch_unkorrekt\/"},{"@type":"ListItem","position":2,"name":"Jede Krise hat ihre Gewinner"}]},{"@type":"WebSite","@id":"https:\/\/www.inkultura-online.de\/politisch_unkorrekt\/#website","url":"https:\/\/www.inkultura-online.de\/politisch_unkorrekt\/","name":"Zeitgeist? Frei!","description":"Was Ihr den Geist der Zeiten hei\u00dft...","publisher":{"@id":"https:\/\/www.inkultura-online.de\/politisch_unkorrekt\/#\/schema\/person\/5b30b80e385478896a1de221e1994d86"},"potentialAction":[{"@type":"SearchAction","target":{"@type":"EntryPoint","urlTemplate":"https:\/\/www.inkultura-online.de\/politisch_unkorrekt\/?s={search_term_string}"},"query-input":{"@type":"PropertyValueSpecification","valueRequired":true,"valueName":"search_term_string"}}],"inLanguage":"de"},{"@type":["Person","Organization"],"@id":"https:\/\/www.inkultura-online.de\/politisch_unkorrekt\/#\/schema\/person\/5b30b80e385478896a1de221e1994d86","name":"Orator","image":{"@type":"ImageObject","inLanguage":"de","@id":"https:\/\/secure.gravatar.com\/avatar\/96e03166d31716e9c437060430eb7605c45a8ce6fb6dab483637ca6915dd0844?s=96&d=mm&r=g","url":"https:\/\/secure.gravatar.com\/avatar\/96e03166d31716e9c437060430eb7605c45a8ce6fb6dab483637ca6915dd0844?s=96&d=mm&r=g","contentUrl":"https:\/\/secure.gravatar.com\/avatar\/96e03166d31716e9c437060430eb7605c45a8ce6fb6dab483637ca6915dd0844?s=96&d=mm&r=g","caption":"Orator"},"logo":{"@id":"https:\/\/secure.gravatar.com\/avatar\/96e03166d31716e9c437060430eb7605c45a8ce6fb6dab483637ca6915dd0844?s=96&d=mm&r=g"},"url":"https:\/\/www.inkultura-online.de\/politisch_unkorrekt\/author\/1korrektor21-2\/"}]}},"_links":{"self":[{"href":"https:\/\/www.inkultura-online.de\/politisch_unkorrekt\/wp-json\/wp\/v2\/posts\/653","targetHints":{"allow":["GET"]}}],"collection":[{"href":"https:\/\/www.inkultura-online.de\/politisch_unkorrekt\/wp-json\/wp\/v2\/posts"}],"about":[{"href":"https:\/\/www.inkultura-online.de\/politisch_unkorrekt\/wp-json\/wp\/v2\/types\/post"}],"author":[{"embeddable":true,"href":"https:\/\/www.inkultura-online.de\/politisch_unkorrekt\/wp-json\/wp\/v2\/users\/1"}],"replies":[{"embeddable":true,"href":"https:\/\/www.inkultura-online.de\/politisch_unkorrekt\/wp-json\/wp\/v2\/comments?post=653"}],"version-history":[{"count":2,"href":"https:\/\/www.inkultura-online.de\/politisch_unkorrekt\/wp-json\/wp\/v2\/posts\/653\/revisions"}],"predecessor-version":[{"id":656,"href":"https:\/\/www.inkultura-online.de\/politisch_unkorrekt\/wp-json\/wp\/v2\/posts\/653\/revisions\/656"}],"wp:attachment":[{"href":"https:\/\/www.inkultura-online.de\/politisch_unkorrekt\/wp-json\/wp\/v2\/media?parent=653"}],"wp:term":[{"taxonomy":"category","embeddable":true,"href":"https:\/\/www.inkultura-online.de\/politisch_unkorrekt\/wp-json\/wp\/v2\/categories?post=653"},{"taxonomy":"post_tag","embeddable":true,"href":"https:\/\/www.inkultura-online.de\/politisch_unkorrekt\/wp-json\/wp\/v2\/tags?post=653"}],"curies":[{"name":"wp","href":"https:\/\/api.w.org\/{rel}","templated":true}]}}