{"id":658,"date":"2015-08-23T10:38:17","date_gmt":"2015-08-23T08:38:17","guid":{"rendered":"http:\/\/www.inkultura-online.de\/politisch_unkorrekt\/?p=658"},"modified":"2015-08-23T10:39:14","modified_gmt":"2015-08-23T08:39:14","slug":"sehenden-auges-in-die-katastrophe","status":"publish","type":"post","link":"https:\/\/www.inkultura-online.de\/politisch_unkorrekt\/sehenden-auges-in-die-katastrophe\/","title":{"rendered":"Sehenden Auges in die Katastrophe"},"content":{"rendered":"<p>Deutschland widerf\u00e4hrt derzeit sein, nach dem Zweiten Weltkrieg, gr\u00f6\u00dftes Desaster. Unser Land wird von einer schier unvorstellbaren Menschenmasse \u00fcberrannt und die verantwortlichen Politiker tun \u2013 nichts. Allein dieses Jahr werden \u00fcber eine Million \u2033Fl\u00fcchtlinge\u2033 nach Deutschland kommen, das muss inzwischen sogar das <em>Bundesamt f\u00fcr Migration und Fl\u00fcchtlinge<\/em> zugeben und f\u00fchrt damit alle vorherigen Prognosen ad absurdum.<!--more--><\/p>\n<p>Absurd, das ist auch das richtige Wort f\u00fcr die derzeitige, immer schneller Fahrt aufnehmende Kolonisierung Deutschlands mit Menschen, die weder mit unserer Diskussionskultur kompatibel sind, noch gewillt sind, diese, quasi als Zeichen der Dankbarkeit f\u00fcr ihr von Deutschland gerettetes Leben, zu \u00fcbernehmen.<\/p>\n<p>Unsere herrschenden Eliten werden nicht m\u00fcde, den zwar unsinnigen, aber nichtsdestotrotz eing\u00e4ngigen Satz von der \u2033Bereicherung durch Zuwanderer\u2033 zu schwadronierten. Doch, ein unl\u00e4ngst gemachter Selbstversuch ergab ein vollkommen anderes Ergebnis, ich sehe weniger bunt, als vielmehr tiefschwarz, wenn ich mit offenen Augen durch eine Stadt wie z. B. Berlin gehe.<\/p>\n<p>Bunt w\u00e4re eine Mischung aus gelber, brauner, auch schwarzer und wei\u00dfer Hautfarbe. Wenn es dann auch noch Menschen w\u00e4ren, die bereit sind Leistung zu zeigen und das Land &#8211; unser Land und vielleicht sp\u00e4ter auch ihr Land, wenn sie denn die eigentlich sehr hoch zu seiende H\u00fcrde des Erwerbs der Deutschen Staatsb\u00fcrgerschaft anstreben sollten &#8211; voranbringen, flei\u00dfig sind, die bei uns geltenden gesellschaftlichen Regeln und Normen beachten, die Gesetze befolgen, f\u00fcr ihre Lebensunterhalt selber sorgen k\u00f6nnen und ihre Kinder zu vollwertigen und n\u00fctzlichen Mitgliedern der Gesellschaft erziehen.<\/p>\n<p>Die Realit\u00e4t sieht allerdings vollkommen anders aus, auch wenn unsere Volksverr\u00e4ter, Verzeihung, Volksvertreter und ihre Claqueure in den Medien das partout nicht wahrhaben wollen. Es ist gr\u00f6\u00dftenteils der Bodensatz jeder afrikanischen, serbischen, kroatischen, rum\u00e4nischen, bulgarischen, afghanischen, tschetschenischen und z. T. auch syrischen Gesellschaft, der mit dem Ziel auf Dauer hier zu bleiben, illegal unserer Grenzen \u00fcberschreitet.<\/p>\n<p>Die \u2033Qualit\u00e4tsmedien\u2033 werden nicht m\u00fcde, immer wieder die Tr\u00e4nend\u00fcse zu bedienen und den B\u00fcrger davon \u00fcberzeugen zu wollen, dass es die \u00c4rmsten, die Verfolgten und die Kriegsfl\u00fcchtlinge sind, die, nat\u00fcrlich \u2033schwer traumatisiert\u2033, auf unsere gro\u00dfz\u00fcgige Hilfe hoffen. Der aufmerksame Beobachter des politischen Zeitgeistes wei\u00df es jedoch besser, denn die L\u00fcgenpresse spickt ihre herzerweichenden Artikel und Kommentare ausgerechnet mit Fotos von jungen afrikanischen M\u00e4nnern, die mehrheitlich in den kolonialen Sturmbooten sitzen und \u00fcber das Mittelmeer europ\u00e4ischen Boden erreichen wollen.<\/p>\n<p>Nix da mit traumatisiert, die wissen genau, was sie wollen. Knete, Knete, zwischendurch wei\u00dfes weibliches Fleisch und nochmals Knete. Der gegen\u00fcber dieser Landnahme kritisch, um es vorsichtig auszudr\u00fccken, eingestellte Autochthone k\u00f6nnte sich etwas beruhigt zur\u00fccklehnen, wenn er denn sicher sein k\u00f6nnte, dass unsere Jugend sich diese Massenkolonisierung nicht gefallen lassen w\u00fcrde, denn immerhin ist durch das unverantwortliche Handeln unserer Volksverr\u00e4ter, Verzeihung, Volksvertreter deren Zukunft unmittelbar bedroht.<\/p>\n<p>Doch leider ist gerade diese Jugend, und besonders der m\u00e4nnliche Teil, seit den sp\u00e4ten 60er Jahren zum ideologischen Spielball linksextremer Gutmenschen geworden, die, sich selbst als versp\u00e4tete Widerstandsk\u00e4mpfer gegen das l\u00e4ngst untergegangene Dritte Reich verstehend, aus virilem Nachwuchs inzwischen verweichlichte Neutren gemacht hat.<\/p>\n<p>Da sind die, die illegal und massenhaft unsere Grenzen \u00fcberschreiten von einem ganz anderen Kaliber. Aufgewachsen in Gesellschaften, in denen, wenn \u00fcberhaupt vorhanden, Recht und Gesetz bestenfalls rudiment\u00e4r zur Anwendung kommen, keine staatlichen sozialen Wohltaten verschenkt werden und, einfach ausgedr\u00fcckt, das Recht des St\u00e4rkeren herrscht, treffen sie in Deutschland auf eine durchweg verweiblichte Gesellschaft, die, sich selber als Konsensgesellschaft definierend, mit der Aufnahme von Personen aus anderen, gewaltbejahenden Kulturkreisen \u00fcberfordert ist. Unsere, von linken Gutmenschen bis zum Erbrechen praktizierte Diskussionskultur hat gegen\u00fcber diesen Menschen, die aus maskulin gepr\u00e4gten Kulturen kommen, keine Chance.<\/p>\n<p>Das Problem Masseneinwanderung ist perfiderweise hausgemacht \u2013 ob aus Gr\u00fcnden politisch korrekter Naivit\u00e4t oder bewusstem Kalk\u00fcl sei einmal dahingestellt \u2013 denn Deutschland lockt durch seine finanziellen Anreize geradezu ein Millionenheer von \u2033Fl\u00fcchtlingen\u2033 an, die, haben sie das \u2033gelobte Land\u2033, unsere Heimat, erst einmal erreicht, vom Staat \u2013 vom Steuerzahler, von Menschen wie Ihnen und mir \u2013 alles bekommen, was sie zum Leben brauchen. Dazu Taschengeld und milde Richter, die bei Verfolgung von Straftaten durch sog. \u2033Fl\u00fcchtlinge\u2033 beide Augen zudr\u00fccken und von \u2033Traumatisierung\u2033 und \u2033einem anderen kulturellen Verst\u00e4ndnis\u2033 faseln. Selbst bei Ablehnung des Asylantrags droht keine Abschiebung, denn dazu ist unser Staat angesichts der dazu notwendigen polizeilichen Ressourcen gar nicht mehr in der Lage. Im Klartext: jeder der unsere Heimat erreicht, kann f\u00fcr immer hier bleiben. Dass damit auch die jeweiligen Konflikte der Heimatl\u00e4nder importiert werden, scheinen unserer Volksverr\u00e4ter, Verzeihung Volksvertreter nicht zur Kenntnis zu nehmen.<\/p>\n<p>Das Geld, allein dieses Jahr braucht die Politik, so die <em>Frankfurter Allgemeine Zeitung<\/em>, zehn Milliarden Euro, scheint auf wundersame Weise in H\u00fclle und F\u00fclle vorhanden zu sein. Wenn ich, die kleine Abschweifung sei mir gestattet, daran denke, was es f\u00fcr ein Kampf um die Mittel gewesen ist, die sanit\u00e4ren Anlagen in der Schule meiner Kinder auf einen menschenw\u00fcrdigen Zustand zu bringen, dann ballt sich angesichts der aus dem Hut gezauberten Milliarden f\u00fcr die Illegalen meine Faust in der Tasche.<\/p>\n<p>Und wie reagieren die politisch Verantwortlichen aus die drohende gesellschaftliche und soziale Katastrophe? Sie ducken sich unter Verwendung von sinnentleerten Sprechblasen weg und schauen dem Treiben hilflos zu. Jede Wette, dass nicht wenige unserer Volksverr\u00e4ter, Verzeihung, Volksvertreter l\u00e4ngst einen zweiten Reisepass besitzen, der es ihnen erm\u00f6glicht, an dem Tag, an dem das Blut beginnt zu flie\u00dfen, klammheimlich das Land zu verlassen.<\/p>\n","protected":false},"excerpt":{"rendered":"<p>Deutschland widerf\u00e4hrt derzeit sein, nach dem Zweiten Weltkrieg, gr\u00f6\u00dftes Desaster. Unser Land wird von einer schier unvorstellbaren Menschenmasse \u00fcberrannt und die verantwortlichen Politiker tun \u2013 nichts. Allein dieses Jahr werden \u00fcber eine Million \u2033Fl\u00fcchtlinge\u2033 nach Deutschland kommen, das muss inzwischen &hellip; <a href=\"https:\/\/www.inkultura-online.de\/politisch_unkorrekt\/sehenden-auges-in-die-katastrophe\/\">Weiterlesen <span class=\"meta-nav\">&rarr;<\/span><\/a><\/p>\n","protected":false},"author":1,"featured_media":0,"comment_status":"open","ping_status":"open","sticky":false,"template":"","format":"standard","meta":{"footnotes":""},"categories":[2,30,10,11],"tags":[79,230,356,358,225,357],"class_list":["post-658","post","type-post","status-publish","format-standard","hentry","category-antipathie","category-so-siehts-aus","category-systemfehler","category-was-die-qualitaetspresse-gern-verschweigt","tag-fluechtlinge","tag-illegale","tag-katastrophe","tag-kolonisten","tag-volksverraeter","tag-zehn-milliarden-euro"],"yoast_head":"<!-- This site is optimized with the Yoast SEO plugin v27.5 - https:\/\/yoast.com\/product\/yoast-seo-wordpress\/ -->\n<title>Sehenden Auges in die Katastrophe<\/title>\n<meta name=\"robots\" content=\"index, follow, max-snippet:-1, max-image-preview:large, max-video-preview:-1\" \/>\n<link rel=\"canonical\" href=\"https:\/\/www.inkultura-online.de\/politisch_unkorrekt\/sehenden-auges-in-die-katastrophe\/\" \/>\n<meta property=\"og:locale\" content=\"de_DE\" \/>\n<meta property=\"og:type\" content=\"article\" \/>\n<meta property=\"og:title\" content=\"Sehenden Auges in die Katastrophe\" \/>\n<meta property=\"og:description\" content=\"Deutschland widerf\u00e4hrt derzeit sein, nach dem Zweiten Weltkrieg, gr\u00f6\u00dftes Desaster. Unser Land wird von einer schier unvorstellbaren Menschenmasse \u00fcberrannt und die verantwortlichen Politiker tun \u2013 nichts. Allein dieses Jahr werden \u00fcber eine Million \u2033Fl\u00fcchtlinge\u2033 nach Deutschland kommen, das muss inzwischen &hellip; Weiterlesen &rarr;\" \/>\n<meta property=\"og:url\" content=\"https:\/\/www.inkultura-online.de\/politisch_unkorrekt\/sehenden-auges-in-die-katastrophe\/\" \/>\n<meta property=\"og:site_name\" content=\"Zeitgeist? Frei!\" \/>\n<meta property=\"article:published_time\" content=\"2015-08-23T08:38:17+00:00\" \/>\n<meta property=\"article:modified_time\" content=\"2015-08-23T08:39:14+00:00\" \/>\n<meta name=\"author\" content=\"Orator\" \/>\n<meta name=\"twitter:label1\" content=\"Verfasst von\" \/>\n\t<meta name=\"twitter:data1\" content=\"Orator\" \/>\n\t<meta name=\"twitter:label2\" content=\"Gesch\u00e4tzte Lesezeit\" \/>\n\t<meta name=\"twitter:data2\" content=\"5\u00a0Minuten\" \/>\n<script type=\"application\/ld+json\" class=\"yoast-schema-graph\">{\"@context\":\"https:\\\/\\\/schema.org\",\"@graph\":[{\"@type\":\"Article\",\"@id\":\"https:\\\/\\\/www.inkultura-online.de\\\/politisch_unkorrekt\\\/sehenden-auges-in-die-katastrophe\\\/#article\",\"isPartOf\":{\"@id\":\"https:\\\/\\\/www.inkultura-online.de\\\/politisch_unkorrekt\\\/sehenden-auges-in-die-katastrophe\\\/\"},\"author\":{\"name\":\"Orator\",\"@id\":\"https:\\\/\\\/www.inkultura-online.de\\\/politisch_unkorrekt\\\/#\\\/schema\\\/person\\\/5b30b80e385478896a1de221e1994d86\"},\"headline\":\"Sehenden Auges in die Katastrophe\",\"datePublished\":\"2015-08-23T08:38:17+00:00\",\"dateModified\":\"2015-08-23T08:39:14+00:00\",\"mainEntityOfPage\":{\"@id\":\"https:\\\/\\\/www.inkultura-online.de\\\/politisch_unkorrekt\\\/sehenden-auges-in-die-katastrophe\\\/\"},\"wordCount\":930,\"commentCount\":0,\"publisher\":{\"@id\":\"https:\\\/\\\/www.inkultura-online.de\\\/politisch_unkorrekt\\\/#\\\/schema\\\/person\\\/5b30b80e385478896a1de221e1994d86\"},\"keywords\":[\"Fl\u00fcchtlinge\",\"Illegale\",\"Katastrophe\",\"Kolonisten\",\"Volksverr\u00e4ter\",\"zehn Milliarden Euro\"],\"articleSection\":[\"Antipathie\",\"So sieht\u00b4s aus\",\"Systemfehler\",\"Was die \\\"Qualit\u00e4tspresse\\\" gern verschweigt\"],\"inLanguage\":\"de\",\"potentialAction\":[{\"@type\":\"CommentAction\",\"name\":\"Comment\",\"target\":[\"https:\\\/\\\/www.inkultura-online.de\\\/politisch_unkorrekt\\\/sehenden-auges-in-die-katastrophe\\\/#respond\"]}]},{\"@type\":\"WebPage\",\"@id\":\"https:\\\/\\\/www.inkultura-online.de\\\/politisch_unkorrekt\\\/sehenden-auges-in-die-katastrophe\\\/\",\"url\":\"https:\\\/\\\/www.inkultura-online.de\\\/politisch_unkorrekt\\\/sehenden-auges-in-die-katastrophe\\\/\",\"name\":\"Sehenden Auges in die Katastrophe\",\"isPartOf\":{\"@id\":\"https:\\\/\\\/www.inkultura-online.de\\\/politisch_unkorrekt\\\/#website\"},\"datePublished\":\"2015-08-23T08:38:17+00:00\",\"dateModified\":\"2015-08-23T08:39:14+00:00\",\"breadcrumb\":{\"@id\":\"https:\\\/\\\/www.inkultura-online.de\\\/politisch_unkorrekt\\\/sehenden-auges-in-die-katastrophe\\\/#breadcrumb\"},\"inLanguage\":\"de\",\"potentialAction\":[{\"@type\":\"ReadAction\",\"target\":[\"https:\\\/\\\/www.inkultura-online.de\\\/politisch_unkorrekt\\\/sehenden-auges-in-die-katastrophe\\\/\"]}]},{\"@type\":\"BreadcrumbList\",\"@id\":\"https:\\\/\\\/www.inkultura-online.de\\\/politisch_unkorrekt\\\/sehenden-auges-in-die-katastrophe\\\/#breadcrumb\",\"itemListElement\":[{\"@type\":\"ListItem\",\"position\":1,\"name\":\"Home\",\"item\":\"https:\\\/\\\/www.inkultura-online.de\\\/politisch_unkorrekt\\\/\"},{\"@type\":\"ListItem\",\"position\":2,\"name\":\"Sehenden Auges in die Katastrophe\"}]},{\"@type\":\"WebSite\",\"@id\":\"https:\\\/\\\/www.inkultura-online.de\\\/politisch_unkorrekt\\\/#website\",\"url\":\"https:\\\/\\\/www.inkultura-online.de\\\/politisch_unkorrekt\\\/\",\"name\":\"Zeitgeist? Frei!\",\"description\":\"Was Ihr den Geist der Zeiten hei\u00dft...\",\"publisher\":{\"@id\":\"https:\\\/\\\/www.inkultura-online.de\\\/politisch_unkorrekt\\\/#\\\/schema\\\/person\\\/5b30b80e385478896a1de221e1994d86\"},\"potentialAction\":[{\"@type\":\"SearchAction\",\"target\":{\"@type\":\"EntryPoint\",\"urlTemplate\":\"https:\\\/\\\/www.inkultura-online.de\\\/politisch_unkorrekt\\\/?s={search_term_string}\"},\"query-input\":{\"@type\":\"PropertyValueSpecification\",\"valueRequired\":true,\"valueName\":\"search_term_string\"}}],\"inLanguage\":\"de\"},{\"@type\":[\"Person\",\"Organization\"],\"@id\":\"https:\\\/\\\/www.inkultura-online.de\\\/politisch_unkorrekt\\\/#\\\/schema\\\/person\\\/5b30b80e385478896a1de221e1994d86\",\"name\":\"Orator\",\"image\":{\"@type\":\"ImageObject\",\"inLanguage\":\"de\",\"@id\":\"https:\\\/\\\/secure.gravatar.com\\\/avatar\\\/96e03166d31716e9c437060430eb7605c45a8ce6fb6dab483637ca6915dd0844?s=96&d=mm&r=g\",\"url\":\"https:\\\/\\\/secure.gravatar.com\\\/avatar\\\/96e03166d31716e9c437060430eb7605c45a8ce6fb6dab483637ca6915dd0844?s=96&d=mm&r=g\",\"contentUrl\":\"https:\\\/\\\/secure.gravatar.com\\\/avatar\\\/96e03166d31716e9c437060430eb7605c45a8ce6fb6dab483637ca6915dd0844?s=96&d=mm&r=g\",\"caption\":\"Orator\"},\"logo\":{\"@id\":\"https:\\\/\\\/secure.gravatar.com\\\/avatar\\\/96e03166d31716e9c437060430eb7605c45a8ce6fb6dab483637ca6915dd0844?s=96&d=mm&r=g\"},\"url\":\"https:\\\/\\\/www.inkultura-online.de\\\/politisch_unkorrekt\\\/author\\\/1korrektor21-2\\\/\"}]}<\/script>\n<!-- \/ Yoast SEO plugin. -->","yoast_head_json":{"title":"Sehenden Auges in die Katastrophe","robots":{"index":"index","follow":"follow","max-snippet":"max-snippet:-1","max-image-preview":"max-image-preview:large","max-video-preview":"max-video-preview:-1"},"canonical":"https:\/\/www.inkultura-online.de\/politisch_unkorrekt\/sehenden-auges-in-die-katastrophe\/","og_locale":"de_DE","og_type":"article","og_title":"Sehenden Auges in die Katastrophe","og_description":"Deutschland widerf\u00e4hrt derzeit sein, nach dem Zweiten Weltkrieg, gr\u00f6\u00dftes Desaster. Unser Land wird von einer schier unvorstellbaren Menschenmasse \u00fcberrannt und die verantwortlichen Politiker tun \u2013 nichts. Allein dieses Jahr werden \u00fcber eine Million \u2033Fl\u00fcchtlinge\u2033 nach Deutschland kommen, das muss inzwischen &hellip; Weiterlesen &rarr;","og_url":"https:\/\/www.inkultura-online.de\/politisch_unkorrekt\/sehenden-auges-in-die-katastrophe\/","og_site_name":"Zeitgeist? Frei!","article_published_time":"2015-08-23T08:38:17+00:00","article_modified_time":"2015-08-23T08:39:14+00:00","author":"Orator","twitter_misc":{"Verfasst von":"Orator","Gesch\u00e4tzte Lesezeit":"5\u00a0Minuten"},"schema":{"@context":"https:\/\/schema.org","@graph":[{"@type":"Article","@id":"https:\/\/www.inkultura-online.de\/politisch_unkorrekt\/sehenden-auges-in-die-katastrophe\/#article","isPartOf":{"@id":"https:\/\/www.inkultura-online.de\/politisch_unkorrekt\/sehenden-auges-in-die-katastrophe\/"},"author":{"name":"Orator","@id":"https:\/\/www.inkultura-online.de\/politisch_unkorrekt\/#\/schema\/person\/5b30b80e385478896a1de221e1994d86"},"headline":"Sehenden Auges in die Katastrophe","datePublished":"2015-08-23T08:38:17+00:00","dateModified":"2015-08-23T08:39:14+00:00","mainEntityOfPage":{"@id":"https:\/\/www.inkultura-online.de\/politisch_unkorrekt\/sehenden-auges-in-die-katastrophe\/"},"wordCount":930,"commentCount":0,"publisher":{"@id":"https:\/\/www.inkultura-online.de\/politisch_unkorrekt\/#\/schema\/person\/5b30b80e385478896a1de221e1994d86"},"keywords":["Fl\u00fcchtlinge","Illegale","Katastrophe","Kolonisten","Volksverr\u00e4ter","zehn Milliarden Euro"],"articleSection":["Antipathie","So sieht\u00b4s aus","Systemfehler","Was die \"Qualit\u00e4tspresse\" gern verschweigt"],"inLanguage":"de","potentialAction":[{"@type":"CommentAction","name":"Comment","target":["https:\/\/www.inkultura-online.de\/politisch_unkorrekt\/sehenden-auges-in-die-katastrophe\/#respond"]}]},{"@type":"WebPage","@id":"https:\/\/www.inkultura-online.de\/politisch_unkorrekt\/sehenden-auges-in-die-katastrophe\/","url":"https:\/\/www.inkultura-online.de\/politisch_unkorrekt\/sehenden-auges-in-die-katastrophe\/","name":"Sehenden Auges in die Katastrophe","isPartOf":{"@id":"https:\/\/www.inkultura-online.de\/politisch_unkorrekt\/#website"},"datePublished":"2015-08-23T08:38:17+00:00","dateModified":"2015-08-23T08:39:14+00:00","breadcrumb":{"@id":"https:\/\/www.inkultura-online.de\/politisch_unkorrekt\/sehenden-auges-in-die-katastrophe\/#breadcrumb"},"inLanguage":"de","potentialAction":[{"@type":"ReadAction","target":["https:\/\/www.inkultura-online.de\/politisch_unkorrekt\/sehenden-auges-in-die-katastrophe\/"]}]},{"@type":"BreadcrumbList","@id":"https:\/\/www.inkultura-online.de\/politisch_unkorrekt\/sehenden-auges-in-die-katastrophe\/#breadcrumb","itemListElement":[{"@type":"ListItem","position":1,"name":"Home","item":"https:\/\/www.inkultura-online.de\/politisch_unkorrekt\/"},{"@type":"ListItem","position":2,"name":"Sehenden Auges in die Katastrophe"}]},{"@type":"WebSite","@id":"https:\/\/www.inkultura-online.de\/politisch_unkorrekt\/#website","url":"https:\/\/www.inkultura-online.de\/politisch_unkorrekt\/","name":"Zeitgeist? Frei!","description":"Was Ihr den Geist der Zeiten hei\u00dft...","publisher":{"@id":"https:\/\/www.inkultura-online.de\/politisch_unkorrekt\/#\/schema\/person\/5b30b80e385478896a1de221e1994d86"},"potentialAction":[{"@type":"SearchAction","target":{"@type":"EntryPoint","urlTemplate":"https:\/\/www.inkultura-online.de\/politisch_unkorrekt\/?s={search_term_string}"},"query-input":{"@type":"PropertyValueSpecification","valueRequired":true,"valueName":"search_term_string"}}],"inLanguage":"de"},{"@type":["Person","Organization"],"@id":"https:\/\/www.inkultura-online.de\/politisch_unkorrekt\/#\/schema\/person\/5b30b80e385478896a1de221e1994d86","name":"Orator","image":{"@type":"ImageObject","inLanguage":"de","@id":"https:\/\/secure.gravatar.com\/avatar\/96e03166d31716e9c437060430eb7605c45a8ce6fb6dab483637ca6915dd0844?s=96&d=mm&r=g","url":"https:\/\/secure.gravatar.com\/avatar\/96e03166d31716e9c437060430eb7605c45a8ce6fb6dab483637ca6915dd0844?s=96&d=mm&r=g","contentUrl":"https:\/\/secure.gravatar.com\/avatar\/96e03166d31716e9c437060430eb7605c45a8ce6fb6dab483637ca6915dd0844?s=96&d=mm&r=g","caption":"Orator"},"logo":{"@id":"https:\/\/secure.gravatar.com\/avatar\/96e03166d31716e9c437060430eb7605c45a8ce6fb6dab483637ca6915dd0844?s=96&d=mm&r=g"},"url":"https:\/\/www.inkultura-online.de\/politisch_unkorrekt\/author\/1korrektor21-2\/"}]}},"_links":{"self":[{"href":"https:\/\/www.inkultura-online.de\/politisch_unkorrekt\/wp-json\/wp\/v2\/posts\/658","targetHints":{"allow":["GET"]}}],"collection":[{"href":"https:\/\/www.inkultura-online.de\/politisch_unkorrekt\/wp-json\/wp\/v2\/posts"}],"about":[{"href":"https:\/\/www.inkultura-online.de\/politisch_unkorrekt\/wp-json\/wp\/v2\/types\/post"}],"author":[{"embeddable":true,"href":"https:\/\/www.inkultura-online.de\/politisch_unkorrekt\/wp-json\/wp\/v2\/users\/1"}],"replies":[{"embeddable":true,"href":"https:\/\/www.inkultura-online.de\/politisch_unkorrekt\/wp-json\/wp\/v2\/comments?post=658"}],"version-history":[{"count":2,"href":"https:\/\/www.inkultura-online.de\/politisch_unkorrekt\/wp-json\/wp\/v2\/posts\/658\/revisions"}],"predecessor-version":[{"id":660,"href":"https:\/\/www.inkultura-online.de\/politisch_unkorrekt\/wp-json\/wp\/v2\/posts\/658\/revisions\/660"}],"wp:attachment":[{"href":"https:\/\/www.inkultura-online.de\/politisch_unkorrekt\/wp-json\/wp\/v2\/media?parent=658"}],"wp:term":[{"taxonomy":"category","embeddable":true,"href":"https:\/\/www.inkultura-online.de\/politisch_unkorrekt\/wp-json\/wp\/v2\/categories?post=658"},{"taxonomy":"post_tag","embeddable":true,"href":"https:\/\/www.inkultura-online.de\/politisch_unkorrekt\/wp-json\/wp\/v2\/tags?post=658"}],"curies":[{"name":"wp","href":"https:\/\/api.w.org\/{rel}","templated":true}]}}