{"id":661,"date":"2015-08-25T15:45:42","date_gmt":"2015-08-25T13:45:42","guid":{"rendered":"http:\/\/www.inkultura-online.de\/politisch_unkorrekt\/?p=661"},"modified":"2015-08-25T15:48:48","modified_gmt":"2015-08-25T13:48:48","slug":"den-deutschen-qualitaetsmedien-entgangen","status":"publish","type":"post","link":"https:\/\/www.inkultura-online.de\/politisch_unkorrekt\/den-deutschen-qualitaetsmedien-entgangen\/","title":{"rendered":"Den deutschen &#8222;Qualit\u00e4tsmedien&#8220; entgangen"},"content":{"rendered":"<p><em>&#8222;Die normale demokratische Ordnung, in der B\u00fcrger sich an Politiker oder die Medien wenden k\u00f6nnen, um ihrer Meinung Geh\u00f6r zu verschaffen, ist in Schweden fast v\u00f6llig verschwunden. Die Websites von Zeitungen haben die Leserkommentarspalten entfernt, und die Politiker verschanzen sich hinter einer Mauer von Mitarbeitern, die Anrufer, die ihre Sorgen zum Ausdruck bringen, als &#8222;Rassisten&#8220; brandmarken und dann auflegen. Schweden wird von einer Macht regiert, die den demokratischen Prozess stillgelegt hat.&#8220;<\/em><\/p>\n<p>Ingrid Carlqvist auf <a href=\"http:\/\/de.gatestoneinstitute.org\/6399\/ikea-morde-schweden\" target=\"_blank\">Gatestone<\/a><\/p>\n<p>Da haben Schweden und Deutschland etwas gemeinsam, Volksverr\u00e4ter in exponierten Positionen.<\/p>\n<p>&nbsp;<\/p>\n","protected":false},"excerpt":{"rendered":"<p>&#8222;Die normale demokratische Ordnung, in der B\u00fcrger sich an Politiker oder die Medien wenden k\u00f6nnen, um ihrer Meinung Geh\u00f6r zu verschaffen, ist in Schweden fast v\u00f6llig verschwunden. Die Websites von Zeitungen haben die Leserkommentarspalten entfernt, und die Politiker verschanzen sich &hellip; <a href=\"https:\/\/www.inkultura-online.de\/politisch_unkorrekt\/den-deutschen-qualitaetsmedien-entgangen\/\">Weiterlesen <span class=\"meta-nav\">&rarr;<\/span><\/a><\/p>\n","protected":false},"author":1,"featured_media":0,"comment_status":"open","ping_status":"open","sticky":false,"template":"","format":"standard","meta":{"footnotes":""},"categories":[1],"tags":[360,359,361],"class_list":["post-661","post","type-post","status-publish","format-standard","hentry","category-fundstuecke","tag-einwandererkriminalitaet","tag-migrantenkriminalitaet","tag-zuwandererkriminalitaet"],"yoast_head":"<!-- This site is optimized with the Yoast SEO plugin v27.5 - https:\/\/yoast.com\/product\/yoast-seo-wordpress\/ -->\n<title>Den deutschen &quot;Qualit\u00e4tsmedien&quot; entgangen<\/title>\n<meta name=\"robots\" content=\"index, follow, max-snippet:-1, max-image-preview:large, max-video-preview:-1\" \/>\n<link rel=\"canonical\" href=\"https:\/\/www.inkultura-online.de\/politisch_unkorrekt\/den-deutschen-qualitaetsmedien-entgangen\/\" \/>\n<meta property=\"og:locale\" content=\"de_DE\" \/>\n<meta property=\"og:type\" content=\"article\" \/>\n<meta property=\"og:title\" content=\"Den deutschen &quot;Qualit\u00e4tsmedien&quot; entgangen\" \/>\n<meta property=\"og:description\" content=\"&#8222;Die normale demokratische Ordnung, in der B\u00fcrger sich an Politiker oder die Medien wenden k\u00f6nnen, um ihrer Meinung Geh\u00f6r zu verschaffen, ist in Schweden fast v\u00f6llig verschwunden. Die Websites von Zeitungen haben die Leserkommentarspalten entfernt, und die Politiker verschanzen sich &hellip; Weiterlesen &rarr;\" \/>\n<meta property=\"og:url\" content=\"https:\/\/www.inkultura-online.de\/politisch_unkorrekt\/den-deutschen-qualitaetsmedien-entgangen\/\" \/>\n<meta property=\"og:site_name\" content=\"Zeitgeist? Frei!\" \/>\n<meta property=\"article:published_time\" content=\"2015-08-25T13:45:42+00:00\" \/>\n<meta property=\"article:modified_time\" content=\"2015-08-25T13:48:48+00:00\" \/>\n<meta name=\"author\" content=\"Orator\" \/>\n<meta name=\"twitter:label1\" content=\"Verfasst von\" \/>\n\t<meta name=\"twitter:data1\" content=\"Orator\" \/>\n<script type=\"application\/ld+json\" class=\"yoast-schema-graph\">{\"@context\":\"https:\\\/\\\/schema.org\",\"@graph\":[{\"@type\":\"Article\",\"@id\":\"https:\\\/\\\/www.inkultura-online.de\\\/politisch_unkorrekt\\\/den-deutschen-qualitaetsmedien-entgangen\\\/#article\",\"isPartOf\":{\"@id\":\"https:\\\/\\\/www.inkultura-online.de\\\/politisch_unkorrekt\\\/den-deutschen-qualitaetsmedien-entgangen\\\/\"},\"author\":{\"name\":\"Orator\",\"@id\":\"https:\\\/\\\/www.inkultura-online.de\\\/politisch_unkorrekt\\\/#\\\/schema\\\/person\\\/5b30b80e385478896a1de221e1994d86\"},\"headline\":\"Den deutschen &#8222;Qualit\u00e4tsmedien&#8220; entgangen\",\"datePublished\":\"2015-08-25T13:45:42+00:00\",\"dateModified\":\"2015-08-25T13:48:48+00:00\",\"mainEntityOfPage\":{\"@id\":\"https:\\\/\\\/www.inkultura-online.de\\\/politisch_unkorrekt\\\/den-deutschen-qualitaetsmedien-entgangen\\\/\"},\"wordCount\":97,\"commentCount\":0,\"publisher\":{\"@id\":\"https:\\\/\\\/www.inkultura-online.de\\\/politisch_unkorrekt\\\/#\\\/schema\\\/person\\\/5b30b80e385478896a1de221e1994d86\"},\"keywords\":[\"Einwandererkriminalit\u00e4t\",\"MIgrantenkriminalit\u00e4t\",\"Zuwandererkriminalit\u00e4t\"],\"articleSection\":[\"Fundst\u00fccke\"],\"inLanguage\":\"de\",\"potentialAction\":[{\"@type\":\"CommentAction\",\"name\":\"Comment\",\"target\":[\"https:\\\/\\\/www.inkultura-online.de\\\/politisch_unkorrekt\\\/den-deutschen-qualitaetsmedien-entgangen\\\/#respond\"]}]},{\"@type\":\"WebPage\",\"@id\":\"https:\\\/\\\/www.inkultura-online.de\\\/politisch_unkorrekt\\\/den-deutschen-qualitaetsmedien-entgangen\\\/\",\"url\":\"https:\\\/\\\/www.inkultura-online.de\\\/politisch_unkorrekt\\\/den-deutschen-qualitaetsmedien-entgangen\\\/\",\"name\":\"Den deutschen \\\"Qualit\u00e4tsmedien\\\" entgangen\",\"isPartOf\":{\"@id\":\"https:\\\/\\\/www.inkultura-online.de\\\/politisch_unkorrekt\\\/#website\"},\"datePublished\":\"2015-08-25T13:45:42+00:00\",\"dateModified\":\"2015-08-25T13:48:48+00:00\",\"breadcrumb\":{\"@id\":\"https:\\\/\\\/www.inkultura-online.de\\\/politisch_unkorrekt\\\/den-deutschen-qualitaetsmedien-entgangen\\\/#breadcrumb\"},\"inLanguage\":\"de\",\"potentialAction\":[{\"@type\":\"ReadAction\",\"target\":[\"https:\\\/\\\/www.inkultura-online.de\\\/politisch_unkorrekt\\\/den-deutschen-qualitaetsmedien-entgangen\\\/\"]}]},{\"@type\":\"BreadcrumbList\",\"@id\":\"https:\\\/\\\/www.inkultura-online.de\\\/politisch_unkorrekt\\\/den-deutschen-qualitaetsmedien-entgangen\\\/#breadcrumb\",\"itemListElement\":[{\"@type\":\"ListItem\",\"position\":1,\"name\":\"Home\",\"item\":\"https:\\\/\\\/www.inkultura-online.de\\\/politisch_unkorrekt\\\/\"},{\"@type\":\"ListItem\",\"position\":2,\"name\":\"Den deutschen &#8222;Qualit\u00e4tsmedien&#8220; entgangen\"}]},{\"@type\":\"WebSite\",\"@id\":\"https:\\\/\\\/www.inkultura-online.de\\\/politisch_unkorrekt\\\/#website\",\"url\":\"https:\\\/\\\/www.inkultura-online.de\\\/politisch_unkorrekt\\\/\",\"name\":\"Zeitgeist? Frei!\",\"description\":\"Was Ihr den Geist der Zeiten hei\u00dft...\",\"publisher\":{\"@id\":\"https:\\\/\\\/www.inkultura-online.de\\\/politisch_unkorrekt\\\/#\\\/schema\\\/person\\\/5b30b80e385478896a1de221e1994d86\"},\"potentialAction\":[{\"@type\":\"SearchAction\",\"target\":{\"@type\":\"EntryPoint\",\"urlTemplate\":\"https:\\\/\\\/www.inkultura-online.de\\\/politisch_unkorrekt\\\/?s={search_term_string}\"},\"query-input\":{\"@type\":\"PropertyValueSpecification\",\"valueRequired\":true,\"valueName\":\"search_term_string\"}}],\"inLanguage\":\"de\"},{\"@type\":[\"Person\",\"Organization\"],\"@id\":\"https:\\\/\\\/www.inkultura-online.de\\\/politisch_unkorrekt\\\/#\\\/schema\\\/person\\\/5b30b80e385478896a1de221e1994d86\",\"name\":\"Orator\",\"image\":{\"@type\":\"ImageObject\",\"inLanguage\":\"de\",\"@id\":\"https:\\\/\\\/secure.gravatar.com\\\/avatar\\\/96e03166d31716e9c437060430eb7605c45a8ce6fb6dab483637ca6915dd0844?s=96&d=mm&r=g\",\"url\":\"https:\\\/\\\/secure.gravatar.com\\\/avatar\\\/96e03166d31716e9c437060430eb7605c45a8ce6fb6dab483637ca6915dd0844?s=96&d=mm&r=g\",\"contentUrl\":\"https:\\\/\\\/secure.gravatar.com\\\/avatar\\\/96e03166d31716e9c437060430eb7605c45a8ce6fb6dab483637ca6915dd0844?s=96&d=mm&r=g\",\"caption\":\"Orator\"},\"logo\":{\"@id\":\"https:\\\/\\\/secure.gravatar.com\\\/avatar\\\/96e03166d31716e9c437060430eb7605c45a8ce6fb6dab483637ca6915dd0844?s=96&d=mm&r=g\"},\"url\":\"https:\\\/\\\/www.inkultura-online.de\\\/politisch_unkorrekt\\\/author\\\/1korrektor21-2\\\/\"}]}<\/script>\n<!-- \/ Yoast SEO plugin. -->","yoast_head_json":{"title":"Den deutschen \"Qualit\u00e4tsmedien\" entgangen","robots":{"index":"index","follow":"follow","max-snippet":"max-snippet:-1","max-image-preview":"max-image-preview:large","max-video-preview":"max-video-preview:-1"},"canonical":"https:\/\/www.inkultura-online.de\/politisch_unkorrekt\/den-deutschen-qualitaetsmedien-entgangen\/","og_locale":"de_DE","og_type":"article","og_title":"Den deutschen \"Qualit\u00e4tsmedien\" entgangen","og_description":"&#8222;Die normale demokratische Ordnung, in der B\u00fcrger sich an Politiker oder die Medien wenden k\u00f6nnen, um ihrer Meinung Geh\u00f6r zu verschaffen, ist in Schweden fast v\u00f6llig verschwunden. Die Websites von Zeitungen haben die Leserkommentarspalten entfernt, und die Politiker verschanzen sich &hellip; Weiterlesen &rarr;","og_url":"https:\/\/www.inkultura-online.de\/politisch_unkorrekt\/den-deutschen-qualitaetsmedien-entgangen\/","og_site_name":"Zeitgeist? Frei!","article_published_time":"2015-08-25T13:45:42+00:00","article_modified_time":"2015-08-25T13:48:48+00:00","author":"Orator","twitter_misc":{"Verfasst von":"Orator"},"schema":{"@context":"https:\/\/schema.org","@graph":[{"@type":"Article","@id":"https:\/\/www.inkultura-online.de\/politisch_unkorrekt\/den-deutschen-qualitaetsmedien-entgangen\/#article","isPartOf":{"@id":"https:\/\/www.inkultura-online.de\/politisch_unkorrekt\/den-deutschen-qualitaetsmedien-entgangen\/"},"author":{"name":"Orator","@id":"https:\/\/www.inkultura-online.de\/politisch_unkorrekt\/#\/schema\/person\/5b30b80e385478896a1de221e1994d86"},"headline":"Den deutschen &#8222;Qualit\u00e4tsmedien&#8220; entgangen","datePublished":"2015-08-25T13:45:42+00:00","dateModified":"2015-08-25T13:48:48+00:00","mainEntityOfPage":{"@id":"https:\/\/www.inkultura-online.de\/politisch_unkorrekt\/den-deutschen-qualitaetsmedien-entgangen\/"},"wordCount":97,"commentCount":0,"publisher":{"@id":"https:\/\/www.inkultura-online.de\/politisch_unkorrekt\/#\/schema\/person\/5b30b80e385478896a1de221e1994d86"},"keywords":["Einwandererkriminalit\u00e4t","MIgrantenkriminalit\u00e4t","Zuwandererkriminalit\u00e4t"],"articleSection":["Fundst\u00fccke"],"inLanguage":"de","potentialAction":[{"@type":"CommentAction","name":"Comment","target":["https:\/\/www.inkultura-online.de\/politisch_unkorrekt\/den-deutschen-qualitaetsmedien-entgangen\/#respond"]}]},{"@type":"WebPage","@id":"https:\/\/www.inkultura-online.de\/politisch_unkorrekt\/den-deutschen-qualitaetsmedien-entgangen\/","url":"https:\/\/www.inkultura-online.de\/politisch_unkorrekt\/den-deutschen-qualitaetsmedien-entgangen\/","name":"Den deutschen \"Qualit\u00e4tsmedien\" entgangen","isPartOf":{"@id":"https:\/\/www.inkultura-online.de\/politisch_unkorrekt\/#website"},"datePublished":"2015-08-25T13:45:42+00:00","dateModified":"2015-08-25T13:48:48+00:00","breadcrumb":{"@id":"https:\/\/www.inkultura-online.de\/politisch_unkorrekt\/den-deutschen-qualitaetsmedien-entgangen\/#breadcrumb"},"inLanguage":"de","potentialAction":[{"@type":"ReadAction","target":["https:\/\/www.inkultura-online.de\/politisch_unkorrekt\/den-deutschen-qualitaetsmedien-entgangen\/"]}]},{"@type":"BreadcrumbList","@id":"https:\/\/www.inkultura-online.de\/politisch_unkorrekt\/den-deutschen-qualitaetsmedien-entgangen\/#breadcrumb","itemListElement":[{"@type":"ListItem","position":1,"name":"Home","item":"https:\/\/www.inkultura-online.de\/politisch_unkorrekt\/"},{"@type":"ListItem","position":2,"name":"Den deutschen &#8222;Qualit\u00e4tsmedien&#8220; entgangen"}]},{"@type":"WebSite","@id":"https:\/\/www.inkultura-online.de\/politisch_unkorrekt\/#website","url":"https:\/\/www.inkultura-online.de\/politisch_unkorrekt\/","name":"Zeitgeist? Frei!","description":"Was Ihr den Geist der Zeiten hei\u00dft...","publisher":{"@id":"https:\/\/www.inkultura-online.de\/politisch_unkorrekt\/#\/schema\/person\/5b30b80e385478896a1de221e1994d86"},"potentialAction":[{"@type":"SearchAction","target":{"@type":"EntryPoint","urlTemplate":"https:\/\/www.inkultura-online.de\/politisch_unkorrekt\/?s={search_term_string}"},"query-input":{"@type":"PropertyValueSpecification","valueRequired":true,"valueName":"search_term_string"}}],"inLanguage":"de"},{"@type":["Person","Organization"],"@id":"https:\/\/www.inkultura-online.de\/politisch_unkorrekt\/#\/schema\/person\/5b30b80e385478896a1de221e1994d86","name":"Orator","image":{"@type":"ImageObject","inLanguage":"de","@id":"https:\/\/secure.gravatar.com\/avatar\/96e03166d31716e9c437060430eb7605c45a8ce6fb6dab483637ca6915dd0844?s=96&d=mm&r=g","url":"https:\/\/secure.gravatar.com\/avatar\/96e03166d31716e9c437060430eb7605c45a8ce6fb6dab483637ca6915dd0844?s=96&d=mm&r=g","contentUrl":"https:\/\/secure.gravatar.com\/avatar\/96e03166d31716e9c437060430eb7605c45a8ce6fb6dab483637ca6915dd0844?s=96&d=mm&r=g","caption":"Orator"},"logo":{"@id":"https:\/\/secure.gravatar.com\/avatar\/96e03166d31716e9c437060430eb7605c45a8ce6fb6dab483637ca6915dd0844?s=96&d=mm&r=g"},"url":"https:\/\/www.inkultura-online.de\/politisch_unkorrekt\/author\/1korrektor21-2\/"}]}},"_links":{"self":[{"href":"https:\/\/www.inkultura-online.de\/politisch_unkorrekt\/wp-json\/wp\/v2\/posts\/661","targetHints":{"allow":["GET"]}}],"collection":[{"href":"https:\/\/www.inkultura-online.de\/politisch_unkorrekt\/wp-json\/wp\/v2\/posts"}],"about":[{"href":"https:\/\/www.inkultura-online.de\/politisch_unkorrekt\/wp-json\/wp\/v2\/types\/post"}],"author":[{"embeddable":true,"href":"https:\/\/www.inkultura-online.de\/politisch_unkorrekt\/wp-json\/wp\/v2\/users\/1"}],"replies":[{"embeddable":true,"href":"https:\/\/www.inkultura-online.de\/politisch_unkorrekt\/wp-json\/wp\/v2\/comments?post=661"}],"version-history":[{"count":2,"href":"https:\/\/www.inkultura-online.de\/politisch_unkorrekt\/wp-json\/wp\/v2\/posts\/661\/revisions"}],"predecessor-version":[{"id":663,"href":"https:\/\/www.inkultura-online.de\/politisch_unkorrekt\/wp-json\/wp\/v2\/posts\/661\/revisions\/663"}],"wp:attachment":[{"href":"https:\/\/www.inkultura-online.de\/politisch_unkorrekt\/wp-json\/wp\/v2\/media?parent=661"}],"wp:term":[{"taxonomy":"category","embeddable":true,"href":"https:\/\/www.inkultura-online.de\/politisch_unkorrekt\/wp-json\/wp\/v2\/categories?post=661"},{"taxonomy":"post_tag","embeddable":true,"href":"https:\/\/www.inkultura-online.de\/politisch_unkorrekt\/wp-json\/wp\/v2\/tags?post=661"}],"curies":[{"name":"wp","href":"https:\/\/api.w.org\/{rel}","templated":true}]}}