{"id":683,"date":"2015-08-30T13:24:27","date_gmt":"2015-08-30T11:24:27","guid":{"rendered":"http:\/\/www.inkultura-online.de\/politisch_unkorrekt\/?p=683"},"modified":"2015-08-30T13:24:46","modified_gmt":"2015-08-30T11:24:46","slug":"kritiker-der-regierung-leben-bald-gefaehrlich","status":"publish","type":"post","link":"https:\/\/www.inkultura-online.de\/politisch_unkorrekt\/kritiker-der-regierung-leben-bald-gefaehrlich\/","title":{"rendered":"Kritiker der Regierung leben bald gef\u00e4hrlich"},"content":{"rendered":"<p>Der Krieg gegen das eigene Volk, gef\u00fchrt von seiner herrschenden Elite:<\/p>\n<blockquote><p>&#8222;Es ist soweit: in der BRD darf man nur noch das ausdr\u00fccken, was die Regierung und ihre Lakaien verlautbaren. Jeder, der seinen eigenen Gedanken, Einstellungen und Meinungen Luft macht, wird sofort als Pack oder Radikalinski diffamiert, der mit Strafen belegt werden muss.&#8220;<\/p><\/blockquote>\n<p>Ein Beitrag vom <a href=\"http:\/\/www.contra-magazin.com\/2015\/08\/deutschland-auf-dem-weg-in-die-gesinnungsdiktatur\/\" target=\"_blank\">CONTRA-Magazin<\/a>, der Schlimmes bef\u00fcrchten l\u00e4sst.<\/p>\n","protected":false},"excerpt":{"rendered":"<p>Der Krieg gegen das eigene Volk, gef\u00fchrt von seiner herrschenden Elite: &#8222;Es ist soweit: in der BRD darf man nur noch das ausdr\u00fccken, was die Regierung und ihre Lakaien verlautbaren. Jeder, der seinen eigenen Gedanken, Einstellungen und Meinungen Luft macht, &hellip; <a href=\"https:\/\/www.inkultura-online.de\/politisch_unkorrekt\/kritiker-der-regierung-leben-bald-gefaehrlich\/\">Weiterlesen <span class=\"meta-nav\">&rarr;<\/span><\/a><\/p>\n","protected":false},"author":1,"featured_media":0,"comment_status":"open","ping_status":"open","sticky":false,"template":"","format":"standard","meta":{"footnotes":""},"categories":[1,30,10],"tags":[373,374,225],"class_list":["post-683","post","type-post","status-publish","format-standard","hentry","category-fundstuecke","category-so-siehts-aus","category-systemfehler","tag-gesinnungsdiktatur","tag-krieg-gegen-das-eigene-volk","tag-volksverraeter"],"yoast_head":"<!-- This site is optimized with the Yoast SEO plugin v27.5 - https:\/\/yoast.com\/product\/yoast-seo-wordpress\/ -->\n<title>Kritiker der Regierung leben bald gef\u00e4hrlich<\/title>\n<meta name=\"robots\" content=\"index, follow, max-snippet:-1, max-image-preview:large, max-video-preview:-1\" \/>\n<link rel=\"canonical\" href=\"https:\/\/www.inkultura-online.de\/politisch_unkorrekt\/kritiker-der-regierung-leben-bald-gefaehrlich\/\" \/>\n<meta property=\"og:locale\" content=\"de_DE\" \/>\n<meta property=\"og:type\" content=\"article\" \/>\n<meta property=\"og:title\" content=\"Kritiker der Regierung leben bald gef\u00e4hrlich\" \/>\n<meta property=\"og:description\" content=\"Der Krieg gegen das eigene Volk, gef\u00fchrt von seiner herrschenden Elite: &#8222;Es ist soweit: in der BRD darf man nur noch das ausdr\u00fccken, was die Regierung und ihre Lakaien verlautbaren. Jeder, der seinen eigenen Gedanken, Einstellungen und Meinungen Luft macht, &hellip; Weiterlesen &rarr;\" \/>\n<meta property=\"og:url\" content=\"https:\/\/www.inkultura-online.de\/politisch_unkorrekt\/kritiker-der-regierung-leben-bald-gefaehrlich\/\" \/>\n<meta property=\"og:site_name\" content=\"Zeitgeist? Frei!\" \/>\n<meta property=\"article:published_time\" content=\"2015-08-30T11:24:27+00:00\" \/>\n<meta property=\"article:modified_time\" content=\"2015-08-30T11:24:46+00:00\" \/>\n<meta name=\"author\" content=\"Orator\" \/>\n<meta name=\"twitter:label1\" content=\"Verfasst von\" \/>\n\t<meta name=\"twitter:data1\" content=\"Orator\" \/>\n<script type=\"application\/ld+json\" class=\"yoast-schema-graph\">{\"@context\":\"https:\\\/\\\/schema.org\",\"@graph\":[{\"@type\":\"Article\",\"@id\":\"https:\\\/\\\/www.inkultura-online.de\\\/politisch_unkorrekt\\\/kritiker-der-regierung-leben-bald-gefaehrlich\\\/#article\",\"isPartOf\":{\"@id\":\"https:\\\/\\\/www.inkultura-online.de\\\/politisch_unkorrekt\\\/kritiker-der-regierung-leben-bald-gefaehrlich\\\/\"},\"author\":{\"name\":\"Orator\",\"@id\":\"https:\\\/\\\/www.inkultura-online.de\\\/politisch_unkorrekt\\\/#\\\/schema\\\/person\\\/5b30b80e385478896a1de221e1994d86\"},\"headline\":\"Kritiker der Regierung leben bald gef\u00e4hrlich\",\"datePublished\":\"2015-08-30T11:24:27+00:00\",\"dateModified\":\"2015-08-30T11:24:46+00:00\",\"mainEntityOfPage\":{\"@id\":\"https:\\\/\\\/www.inkultura-online.de\\\/politisch_unkorrekt\\\/kritiker-der-regierung-leben-bald-gefaehrlich\\\/\"},\"wordCount\":72,\"commentCount\":0,\"publisher\":{\"@id\":\"https:\\\/\\\/www.inkultura-online.de\\\/politisch_unkorrekt\\\/#\\\/schema\\\/person\\\/5b30b80e385478896a1de221e1994d86\"},\"keywords\":[\"Gesinnungsdiktatur\",\"Krieg gegen das eigene Volk\",\"Volksverr\u00e4ter\"],\"articleSection\":[\"Fundst\u00fccke\",\"So sieht\u00b4s aus\",\"Systemfehler\"],\"inLanguage\":\"de\",\"potentialAction\":[{\"@type\":\"CommentAction\",\"name\":\"Comment\",\"target\":[\"https:\\\/\\\/www.inkultura-online.de\\\/politisch_unkorrekt\\\/kritiker-der-regierung-leben-bald-gefaehrlich\\\/#respond\"]}]},{\"@type\":\"WebPage\",\"@id\":\"https:\\\/\\\/www.inkultura-online.de\\\/politisch_unkorrekt\\\/kritiker-der-regierung-leben-bald-gefaehrlich\\\/\",\"url\":\"https:\\\/\\\/www.inkultura-online.de\\\/politisch_unkorrekt\\\/kritiker-der-regierung-leben-bald-gefaehrlich\\\/\",\"name\":\"Kritiker der Regierung leben bald gef\u00e4hrlich\",\"isPartOf\":{\"@id\":\"https:\\\/\\\/www.inkultura-online.de\\\/politisch_unkorrekt\\\/#website\"},\"datePublished\":\"2015-08-30T11:24:27+00:00\",\"dateModified\":\"2015-08-30T11:24:46+00:00\",\"breadcrumb\":{\"@id\":\"https:\\\/\\\/www.inkultura-online.de\\\/politisch_unkorrekt\\\/kritiker-der-regierung-leben-bald-gefaehrlich\\\/#breadcrumb\"},\"inLanguage\":\"de\",\"potentialAction\":[{\"@type\":\"ReadAction\",\"target\":[\"https:\\\/\\\/www.inkultura-online.de\\\/politisch_unkorrekt\\\/kritiker-der-regierung-leben-bald-gefaehrlich\\\/\"]}]},{\"@type\":\"BreadcrumbList\",\"@id\":\"https:\\\/\\\/www.inkultura-online.de\\\/politisch_unkorrekt\\\/kritiker-der-regierung-leben-bald-gefaehrlich\\\/#breadcrumb\",\"itemListElement\":[{\"@type\":\"ListItem\",\"position\":1,\"name\":\"Home\",\"item\":\"https:\\\/\\\/www.inkultura-online.de\\\/politisch_unkorrekt\\\/\"},{\"@type\":\"ListItem\",\"position\":2,\"name\":\"Kritiker der Regierung leben bald gef\u00e4hrlich\"}]},{\"@type\":\"WebSite\",\"@id\":\"https:\\\/\\\/www.inkultura-online.de\\\/politisch_unkorrekt\\\/#website\",\"url\":\"https:\\\/\\\/www.inkultura-online.de\\\/politisch_unkorrekt\\\/\",\"name\":\"Zeitgeist? Frei!\",\"description\":\"Was Ihr den Geist der Zeiten hei\u00dft...\",\"publisher\":{\"@id\":\"https:\\\/\\\/www.inkultura-online.de\\\/politisch_unkorrekt\\\/#\\\/schema\\\/person\\\/5b30b80e385478896a1de221e1994d86\"},\"potentialAction\":[{\"@type\":\"SearchAction\",\"target\":{\"@type\":\"EntryPoint\",\"urlTemplate\":\"https:\\\/\\\/www.inkultura-online.de\\\/politisch_unkorrekt\\\/?s={search_term_string}\"},\"query-input\":{\"@type\":\"PropertyValueSpecification\",\"valueRequired\":true,\"valueName\":\"search_term_string\"}}],\"inLanguage\":\"de\"},{\"@type\":[\"Person\",\"Organization\"],\"@id\":\"https:\\\/\\\/www.inkultura-online.de\\\/politisch_unkorrekt\\\/#\\\/schema\\\/person\\\/5b30b80e385478896a1de221e1994d86\",\"name\":\"Orator\",\"image\":{\"@type\":\"ImageObject\",\"inLanguage\":\"de\",\"@id\":\"https:\\\/\\\/secure.gravatar.com\\\/avatar\\\/96e03166d31716e9c437060430eb7605c45a8ce6fb6dab483637ca6915dd0844?s=96&d=mm&r=g\",\"url\":\"https:\\\/\\\/secure.gravatar.com\\\/avatar\\\/96e03166d31716e9c437060430eb7605c45a8ce6fb6dab483637ca6915dd0844?s=96&d=mm&r=g\",\"contentUrl\":\"https:\\\/\\\/secure.gravatar.com\\\/avatar\\\/96e03166d31716e9c437060430eb7605c45a8ce6fb6dab483637ca6915dd0844?s=96&d=mm&r=g\",\"caption\":\"Orator\"},\"logo\":{\"@id\":\"https:\\\/\\\/secure.gravatar.com\\\/avatar\\\/96e03166d31716e9c437060430eb7605c45a8ce6fb6dab483637ca6915dd0844?s=96&d=mm&r=g\"},\"url\":\"https:\\\/\\\/www.inkultura-online.de\\\/politisch_unkorrekt\\\/author\\\/1korrektor21-2\\\/\"}]}<\/script>\n<!-- \/ Yoast SEO plugin. -->","yoast_head_json":{"title":"Kritiker der Regierung leben bald gef\u00e4hrlich","robots":{"index":"index","follow":"follow","max-snippet":"max-snippet:-1","max-image-preview":"max-image-preview:large","max-video-preview":"max-video-preview:-1"},"canonical":"https:\/\/www.inkultura-online.de\/politisch_unkorrekt\/kritiker-der-regierung-leben-bald-gefaehrlich\/","og_locale":"de_DE","og_type":"article","og_title":"Kritiker der Regierung leben bald gef\u00e4hrlich","og_description":"Der Krieg gegen das eigene Volk, gef\u00fchrt von seiner herrschenden Elite: &#8222;Es ist soweit: in der BRD darf man nur noch das ausdr\u00fccken, was die Regierung und ihre Lakaien verlautbaren. Jeder, der seinen eigenen Gedanken, Einstellungen und Meinungen Luft macht, &hellip; Weiterlesen &rarr;","og_url":"https:\/\/www.inkultura-online.de\/politisch_unkorrekt\/kritiker-der-regierung-leben-bald-gefaehrlich\/","og_site_name":"Zeitgeist? Frei!","article_published_time":"2015-08-30T11:24:27+00:00","article_modified_time":"2015-08-30T11:24:46+00:00","author":"Orator","twitter_misc":{"Verfasst von":"Orator"},"schema":{"@context":"https:\/\/schema.org","@graph":[{"@type":"Article","@id":"https:\/\/www.inkultura-online.de\/politisch_unkorrekt\/kritiker-der-regierung-leben-bald-gefaehrlich\/#article","isPartOf":{"@id":"https:\/\/www.inkultura-online.de\/politisch_unkorrekt\/kritiker-der-regierung-leben-bald-gefaehrlich\/"},"author":{"name":"Orator","@id":"https:\/\/www.inkultura-online.de\/politisch_unkorrekt\/#\/schema\/person\/5b30b80e385478896a1de221e1994d86"},"headline":"Kritiker der Regierung leben bald gef\u00e4hrlich","datePublished":"2015-08-30T11:24:27+00:00","dateModified":"2015-08-30T11:24:46+00:00","mainEntityOfPage":{"@id":"https:\/\/www.inkultura-online.de\/politisch_unkorrekt\/kritiker-der-regierung-leben-bald-gefaehrlich\/"},"wordCount":72,"commentCount":0,"publisher":{"@id":"https:\/\/www.inkultura-online.de\/politisch_unkorrekt\/#\/schema\/person\/5b30b80e385478896a1de221e1994d86"},"keywords":["Gesinnungsdiktatur","Krieg gegen das eigene Volk","Volksverr\u00e4ter"],"articleSection":["Fundst\u00fccke","So sieht\u00b4s aus","Systemfehler"],"inLanguage":"de","potentialAction":[{"@type":"CommentAction","name":"Comment","target":["https:\/\/www.inkultura-online.de\/politisch_unkorrekt\/kritiker-der-regierung-leben-bald-gefaehrlich\/#respond"]}]},{"@type":"WebPage","@id":"https:\/\/www.inkultura-online.de\/politisch_unkorrekt\/kritiker-der-regierung-leben-bald-gefaehrlich\/","url":"https:\/\/www.inkultura-online.de\/politisch_unkorrekt\/kritiker-der-regierung-leben-bald-gefaehrlich\/","name":"Kritiker der Regierung leben bald gef\u00e4hrlich","isPartOf":{"@id":"https:\/\/www.inkultura-online.de\/politisch_unkorrekt\/#website"},"datePublished":"2015-08-30T11:24:27+00:00","dateModified":"2015-08-30T11:24:46+00:00","breadcrumb":{"@id":"https:\/\/www.inkultura-online.de\/politisch_unkorrekt\/kritiker-der-regierung-leben-bald-gefaehrlich\/#breadcrumb"},"inLanguage":"de","potentialAction":[{"@type":"ReadAction","target":["https:\/\/www.inkultura-online.de\/politisch_unkorrekt\/kritiker-der-regierung-leben-bald-gefaehrlich\/"]}]},{"@type":"BreadcrumbList","@id":"https:\/\/www.inkultura-online.de\/politisch_unkorrekt\/kritiker-der-regierung-leben-bald-gefaehrlich\/#breadcrumb","itemListElement":[{"@type":"ListItem","position":1,"name":"Home","item":"https:\/\/www.inkultura-online.de\/politisch_unkorrekt\/"},{"@type":"ListItem","position":2,"name":"Kritiker der Regierung leben bald gef\u00e4hrlich"}]},{"@type":"WebSite","@id":"https:\/\/www.inkultura-online.de\/politisch_unkorrekt\/#website","url":"https:\/\/www.inkultura-online.de\/politisch_unkorrekt\/","name":"Zeitgeist? Frei!","description":"Was Ihr den Geist der Zeiten hei\u00dft...","publisher":{"@id":"https:\/\/www.inkultura-online.de\/politisch_unkorrekt\/#\/schema\/person\/5b30b80e385478896a1de221e1994d86"},"potentialAction":[{"@type":"SearchAction","target":{"@type":"EntryPoint","urlTemplate":"https:\/\/www.inkultura-online.de\/politisch_unkorrekt\/?s={search_term_string}"},"query-input":{"@type":"PropertyValueSpecification","valueRequired":true,"valueName":"search_term_string"}}],"inLanguage":"de"},{"@type":["Person","Organization"],"@id":"https:\/\/www.inkultura-online.de\/politisch_unkorrekt\/#\/schema\/person\/5b30b80e385478896a1de221e1994d86","name":"Orator","image":{"@type":"ImageObject","inLanguage":"de","@id":"https:\/\/secure.gravatar.com\/avatar\/96e03166d31716e9c437060430eb7605c45a8ce6fb6dab483637ca6915dd0844?s=96&d=mm&r=g","url":"https:\/\/secure.gravatar.com\/avatar\/96e03166d31716e9c437060430eb7605c45a8ce6fb6dab483637ca6915dd0844?s=96&d=mm&r=g","contentUrl":"https:\/\/secure.gravatar.com\/avatar\/96e03166d31716e9c437060430eb7605c45a8ce6fb6dab483637ca6915dd0844?s=96&d=mm&r=g","caption":"Orator"},"logo":{"@id":"https:\/\/secure.gravatar.com\/avatar\/96e03166d31716e9c437060430eb7605c45a8ce6fb6dab483637ca6915dd0844?s=96&d=mm&r=g"},"url":"https:\/\/www.inkultura-online.de\/politisch_unkorrekt\/author\/1korrektor21-2\/"}]}},"_links":{"self":[{"href":"https:\/\/www.inkultura-online.de\/politisch_unkorrekt\/wp-json\/wp\/v2\/posts\/683","targetHints":{"allow":["GET"]}}],"collection":[{"href":"https:\/\/www.inkultura-online.de\/politisch_unkorrekt\/wp-json\/wp\/v2\/posts"}],"about":[{"href":"https:\/\/www.inkultura-online.de\/politisch_unkorrekt\/wp-json\/wp\/v2\/types\/post"}],"author":[{"embeddable":true,"href":"https:\/\/www.inkultura-online.de\/politisch_unkorrekt\/wp-json\/wp\/v2\/users\/1"}],"replies":[{"embeddable":true,"href":"https:\/\/www.inkultura-online.de\/politisch_unkorrekt\/wp-json\/wp\/v2\/comments?post=683"}],"version-history":[{"count":2,"href":"https:\/\/www.inkultura-online.de\/politisch_unkorrekt\/wp-json\/wp\/v2\/posts\/683\/revisions"}],"predecessor-version":[{"id":685,"href":"https:\/\/www.inkultura-online.de\/politisch_unkorrekt\/wp-json\/wp\/v2\/posts\/683\/revisions\/685"}],"wp:attachment":[{"href":"https:\/\/www.inkultura-online.de\/politisch_unkorrekt\/wp-json\/wp\/v2\/media?parent=683"}],"wp:term":[{"taxonomy":"category","embeddable":true,"href":"https:\/\/www.inkultura-online.de\/politisch_unkorrekt\/wp-json\/wp\/v2\/categories?post=683"},{"taxonomy":"post_tag","embeddable":true,"href":"https:\/\/www.inkultura-online.de\/politisch_unkorrekt\/wp-json\/wp\/v2\/tags?post=683"}],"curies":[{"name":"wp","href":"https:\/\/api.w.org\/{rel}","templated":true}]}}