{"id":722,"date":"2015-09-27T20:46:25","date_gmt":"2015-09-27T18:46:25","guid":{"rendered":"http:\/\/www.inkultura-online.de\/politisch_unkorrekt\/?p=722"},"modified":"2015-09-27T20:47:50","modified_gmt":"2015-09-27T18:47:50","slug":"subversiv-ist-kreativ","status":"publish","type":"post","link":"https:\/\/www.inkultura-online.de\/politisch_unkorrekt\/subversiv-ist-kreativ\/","title":{"rendered":"Subversiv ist kreativ"},"content":{"rendered":"<p>Wer den aktuellen Irrsinn des \u2033Fl\u00fcchtling, Fl\u00fcchtling \u00fcber alles\u2033 politisch!!! bek\u00e4mpfen will, der muss, da die herrschenden Eliten die ver\u00f6ffentlichte Diskussion in den hofberichterstattenden Medien bestimmen, subversiv vorgehen. Berechtigte Kritik perlt an den f\u00fcr das zuk\u00fcnftige Chaos verantwortlichen Politikern ab wie Wasser an der Lotospflanze.<!--more--><\/p>\n<p>Um so wichtiger sind Aktionen, wie die jetzt von Unbekannten an einige Brandenburger Haushalte verschickten Briefe, die, wie der <a href=\"http:\/\/www.tagesspiegel.de\/berlin\/luegenpost-im-briefkasten-das-maerchen-von-der-zwangsunterbringung-von-fluechtlingen\/12373270.html\" target=\"_blank\">Berliner Tagesspiegel<\/a> berichtet, ein Briefbogen im Layout des Landkreises Oberhavel nutzen, die Kontaktdaten des Pressesprechers angeben und dessen Unterschrift gef\u00e4lscht haben und in denen die Bev\u00f6lkerung \u00fcber zu erwartende Zwangsma\u00dfnahmen in Bezug auf die Unterbringung von sog. \u2033Fl\u00fcchtlingen\u2033 informiert.<\/p>\n<p>Jeder B\u00fcrger, so die Initiatoren der subversiven Aktion, der \u00fcber mehr als 12 Quadratmeter Wohnraum verf\u00fcgt, m\u00fcsse einen oder mehrere \u2033Fl\u00fcchtlinge\u2033 aufnehmen. Klar, dass dieses Schreiben f\u00fcr Aufregung sorgt. Hoffentlich, und das ist wohl auch das Ziel der bislang unbekannten Absender, sorgen solche subversiven Aktionen \u2013 die Staatsanwaltschaft Neuruppin und Polizeidirektion Nord\/Oberhavel ermitteln in diesem Fall wegen des Verdachts der Urkundenf\u00e4lschung und (sic) Volksverhetzung \u2013 daf\u00fcr, dass auch dem letzten Michel klar wird, was er in Zukunft von seinen Volksverr\u00e4tern, Verzeihung, Volksvertretern zu erwarten hat.<\/p>\n<p>Vor nichts f\u00fcrchten sich die herrschenden Volksaustauscher mehr als der Ironie der Subversivit\u00e4t, denn sie zeigt schonungslos den Wahnsinn der aktuellen Politik, die das Eigene missachtet und das Fremde \u2013 den Fremden \u2013 als vermeintliche Zukunftschance unserer Heimat lobpreist.<\/p>\n<p>Subversiv ist kreativ \u2013 mehr davon!<\/p>\n","protected":false},"excerpt":{"rendered":"<p>Wer den aktuellen Irrsinn des \u2033Fl\u00fcchtling, Fl\u00fcchtling \u00fcber alles\u2033 politisch!!! bek\u00e4mpfen will, der muss, da die herrschenden Eliten die ver\u00f6ffentlichte Diskussion in den hofberichterstattenden Medien bestimmen, subversiv vorgehen. Berechtigte Kritik perlt an den f\u00fcr das zuk\u00fcnftige Chaos verantwortlichen Politikern ab &hellip; <a href=\"https:\/\/www.inkultura-online.de\/politisch_unkorrekt\/subversiv-ist-kreativ\/\">Weiterlesen <span class=\"meta-nav\">&rarr;<\/span><\/a><\/p>\n","protected":false},"author":1,"featured_media":0,"comment_status":"open","ping_status":"open","sticky":false,"template":"","format":"standard","meta":{"footnotes":""},"categories":[1],"tags":[271,79,43,396,387],"class_list":["post-722","post","type-post","status-publish","format-standard","hentry","category-fundstuecke","tag-asylirrsinn","tag-fluechtlinge","tag-kreativ","tag-subversiv","tag-volksaustauscher"],"yoast_head":"<!-- This site is optimized with the Yoast SEO plugin v27.5 - https:\/\/yoast.com\/product\/yoast-seo-wordpress\/ -->\n<title>Subversiv ist kreativ<\/title>\n<meta name=\"robots\" content=\"index, follow, max-snippet:-1, max-image-preview:large, max-video-preview:-1\" \/>\n<link rel=\"canonical\" href=\"https:\/\/www.inkultura-online.de\/politisch_unkorrekt\/subversiv-ist-kreativ\/\" \/>\n<meta property=\"og:locale\" content=\"de_DE\" \/>\n<meta property=\"og:type\" content=\"article\" \/>\n<meta property=\"og:title\" content=\"Subversiv ist kreativ\" \/>\n<meta property=\"og:description\" content=\"Wer den aktuellen Irrsinn des \u2033Fl\u00fcchtling, Fl\u00fcchtling \u00fcber alles\u2033 politisch!!! bek\u00e4mpfen will, der muss, da die herrschenden Eliten die ver\u00f6ffentlichte Diskussion in den hofberichterstattenden Medien bestimmen, subversiv vorgehen. Berechtigte Kritik perlt an den f\u00fcr das zuk\u00fcnftige Chaos verantwortlichen Politikern ab &hellip; Weiterlesen &rarr;\" \/>\n<meta property=\"og:url\" content=\"https:\/\/www.inkultura-online.de\/politisch_unkorrekt\/subversiv-ist-kreativ\/\" \/>\n<meta property=\"og:site_name\" content=\"Zeitgeist? Frei!\" \/>\n<meta property=\"article:published_time\" content=\"2015-09-27T18:46:25+00:00\" \/>\n<meta property=\"article:modified_time\" content=\"2015-09-27T18:47:50+00:00\" \/>\n<meta name=\"author\" content=\"Orator\" \/>\n<meta name=\"twitter:label1\" content=\"Verfasst von\" \/>\n\t<meta name=\"twitter:data1\" content=\"Orator\" \/>\n\t<meta name=\"twitter:label2\" content=\"Gesch\u00e4tzte Lesezeit\" \/>\n\t<meta name=\"twitter:data2\" content=\"1\u00a0Minute\" \/>\n<script type=\"application\/ld+json\" class=\"yoast-schema-graph\">{\"@context\":\"https:\\\/\\\/schema.org\",\"@graph\":[{\"@type\":\"Article\",\"@id\":\"https:\\\/\\\/www.inkultura-online.de\\\/politisch_unkorrekt\\\/subversiv-ist-kreativ\\\/#article\",\"isPartOf\":{\"@id\":\"https:\\\/\\\/www.inkultura-online.de\\\/politisch_unkorrekt\\\/subversiv-ist-kreativ\\\/\"},\"author\":{\"name\":\"Orator\",\"@id\":\"https:\\\/\\\/www.inkultura-online.de\\\/politisch_unkorrekt\\\/#\\\/schema\\\/person\\\/5b30b80e385478896a1de221e1994d86\"},\"headline\":\"Subversiv ist kreativ\",\"datePublished\":\"2015-09-27T18:46:25+00:00\",\"dateModified\":\"2015-09-27T18:47:50+00:00\",\"mainEntityOfPage\":{\"@id\":\"https:\\\/\\\/www.inkultura-online.de\\\/politisch_unkorrekt\\\/subversiv-ist-kreativ\\\/\"},\"wordCount\":251,\"commentCount\":0,\"publisher\":{\"@id\":\"https:\\\/\\\/www.inkultura-online.de\\\/politisch_unkorrekt\\\/#\\\/schema\\\/person\\\/5b30b80e385478896a1de221e1994d86\"},\"keywords\":[\"Asylirrsinn\",\"Fl\u00fcchtlinge\",\"Kreativ\",\"Subversiv\",\"Volksaustauscher\"],\"articleSection\":[\"Fundst\u00fccke\"],\"inLanguage\":\"de\",\"potentialAction\":[{\"@type\":\"CommentAction\",\"name\":\"Comment\",\"target\":[\"https:\\\/\\\/www.inkultura-online.de\\\/politisch_unkorrekt\\\/subversiv-ist-kreativ\\\/#respond\"]}]},{\"@type\":\"WebPage\",\"@id\":\"https:\\\/\\\/www.inkultura-online.de\\\/politisch_unkorrekt\\\/subversiv-ist-kreativ\\\/\",\"url\":\"https:\\\/\\\/www.inkultura-online.de\\\/politisch_unkorrekt\\\/subversiv-ist-kreativ\\\/\",\"name\":\"Subversiv ist kreativ\",\"isPartOf\":{\"@id\":\"https:\\\/\\\/www.inkultura-online.de\\\/politisch_unkorrekt\\\/#website\"},\"datePublished\":\"2015-09-27T18:46:25+00:00\",\"dateModified\":\"2015-09-27T18:47:50+00:00\",\"breadcrumb\":{\"@id\":\"https:\\\/\\\/www.inkultura-online.de\\\/politisch_unkorrekt\\\/subversiv-ist-kreativ\\\/#breadcrumb\"},\"inLanguage\":\"de\",\"potentialAction\":[{\"@type\":\"ReadAction\",\"target\":[\"https:\\\/\\\/www.inkultura-online.de\\\/politisch_unkorrekt\\\/subversiv-ist-kreativ\\\/\"]}]},{\"@type\":\"BreadcrumbList\",\"@id\":\"https:\\\/\\\/www.inkultura-online.de\\\/politisch_unkorrekt\\\/subversiv-ist-kreativ\\\/#breadcrumb\",\"itemListElement\":[{\"@type\":\"ListItem\",\"position\":1,\"name\":\"Home\",\"item\":\"https:\\\/\\\/www.inkultura-online.de\\\/politisch_unkorrekt\\\/\"},{\"@type\":\"ListItem\",\"position\":2,\"name\":\"Subversiv ist kreativ\"}]},{\"@type\":\"WebSite\",\"@id\":\"https:\\\/\\\/www.inkultura-online.de\\\/politisch_unkorrekt\\\/#website\",\"url\":\"https:\\\/\\\/www.inkultura-online.de\\\/politisch_unkorrekt\\\/\",\"name\":\"Zeitgeist? Frei!\",\"description\":\"Was Ihr den Geist der Zeiten hei\u00dft...\",\"publisher\":{\"@id\":\"https:\\\/\\\/www.inkultura-online.de\\\/politisch_unkorrekt\\\/#\\\/schema\\\/person\\\/5b30b80e385478896a1de221e1994d86\"},\"potentialAction\":[{\"@type\":\"SearchAction\",\"target\":{\"@type\":\"EntryPoint\",\"urlTemplate\":\"https:\\\/\\\/www.inkultura-online.de\\\/politisch_unkorrekt\\\/?s={search_term_string}\"},\"query-input\":{\"@type\":\"PropertyValueSpecification\",\"valueRequired\":true,\"valueName\":\"search_term_string\"}}],\"inLanguage\":\"de\"},{\"@type\":[\"Person\",\"Organization\"],\"@id\":\"https:\\\/\\\/www.inkultura-online.de\\\/politisch_unkorrekt\\\/#\\\/schema\\\/person\\\/5b30b80e385478896a1de221e1994d86\",\"name\":\"Orator\",\"image\":{\"@type\":\"ImageObject\",\"inLanguage\":\"de\",\"@id\":\"https:\\\/\\\/secure.gravatar.com\\\/avatar\\\/96e03166d31716e9c437060430eb7605c45a8ce6fb6dab483637ca6915dd0844?s=96&d=mm&r=g\",\"url\":\"https:\\\/\\\/secure.gravatar.com\\\/avatar\\\/96e03166d31716e9c437060430eb7605c45a8ce6fb6dab483637ca6915dd0844?s=96&d=mm&r=g\",\"contentUrl\":\"https:\\\/\\\/secure.gravatar.com\\\/avatar\\\/96e03166d31716e9c437060430eb7605c45a8ce6fb6dab483637ca6915dd0844?s=96&d=mm&r=g\",\"caption\":\"Orator\"},\"logo\":{\"@id\":\"https:\\\/\\\/secure.gravatar.com\\\/avatar\\\/96e03166d31716e9c437060430eb7605c45a8ce6fb6dab483637ca6915dd0844?s=96&d=mm&r=g\"},\"url\":\"https:\\\/\\\/www.inkultura-online.de\\\/politisch_unkorrekt\\\/author\\\/1korrektor21-2\\\/\"}]}<\/script>\n<!-- \/ Yoast SEO plugin. -->","yoast_head_json":{"title":"Subversiv ist kreativ","robots":{"index":"index","follow":"follow","max-snippet":"max-snippet:-1","max-image-preview":"max-image-preview:large","max-video-preview":"max-video-preview:-1"},"canonical":"https:\/\/www.inkultura-online.de\/politisch_unkorrekt\/subversiv-ist-kreativ\/","og_locale":"de_DE","og_type":"article","og_title":"Subversiv ist kreativ","og_description":"Wer den aktuellen Irrsinn des \u2033Fl\u00fcchtling, Fl\u00fcchtling \u00fcber alles\u2033 politisch!!! bek\u00e4mpfen will, der muss, da die herrschenden Eliten die ver\u00f6ffentlichte Diskussion in den hofberichterstattenden Medien bestimmen, subversiv vorgehen. Berechtigte Kritik perlt an den f\u00fcr das zuk\u00fcnftige Chaos verantwortlichen Politikern ab &hellip; Weiterlesen &rarr;","og_url":"https:\/\/www.inkultura-online.de\/politisch_unkorrekt\/subversiv-ist-kreativ\/","og_site_name":"Zeitgeist? Frei!","article_published_time":"2015-09-27T18:46:25+00:00","article_modified_time":"2015-09-27T18:47:50+00:00","author":"Orator","twitter_misc":{"Verfasst von":"Orator","Gesch\u00e4tzte Lesezeit":"1\u00a0Minute"},"schema":{"@context":"https:\/\/schema.org","@graph":[{"@type":"Article","@id":"https:\/\/www.inkultura-online.de\/politisch_unkorrekt\/subversiv-ist-kreativ\/#article","isPartOf":{"@id":"https:\/\/www.inkultura-online.de\/politisch_unkorrekt\/subversiv-ist-kreativ\/"},"author":{"name":"Orator","@id":"https:\/\/www.inkultura-online.de\/politisch_unkorrekt\/#\/schema\/person\/5b30b80e385478896a1de221e1994d86"},"headline":"Subversiv ist kreativ","datePublished":"2015-09-27T18:46:25+00:00","dateModified":"2015-09-27T18:47:50+00:00","mainEntityOfPage":{"@id":"https:\/\/www.inkultura-online.de\/politisch_unkorrekt\/subversiv-ist-kreativ\/"},"wordCount":251,"commentCount":0,"publisher":{"@id":"https:\/\/www.inkultura-online.de\/politisch_unkorrekt\/#\/schema\/person\/5b30b80e385478896a1de221e1994d86"},"keywords":["Asylirrsinn","Fl\u00fcchtlinge","Kreativ","Subversiv","Volksaustauscher"],"articleSection":["Fundst\u00fccke"],"inLanguage":"de","potentialAction":[{"@type":"CommentAction","name":"Comment","target":["https:\/\/www.inkultura-online.de\/politisch_unkorrekt\/subversiv-ist-kreativ\/#respond"]}]},{"@type":"WebPage","@id":"https:\/\/www.inkultura-online.de\/politisch_unkorrekt\/subversiv-ist-kreativ\/","url":"https:\/\/www.inkultura-online.de\/politisch_unkorrekt\/subversiv-ist-kreativ\/","name":"Subversiv ist kreativ","isPartOf":{"@id":"https:\/\/www.inkultura-online.de\/politisch_unkorrekt\/#website"},"datePublished":"2015-09-27T18:46:25+00:00","dateModified":"2015-09-27T18:47:50+00:00","breadcrumb":{"@id":"https:\/\/www.inkultura-online.de\/politisch_unkorrekt\/subversiv-ist-kreativ\/#breadcrumb"},"inLanguage":"de","potentialAction":[{"@type":"ReadAction","target":["https:\/\/www.inkultura-online.de\/politisch_unkorrekt\/subversiv-ist-kreativ\/"]}]},{"@type":"BreadcrumbList","@id":"https:\/\/www.inkultura-online.de\/politisch_unkorrekt\/subversiv-ist-kreativ\/#breadcrumb","itemListElement":[{"@type":"ListItem","position":1,"name":"Home","item":"https:\/\/www.inkultura-online.de\/politisch_unkorrekt\/"},{"@type":"ListItem","position":2,"name":"Subversiv ist kreativ"}]},{"@type":"WebSite","@id":"https:\/\/www.inkultura-online.de\/politisch_unkorrekt\/#website","url":"https:\/\/www.inkultura-online.de\/politisch_unkorrekt\/","name":"Zeitgeist? Frei!","description":"Was Ihr den Geist der Zeiten hei\u00dft...","publisher":{"@id":"https:\/\/www.inkultura-online.de\/politisch_unkorrekt\/#\/schema\/person\/5b30b80e385478896a1de221e1994d86"},"potentialAction":[{"@type":"SearchAction","target":{"@type":"EntryPoint","urlTemplate":"https:\/\/www.inkultura-online.de\/politisch_unkorrekt\/?s={search_term_string}"},"query-input":{"@type":"PropertyValueSpecification","valueRequired":true,"valueName":"search_term_string"}}],"inLanguage":"de"},{"@type":["Person","Organization"],"@id":"https:\/\/www.inkultura-online.de\/politisch_unkorrekt\/#\/schema\/person\/5b30b80e385478896a1de221e1994d86","name":"Orator","image":{"@type":"ImageObject","inLanguage":"de","@id":"https:\/\/secure.gravatar.com\/avatar\/96e03166d31716e9c437060430eb7605c45a8ce6fb6dab483637ca6915dd0844?s=96&d=mm&r=g","url":"https:\/\/secure.gravatar.com\/avatar\/96e03166d31716e9c437060430eb7605c45a8ce6fb6dab483637ca6915dd0844?s=96&d=mm&r=g","contentUrl":"https:\/\/secure.gravatar.com\/avatar\/96e03166d31716e9c437060430eb7605c45a8ce6fb6dab483637ca6915dd0844?s=96&d=mm&r=g","caption":"Orator"},"logo":{"@id":"https:\/\/secure.gravatar.com\/avatar\/96e03166d31716e9c437060430eb7605c45a8ce6fb6dab483637ca6915dd0844?s=96&d=mm&r=g"},"url":"https:\/\/www.inkultura-online.de\/politisch_unkorrekt\/author\/1korrektor21-2\/"}]}},"_links":{"self":[{"href":"https:\/\/www.inkultura-online.de\/politisch_unkorrekt\/wp-json\/wp\/v2\/posts\/722","targetHints":{"allow":["GET"]}}],"collection":[{"href":"https:\/\/www.inkultura-online.de\/politisch_unkorrekt\/wp-json\/wp\/v2\/posts"}],"about":[{"href":"https:\/\/www.inkultura-online.de\/politisch_unkorrekt\/wp-json\/wp\/v2\/types\/post"}],"author":[{"embeddable":true,"href":"https:\/\/www.inkultura-online.de\/politisch_unkorrekt\/wp-json\/wp\/v2\/users\/1"}],"replies":[{"embeddable":true,"href":"https:\/\/www.inkultura-online.de\/politisch_unkorrekt\/wp-json\/wp\/v2\/comments?post=722"}],"version-history":[{"count":2,"href":"https:\/\/www.inkultura-online.de\/politisch_unkorrekt\/wp-json\/wp\/v2\/posts\/722\/revisions"}],"predecessor-version":[{"id":724,"href":"https:\/\/www.inkultura-online.de\/politisch_unkorrekt\/wp-json\/wp\/v2\/posts\/722\/revisions\/724"}],"wp:attachment":[{"href":"https:\/\/www.inkultura-online.de\/politisch_unkorrekt\/wp-json\/wp\/v2\/media?parent=722"}],"wp:term":[{"taxonomy":"category","embeddable":true,"href":"https:\/\/www.inkultura-online.de\/politisch_unkorrekt\/wp-json\/wp\/v2\/categories?post=722"},{"taxonomy":"post_tag","embeddable":true,"href":"https:\/\/www.inkultura-online.de\/politisch_unkorrekt\/wp-json\/wp\/v2\/tags?post=722"}],"curies":[{"name":"wp","href":"https:\/\/api.w.org\/{rel}","templated":true}]}}