{"id":725,"date":"2015-09-28T20:08:12","date_gmt":"2015-09-28T18:08:12","guid":{"rendered":"http:\/\/www.inkultura-online.de\/politisch_unkorrekt\/?p=725"},"modified":"2015-09-28T20:11:04","modified_gmt":"2015-09-28T18:11:04","slug":"auf-wessen-lohnliste-steht-die-groekaz","status":"publish","type":"post","link":"https:\/\/www.inkultura-online.de\/politisch_unkorrekt\/auf-wessen-lohnliste-steht-die-groekaz\/","title":{"rendered":"Auf wessen Lohnliste steht die Gr\u00f6KaZ?"},"content":{"rendered":"<p>Geht man von der Pr\u00e4misse aus, dass Bundeskanzlerin Angela Merkel zwar unter mittelschwerer kognitiver Dissonanz leidet, jedoch noch nicht vollst\u00e4ndig dem Wahnsinn verfallen ist, so muss der aufmerksame Beobachter des politischen Zeitgeistes sich angesichts des von ihr initiierten Volksaustausches die Frage stellen, auf welcher Lohnliste die Gr\u00f6KaZ steht und wessen Weisungen sie Folge leistet.<!--more--><\/p>\n<p>Die ihr, erstaunlicher ohne ernsthaftes Dementi seitens ihrer Parteikollegen, zugeschriebene Aussage <em>&#8222;Ist mir egal, ob ich schuld am Zustrom der Fl\u00fcchtlinge bin. Nun sind sie halt da.&#8220;<\/em> zeigt ein erschreckendes Ausma\u00df politischer Inkompetenz, die nur damit zu erkl\u00e4ren ist, dass Merkel sowohl das deutsche Volk als auch internationale Vertr\u00e4ge, sprich Recht und Gesetz am A\u2026 vorbeigehen.<\/p>\n<p>Da die Gr\u00f6KaZ intellektuell allenfalls Mittelma\u00df darstellt, ist es mehr als unverst\u00e4ndlich, warum ausgerechnet sie, die bislang noch bei jeder gesamteurop\u00e4ischen Entscheidung eine Kehrtwende zuungunsten Deutschlands gemacht hat, von in- und ausl\u00e4ndischen Medien als m\u00e4chtigste Politikerin Europas bejubelt wird. Bei den hiesigen Hofberichterstattern ist das ja noch zu verstehen, liebt es doch gerade die deutsche Journaille, sich in dem kleinen Schatten, den diese Frau wirft, zu suhlen. Bei den ausl\u00e4ndischen Medien jedoch, liest man einmal zwischen den Zeilen, d\u00fcrfte es Verarsche pur sein.<\/p>\n<p>Das Tempo, mit dem die Gr\u00f6KaZ unsere Heimat ins Chaos st\u00fcrzt, wird mit jedem Tag gr\u00f6\u00dfer. Inzwischen wird offensichtlich, dass Merkel und ihre politischen Handlanger in der Regierung mit krimineller Energie agieren und ohne Scham gegen ihren Amtseid, Schaden von deutschen Volk abzuwenden, versto\u00dfen. Wie nennt das doch gleich der Jurist\u2026?<\/p>\n<p>Betrachtet man die (Nicht) Aktionen der Bundeskanzlerin in der Abh\u00f6raff\u00e4re NSA, die Geldvernichtungsaktionen Richtung Griechenland, die einsame Entscheidung, Dublin II au\u00dfer Kraft zu setzen, damit gegen internationale Vertr\u00e4ge zu versto\u00dfen und den B\u00fcrgerkrieg in unserem Land vorzubereiten, dann nenne ich das Landesverrat.<\/p>\n<p>Was auch der gr\u00f6\u00dfte politische Pessimist sich nicht hat tr\u00e4umen lassen, ist dank des sinnfreien \u2013 oder doch ferngesteuerten &#8211; Agierens der Gr\u00f6KaZ bittere Realit\u00e4t geworden. Unsere Heimat wurde in diesem Jahr von einem millionenstarken Invasionsherr \u00fcberrannt, dessen Truppenst\u00e4rke auf unserem Boden jeden Tag weiter zunimmt.<\/p>\n<p>Was tun unserer herrschenden Eliten gegen diesen unerkl\u00e4rten Krieg gegen die deutsche Bev\u00f6lkerung? Sie kollaborieren mit dem Feind \u2013 gegen die Interessen des deutschen Volkes. Wer erinnert sich noch an den dummen Spruch eines Peter Struck, seinerzeit Verteidigungsminister, \u2033Die Sicherheit der Bundesrepublik Deutschland wird auch am Hindukusch verteidigt\u2033?<\/p>\n<p>Nun, die Sicherheit unserer Heimat wird sehr bald an jeder Ecke der St\u00e4dte und D\u00f6rfer unseres Landes verteidigt werden m\u00fcssen. Doch wenn es dann soweit ist, haben die Volksverr\u00e4ter, die uns die Suppe eingebrockt haben, l\u00e4ngst, wie Ratten das sinkende Schiff, Deutschland verlassen. Es gibt wohl kaum einen von diesen Kretins, der keinen zweiten Pass besitzt. Allen voran die Gr\u00f6KaZ. Es ist h\u00f6chste Zeit f\u00fcr aktiven Widerstand.<\/p>\n","protected":false},"excerpt":{"rendered":"<p>Geht man von der Pr\u00e4misse aus, dass Bundeskanzlerin Angela Merkel zwar unter mittelschwerer kognitiver Dissonanz leidet, jedoch noch nicht vollst\u00e4ndig dem Wahnsinn verfallen ist, so muss der aufmerksame Beobachter des politischen Zeitgeistes sich angesichts des von ihr initiierten Volksaustausches die &hellip; <a href=\"https:\/\/www.inkultura-online.de\/politisch_unkorrekt\/auf-wessen-lohnliste-steht-die-groekaz\/\">Weiterlesen <span class=\"meta-nav\">&rarr;<\/span><\/a><\/p>\n","protected":false},"author":1,"featured_media":0,"comment_status":"open","ping_status":"open","sticky":false,"template":"","format":"standard","meta":{"footnotes":""},"categories":[5,30,10,11],"tags":[397,64,398,324,399,225],"class_list":["post-725","post","type-post","status-publish","format-standard","hentry","category-meinungen-und-sprueche","category-so-siehts-aus","category-systemfehler","category-was-die-qualitaetspresse-gern-verschweigt","tag-buergerkrieg","tag-groekaz","tag-invasionsheer","tag-landesverrat","tag-meineid","tag-volksverraeter"],"yoast_head":"<!-- This site is optimized with the Yoast SEO plugin v27.5 - https:\/\/yoast.com\/product\/yoast-seo-wordpress\/ -->\n<title>z<\/title>\n<meta name=\"robots\" content=\"index, follow, max-snippet:-1, max-image-preview:large, max-video-preview:-1\" \/>\n<link rel=\"canonical\" href=\"https:\/\/www.inkultura-online.de\/politisch_unkorrekt\/auf-wessen-lohnliste-steht-die-groekaz\/\" \/>\n<meta property=\"og:locale\" content=\"de_DE\" \/>\n<meta property=\"og:type\" content=\"article\" \/>\n<meta property=\"og:title\" content=\"z\" \/>\n<meta property=\"og:description\" content=\"Geht man von der Pr\u00e4misse aus, dass Bundeskanzlerin Angela Merkel zwar unter mittelschwerer kognitiver Dissonanz leidet, jedoch noch nicht vollst\u00e4ndig dem Wahnsinn verfallen ist, so muss der aufmerksame Beobachter des politischen Zeitgeistes sich angesichts des von ihr initiierten Volksaustausches die &hellip; Weiterlesen &rarr;\" \/>\n<meta property=\"og:url\" content=\"https:\/\/www.inkultura-online.de\/politisch_unkorrekt\/auf-wessen-lohnliste-steht-die-groekaz\/\" \/>\n<meta property=\"og:site_name\" content=\"Zeitgeist? Frei!\" \/>\n<meta property=\"article:published_time\" content=\"2015-09-28T18:08:12+00:00\" \/>\n<meta property=\"article:modified_time\" content=\"2015-09-28T18:11:04+00:00\" \/>\n<meta name=\"author\" content=\"Orator\" \/>\n<meta name=\"twitter:label1\" content=\"Verfasst von\" \/>\n\t<meta name=\"twitter:data1\" content=\"Orator\" \/>\n\t<meta name=\"twitter:label2\" content=\"Gesch\u00e4tzte Lesezeit\" \/>\n\t<meta name=\"twitter:data2\" content=\"2\u00a0Minuten\" \/>\n<script type=\"application\/ld+json\" class=\"yoast-schema-graph\">{\"@context\":\"https:\\\/\\\/schema.org\",\"@graph\":[{\"@type\":\"Article\",\"@id\":\"https:\\\/\\\/www.inkultura-online.de\\\/politisch_unkorrekt\\\/auf-wessen-lohnliste-steht-die-groekaz\\\/#article\",\"isPartOf\":{\"@id\":\"https:\\\/\\\/www.inkultura-online.de\\\/politisch_unkorrekt\\\/auf-wessen-lohnliste-steht-die-groekaz\\\/\"},\"author\":{\"name\":\"Orator\",\"@id\":\"https:\\\/\\\/www.inkultura-online.de\\\/politisch_unkorrekt\\\/#\\\/schema\\\/person\\\/5b30b80e385478896a1de221e1994d86\"},\"headline\":\"Auf wessen Lohnliste steht die Gr\u00f6KaZ?\",\"datePublished\":\"2015-09-28T18:08:12+00:00\",\"dateModified\":\"2015-09-28T18:11:04+00:00\",\"mainEntityOfPage\":{\"@id\":\"https:\\\/\\\/www.inkultura-online.de\\\/politisch_unkorrekt\\\/auf-wessen-lohnliste-steht-die-groekaz\\\/\"},\"wordCount\":490,\"commentCount\":0,\"publisher\":{\"@id\":\"https:\\\/\\\/www.inkultura-online.de\\\/politisch_unkorrekt\\\/#\\\/schema\\\/person\\\/5b30b80e385478896a1de221e1994d86\"},\"keywords\":[\"B\u00fcrgerkrieg\",\"Gr\u00f6KaZ\",\"Invasionsheer\",\"Landesverrat\",\"Meineid\",\"Volksverr\u00e4ter\"],\"articleSection\":[\"Meinungen und Spr\u00fcche\",\"So sieht\u00b4s aus\",\"Systemfehler\",\"Was die \\\"Qualit\u00e4tspresse\\\" gern verschweigt\"],\"inLanguage\":\"de\",\"potentialAction\":[{\"@type\":\"CommentAction\",\"name\":\"Comment\",\"target\":[\"https:\\\/\\\/www.inkultura-online.de\\\/politisch_unkorrekt\\\/auf-wessen-lohnliste-steht-die-groekaz\\\/#respond\"]}]},{\"@type\":\"WebPage\",\"@id\":\"https:\\\/\\\/www.inkultura-online.de\\\/politisch_unkorrekt\\\/auf-wessen-lohnliste-steht-die-groekaz\\\/\",\"url\":\"https:\\\/\\\/www.inkultura-online.de\\\/politisch_unkorrekt\\\/auf-wessen-lohnliste-steht-die-groekaz\\\/\",\"name\":\"z\",\"isPartOf\":{\"@id\":\"https:\\\/\\\/www.inkultura-online.de\\\/politisch_unkorrekt\\\/#website\"},\"datePublished\":\"2015-09-28T18:08:12+00:00\",\"dateModified\":\"2015-09-28T18:11:04+00:00\",\"breadcrumb\":{\"@id\":\"https:\\\/\\\/www.inkultura-online.de\\\/politisch_unkorrekt\\\/auf-wessen-lohnliste-steht-die-groekaz\\\/#breadcrumb\"},\"inLanguage\":\"de\",\"potentialAction\":[{\"@type\":\"ReadAction\",\"target\":[\"https:\\\/\\\/www.inkultura-online.de\\\/politisch_unkorrekt\\\/auf-wessen-lohnliste-steht-die-groekaz\\\/\"]}]},{\"@type\":\"BreadcrumbList\",\"@id\":\"https:\\\/\\\/www.inkultura-online.de\\\/politisch_unkorrekt\\\/auf-wessen-lohnliste-steht-die-groekaz\\\/#breadcrumb\",\"itemListElement\":[{\"@type\":\"ListItem\",\"position\":1,\"name\":\"Home\",\"item\":\"https:\\\/\\\/www.inkultura-online.de\\\/politisch_unkorrekt\\\/\"},{\"@type\":\"ListItem\",\"position\":2,\"name\":\"Auf wessen Lohnliste steht die Gr\u00f6KaZ?\"}]},{\"@type\":\"WebSite\",\"@id\":\"https:\\\/\\\/www.inkultura-online.de\\\/politisch_unkorrekt\\\/#website\",\"url\":\"https:\\\/\\\/www.inkultura-online.de\\\/politisch_unkorrekt\\\/\",\"name\":\"Zeitgeist? Frei!\",\"description\":\"Was Ihr den Geist der Zeiten hei\u00dft...\",\"publisher\":{\"@id\":\"https:\\\/\\\/www.inkultura-online.de\\\/politisch_unkorrekt\\\/#\\\/schema\\\/person\\\/5b30b80e385478896a1de221e1994d86\"},\"potentialAction\":[{\"@type\":\"SearchAction\",\"target\":{\"@type\":\"EntryPoint\",\"urlTemplate\":\"https:\\\/\\\/www.inkultura-online.de\\\/politisch_unkorrekt\\\/?s={search_term_string}\"},\"query-input\":{\"@type\":\"PropertyValueSpecification\",\"valueRequired\":true,\"valueName\":\"search_term_string\"}}],\"inLanguage\":\"de\"},{\"@type\":[\"Person\",\"Organization\"],\"@id\":\"https:\\\/\\\/www.inkultura-online.de\\\/politisch_unkorrekt\\\/#\\\/schema\\\/person\\\/5b30b80e385478896a1de221e1994d86\",\"name\":\"Orator\",\"image\":{\"@type\":\"ImageObject\",\"inLanguage\":\"de\",\"@id\":\"https:\\\/\\\/secure.gravatar.com\\\/avatar\\\/96e03166d31716e9c437060430eb7605c45a8ce6fb6dab483637ca6915dd0844?s=96&d=mm&r=g\",\"url\":\"https:\\\/\\\/secure.gravatar.com\\\/avatar\\\/96e03166d31716e9c437060430eb7605c45a8ce6fb6dab483637ca6915dd0844?s=96&d=mm&r=g\",\"contentUrl\":\"https:\\\/\\\/secure.gravatar.com\\\/avatar\\\/96e03166d31716e9c437060430eb7605c45a8ce6fb6dab483637ca6915dd0844?s=96&d=mm&r=g\",\"caption\":\"Orator\"},\"logo\":{\"@id\":\"https:\\\/\\\/secure.gravatar.com\\\/avatar\\\/96e03166d31716e9c437060430eb7605c45a8ce6fb6dab483637ca6915dd0844?s=96&d=mm&r=g\"},\"url\":\"https:\\\/\\\/www.inkultura-online.de\\\/politisch_unkorrekt\\\/author\\\/1korrektor21-2\\\/\"}]}<\/script>\n<!-- \/ Yoast SEO plugin. -->","yoast_head_json":{"title":"z","robots":{"index":"index","follow":"follow","max-snippet":"max-snippet:-1","max-image-preview":"max-image-preview:large","max-video-preview":"max-video-preview:-1"},"canonical":"https:\/\/www.inkultura-online.de\/politisch_unkorrekt\/auf-wessen-lohnliste-steht-die-groekaz\/","og_locale":"de_DE","og_type":"article","og_title":"z","og_description":"Geht man von der Pr\u00e4misse aus, dass Bundeskanzlerin Angela Merkel zwar unter mittelschwerer kognitiver Dissonanz leidet, jedoch noch nicht vollst\u00e4ndig dem Wahnsinn verfallen ist, so muss der aufmerksame Beobachter des politischen Zeitgeistes sich angesichts des von ihr initiierten Volksaustausches die &hellip; Weiterlesen &rarr;","og_url":"https:\/\/www.inkultura-online.de\/politisch_unkorrekt\/auf-wessen-lohnliste-steht-die-groekaz\/","og_site_name":"Zeitgeist? Frei!","article_published_time":"2015-09-28T18:08:12+00:00","article_modified_time":"2015-09-28T18:11:04+00:00","author":"Orator","twitter_misc":{"Verfasst von":"Orator","Gesch\u00e4tzte Lesezeit":"2\u00a0Minuten"},"schema":{"@context":"https:\/\/schema.org","@graph":[{"@type":"Article","@id":"https:\/\/www.inkultura-online.de\/politisch_unkorrekt\/auf-wessen-lohnliste-steht-die-groekaz\/#article","isPartOf":{"@id":"https:\/\/www.inkultura-online.de\/politisch_unkorrekt\/auf-wessen-lohnliste-steht-die-groekaz\/"},"author":{"name":"Orator","@id":"https:\/\/www.inkultura-online.de\/politisch_unkorrekt\/#\/schema\/person\/5b30b80e385478896a1de221e1994d86"},"headline":"Auf wessen Lohnliste steht die Gr\u00f6KaZ?","datePublished":"2015-09-28T18:08:12+00:00","dateModified":"2015-09-28T18:11:04+00:00","mainEntityOfPage":{"@id":"https:\/\/www.inkultura-online.de\/politisch_unkorrekt\/auf-wessen-lohnliste-steht-die-groekaz\/"},"wordCount":490,"commentCount":0,"publisher":{"@id":"https:\/\/www.inkultura-online.de\/politisch_unkorrekt\/#\/schema\/person\/5b30b80e385478896a1de221e1994d86"},"keywords":["B\u00fcrgerkrieg","Gr\u00f6KaZ","Invasionsheer","Landesverrat","Meineid","Volksverr\u00e4ter"],"articleSection":["Meinungen und Spr\u00fcche","So sieht\u00b4s aus","Systemfehler","Was die \"Qualit\u00e4tspresse\" gern verschweigt"],"inLanguage":"de","potentialAction":[{"@type":"CommentAction","name":"Comment","target":["https:\/\/www.inkultura-online.de\/politisch_unkorrekt\/auf-wessen-lohnliste-steht-die-groekaz\/#respond"]}]},{"@type":"WebPage","@id":"https:\/\/www.inkultura-online.de\/politisch_unkorrekt\/auf-wessen-lohnliste-steht-die-groekaz\/","url":"https:\/\/www.inkultura-online.de\/politisch_unkorrekt\/auf-wessen-lohnliste-steht-die-groekaz\/","name":"z","isPartOf":{"@id":"https:\/\/www.inkultura-online.de\/politisch_unkorrekt\/#website"},"datePublished":"2015-09-28T18:08:12+00:00","dateModified":"2015-09-28T18:11:04+00:00","breadcrumb":{"@id":"https:\/\/www.inkultura-online.de\/politisch_unkorrekt\/auf-wessen-lohnliste-steht-die-groekaz\/#breadcrumb"},"inLanguage":"de","potentialAction":[{"@type":"ReadAction","target":["https:\/\/www.inkultura-online.de\/politisch_unkorrekt\/auf-wessen-lohnliste-steht-die-groekaz\/"]}]},{"@type":"BreadcrumbList","@id":"https:\/\/www.inkultura-online.de\/politisch_unkorrekt\/auf-wessen-lohnliste-steht-die-groekaz\/#breadcrumb","itemListElement":[{"@type":"ListItem","position":1,"name":"Home","item":"https:\/\/www.inkultura-online.de\/politisch_unkorrekt\/"},{"@type":"ListItem","position":2,"name":"Auf wessen Lohnliste steht die Gr\u00f6KaZ?"}]},{"@type":"WebSite","@id":"https:\/\/www.inkultura-online.de\/politisch_unkorrekt\/#website","url":"https:\/\/www.inkultura-online.de\/politisch_unkorrekt\/","name":"Zeitgeist? Frei!","description":"Was Ihr den Geist der Zeiten hei\u00dft...","publisher":{"@id":"https:\/\/www.inkultura-online.de\/politisch_unkorrekt\/#\/schema\/person\/5b30b80e385478896a1de221e1994d86"},"potentialAction":[{"@type":"SearchAction","target":{"@type":"EntryPoint","urlTemplate":"https:\/\/www.inkultura-online.de\/politisch_unkorrekt\/?s={search_term_string}"},"query-input":{"@type":"PropertyValueSpecification","valueRequired":true,"valueName":"search_term_string"}}],"inLanguage":"de"},{"@type":["Person","Organization"],"@id":"https:\/\/www.inkultura-online.de\/politisch_unkorrekt\/#\/schema\/person\/5b30b80e385478896a1de221e1994d86","name":"Orator","image":{"@type":"ImageObject","inLanguage":"de","@id":"https:\/\/secure.gravatar.com\/avatar\/96e03166d31716e9c437060430eb7605c45a8ce6fb6dab483637ca6915dd0844?s=96&d=mm&r=g","url":"https:\/\/secure.gravatar.com\/avatar\/96e03166d31716e9c437060430eb7605c45a8ce6fb6dab483637ca6915dd0844?s=96&d=mm&r=g","contentUrl":"https:\/\/secure.gravatar.com\/avatar\/96e03166d31716e9c437060430eb7605c45a8ce6fb6dab483637ca6915dd0844?s=96&d=mm&r=g","caption":"Orator"},"logo":{"@id":"https:\/\/secure.gravatar.com\/avatar\/96e03166d31716e9c437060430eb7605c45a8ce6fb6dab483637ca6915dd0844?s=96&d=mm&r=g"},"url":"https:\/\/www.inkultura-online.de\/politisch_unkorrekt\/author\/1korrektor21-2\/"}]}},"_links":{"self":[{"href":"https:\/\/www.inkultura-online.de\/politisch_unkorrekt\/wp-json\/wp\/v2\/posts\/725","targetHints":{"allow":["GET"]}}],"collection":[{"href":"https:\/\/www.inkultura-online.de\/politisch_unkorrekt\/wp-json\/wp\/v2\/posts"}],"about":[{"href":"https:\/\/www.inkultura-online.de\/politisch_unkorrekt\/wp-json\/wp\/v2\/types\/post"}],"author":[{"embeddable":true,"href":"https:\/\/www.inkultura-online.de\/politisch_unkorrekt\/wp-json\/wp\/v2\/users\/1"}],"replies":[{"embeddable":true,"href":"https:\/\/www.inkultura-online.de\/politisch_unkorrekt\/wp-json\/wp\/v2\/comments?post=725"}],"version-history":[{"count":2,"href":"https:\/\/www.inkultura-online.de\/politisch_unkorrekt\/wp-json\/wp\/v2\/posts\/725\/revisions"}],"predecessor-version":[{"id":727,"href":"https:\/\/www.inkultura-online.de\/politisch_unkorrekt\/wp-json\/wp\/v2\/posts\/725\/revisions\/727"}],"wp:attachment":[{"href":"https:\/\/www.inkultura-online.de\/politisch_unkorrekt\/wp-json\/wp\/v2\/media?parent=725"}],"wp:term":[{"taxonomy":"category","embeddable":true,"href":"https:\/\/www.inkultura-online.de\/politisch_unkorrekt\/wp-json\/wp\/v2\/categories?post=725"},{"taxonomy":"post_tag","embeddable":true,"href":"https:\/\/www.inkultura-online.de\/politisch_unkorrekt\/wp-json\/wp\/v2\/tags?post=725"}],"curies":[{"name":"wp","href":"https:\/\/api.w.org\/{rel}","templated":true}]}}