{"id":728,"date":"2015-09-30T19:32:34","date_gmt":"2015-09-30T17:32:34","guid":{"rendered":"http:\/\/www.inkultura-online.de\/politisch_unkorrekt\/?p=728"},"modified":"2015-09-30T19:32:34","modified_gmt":"2015-09-30T17:32:34","slug":"luegner-oder-doch-geistig-unterbelichtet","status":"publish","type":"post","link":"https:\/\/www.inkultura-online.de\/politisch_unkorrekt\/luegner-oder-doch-geistig-unterbelichtet\/","title":{"rendered":"L\u00fcgner oder doch geistig unterbelichtet?"},"content":{"rendered":"<p>Bundesgesundheitsminister Hermann Gr\u00f6he ist einer der Vollpfosten, von denen unser Land in den Untergang getrieben wird. Anl\u00e4sslich des Themas<br \/>\n<a href=\"https:\/\/www.bundestag.de\/presse\/hib\/2015_09\/-\/389998\" target=\"_blank\">&#8222;Gesundheitsversorgung von Fl\u00fcchtlingen&#8220;<\/a> machte der die dumme und zudem falsche Aussage, <em>&#8222;&#8230;, dass die medizinische Versorgung der Fl\u00fcchtlinge nicht zulasten der Beitragszahler in der Gesetzlichen Krankenversicherung (GKV) gehe.&#8220;<\/em>\u00a0 Au weia, da hat dieser Typ anscheinend nur die Klippschule besucht. Ansonsten w\u00fcrde er wissen, dass, auch wenn die Kosten f\u00fcr die medizinische und psychologische Behandlung von &#8222;Fl\u00fcchtlingen&#8220; aus Steuermitteln bestritten werden, eben diese Steuermittel ausschlie\u00dflich von den Beitragszahlern berappt werden m\u00fcssen. Der Bund und die Kommunen veruntreuen nur das Geld, das sie vom Steuerzahler erhalten (abpressen).<\/p>\n","protected":false},"excerpt":{"rendered":"<p>Bundesgesundheitsminister Hermann Gr\u00f6he ist einer der Vollpfosten, von denen unser Land in den Untergang getrieben wird. Anl\u00e4sslich des Themas &#8222;Gesundheitsversorgung von Fl\u00fcchtlingen&#8220; machte der die dumme und zudem falsche Aussage, &#8222;&#8230;, dass die medizinische Versorgung der Fl\u00fcchtlinge nicht zulasten der &hellip; <a href=\"https:\/\/www.inkultura-online.de\/politisch_unkorrekt\/luegner-oder-doch-geistig-unterbelichtet\/\">Weiterlesen <span class=\"meta-nav\">&rarr;<\/span><\/a><\/p>\n","protected":false},"author":1,"featured_media":0,"comment_status":"open","ping_status":"open","sticky":false,"template":"","format":"standard","meta":{"footnotes":""},"categories":[3,1],"tags":[79,400,220,225],"class_list":["post-728","post","type-post","status-publish","format-standard","hentry","category-die-duemmsten-sprueche-der-woche","category-fundstuecke","tag-fluechtlinge","tag-gesundheitsversorgung","tag-veruntreuung","tag-volksverraeter"],"yoast_head":"<!-- This site is optimized with the Yoast SEO plugin v27.5 - https:\/\/yoast.com\/product\/yoast-seo-wordpress\/ -->\n<title>L\u00fcgner oder doch geistig unterbelichtet?<\/title>\n<meta name=\"robots\" content=\"index, follow, max-snippet:-1, max-image-preview:large, max-video-preview:-1\" \/>\n<link rel=\"canonical\" href=\"https:\/\/www.inkultura-online.de\/politisch_unkorrekt\/luegner-oder-doch-geistig-unterbelichtet\/\" \/>\n<meta property=\"og:locale\" content=\"de_DE\" \/>\n<meta property=\"og:type\" content=\"article\" \/>\n<meta property=\"og:title\" content=\"L\u00fcgner oder doch geistig unterbelichtet?\" \/>\n<meta property=\"og:description\" content=\"Bundesgesundheitsminister Hermann Gr\u00f6he ist einer der Vollpfosten, von denen unser Land in den Untergang getrieben wird. Anl\u00e4sslich des Themas &#8222;Gesundheitsversorgung von Fl\u00fcchtlingen&#8220; machte der die dumme und zudem falsche Aussage, &#8222;&#8230;, dass die medizinische Versorgung der Fl\u00fcchtlinge nicht zulasten der &hellip; Weiterlesen &rarr;\" \/>\n<meta property=\"og:url\" content=\"https:\/\/www.inkultura-online.de\/politisch_unkorrekt\/luegner-oder-doch-geistig-unterbelichtet\/\" \/>\n<meta property=\"og:site_name\" content=\"Zeitgeist? Frei!\" \/>\n<meta property=\"article:published_time\" content=\"2015-09-30T17:32:34+00:00\" \/>\n<meta name=\"author\" content=\"Orator\" \/>\n<meta name=\"twitter:label1\" content=\"Verfasst von\" \/>\n\t<meta name=\"twitter:data1\" content=\"Orator\" \/>\n\t<meta name=\"twitter:label2\" content=\"Gesch\u00e4tzte Lesezeit\" \/>\n\t<meta name=\"twitter:data2\" content=\"1\u00a0Minute\" \/>\n<script type=\"application\/ld+json\" class=\"yoast-schema-graph\">{\"@context\":\"https:\\\/\\\/schema.org\",\"@graph\":[{\"@type\":\"Article\",\"@id\":\"https:\\\/\\\/www.inkultura-online.de\\\/politisch_unkorrekt\\\/luegner-oder-doch-geistig-unterbelichtet\\\/#article\",\"isPartOf\":{\"@id\":\"https:\\\/\\\/www.inkultura-online.de\\\/politisch_unkorrekt\\\/luegner-oder-doch-geistig-unterbelichtet\\\/\"},\"author\":{\"name\":\"Orator\",\"@id\":\"https:\\\/\\\/www.inkultura-online.de\\\/politisch_unkorrekt\\\/#\\\/schema\\\/person\\\/5b30b80e385478896a1de221e1994d86\"},\"headline\":\"L\u00fcgner oder doch geistig unterbelichtet?\",\"datePublished\":\"2015-09-30T17:32:34+00:00\",\"mainEntityOfPage\":{\"@id\":\"https:\\\/\\\/www.inkultura-online.de\\\/politisch_unkorrekt\\\/luegner-oder-doch-geistig-unterbelichtet\\\/\"},\"wordCount\":118,\"commentCount\":0,\"publisher\":{\"@id\":\"https:\\\/\\\/www.inkultura-online.de\\\/politisch_unkorrekt\\\/#\\\/schema\\\/person\\\/5b30b80e385478896a1de221e1994d86\"},\"keywords\":[\"Fl\u00fcchtlinge\",\"Gesundheitsversorgung\",\"Veruntreuung\",\"Volksverr\u00e4ter\"],\"articleSection\":[\"Die d\u00fcmmsten Spr\u00fcche der Woche\",\"Fundst\u00fccke\"],\"inLanguage\":\"de\",\"potentialAction\":[{\"@type\":\"CommentAction\",\"name\":\"Comment\",\"target\":[\"https:\\\/\\\/www.inkultura-online.de\\\/politisch_unkorrekt\\\/luegner-oder-doch-geistig-unterbelichtet\\\/#respond\"]}]},{\"@type\":\"WebPage\",\"@id\":\"https:\\\/\\\/www.inkultura-online.de\\\/politisch_unkorrekt\\\/luegner-oder-doch-geistig-unterbelichtet\\\/\",\"url\":\"https:\\\/\\\/www.inkultura-online.de\\\/politisch_unkorrekt\\\/luegner-oder-doch-geistig-unterbelichtet\\\/\",\"name\":\"L\u00fcgner oder doch geistig unterbelichtet?\",\"isPartOf\":{\"@id\":\"https:\\\/\\\/www.inkultura-online.de\\\/politisch_unkorrekt\\\/#website\"},\"datePublished\":\"2015-09-30T17:32:34+00:00\",\"breadcrumb\":{\"@id\":\"https:\\\/\\\/www.inkultura-online.de\\\/politisch_unkorrekt\\\/luegner-oder-doch-geistig-unterbelichtet\\\/#breadcrumb\"},\"inLanguage\":\"de\",\"potentialAction\":[{\"@type\":\"ReadAction\",\"target\":[\"https:\\\/\\\/www.inkultura-online.de\\\/politisch_unkorrekt\\\/luegner-oder-doch-geistig-unterbelichtet\\\/\"]}]},{\"@type\":\"BreadcrumbList\",\"@id\":\"https:\\\/\\\/www.inkultura-online.de\\\/politisch_unkorrekt\\\/luegner-oder-doch-geistig-unterbelichtet\\\/#breadcrumb\",\"itemListElement\":[{\"@type\":\"ListItem\",\"position\":1,\"name\":\"Home\",\"item\":\"https:\\\/\\\/www.inkultura-online.de\\\/politisch_unkorrekt\\\/\"},{\"@type\":\"ListItem\",\"position\":2,\"name\":\"L\u00fcgner oder doch geistig unterbelichtet?\"}]},{\"@type\":\"WebSite\",\"@id\":\"https:\\\/\\\/www.inkultura-online.de\\\/politisch_unkorrekt\\\/#website\",\"url\":\"https:\\\/\\\/www.inkultura-online.de\\\/politisch_unkorrekt\\\/\",\"name\":\"Zeitgeist? Frei!\",\"description\":\"Was Ihr den Geist der Zeiten hei\u00dft...\",\"publisher\":{\"@id\":\"https:\\\/\\\/www.inkultura-online.de\\\/politisch_unkorrekt\\\/#\\\/schema\\\/person\\\/5b30b80e385478896a1de221e1994d86\"},\"potentialAction\":[{\"@type\":\"SearchAction\",\"target\":{\"@type\":\"EntryPoint\",\"urlTemplate\":\"https:\\\/\\\/www.inkultura-online.de\\\/politisch_unkorrekt\\\/?s={search_term_string}\"},\"query-input\":{\"@type\":\"PropertyValueSpecification\",\"valueRequired\":true,\"valueName\":\"search_term_string\"}}],\"inLanguage\":\"de\"},{\"@type\":[\"Person\",\"Organization\"],\"@id\":\"https:\\\/\\\/www.inkultura-online.de\\\/politisch_unkorrekt\\\/#\\\/schema\\\/person\\\/5b30b80e385478896a1de221e1994d86\",\"name\":\"Orator\",\"image\":{\"@type\":\"ImageObject\",\"inLanguage\":\"de\",\"@id\":\"https:\\\/\\\/secure.gravatar.com\\\/avatar\\\/96e03166d31716e9c437060430eb7605c45a8ce6fb6dab483637ca6915dd0844?s=96&d=mm&r=g\",\"url\":\"https:\\\/\\\/secure.gravatar.com\\\/avatar\\\/96e03166d31716e9c437060430eb7605c45a8ce6fb6dab483637ca6915dd0844?s=96&d=mm&r=g\",\"contentUrl\":\"https:\\\/\\\/secure.gravatar.com\\\/avatar\\\/96e03166d31716e9c437060430eb7605c45a8ce6fb6dab483637ca6915dd0844?s=96&d=mm&r=g\",\"caption\":\"Orator\"},\"logo\":{\"@id\":\"https:\\\/\\\/secure.gravatar.com\\\/avatar\\\/96e03166d31716e9c437060430eb7605c45a8ce6fb6dab483637ca6915dd0844?s=96&d=mm&r=g\"},\"url\":\"https:\\\/\\\/www.inkultura-online.de\\\/politisch_unkorrekt\\\/author\\\/1korrektor21-2\\\/\"}]}<\/script>\n<!-- \/ Yoast SEO plugin. -->","yoast_head_json":{"title":"L\u00fcgner oder doch geistig unterbelichtet?","robots":{"index":"index","follow":"follow","max-snippet":"max-snippet:-1","max-image-preview":"max-image-preview:large","max-video-preview":"max-video-preview:-1"},"canonical":"https:\/\/www.inkultura-online.de\/politisch_unkorrekt\/luegner-oder-doch-geistig-unterbelichtet\/","og_locale":"de_DE","og_type":"article","og_title":"L\u00fcgner oder doch geistig unterbelichtet?","og_description":"Bundesgesundheitsminister Hermann Gr\u00f6he ist einer der Vollpfosten, von denen unser Land in den Untergang getrieben wird. Anl\u00e4sslich des Themas &#8222;Gesundheitsversorgung von Fl\u00fcchtlingen&#8220; machte der die dumme und zudem falsche Aussage, &#8222;&#8230;, dass die medizinische Versorgung der Fl\u00fcchtlinge nicht zulasten der &hellip; Weiterlesen &rarr;","og_url":"https:\/\/www.inkultura-online.de\/politisch_unkorrekt\/luegner-oder-doch-geistig-unterbelichtet\/","og_site_name":"Zeitgeist? Frei!","article_published_time":"2015-09-30T17:32:34+00:00","author":"Orator","twitter_misc":{"Verfasst von":"Orator","Gesch\u00e4tzte Lesezeit":"1\u00a0Minute"},"schema":{"@context":"https:\/\/schema.org","@graph":[{"@type":"Article","@id":"https:\/\/www.inkultura-online.de\/politisch_unkorrekt\/luegner-oder-doch-geistig-unterbelichtet\/#article","isPartOf":{"@id":"https:\/\/www.inkultura-online.de\/politisch_unkorrekt\/luegner-oder-doch-geistig-unterbelichtet\/"},"author":{"name":"Orator","@id":"https:\/\/www.inkultura-online.de\/politisch_unkorrekt\/#\/schema\/person\/5b30b80e385478896a1de221e1994d86"},"headline":"L\u00fcgner oder doch geistig unterbelichtet?","datePublished":"2015-09-30T17:32:34+00:00","mainEntityOfPage":{"@id":"https:\/\/www.inkultura-online.de\/politisch_unkorrekt\/luegner-oder-doch-geistig-unterbelichtet\/"},"wordCount":118,"commentCount":0,"publisher":{"@id":"https:\/\/www.inkultura-online.de\/politisch_unkorrekt\/#\/schema\/person\/5b30b80e385478896a1de221e1994d86"},"keywords":["Fl\u00fcchtlinge","Gesundheitsversorgung","Veruntreuung","Volksverr\u00e4ter"],"articleSection":["Die d\u00fcmmsten Spr\u00fcche der Woche","Fundst\u00fccke"],"inLanguage":"de","potentialAction":[{"@type":"CommentAction","name":"Comment","target":["https:\/\/www.inkultura-online.de\/politisch_unkorrekt\/luegner-oder-doch-geistig-unterbelichtet\/#respond"]}]},{"@type":"WebPage","@id":"https:\/\/www.inkultura-online.de\/politisch_unkorrekt\/luegner-oder-doch-geistig-unterbelichtet\/","url":"https:\/\/www.inkultura-online.de\/politisch_unkorrekt\/luegner-oder-doch-geistig-unterbelichtet\/","name":"L\u00fcgner oder doch geistig unterbelichtet?","isPartOf":{"@id":"https:\/\/www.inkultura-online.de\/politisch_unkorrekt\/#website"},"datePublished":"2015-09-30T17:32:34+00:00","breadcrumb":{"@id":"https:\/\/www.inkultura-online.de\/politisch_unkorrekt\/luegner-oder-doch-geistig-unterbelichtet\/#breadcrumb"},"inLanguage":"de","potentialAction":[{"@type":"ReadAction","target":["https:\/\/www.inkultura-online.de\/politisch_unkorrekt\/luegner-oder-doch-geistig-unterbelichtet\/"]}]},{"@type":"BreadcrumbList","@id":"https:\/\/www.inkultura-online.de\/politisch_unkorrekt\/luegner-oder-doch-geistig-unterbelichtet\/#breadcrumb","itemListElement":[{"@type":"ListItem","position":1,"name":"Home","item":"https:\/\/www.inkultura-online.de\/politisch_unkorrekt\/"},{"@type":"ListItem","position":2,"name":"L\u00fcgner oder doch geistig unterbelichtet?"}]},{"@type":"WebSite","@id":"https:\/\/www.inkultura-online.de\/politisch_unkorrekt\/#website","url":"https:\/\/www.inkultura-online.de\/politisch_unkorrekt\/","name":"Zeitgeist? Frei!","description":"Was Ihr den Geist der Zeiten hei\u00dft...","publisher":{"@id":"https:\/\/www.inkultura-online.de\/politisch_unkorrekt\/#\/schema\/person\/5b30b80e385478896a1de221e1994d86"},"potentialAction":[{"@type":"SearchAction","target":{"@type":"EntryPoint","urlTemplate":"https:\/\/www.inkultura-online.de\/politisch_unkorrekt\/?s={search_term_string}"},"query-input":{"@type":"PropertyValueSpecification","valueRequired":true,"valueName":"search_term_string"}}],"inLanguage":"de"},{"@type":["Person","Organization"],"@id":"https:\/\/www.inkultura-online.de\/politisch_unkorrekt\/#\/schema\/person\/5b30b80e385478896a1de221e1994d86","name":"Orator","image":{"@type":"ImageObject","inLanguage":"de","@id":"https:\/\/secure.gravatar.com\/avatar\/96e03166d31716e9c437060430eb7605c45a8ce6fb6dab483637ca6915dd0844?s=96&d=mm&r=g","url":"https:\/\/secure.gravatar.com\/avatar\/96e03166d31716e9c437060430eb7605c45a8ce6fb6dab483637ca6915dd0844?s=96&d=mm&r=g","contentUrl":"https:\/\/secure.gravatar.com\/avatar\/96e03166d31716e9c437060430eb7605c45a8ce6fb6dab483637ca6915dd0844?s=96&d=mm&r=g","caption":"Orator"},"logo":{"@id":"https:\/\/secure.gravatar.com\/avatar\/96e03166d31716e9c437060430eb7605c45a8ce6fb6dab483637ca6915dd0844?s=96&d=mm&r=g"},"url":"https:\/\/www.inkultura-online.de\/politisch_unkorrekt\/author\/1korrektor21-2\/"}]}},"_links":{"self":[{"href":"https:\/\/www.inkultura-online.de\/politisch_unkorrekt\/wp-json\/wp\/v2\/posts\/728","targetHints":{"allow":["GET"]}}],"collection":[{"href":"https:\/\/www.inkultura-online.de\/politisch_unkorrekt\/wp-json\/wp\/v2\/posts"}],"about":[{"href":"https:\/\/www.inkultura-online.de\/politisch_unkorrekt\/wp-json\/wp\/v2\/types\/post"}],"author":[{"embeddable":true,"href":"https:\/\/www.inkultura-online.de\/politisch_unkorrekt\/wp-json\/wp\/v2\/users\/1"}],"replies":[{"embeddable":true,"href":"https:\/\/www.inkultura-online.de\/politisch_unkorrekt\/wp-json\/wp\/v2\/comments?post=728"}],"version-history":[{"count":1,"href":"https:\/\/www.inkultura-online.de\/politisch_unkorrekt\/wp-json\/wp\/v2\/posts\/728\/revisions"}],"predecessor-version":[{"id":729,"href":"https:\/\/www.inkultura-online.de\/politisch_unkorrekt\/wp-json\/wp\/v2\/posts\/728\/revisions\/729"}],"wp:attachment":[{"href":"https:\/\/www.inkultura-online.de\/politisch_unkorrekt\/wp-json\/wp\/v2\/media?parent=728"}],"wp:term":[{"taxonomy":"category","embeddable":true,"href":"https:\/\/www.inkultura-online.de\/politisch_unkorrekt\/wp-json\/wp\/v2\/categories?post=728"},{"taxonomy":"post_tag","embeddable":true,"href":"https:\/\/www.inkultura-online.de\/politisch_unkorrekt\/wp-json\/wp\/v2\/tags?post=728"}],"curies":[{"name":"wp","href":"https:\/\/api.w.org\/{rel}","templated":true}]}}