{"id":730,"date":"2015-10-03T14:06:46","date_gmt":"2015-10-03T12:06:46","guid":{"rendered":"http:\/\/www.inkultura-online.de\/politisch_unkorrekt\/?p=730"},"modified":"2015-10-03T14:06:46","modified_gmt":"2015-10-03T12:06:46","slug":"farce-nsu-prozess","status":"publish","type":"post","link":"https:\/\/www.inkultura-online.de\/politisch_unkorrekt\/farce-nsu-prozess\/","title":{"rendered":"Farce NSU-Prozess"},"content":{"rendered":"<p>Was haben Skat und eine terroristischen Vereinigung gemeinsam? Man braucht f\u00fcr beides mindestens drei Personen, sonst klappt es weder mit dem Grand mit Vieren noch mit den Morden aus angeblich fremdenfeindlichen Motiven.<!--more--><\/p>\n<p>Der gef\u00fchlt seit 10 Jahren \u2013 in Wirklichkeit erst seit dem 6.Mai 2013 \u2013 stattfindende Schauprozess gegen Beate Zsch\u00e4pe gleitet immer mehr ins Absurde ab. Jetzt, nach \u00fcber 200 Gerichtstagen, stellt sich heraus, dass ein angebliches Opfer des Nagelbombenanschlags in der K\u00f6lner Keupstra\u00dfe, das vor dem Oberlandesgericht M\u00fcnchen als Nebenkl\u00e4gerin im NSU-Prozess zugelassen wurde, ein Phantom ist, dass das Gericht seit Jahren genasf\u00fchrt hat.<\/p>\n<p>Eine weitere Kuriosit\u00e4t in diesem beweisarmen Verfahren gegen Frau Zsch\u00e4pe: Da wird vom Anwalt der Nebenklage, Ralph Willms, eine Frau vertreten, die \u00fcberhaupt nicht existiert, und das f\u00e4llt erst jetzt auf. Willms, wohl eine eher bizarre Figur in diesem Schauprozess, hat das Phantom Nebenkl\u00e4gerin im Verlauf der Verhandlung gar nicht zu Gesicht bekommen und begr\u00fcndete, nachdem die wohl unsichtbare Frau mehrfach als Zeugin geladen wurde, jedoch unter Anf\u00fchrung verschiedener Gr\u00fcnde nicht vor Gericht erschien, es damit, dass sie einmal einen Flug verpasst habe, ein anderes mal auf dem Weg ins Gericht zusammengebrochen sei.<\/p>\n<p>Durch diese Aff\u00e4re wird der sog. NSU-Prozess vollends zu einer Justizposse, die eigentlich, geht es denn rechtsstaatlich zu, mit einem Freispruch der Angeklagten enden m\u00fcsste. Das Einzige, was das Verfahren zweifelsfrei bewiesen hat, ist die Tatsache, dass die Angeklagte f\u00fcr ihre beiden selbstgemordeten Freunde B\u00f6hnhardt und Mundlos Kaffee gekocht hat.<\/p>\n<p>Da dieser Prozess jedoch politischen Charakter besitzt und die Gr\u00f6KaZ am 23. Februar 2012 eine peinlich anmutende Schwarze Messe gelesen hat, bei der die Schuldigen &#8211; ohne Gerichtsverhandlung &#8211; bereits feststanden, ist mit einem Ausgang \u2033mangels Beweisen\u2033 wohl nicht zu rechnen.<\/p>\n","protected":false},"excerpt":{"rendered":"<p>Was haben Skat und eine terroristischen Vereinigung gemeinsam? Man braucht f\u00fcr beides mindestens drei Personen, sonst klappt es weder mit dem Grand mit Vieren noch mit den Morden aus angeblich fremdenfeindlichen Motiven.<\/p>\n","protected":false},"author":1,"featured_media":0,"comment_status":"open","ping_status":"open","sticky":false,"template":"","format":"standard","meta":{"footnotes":""},"categories":[1,5],"tags":[402,64,401,403,404],"class_list":["post-730","post","type-post","status-publish","format-standard","hentry","category-fundstuecke","category-meinungen-und-sprueche","tag-farce","tag-groekaz","tag-nsu-prozess","tag-schauprozess","tag-schwarze-messe"],"yoast_head":"<!-- This site is optimized with the Yoast SEO plugin v27.5 - https:\/\/yoast.com\/product\/yoast-seo-wordpress\/ -->\n<title>Farce NSU-Prozess<\/title>\n<meta name=\"robots\" content=\"index, follow, max-snippet:-1, max-image-preview:large, max-video-preview:-1\" \/>\n<link rel=\"canonical\" href=\"https:\/\/www.inkultura-online.de\/politisch_unkorrekt\/farce-nsu-prozess\/\" \/>\n<meta property=\"og:locale\" content=\"de_DE\" \/>\n<meta property=\"og:type\" content=\"article\" \/>\n<meta property=\"og:title\" content=\"Farce NSU-Prozess\" \/>\n<meta property=\"og:description\" content=\"Was haben Skat und eine terroristischen Vereinigung gemeinsam? Man braucht f\u00fcr beides mindestens drei Personen, sonst klappt es weder mit dem Grand mit Vieren noch mit den Morden aus angeblich fremdenfeindlichen Motiven.\" \/>\n<meta property=\"og:url\" content=\"https:\/\/www.inkultura-online.de\/politisch_unkorrekt\/farce-nsu-prozess\/\" \/>\n<meta property=\"og:site_name\" content=\"Zeitgeist? Frei!\" \/>\n<meta property=\"article:published_time\" content=\"2015-10-03T12:06:46+00:00\" \/>\n<meta name=\"author\" content=\"Orator\" \/>\n<meta name=\"twitter:label1\" content=\"Verfasst von\" \/>\n\t<meta name=\"twitter:data1\" content=\"Orator\" \/>\n\t<meta name=\"twitter:label2\" content=\"Gesch\u00e4tzte Lesezeit\" \/>\n\t<meta name=\"twitter:data2\" content=\"1\u00a0Minute\" \/>\n<script type=\"application\/ld+json\" class=\"yoast-schema-graph\">{\"@context\":\"https:\\\/\\\/schema.org\",\"@graph\":[{\"@type\":\"Article\",\"@id\":\"https:\\\/\\\/www.inkultura-online.de\\\/politisch_unkorrekt\\\/farce-nsu-prozess\\\/#article\",\"isPartOf\":{\"@id\":\"https:\\\/\\\/www.inkultura-online.de\\\/politisch_unkorrekt\\\/farce-nsu-prozess\\\/\"},\"author\":{\"name\":\"Orator\",\"@id\":\"https:\\\/\\\/www.inkultura-online.de\\\/politisch_unkorrekt\\\/#\\\/schema\\\/person\\\/5b30b80e385478896a1de221e1994d86\"},\"headline\":\"Farce NSU-Prozess\",\"datePublished\":\"2015-10-03T12:06:46+00:00\",\"mainEntityOfPage\":{\"@id\":\"https:\\\/\\\/www.inkultura-online.de\\\/politisch_unkorrekt\\\/farce-nsu-prozess\\\/\"},\"wordCount\":295,\"commentCount\":0,\"publisher\":{\"@id\":\"https:\\\/\\\/www.inkultura-online.de\\\/politisch_unkorrekt\\\/#\\\/schema\\\/person\\\/5b30b80e385478896a1de221e1994d86\"},\"keywords\":[\"Farce\",\"Gr\u00f6KaZ\",\"NSU-Prozess\",\"Schauprozess\",\"Schwarze Messe\"],\"articleSection\":[\"Fundst\u00fccke\",\"Meinungen und Spr\u00fcche\"],\"inLanguage\":\"de\",\"potentialAction\":[{\"@type\":\"CommentAction\",\"name\":\"Comment\",\"target\":[\"https:\\\/\\\/www.inkultura-online.de\\\/politisch_unkorrekt\\\/farce-nsu-prozess\\\/#respond\"]}]},{\"@type\":\"WebPage\",\"@id\":\"https:\\\/\\\/www.inkultura-online.de\\\/politisch_unkorrekt\\\/farce-nsu-prozess\\\/\",\"url\":\"https:\\\/\\\/www.inkultura-online.de\\\/politisch_unkorrekt\\\/farce-nsu-prozess\\\/\",\"name\":\"Farce NSU-Prozess\",\"isPartOf\":{\"@id\":\"https:\\\/\\\/www.inkultura-online.de\\\/politisch_unkorrekt\\\/#website\"},\"datePublished\":\"2015-10-03T12:06:46+00:00\",\"breadcrumb\":{\"@id\":\"https:\\\/\\\/www.inkultura-online.de\\\/politisch_unkorrekt\\\/farce-nsu-prozess\\\/#breadcrumb\"},\"inLanguage\":\"de\",\"potentialAction\":[{\"@type\":\"ReadAction\",\"target\":[\"https:\\\/\\\/www.inkultura-online.de\\\/politisch_unkorrekt\\\/farce-nsu-prozess\\\/\"]}]},{\"@type\":\"BreadcrumbList\",\"@id\":\"https:\\\/\\\/www.inkultura-online.de\\\/politisch_unkorrekt\\\/farce-nsu-prozess\\\/#breadcrumb\",\"itemListElement\":[{\"@type\":\"ListItem\",\"position\":1,\"name\":\"Home\",\"item\":\"https:\\\/\\\/www.inkultura-online.de\\\/politisch_unkorrekt\\\/\"},{\"@type\":\"ListItem\",\"position\":2,\"name\":\"Farce NSU-Prozess\"}]},{\"@type\":\"WebSite\",\"@id\":\"https:\\\/\\\/www.inkultura-online.de\\\/politisch_unkorrekt\\\/#website\",\"url\":\"https:\\\/\\\/www.inkultura-online.de\\\/politisch_unkorrekt\\\/\",\"name\":\"Zeitgeist? Frei!\",\"description\":\"Was Ihr den Geist der Zeiten hei\u00dft...\",\"publisher\":{\"@id\":\"https:\\\/\\\/www.inkultura-online.de\\\/politisch_unkorrekt\\\/#\\\/schema\\\/person\\\/5b30b80e385478896a1de221e1994d86\"},\"potentialAction\":[{\"@type\":\"SearchAction\",\"target\":{\"@type\":\"EntryPoint\",\"urlTemplate\":\"https:\\\/\\\/www.inkultura-online.de\\\/politisch_unkorrekt\\\/?s={search_term_string}\"},\"query-input\":{\"@type\":\"PropertyValueSpecification\",\"valueRequired\":true,\"valueName\":\"search_term_string\"}}],\"inLanguage\":\"de\"},{\"@type\":[\"Person\",\"Organization\"],\"@id\":\"https:\\\/\\\/www.inkultura-online.de\\\/politisch_unkorrekt\\\/#\\\/schema\\\/person\\\/5b30b80e385478896a1de221e1994d86\",\"name\":\"Orator\",\"image\":{\"@type\":\"ImageObject\",\"inLanguage\":\"de\",\"@id\":\"https:\\\/\\\/secure.gravatar.com\\\/avatar\\\/96e03166d31716e9c437060430eb7605c45a8ce6fb6dab483637ca6915dd0844?s=96&d=mm&r=g\",\"url\":\"https:\\\/\\\/secure.gravatar.com\\\/avatar\\\/96e03166d31716e9c437060430eb7605c45a8ce6fb6dab483637ca6915dd0844?s=96&d=mm&r=g\",\"contentUrl\":\"https:\\\/\\\/secure.gravatar.com\\\/avatar\\\/96e03166d31716e9c437060430eb7605c45a8ce6fb6dab483637ca6915dd0844?s=96&d=mm&r=g\",\"caption\":\"Orator\"},\"logo\":{\"@id\":\"https:\\\/\\\/secure.gravatar.com\\\/avatar\\\/96e03166d31716e9c437060430eb7605c45a8ce6fb6dab483637ca6915dd0844?s=96&d=mm&r=g\"},\"url\":\"https:\\\/\\\/www.inkultura-online.de\\\/politisch_unkorrekt\\\/author\\\/1korrektor21-2\\\/\"}]}<\/script>\n<!-- \/ Yoast SEO plugin. -->","yoast_head_json":{"title":"Farce NSU-Prozess","robots":{"index":"index","follow":"follow","max-snippet":"max-snippet:-1","max-image-preview":"max-image-preview:large","max-video-preview":"max-video-preview:-1"},"canonical":"https:\/\/www.inkultura-online.de\/politisch_unkorrekt\/farce-nsu-prozess\/","og_locale":"de_DE","og_type":"article","og_title":"Farce NSU-Prozess","og_description":"Was haben Skat und eine terroristischen Vereinigung gemeinsam? Man braucht f\u00fcr beides mindestens drei Personen, sonst klappt es weder mit dem Grand mit Vieren noch mit den Morden aus angeblich fremdenfeindlichen Motiven.","og_url":"https:\/\/www.inkultura-online.de\/politisch_unkorrekt\/farce-nsu-prozess\/","og_site_name":"Zeitgeist? Frei!","article_published_time":"2015-10-03T12:06:46+00:00","author":"Orator","twitter_misc":{"Verfasst von":"Orator","Gesch\u00e4tzte Lesezeit":"1\u00a0Minute"},"schema":{"@context":"https:\/\/schema.org","@graph":[{"@type":"Article","@id":"https:\/\/www.inkultura-online.de\/politisch_unkorrekt\/farce-nsu-prozess\/#article","isPartOf":{"@id":"https:\/\/www.inkultura-online.de\/politisch_unkorrekt\/farce-nsu-prozess\/"},"author":{"name":"Orator","@id":"https:\/\/www.inkultura-online.de\/politisch_unkorrekt\/#\/schema\/person\/5b30b80e385478896a1de221e1994d86"},"headline":"Farce NSU-Prozess","datePublished":"2015-10-03T12:06:46+00:00","mainEntityOfPage":{"@id":"https:\/\/www.inkultura-online.de\/politisch_unkorrekt\/farce-nsu-prozess\/"},"wordCount":295,"commentCount":0,"publisher":{"@id":"https:\/\/www.inkultura-online.de\/politisch_unkorrekt\/#\/schema\/person\/5b30b80e385478896a1de221e1994d86"},"keywords":["Farce","Gr\u00f6KaZ","NSU-Prozess","Schauprozess","Schwarze Messe"],"articleSection":["Fundst\u00fccke","Meinungen und Spr\u00fcche"],"inLanguage":"de","potentialAction":[{"@type":"CommentAction","name":"Comment","target":["https:\/\/www.inkultura-online.de\/politisch_unkorrekt\/farce-nsu-prozess\/#respond"]}]},{"@type":"WebPage","@id":"https:\/\/www.inkultura-online.de\/politisch_unkorrekt\/farce-nsu-prozess\/","url":"https:\/\/www.inkultura-online.de\/politisch_unkorrekt\/farce-nsu-prozess\/","name":"Farce NSU-Prozess","isPartOf":{"@id":"https:\/\/www.inkultura-online.de\/politisch_unkorrekt\/#website"},"datePublished":"2015-10-03T12:06:46+00:00","breadcrumb":{"@id":"https:\/\/www.inkultura-online.de\/politisch_unkorrekt\/farce-nsu-prozess\/#breadcrumb"},"inLanguage":"de","potentialAction":[{"@type":"ReadAction","target":["https:\/\/www.inkultura-online.de\/politisch_unkorrekt\/farce-nsu-prozess\/"]}]},{"@type":"BreadcrumbList","@id":"https:\/\/www.inkultura-online.de\/politisch_unkorrekt\/farce-nsu-prozess\/#breadcrumb","itemListElement":[{"@type":"ListItem","position":1,"name":"Home","item":"https:\/\/www.inkultura-online.de\/politisch_unkorrekt\/"},{"@type":"ListItem","position":2,"name":"Farce NSU-Prozess"}]},{"@type":"WebSite","@id":"https:\/\/www.inkultura-online.de\/politisch_unkorrekt\/#website","url":"https:\/\/www.inkultura-online.de\/politisch_unkorrekt\/","name":"Zeitgeist? Frei!","description":"Was Ihr den Geist der Zeiten hei\u00dft...","publisher":{"@id":"https:\/\/www.inkultura-online.de\/politisch_unkorrekt\/#\/schema\/person\/5b30b80e385478896a1de221e1994d86"},"potentialAction":[{"@type":"SearchAction","target":{"@type":"EntryPoint","urlTemplate":"https:\/\/www.inkultura-online.de\/politisch_unkorrekt\/?s={search_term_string}"},"query-input":{"@type":"PropertyValueSpecification","valueRequired":true,"valueName":"search_term_string"}}],"inLanguage":"de"},{"@type":["Person","Organization"],"@id":"https:\/\/www.inkultura-online.de\/politisch_unkorrekt\/#\/schema\/person\/5b30b80e385478896a1de221e1994d86","name":"Orator","image":{"@type":"ImageObject","inLanguage":"de","@id":"https:\/\/secure.gravatar.com\/avatar\/96e03166d31716e9c437060430eb7605c45a8ce6fb6dab483637ca6915dd0844?s=96&d=mm&r=g","url":"https:\/\/secure.gravatar.com\/avatar\/96e03166d31716e9c437060430eb7605c45a8ce6fb6dab483637ca6915dd0844?s=96&d=mm&r=g","contentUrl":"https:\/\/secure.gravatar.com\/avatar\/96e03166d31716e9c437060430eb7605c45a8ce6fb6dab483637ca6915dd0844?s=96&d=mm&r=g","caption":"Orator"},"logo":{"@id":"https:\/\/secure.gravatar.com\/avatar\/96e03166d31716e9c437060430eb7605c45a8ce6fb6dab483637ca6915dd0844?s=96&d=mm&r=g"},"url":"https:\/\/www.inkultura-online.de\/politisch_unkorrekt\/author\/1korrektor21-2\/"}]}},"_links":{"self":[{"href":"https:\/\/www.inkultura-online.de\/politisch_unkorrekt\/wp-json\/wp\/v2\/posts\/730","targetHints":{"allow":["GET"]}}],"collection":[{"href":"https:\/\/www.inkultura-online.de\/politisch_unkorrekt\/wp-json\/wp\/v2\/posts"}],"about":[{"href":"https:\/\/www.inkultura-online.de\/politisch_unkorrekt\/wp-json\/wp\/v2\/types\/post"}],"author":[{"embeddable":true,"href":"https:\/\/www.inkultura-online.de\/politisch_unkorrekt\/wp-json\/wp\/v2\/users\/1"}],"replies":[{"embeddable":true,"href":"https:\/\/www.inkultura-online.de\/politisch_unkorrekt\/wp-json\/wp\/v2\/comments?post=730"}],"version-history":[{"count":1,"href":"https:\/\/www.inkultura-online.de\/politisch_unkorrekt\/wp-json\/wp\/v2\/posts\/730\/revisions"}],"predecessor-version":[{"id":731,"href":"https:\/\/www.inkultura-online.de\/politisch_unkorrekt\/wp-json\/wp\/v2\/posts\/730\/revisions\/731"}],"wp:attachment":[{"href":"https:\/\/www.inkultura-online.de\/politisch_unkorrekt\/wp-json\/wp\/v2\/media?parent=730"}],"wp:term":[{"taxonomy":"category","embeddable":true,"href":"https:\/\/www.inkultura-online.de\/politisch_unkorrekt\/wp-json\/wp\/v2\/categories?post=730"},{"taxonomy":"post_tag","embeddable":true,"href":"https:\/\/www.inkultura-online.de\/politisch_unkorrekt\/wp-json\/wp\/v2\/tags?post=730"}],"curies":[{"name":"wp","href":"https:\/\/api.w.org\/{rel}","templated":true}]}}