{"id":756,"date":"2015-10-26T09:57:54","date_gmt":"2015-10-26T07:57:54","guid":{"rendered":"http:\/\/www.inkultura-online.de\/politisch_unkorrekt\/?p=756"},"modified":"2015-10-26T10:00:59","modified_gmt":"2015-10-26T08:00:59","slug":"neues-schlechtes-von-der-energiefront","status":"publish","type":"post","link":"https:\/\/www.inkultura-online.de\/politisch_unkorrekt\/neues-schlechtes-von-der-energiefront\/","title":{"rendered":"Neues Schlechtes von der Energiefront"},"content":{"rendered":"<p>Wieder einmal erweist sich Wirtschaftsminister Sigmar Gabriel von der SPD \u2013 <strong>S<\/strong>ie <strong>P<\/strong>l\u00fcndern <strong>D<\/strong>eutschland \u2013 als Feind des B\u00fcrgers, denn er plant eine weitere Strompreiserh\u00f6hung, um, so der (un)heimliche Lobbyist der Gr\u00fcnstromerzeuger, die Kosten des Kohle-Ausstiegs zu finanzieren.<!--more--><\/p>\n<p>Gabriel \u201eeinigte\u201c sich mit den Kohlekraftwerksbetreibern Mibrag, RWE und Vattenfall darauf, dass sie zwischen 2016 und 2019 mehrere Anlagen im rheinischen Braunkohlerevier und in Ostdeutschland vom Stromnetz nehmen, selbige jedoch vier Jahre als Reserve betriebsbereit halten. Durch deren Stilllegung w\u00fcrden insgesamt 2,7 Gigawatt Leistung vom Netz genommen und der Aussto\u00df des klimasch\u00e4dlichen Kohlendioxids (CO2) angeblich um 12,5 Millionen Tonnen pro Jahr reduziert.<\/p>\n<p>So weit, so schlecht. Denn die Stromversorger werden ihren Kunden ohnehin ab Januar 2016 6,354 statt aktuell 6,17 Cent pro Kilowattstunde in Rechnung stellen, um Merkels <i>Fukushima-Zuschlag,<\/i> die euphemistisch <i>EEG-Umlage<\/i> genannte B\u00fcrgerschr\u00f6pfung, an alle Gr\u00fcnstromerzeuger hierzulande weiterzureichen. Dieser Schritt verteuert die Rechnung f\u00fcr einen deutschen Haushalt um ca. 7,36 Euro pro Jahr. Insgesamt werden mit dieser Pl\u00fcnderung im neuen Jahr 22,9 Milliarden Euro f\u00fcr die Energiewende vom B\u00fcrger abgepresst.<\/p>\n<p>Nun fragt sich der aufmerksame Beobachter des politischen Zeitgeistes schon lange, warum der B\u00fcrger f\u00fcr Kosten in Haftung genommen wird, die die \u201eGr\u00fcnstromerzeuger\u201c zu verantworten haben. Aus welchem Grund soll der Privatmensch sich an den Investitionskosten von Unternehmen beteiligen. Investieren \u2013 Kassieren, so galt einst die Spielregel unternehmerischen Denkens \u2013 und Handelns. Dieses Prinzip des ehemals vorhandenen Freien Marktes haben die politischen Vollpfosten unter Leitung der Gr\u00f6KaZ l\u00e4ngst au\u00dfer Kraft gesetzt und betreiben munter die Pl\u00fcnderung des B\u00fcrgers zugunsten der gr\u00fcnen Umweltlobby.<\/p>\n<p>Sigmar Gabriel plappert dann auch artig die von den Profiteuren der Energiewende vorgegebenen Sprechblasen, wenn er davon schwadroniert, da\u00df die o. e. Ma\u00dfnahme wichtig sei, \u201eum unsere Klimaziele zu erreichen\u201c. Seine Ziele sind garantiert nicht meine Ziele, denn aus welchem Grund soll ich die Gr\u00fcnstromerzeuger subventionieren? Wenn die am Markt nicht ohne massive staatliche Hilfe bestehen k\u00f6nnen, dann ist deren Gesch\u00e4ftsmodell schlicht und ergreifend falsch.<\/p>\n<p>Wenn ein Produkt zu teuer ist, als das es sich die Kunden leisten k\u00f6nnen oder wollen, ist das Pech \u2013 oder unternehmerisches Versagen \u2013 der Produzenten. Wer, wie die Gr\u00fcnstromer, am Markt nicht bestehen kann, der mu\u00df sein Konzept \u00e4ndern oder verschwinden. Auf keine Fall jedoch, funktioniert denn der freie Wettbewerb, sollten die B\u00fcrger f\u00fcr die Angst irgendwelcher Leute, da\u00df sie und ihre Nachkommen an CO2 ersticken m\u00fcssen, in Haftung genommen werden.<\/p>\n<p>Sigmar Gabriel und alle Umweltlobbyisten, die Betreiber von &#8222;Gr\u00fcnstrom&#8220; sowieso und die Chefs der herk\u00f6mmlichen Stromerzeuger geh\u00f6ren wegen Verschw\u00f6rung, Preistreiberei und Erzeugung von Paranoia angeklagt und eingesperrt. Zugegeben, das Erzeugen von Paranoia ist nicht strafbar &#8211; sollte man vielleicht \u00e4ndern.<\/p>\n","protected":false},"excerpt":{"rendered":"<p>Wieder einmal erweist sich Wirtschaftsminister Sigmar Gabriel von der SPD \u2013 Sie Pl\u00fcndern Deutschland \u2013 als Feind des B\u00fcrgers, denn er plant eine weitere Strompreiserh\u00f6hung, um, so der (un)heimliche Lobbyist der Gr\u00fcnstromerzeuger, die Kosten des Kohle-Ausstiegs zu finanzieren.<\/p>\n","protected":false},"author":1,"featured_media":0,"comment_status":"open","ping_status":"open","sticky":false,"template":"","format":"standard","meta":{"footnotes":""},"categories":[3,7,10],"tags":[422,420,421,423,425,424],"class_list":["post-756","post","type-post","status-publish","format-standard","hentry","category-die-duemmsten-sprueche-der-woche","category-moderne-zeiten","category-systemfehler","tag-eeg-umlage","tag-energiefront","tag-energiewende","tag-freier-markt","tag-gruenstromerzeuger","tag-preistreiberei"],"yoast_head":"<!-- This site is optimized with the Yoast SEO plugin v27.5 - https:\/\/yoast.com\/product\/yoast-seo-wordpress\/ -->\n<title>Neues Schlechtes von der Energiefront<\/title>\n<meta name=\"robots\" content=\"index, follow, max-snippet:-1, max-image-preview:large, max-video-preview:-1\" \/>\n<link rel=\"canonical\" href=\"https:\/\/www.inkultura-online.de\/politisch_unkorrekt\/neues-schlechtes-von-der-energiefront\/\" \/>\n<meta property=\"og:locale\" content=\"de_DE\" \/>\n<meta property=\"og:type\" content=\"article\" \/>\n<meta property=\"og:title\" content=\"Neues Schlechtes von der Energiefront\" \/>\n<meta property=\"og:description\" content=\"Wieder einmal erweist sich Wirtschaftsminister Sigmar Gabriel von der SPD \u2013 Sie Pl\u00fcndern Deutschland \u2013 als Feind des B\u00fcrgers, denn er plant eine weitere Strompreiserh\u00f6hung, um, so der (un)heimliche Lobbyist der Gr\u00fcnstromerzeuger, die Kosten des Kohle-Ausstiegs zu finanzieren.\" \/>\n<meta property=\"og:url\" content=\"https:\/\/www.inkultura-online.de\/politisch_unkorrekt\/neues-schlechtes-von-der-energiefront\/\" \/>\n<meta property=\"og:site_name\" content=\"Zeitgeist? Frei!\" \/>\n<meta property=\"article:published_time\" content=\"2015-10-26T07:57:54+00:00\" \/>\n<meta property=\"article:modified_time\" content=\"2015-10-26T08:00:59+00:00\" \/>\n<meta name=\"author\" content=\"Orator\" \/>\n<meta name=\"twitter:label1\" content=\"Verfasst von\" \/>\n\t<meta name=\"twitter:data1\" content=\"Orator\" \/>\n\t<meta name=\"twitter:label2\" content=\"Gesch\u00e4tzte Lesezeit\" \/>\n\t<meta name=\"twitter:data2\" content=\"2\u00a0Minuten\" \/>\n<script type=\"application\/ld+json\" class=\"yoast-schema-graph\">{\"@context\":\"https:\\\/\\\/schema.org\",\"@graph\":[{\"@type\":\"Article\",\"@id\":\"https:\\\/\\\/www.inkultura-online.de\\\/politisch_unkorrekt\\\/neues-schlechtes-von-der-energiefront\\\/#article\",\"isPartOf\":{\"@id\":\"https:\\\/\\\/www.inkultura-online.de\\\/politisch_unkorrekt\\\/neues-schlechtes-von-der-energiefront\\\/\"},\"author\":{\"name\":\"Orator\",\"@id\":\"https:\\\/\\\/www.inkultura-online.de\\\/politisch_unkorrekt\\\/#\\\/schema\\\/person\\\/5b30b80e385478896a1de221e1994d86\"},\"headline\":\"Neues Schlechtes von der Energiefront\",\"datePublished\":\"2015-10-26T07:57:54+00:00\",\"dateModified\":\"2015-10-26T08:00:59+00:00\",\"mainEntityOfPage\":{\"@id\":\"https:\\\/\\\/www.inkultura-online.de\\\/politisch_unkorrekt\\\/neues-schlechtes-von-der-energiefront\\\/\"},\"wordCount\":454,\"commentCount\":0,\"publisher\":{\"@id\":\"https:\\\/\\\/www.inkultura-online.de\\\/politisch_unkorrekt\\\/#\\\/schema\\\/person\\\/5b30b80e385478896a1de221e1994d86\"},\"keywords\":[\"EEG-Umlage\",\"Energiefront\",\"Energiewende\",\"Freier Markt\",\"Gr\u00fcnstromerzeuger\",\"Preistreiberei\"],\"articleSection\":[\"Die d\u00fcmmsten Spr\u00fcche der Woche\",\"Moderne Zeiten\",\"Systemfehler\"],\"inLanguage\":\"de\",\"potentialAction\":[{\"@type\":\"CommentAction\",\"name\":\"Comment\",\"target\":[\"https:\\\/\\\/www.inkultura-online.de\\\/politisch_unkorrekt\\\/neues-schlechtes-von-der-energiefront\\\/#respond\"]}]},{\"@type\":\"WebPage\",\"@id\":\"https:\\\/\\\/www.inkultura-online.de\\\/politisch_unkorrekt\\\/neues-schlechtes-von-der-energiefront\\\/\",\"url\":\"https:\\\/\\\/www.inkultura-online.de\\\/politisch_unkorrekt\\\/neues-schlechtes-von-der-energiefront\\\/\",\"name\":\"Neues Schlechtes von der Energiefront\",\"isPartOf\":{\"@id\":\"https:\\\/\\\/www.inkultura-online.de\\\/politisch_unkorrekt\\\/#website\"},\"datePublished\":\"2015-10-26T07:57:54+00:00\",\"dateModified\":\"2015-10-26T08:00:59+00:00\",\"breadcrumb\":{\"@id\":\"https:\\\/\\\/www.inkultura-online.de\\\/politisch_unkorrekt\\\/neues-schlechtes-von-der-energiefront\\\/#breadcrumb\"},\"inLanguage\":\"de\",\"potentialAction\":[{\"@type\":\"ReadAction\",\"target\":[\"https:\\\/\\\/www.inkultura-online.de\\\/politisch_unkorrekt\\\/neues-schlechtes-von-der-energiefront\\\/\"]}]},{\"@type\":\"BreadcrumbList\",\"@id\":\"https:\\\/\\\/www.inkultura-online.de\\\/politisch_unkorrekt\\\/neues-schlechtes-von-der-energiefront\\\/#breadcrumb\",\"itemListElement\":[{\"@type\":\"ListItem\",\"position\":1,\"name\":\"Home\",\"item\":\"https:\\\/\\\/www.inkultura-online.de\\\/politisch_unkorrekt\\\/\"},{\"@type\":\"ListItem\",\"position\":2,\"name\":\"Neues Schlechtes von der Energiefront\"}]},{\"@type\":\"WebSite\",\"@id\":\"https:\\\/\\\/www.inkultura-online.de\\\/politisch_unkorrekt\\\/#website\",\"url\":\"https:\\\/\\\/www.inkultura-online.de\\\/politisch_unkorrekt\\\/\",\"name\":\"Zeitgeist? Frei!\",\"description\":\"Was Ihr den Geist der Zeiten hei\u00dft...\",\"publisher\":{\"@id\":\"https:\\\/\\\/www.inkultura-online.de\\\/politisch_unkorrekt\\\/#\\\/schema\\\/person\\\/5b30b80e385478896a1de221e1994d86\"},\"potentialAction\":[{\"@type\":\"SearchAction\",\"target\":{\"@type\":\"EntryPoint\",\"urlTemplate\":\"https:\\\/\\\/www.inkultura-online.de\\\/politisch_unkorrekt\\\/?s={search_term_string}\"},\"query-input\":{\"@type\":\"PropertyValueSpecification\",\"valueRequired\":true,\"valueName\":\"search_term_string\"}}],\"inLanguage\":\"de\"},{\"@type\":[\"Person\",\"Organization\"],\"@id\":\"https:\\\/\\\/www.inkultura-online.de\\\/politisch_unkorrekt\\\/#\\\/schema\\\/person\\\/5b30b80e385478896a1de221e1994d86\",\"name\":\"Orator\",\"image\":{\"@type\":\"ImageObject\",\"inLanguage\":\"de\",\"@id\":\"https:\\\/\\\/secure.gravatar.com\\\/avatar\\\/96e03166d31716e9c437060430eb7605c45a8ce6fb6dab483637ca6915dd0844?s=96&d=mm&r=g\",\"url\":\"https:\\\/\\\/secure.gravatar.com\\\/avatar\\\/96e03166d31716e9c437060430eb7605c45a8ce6fb6dab483637ca6915dd0844?s=96&d=mm&r=g\",\"contentUrl\":\"https:\\\/\\\/secure.gravatar.com\\\/avatar\\\/96e03166d31716e9c437060430eb7605c45a8ce6fb6dab483637ca6915dd0844?s=96&d=mm&r=g\",\"caption\":\"Orator\"},\"logo\":{\"@id\":\"https:\\\/\\\/secure.gravatar.com\\\/avatar\\\/96e03166d31716e9c437060430eb7605c45a8ce6fb6dab483637ca6915dd0844?s=96&d=mm&r=g\"},\"url\":\"https:\\\/\\\/www.inkultura-online.de\\\/politisch_unkorrekt\\\/author\\\/1korrektor21-2\\\/\"}]}<\/script>\n<!-- \/ Yoast SEO plugin. -->","yoast_head_json":{"title":"Neues Schlechtes von der Energiefront","robots":{"index":"index","follow":"follow","max-snippet":"max-snippet:-1","max-image-preview":"max-image-preview:large","max-video-preview":"max-video-preview:-1"},"canonical":"https:\/\/www.inkultura-online.de\/politisch_unkorrekt\/neues-schlechtes-von-der-energiefront\/","og_locale":"de_DE","og_type":"article","og_title":"Neues Schlechtes von der Energiefront","og_description":"Wieder einmal erweist sich Wirtschaftsminister Sigmar Gabriel von der SPD \u2013 Sie Pl\u00fcndern Deutschland \u2013 als Feind des B\u00fcrgers, denn er plant eine weitere Strompreiserh\u00f6hung, um, so der (un)heimliche Lobbyist der Gr\u00fcnstromerzeuger, die Kosten des Kohle-Ausstiegs zu finanzieren.","og_url":"https:\/\/www.inkultura-online.de\/politisch_unkorrekt\/neues-schlechtes-von-der-energiefront\/","og_site_name":"Zeitgeist? Frei!","article_published_time":"2015-10-26T07:57:54+00:00","article_modified_time":"2015-10-26T08:00:59+00:00","author":"Orator","twitter_misc":{"Verfasst von":"Orator","Gesch\u00e4tzte Lesezeit":"2\u00a0Minuten"},"schema":{"@context":"https:\/\/schema.org","@graph":[{"@type":"Article","@id":"https:\/\/www.inkultura-online.de\/politisch_unkorrekt\/neues-schlechtes-von-der-energiefront\/#article","isPartOf":{"@id":"https:\/\/www.inkultura-online.de\/politisch_unkorrekt\/neues-schlechtes-von-der-energiefront\/"},"author":{"name":"Orator","@id":"https:\/\/www.inkultura-online.de\/politisch_unkorrekt\/#\/schema\/person\/5b30b80e385478896a1de221e1994d86"},"headline":"Neues Schlechtes von der Energiefront","datePublished":"2015-10-26T07:57:54+00:00","dateModified":"2015-10-26T08:00:59+00:00","mainEntityOfPage":{"@id":"https:\/\/www.inkultura-online.de\/politisch_unkorrekt\/neues-schlechtes-von-der-energiefront\/"},"wordCount":454,"commentCount":0,"publisher":{"@id":"https:\/\/www.inkultura-online.de\/politisch_unkorrekt\/#\/schema\/person\/5b30b80e385478896a1de221e1994d86"},"keywords":["EEG-Umlage","Energiefront","Energiewende","Freier Markt","Gr\u00fcnstromerzeuger","Preistreiberei"],"articleSection":["Die d\u00fcmmsten Spr\u00fcche der Woche","Moderne Zeiten","Systemfehler"],"inLanguage":"de","potentialAction":[{"@type":"CommentAction","name":"Comment","target":["https:\/\/www.inkultura-online.de\/politisch_unkorrekt\/neues-schlechtes-von-der-energiefront\/#respond"]}]},{"@type":"WebPage","@id":"https:\/\/www.inkultura-online.de\/politisch_unkorrekt\/neues-schlechtes-von-der-energiefront\/","url":"https:\/\/www.inkultura-online.de\/politisch_unkorrekt\/neues-schlechtes-von-der-energiefront\/","name":"Neues Schlechtes von der Energiefront","isPartOf":{"@id":"https:\/\/www.inkultura-online.de\/politisch_unkorrekt\/#website"},"datePublished":"2015-10-26T07:57:54+00:00","dateModified":"2015-10-26T08:00:59+00:00","breadcrumb":{"@id":"https:\/\/www.inkultura-online.de\/politisch_unkorrekt\/neues-schlechtes-von-der-energiefront\/#breadcrumb"},"inLanguage":"de","potentialAction":[{"@type":"ReadAction","target":["https:\/\/www.inkultura-online.de\/politisch_unkorrekt\/neues-schlechtes-von-der-energiefront\/"]}]},{"@type":"BreadcrumbList","@id":"https:\/\/www.inkultura-online.de\/politisch_unkorrekt\/neues-schlechtes-von-der-energiefront\/#breadcrumb","itemListElement":[{"@type":"ListItem","position":1,"name":"Home","item":"https:\/\/www.inkultura-online.de\/politisch_unkorrekt\/"},{"@type":"ListItem","position":2,"name":"Neues Schlechtes von der Energiefront"}]},{"@type":"WebSite","@id":"https:\/\/www.inkultura-online.de\/politisch_unkorrekt\/#website","url":"https:\/\/www.inkultura-online.de\/politisch_unkorrekt\/","name":"Zeitgeist? Frei!","description":"Was Ihr den Geist der Zeiten hei\u00dft...","publisher":{"@id":"https:\/\/www.inkultura-online.de\/politisch_unkorrekt\/#\/schema\/person\/5b30b80e385478896a1de221e1994d86"},"potentialAction":[{"@type":"SearchAction","target":{"@type":"EntryPoint","urlTemplate":"https:\/\/www.inkultura-online.de\/politisch_unkorrekt\/?s={search_term_string}"},"query-input":{"@type":"PropertyValueSpecification","valueRequired":true,"valueName":"search_term_string"}}],"inLanguage":"de"},{"@type":["Person","Organization"],"@id":"https:\/\/www.inkultura-online.de\/politisch_unkorrekt\/#\/schema\/person\/5b30b80e385478896a1de221e1994d86","name":"Orator","image":{"@type":"ImageObject","inLanguage":"de","@id":"https:\/\/secure.gravatar.com\/avatar\/96e03166d31716e9c437060430eb7605c45a8ce6fb6dab483637ca6915dd0844?s=96&d=mm&r=g","url":"https:\/\/secure.gravatar.com\/avatar\/96e03166d31716e9c437060430eb7605c45a8ce6fb6dab483637ca6915dd0844?s=96&d=mm&r=g","contentUrl":"https:\/\/secure.gravatar.com\/avatar\/96e03166d31716e9c437060430eb7605c45a8ce6fb6dab483637ca6915dd0844?s=96&d=mm&r=g","caption":"Orator"},"logo":{"@id":"https:\/\/secure.gravatar.com\/avatar\/96e03166d31716e9c437060430eb7605c45a8ce6fb6dab483637ca6915dd0844?s=96&d=mm&r=g"},"url":"https:\/\/www.inkultura-online.de\/politisch_unkorrekt\/author\/1korrektor21-2\/"}]}},"_links":{"self":[{"href":"https:\/\/www.inkultura-online.de\/politisch_unkorrekt\/wp-json\/wp\/v2\/posts\/756","targetHints":{"allow":["GET"]}}],"collection":[{"href":"https:\/\/www.inkultura-online.de\/politisch_unkorrekt\/wp-json\/wp\/v2\/posts"}],"about":[{"href":"https:\/\/www.inkultura-online.de\/politisch_unkorrekt\/wp-json\/wp\/v2\/types\/post"}],"author":[{"embeddable":true,"href":"https:\/\/www.inkultura-online.de\/politisch_unkorrekt\/wp-json\/wp\/v2\/users\/1"}],"replies":[{"embeddable":true,"href":"https:\/\/www.inkultura-online.de\/politisch_unkorrekt\/wp-json\/wp\/v2\/comments?post=756"}],"version-history":[{"count":2,"href":"https:\/\/www.inkultura-online.de\/politisch_unkorrekt\/wp-json\/wp\/v2\/posts\/756\/revisions"}],"predecessor-version":[{"id":759,"href":"https:\/\/www.inkultura-online.de\/politisch_unkorrekt\/wp-json\/wp\/v2\/posts\/756\/revisions\/759"}],"wp:attachment":[{"href":"https:\/\/www.inkultura-online.de\/politisch_unkorrekt\/wp-json\/wp\/v2\/media?parent=756"}],"wp:term":[{"taxonomy":"category","embeddable":true,"href":"https:\/\/www.inkultura-online.de\/politisch_unkorrekt\/wp-json\/wp\/v2\/categories?post=756"},{"taxonomy":"post_tag","embeddable":true,"href":"https:\/\/www.inkultura-online.de\/politisch_unkorrekt\/wp-json\/wp\/v2\/tags?post=756"}],"curies":[{"name":"wp","href":"https:\/\/api.w.org\/{rel}","templated":true}]}}