{"id":760,"date":"2015-10-26T11:11:44","date_gmt":"2015-10-26T09:11:44","guid":{"rendered":"http:\/\/www.inkultura-online.de\/politisch_unkorrekt\/?p=760"},"modified":"2015-10-26T11:11:44","modified_gmt":"2015-10-26T09:11:44","slug":"zwangseinquartierung-in-privatwohnungen","status":"publish","type":"post","link":"https:\/\/www.inkultura-online.de\/politisch_unkorrekt\/zwangseinquartierung-in-privatwohnungen\/","title":{"rendered":"Zwangseinquartierung in Privatwohnungen?"},"content":{"rendered":"<p>In Zeiten politischen Totalversagens, das sich im inflation\u00e4rem Gebrauch des Wortes \u201eAlternativlos\u201c manifestiert, kriechen die Volksabschaffer und Autochthonenhasser massenweise aus ihren L\u00f6chern und \u00fcbertreffen sich gegenseitig mit ans Absurde grenzenden Vorschl\u00e4gen, wie dem Deutschen Volk noch schneller und noch nachhaltiger der Garaus gemacht werden kann.<!--more--><\/p>\n<p>Eine dieser bis jetzt zum Gl\u00fcck unter den Steinen der Dunkelheit lebende Unperson hat sich jetzt im Zuge der allgemeinen politischen Hilf- und Ratlosigkeit ans Tageslicht gewagt und ihre bis dahin im Verborgenen schwelenden tr\u00fcben Gedankeng\u00e4nge einer sich bereits an den ver\u00f6ffentlichen Irrsinn des Politkartells gew\u00f6hnt habenden \u00d6ffentlichkeit pr\u00e4sentiert.<\/p>\n<p>Die, nat\u00fcrlich linke, Sozialb\u00fcrgermeistern Dresdens, Kristin Kaufmann, will, weil <i>\u201e<\/i><i>Es ist eine gro\u00dfe Herausforderung. Wir pr\u00fcfen alle Unterkunftsm\u00f6glichkeiten. Fakt ist: Die Unterbringung der Menschen ist alternativlos\u201c<\/i>, sog. \u201eFl\u00fcchtlinge\u201c zwangsweise in Privatwohnungen unterbringen und plappert hirnlos und anscheinend verlassen von allen guten Geistern davon, <i>\u201e<\/i><i>Eventuell m\u00fcssen wir unsere Wohnungen \u00f6ffnen, wie es auch nach dem Zweiten Weltkrieg der Fall war<\/i><i>\u201c.<\/i><\/p>\n<p>Nun kann man das ja, betrachtet man das <a href=\"https:\/\/mopo24.de\/nachrichten\/muessen-wir-bald-fluechtlingen-in-unseren-wohnungen-aufnehmen-21440\" target=\"_blank\">Foto<\/a> dieser linken Alternativlosigkeit, verstehen, da\u00df sich diese Type \u00fcber die Anwesenheit von einem oder mehrerer viriler \u201eFl\u00fcchtlinge\u201c in ihrer Wohnung freut, doch jede Wette, noch nicht einmal die dauergeilsten unserer zuk\u00fcnftigen \u201eFachkr\u00e4fte\u201c und \u201eRentensicherer\u201c w\u00fcrden dieses linke Neutrum besteigen.<\/p>\n","protected":false},"excerpt":{"rendered":"<p>In Zeiten politischen Totalversagens, das sich im inflation\u00e4rem Gebrauch des Wortes \u201eAlternativlos\u201c manifestiert, kriechen die Volksabschaffer und Autochthonenhasser massenweise aus ihren L\u00f6chern und \u00fcbertreffen sich gegenseitig mit ans Absurde grenzenden Vorschl\u00e4gen, wie dem Deutschen Volk noch schneller und noch nachhaltiger &hellip; <a href=\"https:\/\/www.inkultura-online.de\/politisch_unkorrekt\/zwangseinquartierung-in-privatwohnungen\/\">Weiterlesen <span class=\"meta-nav\">&rarr;<\/span><\/a><\/p>\n","protected":false},"author":1,"featured_media":0,"comment_status":"open","ping_status":"open","sticky":false,"template":"","format":"standard","meta":{"footnotes":""},"categories":[1],"tags":[271,79,17,427,426],"class_list":["post-760","post","type-post","status-publish","format-standard","hentry","category-fundstuecke","tag-asylirrsinn","tag-fluechtlinge","tag-landnehmer","tag-privatwohnungen","tag-zwangseinquartierung"],"yoast_head":"<!-- This site is optimized with the Yoast SEO plugin v27.5 - https:\/\/yoast.com\/product\/yoast-seo-wordpress\/ -->\n<title>Zwangseinquartierung in Privatwohnungen?<\/title>\n<meta name=\"robots\" content=\"index, follow, max-snippet:-1, max-image-preview:large, max-video-preview:-1\" \/>\n<link rel=\"canonical\" href=\"https:\/\/www.inkultura-online.de\/politisch_unkorrekt\/zwangseinquartierung-in-privatwohnungen\/\" \/>\n<meta property=\"og:locale\" content=\"de_DE\" \/>\n<meta property=\"og:type\" content=\"article\" \/>\n<meta property=\"og:title\" content=\"Zwangseinquartierung in Privatwohnungen?\" \/>\n<meta property=\"og:description\" content=\"In Zeiten politischen Totalversagens, das sich im inflation\u00e4rem Gebrauch des Wortes \u201eAlternativlos\u201c manifestiert, kriechen die Volksabschaffer und Autochthonenhasser massenweise aus ihren L\u00f6chern und \u00fcbertreffen sich gegenseitig mit ans Absurde grenzenden Vorschl\u00e4gen, wie dem Deutschen Volk noch schneller und noch nachhaltiger &hellip; Weiterlesen &rarr;\" \/>\n<meta property=\"og:url\" content=\"https:\/\/www.inkultura-online.de\/politisch_unkorrekt\/zwangseinquartierung-in-privatwohnungen\/\" \/>\n<meta property=\"og:site_name\" content=\"Zeitgeist? Frei!\" \/>\n<meta property=\"article:published_time\" content=\"2015-10-26T09:11:44+00:00\" \/>\n<meta name=\"author\" content=\"Orator\" \/>\n<meta name=\"twitter:label1\" content=\"Verfasst von\" \/>\n\t<meta name=\"twitter:data1\" content=\"Orator\" \/>\n\t<meta name=\"twitter:label2\" content=\"Gesch\u00e4tzte Lesezeit\" \/>\n\t<meta name=\"twitter:data2\" content=\"1\u00a0Minute\" \/>\n<script type=\"application\/ld+json\" class=\"yoast-schema-graph\">{\"@context\":\"https:\\\/\\\/schema.org\",\"@graph\":[{\"@type\":\"Article\",\"@id\":\"https:\\\/\\\/www.inkultura-online.de\\\/politisch_unkorrekt\\\/zwangseinquartierung-in-privatwohnungen\\\/#article\",\"isPartOf\":{\"@id\":\"https:\\\/\\\/www.inkultura-online.de\\\/politisch_unkorrekt\\\/zwangseinquartierung-in-privatwohnungen\\\/\"},\"author\":{\"name\":\"Orator\",\"@id\":\"https:\\\/\\\/www.inkultura-online.de\\\/politisch_unkorrekt\\\/#\\\/schema\\\/person\\\/5b30b80e385478896a1de221e1994d86\"},\"headline\":\"Zwangseinquartierung in Privatwohnungen?\",\"datePublished\":\"2015-10-26T09:11:44+00:00\",\"mainEntityOfPage\":{\"@id\":\"https:\\\/\\\/www.inkultura-online.de\\\/politisch_unkorrekt\\\/zwangseinquartierung-in-privatwohnungen\\\/\"},\"wordCount\":224,\"commentCount\":0,\"publisher\":{\"@id\":\"https:\\\/\\\/www.inkultura-online.de\\\/politisch_unkorrekt\\\/#\\\/schema\\\/person\\\/5b30b80e385478896a1de221e1994d86\"},\"keywords\":[\"Asylirrsinn\",\"Fl\u00fcchtlinge\",\"Landnehmer\",\"Privatwohnungen\",\"Zwangseinquartierung\"],\"articleSection\":[\"Fundst\u00fccke\"],\"inLanguage\":\"de\",\"potentialAction\":[{\"@type\":\"CommentAction\",\"name\":\"Comment\",\"target\":[\"https:\\\/\\\/www.inkultura-online.de\\\/politisch_unkorrekt\\\/zwangseinquartierung-in-privatwohnungen\\\/#respond\"]}]},{\"@type\":\"WebPage\",\"@id\":\"https:\\\/\\\/www.inkultura-online.de\\\/politisch_unkorrekt\\\/zwangseinquartierung-in-privatwohnungen\\\/\",\"url\":\"https:\\\/\\\/www.inkultura-online.de\\\/politisch_unkorrekt\\\/zwangseinquartierung-in-privatwohnungen\\\/\",\"name\":\"Zwangseinquartierung in Privatwohnungen?\",\"isPartOf\":{\"@id\":\"https:\\\/\\\/www.inkultura-online.de\\\/politisch_unkorrekt\\\/#website\"},\"datePublished\":\"2015-10-26T09:11:44+00:00\",\"breadcrumb\":{\"@id\":\"https:\\\/\\\/www.inkultura-online.de\\\/politisch_unkorrekt\\\/zwangseinquartierung-in-privatwohnungen\\\/#breadcrumb\"},\"inLanguage\":\"de\",\"potentialAction\":[{\"@type\":\"ReadAction\",\"target\":[\"https:\\\/\\\/www.inkultura-online.de\\\/politisch_unkorrekt\\\/zwangseinquartierung-in-privatwohnungen\\\/\"]}]},{\"@type\":\"BreadcrumbList\",\"@id\":\"https:\\\/\\\/www.inkultura-online.de\\\/politisch_unkorrekt\\\/zwangseinquartierung-in-privatwohnungen\\\/#breadcrumb\",\"itemListElement\":[{\"@type\":\"ListItem\",\"position\":1,\"name\":\"Home\",\"item\":\"https:\\\/\\\/www.inkultura-online.de\\\/politisch_unkorrekt\\\/\"},{\"@type\":\"ListItem\",\"position\":2,\"name\":\"Zwangseinquartierung in Privatwohnungen?\"}]},{\"@type\":\"WebSite\",\"@id\":\"https:\\\/\\\/www.inkultura-online.de\\\/politisch_unkorrekt\\\/#website\",\"url\":\"https:\\\/\\\/www.inkultura-online.de\\\/politisch_unkorrekt\\\/\",\"name\":\"Zeitgeist? Frei!\",\"description\":\"Was Ihr den Geist der Zeiten hei\u00dft...\",\"publisher\":{\"@id\":\"https:\\\/\\\/www.inkultura-online.de\\\/politisch_unkorrekt\\\/#\\\/schema\\\/person\\\/5b30b80e385478896a1de221e1994d86\"},\"potentialAction\":[{\"@type\":\"SearchAction\",\"target\":{\"@type\":\"EntryPoint\",\"urlTemplate\":\"https:\\\/\\\/www.inkultura-online.de\\\/politisch_unkorrekt\\\/?s={search_term_string}\"},\"query-input\":{\"@type\":\"PropertyValueSpecification\",\"valueRequired\":true,\"valueName\":\"search_term_string\"}}],\"inLanguage\":\"de\"},{\"@type\":[\"Person\",\"Organization\"],\"@id\":\"https:\\\/\\\/www.inkultura-online.de\\\/politisch_unkorrekt\\\/#\\\/schema\\\/person\\\/5b30b80e385478896a1de221e1994d86\",\"name\":\"Orator\",\"image\":{\"@type\":\"ImageObject\",\"inLanguage\":\"de\",\"@id\":\"https:\\\/\\\/secure.gravatar.com\\\/avatar\\\/96e03166d31716e9c437060430eb7605c45a8ce6fb6dab483637ca6915dd0844?s=96&d=mm&r=g\",\"url\":\"https:\\\/\\\/secure.gravatar.com\\\/avatar\\\/96e03166d31716e9c437060430eb7605c45a8ce6fb6dab483637ca6915dd0844?s=96&d=mm&r=g\",\"contentUrl\":\"https:\\\/\\\/secure.gravatar.com\\\/avatar\\\/96e03166d31716e9c437060430eb7605c45a8ce6fb6dab483637ca6915dd0844?s=96&d=mm&r=g\",\"caption\":\"Orator\"},\"logo\":{\"@id\":\"https:\\\/\\\/secure.gravatar.com\\\/avatar\\\/96e03166d31716e9c437060430eb7605c45a8ce6fb6dab483637ca6915dd0844?s=96&d=mm&r=g\"},\"url\":\"https:\\\/\\\/www.inkultura-online.de\\\/politisch_unkorrekt\\\/author\\\/1korrektor21-2\\\/\"}]}<\/script>\n<!-- \/ Yoast SEO plugin. -->","yoast_head_json":{"title":"Zwangseinquartierung in Privatwohnungen?","robots":{"index":"index","follow":"follow","max-snippet":"max-snippet:-1","max-image-preview":"max-image-preview:large","max-video-preview":"max-video-preview:-1"},"canonical":"https:\/\/www.inkultura-online.de\/politisch_unkorrekt\/zwangseinquartierung-in-privatwohnungen\/","og_locale":"de_DE","og_type":"article","og_title":"Zwangseinquartierung in Privatwohnungen?","og_description":"In Zeiten politischen Totalversagens, das sich im inflation\u00e4rem Gebrauch des Wortes \u201eAlternativlos\u201c manifestiert, kriechen die Volksabschaffer und Autochthonenhasser massenweise aus ihren L\u00f6chern und \u00fcbertreffen sich gegenseitig mit ans Absurde grenzenden Vorschl\u00e4gen, wie dem Deutschen Volk noch schneller und noch nachhaltiger &hellip; Weiterlesen &rarr;","og_url":"https:\/\/www.inkultura-online.de\/politisch_unkorrekt\/zwangseinquartierung-in-privatwohnungen\/","og_site_name":"Zeitgeist? Frei!","article_published_time":"2015-10-26T09:11:44+00:00","author":"Orator","twitter_misc":{"Verfasst von":"Orator","Gesch\u00e4tzte Lesezeit":"1\u00a0Minute"},"schema":{"@context":"https:\/\/schema.org","@graph":[{"@type":"Article","@id":"https:\/\/www.inkultura-online.de\/politisch_unkorrekt\/zwangseinquartierung-in-privatwohnungen\/#article","isPartOf":{"@id":"https:\/\/www.inkultura-online.de\/politisch_unkorrekt\/zwangseinquartierung-in-privatwohnungen\/"},"author":{"name":"Orator","@id":"https:\/\/www.inkultura-online.de\/politisch_unkorrekt\/#\/schema\/person\/5b30b80e385478896a1de221e1994d86"},"headline":"Zwangseinquartierung in Privatwohnungen?","datePublished":"2015-10-26T09:11:44+00:00","mainEntityOfPage":{"@id":"https:\/\/www.inkultura-online.de\/politisch_unkorrekt\/zwangseinquartierung-in-privatwohnungen\/"},"wordCount":224,"commentCount":0,"publisher":{"@id":"https:\/\/www.inkultura-online.de\/politisch_unkorrekt\/#\/schema\/person\/5b30b80e385478896a1de221e1994d86"},"keywords":["Asylirrsinn","Fl\u00fcchtlinge","Landnehmer","Privatwohnungen","Zwangseinquartierung"],"articleSection":["Fundst\u00fccke"],"inLanguage":"de","potentialAction":[{"@type":"CommentAction","name":"Comment","target":["https:\/\/www.inkultura-online.de\/politisch_unkorrekt\/zwangseinquartierung-in-privatwohnungen\/#respond"]}]},{"@type":"WebPage","@id":"https:\/\/www.inkultura-online.de\/politisch_unkorrekt\/zwangseinquartierung-in-privatwohnungen\/","url":"https:\/\/www.inkultura-online.de\/politisch_unkorrekt\/zwangseinquartierung-in-privatwohnungen\/","name":"Zwangseinquartierung in Privatwohnungen?","isPartOf":{"@id":"https:\/\/www.inkultura-online.de\/politisch_unkorrekt\/#website"},"datePublished":"2015-10-26T09:11:44+00:00","breadcrumb":{"@id":"https:\/\/www.inkultura-online.de\/politisch_unkorrekt\/zwangseinquartierung-in-privatwohnungen\/#breadcrumb"},"inLanguage":"de","potentialAction":[{"@type":"ReadAction","target":["https:\/\/www.inkultura-online.de\/politisch_unkorrekt\/zwangseinquartierung-in-privatwohnungen\/"]}]},{"@type":"BreadcrumbList","@id":"https:\/\/www.inkultura-online.de\/politisch_unkorrekt\/zwangseinquartierung-in-privatwohnungen\/#breadcrumb","itemListElement":[{"@type":"ListItem","position":1,"name":"Home","item":"https:\/\/www.inkultura-online.de\/politisch_unkorrekt\/"},{"@type":"ListItem","position":2,"name":"Zwangseinquartierung in Privatwohnungen?"}]},{"@type":"WebSite","@id":"https:\/\/www.inkultura-online.de\/politisch_unkorrekt\/#website","url":"https:\/\/www.inkultura-online.de\/politisch_unkorrekt\/","name":"Zeitgeist? Frei!","description":"Was Ihr den Geist der Zeiten hei\u00dft...","publisher":{"@id":"https:\/\/www.inkultura-online.de\/politisch_unkorrekt\/#\/schema\/person\/5b30b80e385478896a1de221e1994d86"},"potentialAction":[{"@type":"SearchAction","target":{"@type":"EntryPoint","urlTemplate":"https:\/\/www.inkultura-online.de\/politisch_unkorrekt\/?s={search_term_string}"},"query-input":{"@type":"PropertyValueSpecification","valueRequired":true,"valueName":"search_term_string"}}],"inLanguage":"de"},{"@type":["Person","Organization"],"@id":"https:\/\/www.inkultura-online.de\/politisch_unkorrekt\/#\/schema\/person\/5b30b80e385478896a1de221e1994d86","name":"Orator","image":{"@type":"ImageObject","inLanguage":"de","@id":"https:\/\/secure.gravatar.com\/avatar\/96e03166d31716e9c437060430eb7605c45a8ce6fb6dab483637ca6915dd0844?s=96&d=mm&r=g","url":"https:\/\/secure.gravatar.com\/avatar\/96e03166d31716e9c437060430eb7605c45a8ce6fb6dab483637ca6915dd0844?s=96&d=mm&r=g","contentUrl":"https:\/\/secure.gravatar.com\/avatar\/96e03166d31716e9c437060430eb7605c45a8ce6fb6dab483637ca6915dd0844?s=96&d=mm&r=g","caption":"Orator"},"logo":{"@id":"https:\/\/secure.gravatar.com\/avatar\/96e03166d31716e9c437060430eb7605c45a8ce6fb6dab483637ca6915dd0844?s=96&d=mm&r=g"},"url":"https:\/\/www.inkultura-online.de\/politisch_unkorrekt\/author\/1korrektor21-2\/"}]}},"_links":{"self":[{"href":"https:\/\/www.inkultura-online.de\/politisch_unkorrekt\/wp-json\/wp\/v2\/posts\/760","targetHints":{"allow":["GET"]}}],"collection":[{"href":"https:\/\/www.inkultura-online.de\/politisch_unkorrekt\/wp-json\/wp\/v2\/posts"}],"about":[{"href":"https:\/\/www.inkultura-online.de\/politisch_unkorrekt\/wp-json\/wp\/v2\/types\/post"}],"author":[{"embeddable":true,"href":"https:\/\/www.inkultura-online.de\/politisch_unkorrekt\/wp-json\/wp\/v2\/users\/1"}],"replies":[{"embeddable":true,"href":"https:\/\/www.inkultura-online.de\/politisch_unkorrekt\/wp-json\/wp\/v2\/comments?post=760"}],"version-history":[{"count":1,"href":"https:\/\/www.inkultura-online.de\/politisch_unkorrekt\/wp-json\/wp\/v2\/posts\/760\/revisions"}],"predecessor-version":[{"id":761,"href":"https:\/\/www.inkultura-online.de\/politisch_unkorrekt\/wp-json\/wp\/v2\/posts\/760\/revisions\/761"}],"wp:attachment":[{"href":"https:\/\/www.inkultura-online.de\/politisch_unkorrekt\/wp-json\/wp\/v2\/media?parent=760"}],"wp:term":[{"taxonomy":"category","embeddable":true,"href":"https:\/\/www.inkultura-online.de\/politisch_unkorrekt\/wp-json\/wp\/v2\/categories?post=760"},{"taxonomy":"post_tag","embeddable":true,"href":"https:\/\/www.inkultura-online.de\/politisch_unkorrekt\/wp-json\/wp\/v2\/tags?post=760"}],"curies":[{"name":"wp","href":"https:\/\/api.w.org\/{rel}","templated":true}]}}