{"id":772,"date":"2015-10-27T19:39:21","date_gmt":"2015-10-27T17:39:21","guid":{"rendered":"http:\/\/www.inkultura-online.de\/politisch_unkorrekt\/?p=772"},"modified":"2015-10-27T19:40:27","modified_gmt":"2015-10-27T17:40:27","slug":"qualitaetszeitung-gibt-lesewarnung-heraus","status":"publish","type":"post","link":"https:\/\/www.inkultura-online.de\/politisch_unkorrekt\/qualitaetszeitung-gibt-lesewarnung-heraus\/","title":{"rendered":"&#8222;Qualit\u00e4tszeitung&#8220; gibt Lesewarnung heraus"},"content":{"rendered":"<p>Der politische Zeitgeist hat anscheinend geh\u00f6riges Muffensausen. Das &#8222;Leitmedium&#8220; der Hauptstadt, der Berliner Tagesspiegel, hat jetzt eine <a href=\"http:\/\/www.tagesspiegel.de\/kultur\/jean-raspail-das-heerlager-der-heiligen-das-kultbuch-der-neuen-rechten-eine-lesewarnung\/12500440.html\" target=\"_blank\">Lesewarnung<\/a> bez\u00fcglich des Romans \u201eDas Heerlager der Heiligen\u201c des franz\u00f6sischen Schriftstellers Jean Raspail ver\u00f6ffentlicht. Nicht etwa weil es ein schlecht geschriebenes Buch ist, sondern weil es kontr\u00e4r zum aktuellen politischen Mainstream ist. Mein Rat, den Roman kaufen, lesen und weitergeben.<\/p>\n<p>Vielen Dank an den Tagesspiegel, alle, die das Buch bis jetzt noch nicht kannten &#8211; solche Menschen soll es tats\u00e4chlich geben &#8211; haben mit der Lesewarnung eine prima Werbung erhalten.<\/p>\n<p>An die Adresse des erb\u00e4rmlichen Schmierfinks Christian Schr\u00f6der, der sich nicht entbl\u00f6det zu sudeln<em> &#8222;Falls Pegida-Demonstranten \u00fcberhaupt 400-seitige Romane lesen&#8220;: <\/em>Unter den Spazierg\u00e4ngern der Pegida sind nicht wenige, die den Roman in der Originalsprache gelesen haben. So viel intellektuelles Verm\u00f6gen kann sich ein &#8222;Qualit\u00e4tsjournalist&#8220; wohl nicht vorstellen. Woher auch?<\/p>\n","protected":false},"excerpt":{"rendered":"<p>Der politische Zeitgeist hat anscheinend geh\u00f6riges Muffensausen. Das &#8222;Leitmedium&#8220; der Hauptstadt, der Berliner Tagesspiegel, hat jetzt eine Lesewarnung bez\u00fcglich des Romans \u201eDas Heerlager der Heiligen\u201c des franz\u00f6sischen Schriftstellers Jean Raspail ver\u00f6ffentlicht. Nicht etwa weil es ein schlecht geschriebenes Buch ist, &hellip; <a href=\"https:\/\/www.inkultura-online.de\/politisch_unkorrekt\/qualitaetszeitung-gibt-lesewarnung-heraus\/\">Weiterlesen <span class=\"meta-nav\">&rarr;<\/span><\/a><\/p>\n","protected":false},"author":1,"featured_media":0,"comment_status":"open","ping_status":"open","sticky":false,"template":"","format":"standard","meta":{"footnotes":""},"categories":[378,4,5,6,7],"tags":[397,434,435,278],"class_list":["post-772","post","type-post","status-publish","format-standard","hentry","category-denunzianten","category-hauptstadtpossen","category-meinungen-und-sprueche","category-menschen-untereinander","category-moderne-zeiten","tag-buergerkrieg","tag-das-heerlager-der-heiligen","tag-jean-raspail","tag-masseneinwanderung"],"yoast_head":"<!-- This site is optimized with the Yoast SEO plugin v27.5 - https:\/\/yoast.com\/product\/yoast-seo-wordpress\/ -->\n<title>&quot;Qualit\u00e4tszeitung&quot; gibt Lesewarnung heraus<\/title>\n<meta name=\"robots\" content=\"index, follow, max-snippet:-1, max-image-preview:large, max-video-preview:-1\" \/>\n<link rel=\"canonical\" href=\"https:\/\/www.inkultura-online.de\/politisch_unkorrekt\/qualitaetszeitung-gibt-lesewarnung-heraus\/\" \/>\n<meta property=\"og:locale\" content=\"de_DE\" \/>\n<meta property=\"og:type\" content=\"article\" \/>\n<meta property=\"og:title\" content=\"&quot;Qualit\u00e4tszeitung&quot; gibt Lesewarnung heraus\" \/>\n<meta property=\"og:description\" content=\"Der politische Zeitgeist hat anscheinend geh\u00f6riges Muffensausen. Das &#8222;Leitmedium&#8220; der Hauptstadt, der Berliner Tagesspiegel, hat jetzt eine Lesewarnung bez\u00fcglich des Romans \u201eDas Heerlager der Heiligen\u201c des franz\u00f6sischen Schriftstellers Jean Raspail ver\u00f6ffentlicht. Nicht etwa weil es ein schlecht geschriebenes Buch ist, &hellip; Weiterlesen &rarr;\" \/>\n<meta property=\"og:url\" content=\"https:\/\/www.inkultura-online.de\/politisch_unkorrekt\/qualitaetszeitung-gibt-lesewarnung-heraus\/\" \/>\n<meta property=\"og:site_name\" content=\"Zeitgeist? Frei!\" \/>\n<meta property=\"article:published_time\" content=\"2015-10-27T17:39:21+00:00\" \/>\n<meta property=\"article:modified_time\" content=\"2015-10-27T17:40:27+00:00\" \/>\n<meta name=\"author\" content=\"Orator\" \/>\n<meta name=\"twitter:label1\" content=\"Verfasst von\" \/>\n\t<meta name=\"twitter:data1\" content=\"Orator\" \/>\n\t<meta name=\"twitter:label2\" content=\"Gesch\u00e4tzte Lesezeit\" \/>\n\t<meta name=\"twitter:data2\" content=\"1\u00a0Minute\" \/>\n<script type=\"application\/ld+json\" class=\"yoast-schema-graph\">{\"@context\":\"https:\\\/\\\/schema.org\",\"@graph\":[{\"@type\":\"Article\",\"@id\":\"https:\\\/\\\/www.inkultura-online.de\\\/politisch_unkorrekt\\\/qualitaetszeitung-gibt-lesewarnung-heraus\\\/#article\",\"isPartOf\":{\"@id\":\"https:\\\/\\\/www.inkultura-online.de\\\/politisch_unkorrekt\\\/qualitaetszeitung-gibt-lesewarnung-heraus\\\/\"},\"author\":{\"name\":\"Orator\",\"@id\":\"https:\\\/\\\/www.inkultura-online.de\\\/politisch_unkorrekt\\\/#\\\/schema\\\/person\\\/5b30b80e385478896a1de221e1994d86\"},\"headline\":\"&#8222;Qualit\u00e4tszeitung&#8220; gibt Lesewarnung heraus\",\"datePublished\":\"2015-10-27T17:39:21+00:00\",\"dateModified\":\"2015-10-27T17:40:27+00:00\",\"mainEntityOfPage\":{\"@id\":\"https:\\\/\\\/www.inkultura-online.de\\\/politisch_unkorrekt\\\/qualitaetszeitung-gibt-lesewarnung-heraus\\\/\"},\"wordCount\":153,\"commentCount\":0,\"publisher\":{\"@id\":\"https:\\\/\\\/www.inkultura-online.de\\\/politisch_unkorrekt\\\/#\\\/schema\\\/person\\\/5b30b80e385478896a1de221e1994d86\"},\"keywords\":[\"B\u00fcrgerkrieg\",\"Das Heerlager der Heiligen\",\"Jean Raspail\",\"Masseneinwanderung\"],\"articleSection\":[\"Denunzianten und Volksverr\u00e4ter\",\"Hauptstadtpossen\",\"Meinungen und Spr\u00fcche\",\"Menschen untereinander\",\"Moderne Zeiten\"],\"inLanguage\":\"de\",\"potentialAction\":[{\"@type\":\"CommentAction\",\"name\":\"Comment\",\"target\":[\"https:\\\/\\\/www.inkultura-online.de\\\/politisch_unkorrekt\\\/qualitaetszeitung-gibt-lesewarnung-heraus\\\/#respond\"]}]},{\"@type\":\"WebPage\",\"@id\":\"https:\\\/\\\/www.inkultura-online.de\\\/politisch_unkorrekt\\\/qualitaetszeitung-gibt-lesewarnung-heraus\\\/\",\"url\":\"https:\\\/\\\/www.inkultura-online.de\\\/politisch_unkorrekt\\\/qualitaetszeitung-gibt-lesewarnung-heraus\\\/\",\"name\":\"\\\"Qualit\u00e4tszeitung\\\" gibt Lesewarnung heraus\",\"isPartOf\":{\"@id\":\"https:\\\/\\\/www.inkultura-online.de\\\/politisch_unkorrekt\\\/#website\"},\"datePublished\":\"2015-10-27T17:39:21+00:00\",\"dateModified\":\"2015-10-27T17:40:27+00:00\",\"breadcrumb\":{\"@id\":\"https:\\\/\\\/www.inkultura-online.de\\\/politisch_unkorrekt\\\/qualitaetszeitung-gibt-lesewarnung-heraus\\\/#breadcrumb\"},\"inLanguage\":\"de\",\"potentialAction\":[{\"@type\":\"ReadAction\",\"target\":[\"https:\\\/\\\/www.inkultura-online.de\\\/politisch_unkorrekt\\\/qualitaetszeitung-gibt-lesewarnung-heraus\\\/\"]}]},{\"@type\":\"BreadcrumbList\",\"@id\":\"https:\\\/\\\/www.inkultura-online.de\\\/politisch_unkorrekt\\\/qualitaetszeitung-gibt-lesewarnung-heraus\\\/#breadcrumb\",\"itemListElement\":[{\"@type\":\"ListItem\",\"position\":1,\"name\":\"Home\",\"item\":\"https:\\\/\\\/www.inkultura-online.de\\\/politisch_unkorrekt\\\/\"},{\"@type\":\"ListItem\",\"position\":2,\"name\":\"&#8222;Qualit\u00e4tszeitung&#8220; gibt Lesewarnung heraus\"}]},{\"@type\":\"WebSite\",\"@id\":\"https:\\\/\\\/www.inkultura-online.de\\\/politisch_unkorrekt\\\/#website\",\"url\":\"https:\\\/\\\/www.inkultura-online.de\\\/politisch_unkorrekt\\\/\",\"name\":\"Zeitgeist? Frei!\",\"description\":\"Was Ihr den Geist der Zeiten hei\u00dft...\",\"publisher\":{\"@id\":\"https:\\\/\\\/www.inkultura-online.de\\\/politisch_unkorrekt\\\/#\\\/schema\\\/person\\\/5b30b80e385478896a1de221e1994d86\"},\"potentialAction\":[{\"@type\":\"SearchAction\",\"target\":{\"@type\":\"EntryPoint\",\"urlTemplate\":\"https:\\\/\\\/www.inkultura-online.de\\\/politisch_unkorrekt\\\/?s={search_term_string}\"},\"query-input\":{\"@type\":\"PropertyValueSpecification\",\"valueRequired\":true,\"valueName\":\"search_term_string\"}}],\"inLanguage\":\"de\"},{\"@type\":[\"Person\",\"Organization\"],\"@id\":\"https:\\\/\\\/www.inkultura-online.de\\\/politisch_unkorrekt\\\/#\\\/schema\\\/person\\\/5b30b80e385478896a1de221e1994d86\",\"name\":\"Orator\",\"image\":{\"@type\":\"ImageObject\",\"inLanguage\":\"de\",\"@id\":\"https:\\\/\\\/secure.gravatar.com\\\/avatar\\\/96e03166d31716e9c437060430eb7605c45a8ce6fb6dab483637ca6915dd0844?s=96&d=mm&r=g\",\"url\":\"https:\\\/\\\/secure.gravatar.com\\\/avatar\\\/96e03166d31716e9c437060430eb7605c45a8ce6fb6dab483637ca6915dd0844?s=96&d=mm&r=g\",\"contentUrl\":\"https:\\\/\\\/secure.gravatar.com\\\/avatar\\\/96e03166d31716e9c437060430eb7605c45a8ce6fb6dab483637ca6915dd0844?s=96&d=mm&r=g\",\"caption\":\"Orator\"},\"logo\":{\"@id\":\"https:\\\/\\\/secure.gravatar.com\\\/avatar\\\/96e03166d31716e9c437060430eb7605c45a8ce6fb6dab483637ca6915dd0844?s=96&d=mm&r=g\"},\"url\":\"https:\\\/\\\/www.inkultura-online.de\\\/politisch_unkorrekt\\\/author\\\/1korrektor21-2\\\/\"}]}<\/script>\n<!-- \/ Yoast SEO plugin. -->","yoast_head_json":{"title":"\"Qualit\u00e4tszeitung\" gibt Lesewarnung heraus","robots":{"index":"index","follow":"follow","max-snippet":"max-snippet:-1","max-image-preview":"max-image-preview:large","max-video-preview":"max-video-preview:-1"},"canonical":"https:\/\/www.inkultura-online.de\/politisch_unkorrekt\/qualitaetszeitung-gibt-lesewarnung-heraus\/","og_locale":"de_DE","og_type":"article","og_title":"\"Qualit\u00e4tszeitung\" gibt Lesewarnung heraus","og_description":"Der politische Zeitgeist hat anscheinend geh\u00f6riges Muffensausen. Das &#8222;Leitmedium&#8220; der Hauptstadt, der Berliner Tagesspiegel, hat jetzt eine Lesewarnung bez\u00fcglich des Romans \u201eDas Heerlager der Heiligen\u201c des franz\u00f6sischen Schriftstellers Jean Raspail ver\u00f6ffentlicht. Nicht etwa weil es ein schlecht geschriebenes Buch ist, &hellip; Weiterlesen &rarr;","og_url":"https:\/\/www.inkultura-online.de\/politisch_unkorrekt\/qualitaetszeitung-gibt-lesewarnung-heraus\/","og_site_name":"Zeitgeist? Frei!","article_published_time":"2015-10-27T17:39:21+00:00","article_modified_time":"2015-10-27T17:40:27+00:00","author":"Orator","twitter_misc":{"Verfasst von":"Orator","Gesch\u00e4tzte Lesezeit":"1\u00a0Minute"},"schema":{"@context":"https:\/\/schema.org","@graph":[{"@type":"Article","@id":"https:\/\/www.inkultura-online.de\/politisch_unkorrekt\/qualitaetszeitung-gibt-lesewarnung-heraus\/#article","isPartOf":{"@id":"https:\/\/www.inkultura-online.de\/politisch_unkorrekt\/qualitaetszeitung-gibt-lesewarnung-heraus\/"},"author":{"name":"Orator","@id":"https:\/\/www.inkultura-online.de\/politisch_unkorrekt\/#\/schema\/person\/5b30b80e385478896a1de221e1994d86"},"headline":"&#8222;Qualit\u00e4tszeitung&#8220; gibt Lesewarnung heraus","datePublished":"2015-10-27T17:39:21+00:00","dateModified":"2015-10-27T17:40:27+00:00","mainEntityOfPage":{"@id":"https:\/\/www.inkultura-online.de\/politisch_unkorrekt\/qualitaetszeitung-gibt-lesewarnung-heraus\/"},"wordCount":153,"commentCount":0,"publisher":{"@id":"https:\/\/www.inkultura-online.de\/politisch_unkorrekt\/#\/schema\/person\/5b30b80e385478896a1de221e1994d86"},"keywords":["B\u00fcrgerkrieg","Das Heerlager der Heiligen","Jean Raspail","Masseneinwanderung"],"articleSection":["Denunzianten und Volksverr\u00e4ter","Hauptstadtpossen","Meinungen und Spr\u00fcche","Menschen untereinander","Moderne Zeiten"],"inLanguage":"de","potentialAction":[{"@type":"CommentAction","name":"Comment","target":["https:\/\/www.inkultura-online.de\/politisch_unkorrekt\/qualitaetszeitung-gibt-lesewarnung-heraus\/#respond"]}]},{"@type":"WebPage","@id":"https:\/\/www.inkultura-online.de\/politisch_unkorrekt\/qualitaetszeitung-gibt-lesewarnung-heraus\/","url":"https:\/\/www.inkultura-online.de\/politisch_unkorrekt\/qualitaetszeitung-gibt-lesewarnung-heraus\/","name":"\"Qualit\u00e4tszeitung\" gibt Lesewarnung heraus","isPartOf":{"@id":"https:\/\/www.inkultura-online.de\/politisch_unkorrekt\/#website"},"datePublished":"2015-10-27T17:39:21+00:00","dateModified":"2015-10-27T17:40:27+00:00","breadcrumb":{"@id":"https:\/\/www.inkultura-online.de\/politisch_unkorrekt\/qualitaetszeitung-gibt-lesewarnung-heraus\/#breadcrumb"},"inLanguage":"de","potentialAction":[{"@type":"ReadAction","target":["https:\/\/www.inkultura-online.de\/politisch_unkorrekt\/qualitaetszeitung-gibt-lesewarnung-heraus\/"]}]},{"@type":"BreadcrumbList","@id":"https:\/\/www.inkultura-online.de\/politisch_unkorrekt\/qualitaetszeitung-gibt-lesewarnung-heraus\/#breadcrumb","itemListElement":[{"@type":"ListItem","position":1,"name":"Home","item":"https:\/\/www.inkultura-online.de\/politisch_unkorrekt\/"},{"@type":"ListItem","position":2,"name":"&#8222;Qualit\u00e4tszeitung&#8220; gibt Lesewarnung heraus"}]},{"@type":"WebSite","@id":"https:\/\/www.inkultura-online.de\/politisch_unkorrekt\/#website","url":"https:\/\/www.inkultura-online.de\/politisch_unkorrekt\/","name":"Zeitgeist? Frei!","description":"Was Ihr den Geist der Zeiten hei\u00dft...","publisher":{"@id":"https:\/\/www.inkultura-online.de\/politisch_unkorrekt\/#\/schema\/person\/5b30b80e385478896a1de221e1994d86"},"potentialAction":[{"@type":"SearchAction","target":{"@type":"EntryPoint","urlTemplate":"https:\/\/www.inkultura-online.de\/politisch_unkorrekt\/?s={search_term_string}"},"query-input":{"@type":"PropertyValueSpecification","valueRequired":true,"valueName":"search_term_string"}}],"inLanguage":"de"},{"@type":["Person","Organization"],"@id":"https:\/\/www.inkultura-online.de\/politisch_unkorrekt\/#\/schema\/person\/5b30b80e385478896a1de221e1994d86","name":"Orator","image":{"@type":"ImageObject","inLanguage":"de","@id":"https:\/\/secure.gravatar.com\/avatar\/96e03166d31716e9c437060430eb7605c45a8ce6fb6dab483637ca6915dd0844?s=96&d=mm&r=g","url":"https:\/\/secure.gravatar.com\/avatar\/96e03166d31716e9c437060430eb7605c45a8ce6fb6dab483637ca6915dd0844?s=96&d=mm&r=g","contentUrl":"https:\/\/secure.gravatar.com\/avatar\/96e03166d31716e9c437060430eb7605c45a8ce6fb6dab483637ca6915dd0844?s=96&d=mm&r=g","caption":"Orator"},"logo":{"@id":"https:\/\/secure.gravatar.com\/avatar\/96e03166d31716e9c437060430eb7605c45a8ce6fb6dab483637ca6915dd0844?s=96&d=mm&r=g"},"url":"https:\/\/www.inkultura-online.de\/politisch_unkorrekt\/author\/1korrektor21-2\/"}]}},"_links":{"self":[{"href":"https:\/\/www.inkultura-online.de\/politisch_unkorrekt\/wp-json\/wp\/v2\/posts\/772","targetHints":{"allow":["GET"]}}],"collection":[{"href":"https:\/\/www.inkultura-online.de\/politisch_unkorrekt\/wp-json\/wp\/v2\/posts"}],"about":[{"href":"https:\/\/www.inkultura-online.de\/politisch_unkorrekt\/wp-json\/wp\/v2\/types\/post"}],"author":[{"embeddable":true,"href":"https:\/\/www.inkultura-online.de\/politisch_unkorrekt\/wp-json\/wp\/v2\/users\/1"}],"replies":[{"embeddable":true,"href":"https:\/\/www.inkultura-online.de\/politisch_unkorrekt\/wp-json\/wp\/v2\/comments?post=772"}],"version-history":[{"count":1,"href":"https:\/\/www.inkultura-online.de\/politisch_unkorrekt\/wp-json\/wp\/v2\/posts\/772\/revisions"}],"predecessor-version":[{"id":773,"href":"https:\/\/www.inkultura-online.de\/politisch_unkorrekt\/wp-json\/wp\/v2\/posts\/772\/revisions\/773"}],"wp:attachment":[{"href":"https:\/\/www.inkultura-online.de\/politisch_unkorrekt\/wp-json\/wp\/v2\/media?parent=772"}],"wp:term":[{"taxonomy":"category","embeddable":true,"href":"https:\/\/www.inkultura-online.de\/politisch_unkorrekt\/wp-json\/wp\/v2\/categories?post=772"},{"taxonomy":"post_tag","embeddable":true,"href":"https:\/\/www.inkultura-online.de\/politisch_unkorrekt\/wp-json\/wp\/v2\/tags?post=772"}],"curies":[{"name":"wp","href":"https:\/\/api.w.org\/{rel}","templated":true}]}}