{"id":853,"date":"2015-12-20T13:50:03","date_gmt":"2015-12-20T11:50:03","guid":{"rendered":"http:\/\/www.inkultura-online.de\/politisch_unkorrekt\/?p=853"},"modified":"2015-12-20T13:50:03","modified_gmt":"2015-12-20T11:50:03","slug":"die-parallelwelt-der-margot-kaessmann","status":"publish","type":"post","link":"https:\/\/www.inkultura-online.de\/politisch_unkorrekt\/die-parallelwelt-der-margot-kaessmann\/","title":{"rendered":"Die Parallelwelt der Margot K\u00e4\u00dfmann"},"content":{"rendered":"<p>Die evangelische Ulknudel, aktenkundige Promillefahrerin und seit 2011 besch\u00e4ftigt als \u201eBotschafterin des Rates der Evangelischen Kirche in Deutschland f\u00fcr das Reformationsjubil\u00e4um 2017\u201c &#8211; klingt komisch, ist aber der Fall \u2013 hat sich wieder einmal voller Lebensfreude an die \u00d6ffentlichkeit gewendet.<!--more--><\/p>\n<p>In einem Interview mit dem <a href=\"http:\/\/www.tagesspiegel.de\/politik\/ex-bischoefin-margot-kaessmann-ueber-fluechtlinge-fluechtlinge-sind-botschafter-des-weltweiten-elends\/12746180.html\" target=\"_blank\">Berliner Tagesspiegel<\/a> laberte diese, durch ihre bisherige T\u00e4tigkeit anscheinend etwas weltfremde Frau, dass \u201eWir\u201c &#8211; die Deutschen &#8211; \u201eauf einer Insel der Seligen leben\u201c. Du meine G\u00fcte, wo lebt diese Person? Im Schlaraffenland, im Lummerland oder bereits im Paradies? Egal wo ihre derzeitige geistige Heimat ist, es muss eine Parallelwelt sein, in der die ehemalige Bisch\u00f6fin ihr kommodes Auskommen hat.<\/p>\n<p>Aus der Perspektive ihres Wolkenkuckucksheim mag alles perfekt sein. Niemand will die gute Frau daran hindern, ihre kognitive Dissonanz voll und ganz auszuleben, doch die Realit\u00e4t, die gesellschaftliche Wirklichkeit sieht f\u00fcr die meisten Autochthonen vollkommen anders aus. Nix da mit \u201eInsel der Seligen\u201c, sondern allt\u00e4glicher Kampf ums \u00dcberleben. Die Schlangen an den zahlreichen Tafeln sprechen eine deutliche Sprache. In einem, wie meist von denen schwadroniert, die auf der Sonnenseite leben, reichen Land wie Deutschland ein Hohn ohnegleichen.<\/p>\n<p>Nicht zu vergessen und ganz profan, doch nicht gerade unwichtig, der Zustand der \u00f6ffentlichen Infrastruktur. Stra\u00dfen und Br\u00fccken marode, so dass nur ein von den Verwaltungen verh\u00e4ngtes Tempolimit von 30 km\/h \u2013 stellenweise noch weniger \u2013 Schlimmes verhindert. Apropos marode Infrastruktur. In vielen Schulen stinken die sanit\u00e4ren Anlagen mangels Geld f\u00fcr die Sanierung sprichw\u00f6rtlich zum Himmel und die Sch\u00fcler tun gut daran, das Toilettenpapier von zuhause mitzubringen. Aber in diesem stinkenden Himmel lebt Margot K\u00e4\u00dfmann gewiss nicht. Das \u00fcberl\u00e4sst sie denen, die, wie sie sich ausdr\u00fcckt, \u201ediffuse \u00c4ngste\u201c haben.<\/p>\n<p>Vollends absurd wird ihre Argumentation allerdings, wenn sie behauptet, \u201eAngst haben vor allem die, die keine Begegnung mit Fl\u00fcchtlingen haben\u201c. Wenn sie sich da mal nicht irrt. Sie, die immerhin stolz erw\u00e4hnt, jeden Tag ohne Angst auf die Stra\u00dfe zu gehen, flaniert anscheinend \u00fcber gesichertes Terrain. Die Menschen im wirklichen Leben k\u00f6nnen ihr garantiert anderes berichten. Muslimisch kontrollierte Gebiete, die Polizei spricht sogar offiziell von No-go-Areas, von Stadtteilen, in denen die Staatsmacht eben keine Macht mehr hat, machen das Flanieren zu einer gef\u00e4hrlichen Angelegenheit.<\/p>\n<p>Ich kann der weltfremden Ex-Predigerin nur empfehlen, eine Fahrt mit Berlins \u00f6ffentlichen Verkehrsmitteln zu unternehmen. Die U-Bahn Linie 7 zwischen Rudow und M\u00f6ckernbr\u00fccke und die Buslinien M 41 und M44 in ihrer gesamten L\u00e4nge w\u00e4ren bestimmt eine lehrreiche Erfahrung f\u00fcr Margot. Hier tobt, treffender ausgedr\u00fcckt, bel\u00e4stigt, bedroht und verpr\u00fcgelt das reale Leben in Form von testosterongesteuerten Moslemmachos, die so gar nichts anfangen k\u00f6nnen mit der bundesdeutschen Diskurs- und Diskussionskultur.<\/p>\n<p>In der Causa K\u00e4\u00dfmann ist allerdings Hoffnung angesagt, denn die Traumt\u00e4nzerin will im Jahr <a href=\"http:\/\/www.welt.de\/politik\/deutschland\/article139052471\/Margot-Kaessmann-will-mit-60-in-Rente.html\" target=\"_blank\">2018<\/a> in Rente gehen. W\u00fcnschen wir ihr einen mit vielen realen gesellschaftlichen Begegnungen der schmerzhaften Art erf\u00fcllten Ruhestand. Immerhin zahlen den ja die Menschen mit \u201ediffusen \u00c4ngsten\u201c.<\/p>\n","protected":false},"excerpt":{"rendered":"<p>Die evangelische Ulknudel, aktenkundige Promillefahrerin und seit 2011 besch\u00e4ftigt als \u201eBotschafterin des Rates der Evangelischen Kirche in Deutschland f\u00fcr das Reformationsjubil\u00e4um 2017\u201c &#8211; klingt komisch, ist aber der Fall \u2013 hat sich wieder einmal voller Lebensfreude an die \u00d6ffentlichkeit gewendet.<\/p>\n","protected":false},"author":1,"featured_media":0,"comment_status":"open","ping_status":"open","sticky":false,"template":"","format":"standard","meta":{"footnotes":""},"categories":[2,3],"tags":[496,19,24,497],"class_list":["post-853","post","type-post","status-publish","format-standard","hentry","category-antipathie","category-die-duemmsten-sprueche-der-woche","tag-margot-kaessmann","tag-migranten","tag-migration","tag-no-go_areas"],"yoast_head":"<!-- This site is optimized with the Yoast SEO plugin v27.5 - https:\/\/yoast.com\/product\/yoast-seo-wordpress\/ -->\n<title>Die Parallelwelt der Margot K\u00e4\u00dfmann - Zeitgeist? Frei!<\/title>\n<meta name=\"robots\" content=\"index, follow, max-snippet:-1, max-image-preview:large, max-video-preview:-1\" \/>\n<link rel=\"canonical\" href=\"https:\/\/www.inkultura-online.de\/politisch_unkorrekt\/die-parallelwelt-der-margot-kaessmann\/\" \/>\n<meta property=\"og:locale\" content=\"de_DE\" \/>\n<meta property=\"og:type\" content=\"article\" \/>\n<meta property=\"og:title\" content=\"Die Parallelwelt der Margot K\u00e4\u00dfmann - Zeitgeist? Frei!\" \/>\n<meta property=\"og:description\" content=\"Die evangelische Ulknudel, aktenkundige Promillefahrerin und seit 2011 besch\u00e4ftigt als \u201eBotschafterin des Rates der Evangelischen Kirche in Deutschland f\u00fcr das Reformationsjubil\u00e4um 2017\u201c &#8211; klingt komisch, ist aber der Fall \u2013 hat sich wieder einmal voller Lebensfreude an die \u00d6ffentlichkeit gewendet.\" \/>\n<meta property=\"og:url\" content=\"https:\/\/www.inkultura-online.de\/politisch_unkorrekt\/die-parallelwelt-der-margot-kaessmann\/\" \/>\n<meta property=\"og:site_name\" content=\"Zeitgeist? Frei!\" \/>\n<meta property=\"article:published_time\" content=\"2015-12-20T11:50:03+00:00\" \/>\n<meta name=\"author\" content=\"Orator\" \/>\n<meta name=\"twitter:label1\" content=\"Verfasst von\" \/>\n\t<meta name=\"twitter:data1\" content=\"Orator\" \/>\n\t<meta name=\"twitter:label2\" content=\"Gesch\u00e4tzte Lesezeit\" \/>\n\t<meta name=\"twitter:data2\" content=\"2\u00a0Minuten\" \/>\n<script type=\"application\/ld+json\" class=\"yoast-schema-graph\">{\"@context\":\"https:\\\/\\\/schema.org\",\"@graph\":[{\"@type\":\"Article\",\"@id\":\"https:\\\/\\\/www.inkultura-online.de\\\/politisch_unkorrekt\\\/die-parallelwelt-der-margot-kaessmann\\\/#article\",\"isPartOf\":{\"@id\":\"https:\\\/\\\/www.inkultura-online.de\\\/politisch_unkorrekt\\\/die-parallelwelt-der-margot-kaessmann\\\/\"},\"author\":{\"name\":\"Orator\",\"@id\":\"https:\\\/\\\/www.inkultura-online.de\\\/politisch_unkorrekt\\\/#\\\/schema\\\/person\\\/5b30b80e385478896a1de221e1994d86\"},\"headline\":\"Die Parallelwelt der Margot K\u00e4\u00dfmann\",\"datePublished\":\"2015-12-20T11:50:03+00:00\",\"mainEntityOfPage\":{\"@id\":\"https:\\\/\\\/www.inkultura-online.de\\\/politisch_unkorrekt\\\/die-parallelwelt-der-margot-kaessmann\\\/\"},\"wordCount\":500,\"commentCount\":0,\"publisher\":{\"@id\":\"https:\\\/\\\/www.inkultura-online.de\\\/politisch_unkorrekt\\\/#\\\/schema\\\/person\\\/5b30b80e385478896a1de221e1994d86\"},\"keywords\":[\"Margot K\u00e4\u00dfmann\",\"Migranten\",\"Migration\",\"No-Go_Areas\"],\"articleSection\":[\"Antipathie\",\"Die d\u00fcmmsten Spr\u00fcche der Woche\"],\"inLanguage\":\"de\",\"potentialAction\":[{\"@type\":\"CommentAction\",\"name\":\"Comment\",\"target\":[\"https:\\\/\\\/www.inkultura-online.de\\\/politisch_unkorrekt\\\/die-parallelwelt-der-margot-kaessmann\\\/#respond\"]}]},{\"@type\":\"WebPage\",\"@id\":\"https:\\\/\\\/www.inkultura-online.de\\\/politisch_unkorrekt\\\/die-parallelwelt-der-margot-kaessmann\\\/\",\"url\":\"https:\\\/\\\/www.inkultura-online.de\\\/politisch_unkorrekt\\\/die-parallelwelt-der-margot-kaessmann\\\/\",\"name\":\"Die Parallelwelt der Margot K\u00e4\u00dfmann - Zeitgeist? Frei!\",\"isPartOf\":{\"@id\":\"https:\\\/\\\/www.inkultura-online.de\\\/politisch_unkorrekt\\\/#website\"},\"datePublished\":\"2015-12-20T11:50:03+00:00\",\"breadcrumb\":{\"@id\":\"https:\\\/\\\/www.inkultura-online.de\\\/politisch_unkorrekt\\\/die-parallelwelt-der-margot-kaessmann\\\/#breadcrumb\"},\"inLanguage\":\"de\",\"potentialAction\":[{\"@type\":\"ReadAction\",\"target\":[\"https:\\\/\\\/www.inkultura-online.de\\\/politisch_unkorrekt\\\/die-parallelwelt-der-margot-kaessmann\\\/\"]}]},{\"@type\":\"BreadcrumbList\",\"@id\":\"https:\\\/\\\/www.inkultura-online.de\\\/politisch_unkorrekt\\\/die-parallelwelt-der-margot-kaessmann\\\/#breadcrumb\",\"itemListElement\":[{\"@type\":\"ListItem\",\"position\":1,\"name\":\"Home\",\"item\":\"https:\\\/\\\/www.inkultura-online.de\\\/politisch_unkorrekt\\\/\"},{\"@type\":\"ListItem\",\"position\":2,\"name\":\"Die Parallelwelt der Margot K\u00e4\u00dfmann\"}]},{\"@type\":\"WebSite\",\"@id\":\"https:\\\/\\\/www.inkultura-online.de\\\/politisch_unkorrekt\\\/#website\",\"url\":\"https:\\\/\\\/www.inkultura-online.de\\\/politisch_unkorrekt\\\/\",\"name\":\"Zeitgeist? Frei!\",\"description\":\"Was Ihr den Geist der Zeiten hei\u00dft...\",\"publisher\":{\"@id\":\"https:\\\/\\\/www.inkultura-online.de\\\/politisch_unkorrekt\\\/#\\\/schema\\\/person\\\/5b30b80e385478896a1de221e1994d86\"},\"potentialAction\":[{\"@type\":\"SearchAction\",\"target\":{\"@type\":\"EntryPoint\",\"urlTemplate\":\"https:\\\/\\\/www.inkultura-online.de\\\/politisch_unkorrekt\\\/?s={search_term_string}\"},\"query-input\":{\"@type\":\"PropertyValueSpecification\",\"valueRequired\":true,\"valueName\":\"search_term_string\"}}],\"inLanguage\":\"de\"},{\"@type\":[\"Person\",\"Organization\"],\"@id\":\"https:\\\/\\\/www.inkultura-online.de\\\/politisch_unkorrekt\\\/#\\\/schema\\\/person\\\/5b30b80e385478896a1de221e1994d86\",\"name\":\"Orator\",\"image\":{\"@type\":\"ImageObject\",\"inLanguage\":\"de\",\"@id\":\"https:\\\/\\\/secure.gravatar.com\\\/avatar\\\/96e03166d31716e9c437060430eb7605c45a8ce6fb6dab483637ca6915dd0844?s=96&d=mm&r=g\",\"url\":\"https:\\\/\\\/secure.gravatar.com\\\/avatar\\\/96e03166d31716e9c437060430eb7605c45a8ce6fb6dab483637ca6915dd0844?s=96&d=mm&r=g\",\"contentUrl\":\"https:\\\/\\\/secure.gravatar.com\\\/avatar\\\/96e03166d31716e9c437060430eb7605c45a8ce6fb6dab483637ca6915dd0844?s=96&d=mm&r=g\",\"caption\":\"Orator\"},\"logo\":{\"@id\":\"https:\\\/\\\/secure.gravatar.com\\\/avatar\\\/96e03166d31716e9c437060430eb7605c45a8ce6fb6dab483637ca6915dd0844?s=96&d=mm&r=g\"},\"url\":\"https:\\\/\\\/www.inkultura-online.de\\\/politisch_unkorrekt\\\/author\\\/1korrektor21-2\\\/\"}]}<\/script>\n<!-- \/ Yoast SEO plugin. -->","yoast_head_json":{"title":"Die Parallelwelt der Margot K\u00e4\u00dfmann - Zeitgeist? Frei!","robots":{"index":"index","follow":"follow","max-snippet":"max-snippet:-1","max-image-preview":"max-image-preview:large","max-video-preview":"max-video-preview:-1"},"canonical":"https:\/\/www.inkultura-online.de\/politisch_unkorrekt\/die-parallelwelt-der-margot-kaessmann\/","og_locale":"de_DE","og_type":"article","og_title":"Die Parallelwelt der Margot K\u00e4\u00dfmann - Zeitgeist? Frei!","og_description":"Die evangelische Ulknudel, aktenkundige Promillefahrerin und seit 2011 besch\u00e4ftigt als \u201eBotschafterin des Rates der Evangelischen Kirche in Deutschland f\u00fcr das Reformationsjubil\u00e4um 2017\u201c &#8211; klingt komisch, ist aber der Fall \u2013 hat sich wieder einmal voller Lebensfreude an die \u00d6ffentlichkeit gewendet.","og_url":"https:\/\/www.inkultura-online.de\/politisch_unkorrekt\/die-parallelwelt-der-margot-kaessmann\/","og_site_name":"Zeitgeist? Frei!","article_published_time":"2015-12-20T11:50:03+00:00","author":"Orator","twitter_misc":{"Verfasst von":"Orator","Gesch\u00e4tzte Lesezeit":"2\u00a0Minuten"},"schema":{"@context":"https:\/\/schema.org","@graph":[{"@type":"Article","@id":"https:\/\/www.inkultura-online.de\/politisch_unkorrekt\/die-parallelwelt-der-margot-kaessmann\/#article","isPartOf":{"@id":"https:\/\/www.inkultura-online.de\/politisch_unkorrekt\/die-parallelwelt-der-margot-kaessmann\/"},"author":{"name":"Orator","@id":"https:\/\/www.inkultura-online.de\/politisch_unkorrekt\/#\/schema\/person\/5b30b80e385478896a1de221e1994d86"},"headline":"Die Parallelwelt der Margot K\u00e4\u00dfmann","datePublished":"2015-12-20T11:50:03+00:00","mainEntityOfPage":{"@id":"https:\/\/www.inkultura-online.de\/politisch_unkorrekt\/die-parallelwelt-der-margot-kaessmann\/"},"wordCount":500,"commentCount":0,"publisher":{"@id":"https:\/\/www.inkultura-online.de\/politisch_unkorrekt\/#\/schema\/person\/5b30b80e385478896a1de221e1994d86"},"keywords":["Margot K\u00e4\u00dfmann","Migranten","Migration","No-Go_Areas"],"articleSection":["Antipathie","Die d\u00fcmmsten Spr\u00fcche der Woche"],"inLanguage":"de","potentialAction":[{"@type":"CommentAction","name":"Comment","target":["https:\/\/www.inkultura-online.de\/politisch_unkorrekt\/die-parallelwelt-der-margot-kaessmann\/#respond"]}]},{"@type":"WebPage","@id":"https:\/\/www.inkultura-online.de\/politisch_unkorrekt\/die-parallelwelt-der-margot-kaessmann\/","url":"https:\/\/www.inkultura-online.de\/politisch_unkorrekt\/die-parallelwelt-der-margot-kaessmann\/","name":"Die Parallelwelt der Margot K\u00e4\u00dfmann - Zeitgeist? Frei!","isPartOf":{"@id":"https:\/\/www.inkultura-online.de\/politisch_unkorrekt\/#website"},"datePublished":"2015-12-20T11:50:03+00:00","breadcrumb":{"@id":"https:\/\/www.inkultura-online.de\/politisch_unkorrekt\/die-parallelwelt-der-margot-kaessmann\/#breadcrumb"},"inLanguage":"de","potentialAction":[{"@type":"ReadAction","target":["https:\/\/www.inkultura-online.de\/politisch_unkorrekt\/die-parallelwelt-der-margot-kaessmann\/"]}]},{"@type":"BreadcrumbList","@id":"https:\/\/www.inkultura-online.de\/politisch_unkorrekt\/die-parallelwelt-der-margot-kaessmann\/#breadcrumb","itemListElement":[{"@type":"ListItem","position":1,"name":"Home","item":"https:\/\/www.inkultura-online.de\/politisch_unkorrekt\/"},{"@type":"ListItem","position":2,"name":"Die Parallelwelt der Margot K\u00e4\u00dfmann"}]},{"@type":"WebSite","@id":"https:\/\/www.inkultura-online.de\/politisch_unkorrekt\/#website","url":"https:\/\/www.inkultura-online.de\/politisch_unkorrekt\/","name":"Zeitgeist? Frei!","description":"Was Ihr den Geist der Zeiten hei\u00dft...","publisher":{"@id":"https:\/\/www.inkultura-online.de\/politisch_unkorrekt\/#\/schema\/person\/5b30b80e385478896a1de221e1994d86"},"potentialAction":[{"@type":"SearchAction","target":{"@type":"EntryPoint","urlTemplate":"https:\/\/www.inkultura-online.de\/politisch_unkorrekt\/?s={search_term_string}"},"query-input":{"@type":"PropertyValueSpecification","valueRequired":true,"valueName":"search_term_string"}}],"inLanguage":"de"},{"@type":["Person","Organization"],"@id":"https:\/\/www.inkultura-online.de\/politisch_unkorrekt\/#\/schema\/person\/5b30b80e385478896a1de221e1994d86","name":"Orator","image":{"@type":"ImageObject","inLanguage":"de","@id":"https:\/\/secure.gravatar.com\/avatar\/96e03166d31716e9c437060430eb7605c45a8ce6fb6dab483637ca6915dd0844?s=96&d=mm&r=g","url":"https:\/\/secure.gravatar.com\/avatar\/96e03166d31716e9c437060430eb7605c45a8ce6fb6dab483637ca6915dd0844?s=96&d=mm&r=g","contentUrl":"https:\/\/secure.gravatar.com\/avatar\/96e03166d31716e9c437060430eb7605c45a8ce6fb6dab483637ca6915dd0844?s=96&d=mm&r=g","caption":"Orator"},"logo":{"@id":"https:\/\/secure.gravatar.com\/avatar\/96e03166d31716e9c437060430eb7605c45a8ce6fb6dab483637ca6915dd0844?s=96&d=mm&r=g"},"url":"https:\/\/www.inkultura-online.de\/politisch_unkorrekt\/author\/1korrektor21-2\/"}]}},"_links":{"self":[{"href":"https:\/\/www.inkultura-online.de\/politisch_unkorrekt\/wp-json\/wp\/v2\/posts\/853","targetHints":{"allow":["GET"]}}],"collection":[{"href":"https:\/\/www.inkultura-online.de\/politisch_unkorrekt\/wp-json\/wp\/v2\/posts"}],"about":[{"href":"https:\/\/www.inkultura-online.de\/politisch_unkorrekt\/wp-json\/wp\/v2\/types\/post"}],"author":[{"embeddable":true,"href":"https:\/\/www.inkultura-online.de\/politisch_unkorrekt\/wp-json\/wp\/v2\/users\/1"}],"replies":[{"embeddable":true,"href":"https:\/\/www.inkultura-online.de\/politisch_unkorrekt\/wp-json\/wp\/v2\/comments?post=853"}],"version-history":[{"count":1,"href":"https:\/\/www.inkultura-online.de\/politisch_unkorrekt\/wp-json\/wp\/v2\/posts\/853\/revisions"}],"predecessor-version":[{"id":854,"href":"https:\/\/www.inkultura-online.de\/politisch_unkorrekt\/wp-json\/wp\/v2\/posts\/853\/revisions\/854"}],"wp:attachment":[{"href":"https:\/\/www.inkultura-online.de\/politisch_unkorrekt\/wp-json\/wp\/v2\/media?parent=853"}],"wp:term":[{"taxonomy":"category","embeddable":true,"href":"https:\/\/www.inkultura-online.de\/politisch_unkorrekt\/wp-json\/wp\/v2\/categories?post=853"},{"taxonomy":"post_tag","embeddable":true,"href":"https:\/\/www.inkultura-online.de\/politisch_unkorrekt\/wp-json\/wp\/v2\/tags?post=853"}],"curies":[{"name":"wp","href":"https:\/\/api.w.org\/{rel}","templated":true}]}}