{"id":857,"date":"2015-12-21T18:48:58","date_gmt":"2015-12-21T16:48:58","guid":{"rendered":"http:\/\/www.inkultura-online.de\/politisch_unkorrekt\/?p=857"},"modified":"2015-12-21T18:51:02","modified_gmt":"2015-12-21T16:51:02","slug":"warum-wollen-alle-zu-den-unglaeubigen","status":"publish","type":"post","link":"https:\/\/www.inkultura-online.de\/politisch_unkorrekt\/warum-wollen-alle-zu-den-unglaeubigen\/","title":{"rendered":"Warum wollen alle zu den \u201eUngl\u00e4ubigen&#8220;?"},"content":{"rendered":"<p>Der Islam behauptet von sich, eine Religion des Friedens und der Barmherzigkeit zu sein. So ist es die Pflicht jedes \u201eGl\u00e4ubigen\u201c \u2013 islamischen Glaubens \u2013 Menschen, die in Not geraten sind, zu helfen. Davon ist anl\u00e4sslich der Millionen \u201eFl\u00fcchtlinge\u201c, die \u00fcberwiegend aus islamischen L\u00e4ndern nach Europa dr\u00e4ngen, nicht viel zu bemerken.<!--more--><\/p>\n<p>Ausgerechnet zum religi\u00f6sen \u201eKlassenfeind\u201c, in christlich gepr\u00e4gte L\u00e4nder, vorzugsweise Deutschland, zieht es die Masse der \u201eGl\u00e4ubigen\u201c. Wohl wissend, dass es in den L\u00e4ndern Europas gesellschaftlich vollkommen anders zugeht, als in deren jeweiligen Herkunftsl\u00e4ndern, und, das sollte die Liga deutscher Gutmenschen niemals vergessen, mit der erkl\u00e4rten Absicht, die bei uns geltenden Spielregeln zu ihren Gunsten, d. h. im Sinn der Scharia zu ver\u00e4ndern, str\u00f6men, ungehindert von Politik und einer ohnm\u00e4chtigen Polizei, Millionen Illegale in unser Land.<\/p>\n<p>Wenn die LinksRotGr\u00fcne Willkommensmafia davon spricht, dass sich unser Land aufgrund der Invasion von Personen, die inkompatibel zu unseren Werten und Vorstellungen sind, ver\u00e4ndern wird, dann haben die Wolkenkuckucksheimer sogar Recht. Die Frage ist allerdings, ob es eine Ver\u00e4nderung zum Guten ist. Das kann man getrost verneinen. Wer die Verrenkungen der herrschenden Elite in Bezug auf eine \u201eWillkommenskultur\u201c f\u00fcr bereits seit Jahren hier lebende Moslems beobachtet, stellt ern\u00fcchtert fest, dass es sich in deren Auffassung weniger um ein \u201eWillkommen\u201c unsererseits, als vielmehr um eine schleichende Islamisierung handelt.<\/p>\n<p>L\u00e4sst man jetzt noch weitere Millionen Menschen muslimischen Glaubens \u2013 eine Obergrenze f\u00fcr \u201eFl\u00fcchtlinge\u201c wird es laut Gr\u00f6KaZ nicht geben \u2013 in unser Land, dann ist der Tag nicht fern, an dem dieser Personenkreis die Mehrheit der Gesellschaft stellen wird. Familiennachzug und eine dank der \u00fcppigen finanziellen Anreize gro\u00dfe Fertilit\u00e4t spielen den Interessen des Islam, der aktiv und gar nicht klammheimlich die Weltherrschaft anstrebt, in die H\u00e4nde.<\/p>\n<p>H\u00e4tten unsere Volksverr\u00e4ter, Verzeihung, Volksvertreter doch wenigstens im Rechenunterricht aufgepasst, dann w\u00fcssten die, wie sich Deutschland im Jahr 2040 ver\u00e4ndert haben wird. Ob diejenigen der Willkommenskulturalisten, die das erleben d\u00fcrfen, sich dann immer noch freuen?<\/p>\n","protected":false},"excerpt":{"rendered":"<p>Der Islam behauptet von sich, eine Religion des Friedens und der Barmherzigkeit zu sein. So ist es die Pflicht jedes \u201eGl\u00e4ubigen\u201c \u2013 islamischen Glaubens \u2013 Menschen, die in Not geraten sind, zu helfen. Davon ist anl\u00e4sslich der Millionen \u201eFl\u00fcchtlinge\u201c, die &hellip; <a href=\"https:\/\/www.inkultura-online.de\/politisch_unkorrekt\/warum-wollen-alle-zu-den-unglaeubigen\/\">Weiterlesen <span class=\"meta-nav\">&rarr;<\/span><\/a><\/p>\n","protected":false},"author":1,"featured_media":0,"comment_status":"open","ping_status":"open","sticky":false,"template":"","format":"standard","meta":{"footnotes":""},"categories":[444],"tags":[230,21,501,500],"class_list":["post-857","post","type-post","status-publish","format-standard","hentry","category-gedanken-zum-tag","tag-illegale","tag-islam","tag-willkommenskulturalisten","tag-willkommensmafia"],"yoast_head":"<!-- This site is optimized with the Yoast SEO plugin v27.5 - https:\/\/yoast.com\/product\/yoast-seo-wordpress\/ -->\n<title>Warum wollen alle zu den \u201eUngl\u00e4ubigen&quot;? - Zeitgeist? Frei!<\/title>\n<meta name=\"robots\" content=\"index, follow, max-snippet:-1, max-image-preview:large, max-video-preview:-1\" \/>\n<link rel=\"canonical\" href=\"https:\/\/www.inkultura-online.de\/politisch_unkorrekt\/warum-wollen-alle-zu-den-unglaeubigen\/\" \/>\n<meta property=\"og:locale\" content=\"de_DE\" \/>\n<meta property=\"og:type\" content=\"article\" \/>\n<meta property=\"og:title\" content=\"Warum wollen alle zu den \u201eUngl\u00e4ubigen&quot;? - Zeitgeist? Frei!\" \/>\n<meta property=\"og:description\" content=\"Der Islam behauptet von sich, eine Religion des Friedens und der Barmherzigkeit zu sein. So ist es die Pflicht jedes \u201eGl\u00e4ubigen\u201c \u2013 islamischen Glaubens \u2013 Menschen, die in Not geraten sind, zu helfen. Davon ist anl\u00e4sslich der Millionen \u201eFl\u00fcchtlinge\u201c, die &hellip; Weiterlesen &rarr;\" \/>\n<meta property=\"og:url\" content=\"https:\/\/www.inkultura-online.de\/politisch_unkorrekt\/warum-wollen-alle-zu-den-unglaeubigen\/\" \/>\n<meta property=\"og:site_name\" content=\"Zeitgeist? Frei!\" \/>\n<meta property=\"article:published_time\" content=\"2015-12-21T16:48:58+00:00\" \/>\n<meta property=\"article:modified_time\" content=\"2015-12-21T16:51:02+00:00\" \/>\n<meta name=\"author\" content=\"Orator\" \/>\n<meta name=\"twitter:label1\" content=\"Verfasst von\" \/>\n\t<meta name=\"twitter:data1\" content=\"Orator\" \/>\n\t<meta name=\"twitter:label2\" content=\"Gesch\u00e4tzte Lesezeit\" \/>\n\t<meta name=\"twitter:data2\" content=\"2\u00a0Minuten\" \/>\n<script type=\"application\/ld+json\" class=\"yoast-schema-graph\">{\"@context\":\"https:\\\/\\\/schema.org\",\"@graph\":[{\"@type\":\"Article\",\"@id\":\"https:\\\/\\\/www.inkultura-online.de\\\/politisch_unkorrekt\\\/warum-wollen-alle-zu-den-unglaeubigen\\\/#article\",\"isPartOf\":{\"@id\":\"https:\\\/\\\/www.inkultura-online.de\\\/politisch_unkorrekt\\\/warum-wollen-alle-zu-den-unglaeubigen\\\/\"},\"author\":{\"name\":\"Orator\",\"@id\":\"https:\\\/\\\/www.inkultura-online.de\\\/politisch_unkorrekt\\\/#\\\/schema\\\/person\\\/5b30b80e385478896a1de221e1994d86\"},\"headline\":\"Warum wollen alle zu den \u201eUngl\u00e4ubigen&#8220;?\",\"datePublished\":\"2015-12-21T16:48:58+00:00\",\"dateModified\":\"2015-12-21T16:51:02+00:00\",\"mainEntityOfPage\":{\"@id\":\"https:\\\/\\\/www.inkultura-online.de\\\/politisch_unkorrekt\\\/warum-wollen-alle-zu-den-unglaeubigen\\\/\"},\"wordCount\":349,\"commentCount\":0,\"publisher\":{\"@id\":\"https:\\\/\\\/www.inkultura-online.de\\\/politisch_unkorrekt\\\/#\\\/schema\\\/person\\\/5b30b80e385478896a1de221e1994d86\"},\"keywords\":[\"Illegale\",\"Islam\",\"Willkommenskulturalisten\",\"Willkommensmafia\"],\"articleSection\":[\"Gedanken zum Tag\"],\"inLanguage\":\"de\",\"potentialAction\":[{\"@type\":\"CommentAction\",\"name\":\"Comment\",\"target\":[\"https:\\\/\\\/www.inkultura-online.de\\\/politisch_unkorrekt\\\/warum-wollen-alle-zu-den-unglaeubigen\\\/#respond\"]}]},{\"@type\":\"WebPage\",\"@id\":\"https:\\\/\\\/www.inkultura-online.de\\\/politisch_unkorrekt\\\/warum-wollen-alle-zu-den-unglaeubigen\\\/\",\"url\":\"https:\\\/\\\/www.inkultura-online.de\\\/politisch_unkorrekt\\\/warum-wollen-alle-zu-den-unglaeubigen\\\/\",\"name\":\"Warum wollen alle zu den \u201eUngl\u00e4ubigen\\\"? - Zeitgeist? Frei!\",\"isPartOf\":{\"@id\":\"https:\\\/\\\/www.inkultura-online.de\\\/politisch_unkorrekt\\\/#website\"},\"datePublished\":\"2015-12-21T16:48:58+00:00\",\"dateModified\":\"2015-12-21T16:51:02+00:00\",\"breadcrumb\":{\"@id\":\"https:\\\/\\\/www.inkultura-online.de\\\/politisch_unkorrekt\\\/warum-wollen-alle-zu-den-unglaeubigen\\\/#breadcrumb\"},\"inLanguage\":\"de\",\"potentialAction\":[{\"@type\":\"ReadAction\",\"target\":[\"https:\\\/\\\/www.inkultura-online.de\\\/politisch_unkorrekt\\\/warum-wollen-alle-zu-den-unglaeubigen\\\/\"]}]},{\"@type\":\"BreadcrumbList\",\"@id\":\"https:\\\/\\\/www.inkultura-online.de\\\/politisch_unkorrekt\\\/warum-wollen-alle-zu-den-unglaeubigen\\\/#breadcrumb\",\"itemListElement\":[{\"@type\":\"ListItem\",\"position\":1,\"name\":\"Home\",\"item\":\"https:\\\/\\\/www.inkultura-online.de\\\/politisch_unkorrekt\\\/\"},{\"@type\":\"ListItem\",\"position\":2,\"name\":\"Warum wollen alle zu den \u201eUngl\u00e4ubigen&#8220;?\"}]},{\"@type\":\"WebSite\",\"@id\":\"https:\\\/\\\/www.inkultura-online.de\\\/politisch_unkorrekt\\\/#website\",\"url\":\"https:\\\/\\\/www.inkultura-online.de\\\/politisch_unkorrekt\\\/\",\"name\":\"Zeitgeist? Frei!\",\"description\":\"Was Ihr den Geist der Zeiten hei\u00dft...\",\"publisher\":{\"@id\":\"https:\\\/\\\/www.inkultura-online.de\\\/politisch_unkorrekt\\\/#\\\/schema\\\/person\\\/5b30b80e385478896a1de221e1994d86\"},\"potentialAction\":[{\"@type\":\"SearchAction\",\"target\":{\"@type\":\"EntryPoint\",\"urlTemplate\":\"https:\\\/\\\/www.inkultura-online.de\\\/politisch_unkorrekt\\\/?s={search_term_string}\"},\"query-input\":{\"@type\":\"PropertyValueSpecification\",\"valueRequired\":true,\"valueName\":\"search_term_string\"}}],\"inLanguage\":\"de\"},{\"@type\":[\"Person\",\"Organization\"],\"@id\":\"https:\\\/\\\/www.inkultura-online.de\\\/politisch_unkorrekt\\\/#\\\/schema\\\/person\\\/5b30b80e385478896a1de221e1994d86\",\"name\":\"Orator\",\"image\":{\"@type\":\"ImageObject\",\"inLanguage\":\"de\",\"@id\":\"https:\\\/\\\/secure.gravatar.com\\\/avatar\\\/96e03166d31716e9c437060430eb7605c45a8ce6fb6dab483637ca6915dd0844?s=96&d=mm&r=g\",\"url\":\"https:\\\/\\\/secure.gravatar.com\\\/avatar\\\/96e03166d31716e9c437060430eb7605c45a8ce6fb6dab483637ca6915dd0844?s=96&d=mm&r=g\",\"contentUrl\":\"https:\\\/\\\/secure.gravatar.com\\\/avatar\\\/96e03166d31716e9c437060430eb7605c45a8ce6fb6dab483637ca6915dd0844?s=96&d=mm&r=g\",\"caption\":\"Orator\"},\"logo\":{\"@id\":\"https:\\\/\\\/secure.gravatar.com\\\/avatar\\\/96e03166d31716e9c437060430eb7605c45a8ce6fb6dab483637ca6915dd0844?s=96&d=mm&r=g\"},\"url\":\"https:\\\/\\\/www.inkultura-online.de\\\/politisch_unkorrekt\\\/author\\\/1korrektor21-2\\\/\"}]}<\/script>\n<!-- \/ Yoast SEO plugin. -->","yoast_head_json":{"title":"Warum wollen alle zu den \u201eUngl\u00e4ubigen\"? - Zeitgeist? Frei!","robots":{"index":"index","follow":"follow","max-snippet":"max-snippet:-1","max-image-preview":"max-image-preview:large","max-video-preview":"max-video-preview:-1"},"canonical":"https:\/\/www.inkultura-online.de\/politisch_unkorrekt\/warum-wollen-alle-zu-den-unglaeubigen\/","og_locale":"de_DE","og_type":"article","og_title":"Warum wollen alle zu den \u201eUngl\u00e4ubigen\"? - Zeitgeist? Frei!","og_description":"Der Islam behauptet von sich, eine Religion des Friedens und der Barmherzigkeit zu sein. So ist es die Pflicht jedes \u201eGl\u00e4ubigen\u201c \u2013 islamischen Glaubens \u2013 Menschen, die in Not geraten sind, zu helfen. Davon ist anl\u00e4sslich der Millionen \u201eFl\u00fcchtlinge\u201c, die &hellip; Weiterlesen &rarr;","og_url":"https:\/\/www.inkultura-online.de\/politisch_unkorrekt\/warum-wollen-alle-zu-den-unglaeubigen\/","og_site_name":"Zeitgeist? Frei!","article_published_time":"2015-12-21T16:48:58+00:00","article_modified_time":"2015-12-21T16:51:02+00:00","author":"Orator","twitter_misc":{"Verfasst von":"Orator","Gesch\u00e4tzte Lesezeit":"2\u00a0Minuten"},"schema":{"@context":"https:\/\/schema.org","@graph":[{"@type":"Article","@id":"https:\/\/www.inkultura-online.de\/politisch_unkorrekt\/warum-wollen-alle-zu-den-unglaeubigen\/#article","isPartOf":{"@id":"https:\/\/www.inkultura-online.de\/politisch_unkorrekt\/warum-wollen-alle-zu-den-unglaeubigen\/"},"author":{"name":"Orator","@id":"https:\/\/www.inkultura-online.de\/politisch_unkorrekt\/#\/schema\/person\/5b30b80e385478896a1de221e1994d86"},"headline":"Warum wollen alle zu den \u201eUngl\u00e4ubigen&#8220;?","datePublished":"2015-12-21T16:48:58+00:00","dateModified":"2015-12-21T16:51:02+00:00","mainEntityOfPage":{"@id":"https:\/\/www.inkultura-online.de\/politisch_unkorrekt\/warum-wollen-alle-zu-den-unglaeubigen\/"},"wordCount":349,"commentCount":0,"publisher":{"@id":"https:\/\/www.inkultura-online.de\/politisch_unkorrekt\/#\/schema\/person\/5b30b80e385478896a1de221e1994d86"},"keywords":["Illegale","Islam","Willkommenskulturalisten","Willkommensmafia"],"articleSection":["Gedanken zum Tag"],"inLanguage":"de","potentialAction":[{"@type":"CommentAction","name":"Comment","target":["https:\/\/www.inkultura-online.de\/politisch_unkorrekt\/warum-wollen-alle-zu-den-unglaeubigen\/#respond"]}]},{"@type":"WebPage","@id":"https:\/\/www.inkultura-online.de\/politisch_unkorrekt\/warum-wollen-alle-zu-den-unglaeubigen\/","url":"https:\/\/www.inkultura-online.de\/politisch_unkorrekt\/warum-wollen-alle-zu-den-unglaeubigen\/","name":"Warum wollen alle zu den \u201eUngl\u00e4ubigen\"? - Zeitgeist? Frei!","isPartOf":{"@id":"https:\/\/www.inkultura-online.de\/politisch_unkorrekt\/#website"},"datePublished":"2015-12-21T16:48:58+00:00","dateModified":"2015-12-21T16:51:02+00:00","breadcrumb":{"@id":"https:\/\/www.inkultura-online.de\/politisch_unkorrekt\/warum-wollen-alle-zu-den-unglaeubigen\/#breadcrumb"},"inLanguage":"de","potentialAction":[{"@type":"ReadAction","target":["https:\/\/www.inkultura-online.de\/politisch_unkorrekt\/warum-wollen-alle-zu-den-unglaeubigen\/"]}]},{"@type":"BreadcrumbList","@id":"https:\/\/www.inkultura-online.de\/politisch_unkorrekt\/warum-wollen-alle-zu-den-unglaeubigen\/#breadcrumb","itemListElement":[{"@type":"ListItem","position":1,"name":"Home","item":"https:\/\/www.inkultura-online.de\/politisch_unkorrekt\/"},{"@type":"ListItem","position":2,"name":"Warum wollen alle zu den \u201eUngl\u00e4ubigen&#8220;?"}]},{"@type":"WebSite","@id":"https:\/\/www.inkultura-online.de\/politisch_unkorrekt\/#website","url":"https:\/\/www.inkultura-online.de\/politisch_unkorrekt\/","name":"Zeitgeist? Frei!","description":"Was Ihr den Geist der Zeiten hei\u00dft...","publisher":{"@id":"https:\/\/www.inkultura-online.de\/politisch_unkorrekt\/#\/schema\/person\/5b30b80e385478896a1de221e1994d86"},"potentialAction":[{"@type":"SearchAction","target":{"@type":"EntryPoint","urlTemplate":"https:\/\/www.inkultura-online.de\/politisch_unkorrekt\/?s={search_term_string}"},"query-input":{"@type":"PropertyValueSpecification","valueRequired":true,"valueName":"search_term_string"}}],"inLanguage":"de"},{"@type":["Person","Organization"],"@id":"https:\/\/www.inkultura-online.de\/politisch_unkorrekt\/#\/schema\/person\/5b30b80e385478896a1de221e1994d86","name":"Orator","image":{"@type":"ImageObject","inLanguage":"de","@id":"https:\/\/secure.gravatar.com\/avatar\/96e03166d31716e9c437060430eb7605c45a8ce6fb6dab483637ca6915dd0844?s=96&d=mm&r=g","url":"https:\/\/secure.gravatar.com\/avatar\/96e03166d31716e9c437060430eb7605c45a8ce6fb6dab483637ca6915dd0844?s=96&d=mm&r=g","contentUrl":"https:\/\/secure.gravatar.com\/avatar\/96e03166d31716e9c437060430eb7605c45a8ce6fb6dab483637ca6915dd0844?s=96&d=mm&r=g","caption":"Orator"},"logo":{"@id":"https:\/\/secure.gravatar.com\/avatar\/96e03166d31716e9c437060430eb7605c45a8ce6fb6dab483637ca6915dd0844?s=96&d=mm&r=g"},"url":"https:\/\/www.inkultura-online.de\/politisch_unkorrekt\/author\/1korrektor21-2\/"}]}},"_links":{"self":[{"href":"https:\/\/www.inkultura-online.de\/politisch_unkorrekt\/wp-json\/wp\/v2\/posts\/857","targetHints":{"allow":["GET"]}}],"collection":[{"href":"https:\/\/www.inkultura-online.de\/politisch_unkorrekt\/wp-json\/wp\/v2\/posts"}],"about":[{"href":"https:\/\/www.inkultura-online.de\/politisch_unkorrekt\/wp-json\/wp\/v2\/types\/post"}],"author":[{"embeddable":true,"href":"https:\/\/www.inkultura-online.de\/politisch_unkorrekt\/wp-json\/wp\/v2\/users\/1"}],"replies":[{"embeddable":true,"href":"https:\/\/www.inkultura-online.de\/politisch_unkorrekt\/wp-json\/wp\/v2\/comments?post=857"}],"version-history":[{"count":2,"href":"https:\/\/www.inkultura-online.de\/politisch_unkorrekt\/wp-json\/wp\/v2\/posts\/857\/revisions"}],"predecessor-version":[{"id":859,"href":"https:\/\/www.inkultura-online.de\/politisch_unkorrekt\/wp-json\/wp\/v2\/posts\/857\/revisions\/859"}],"wp:attachment":[{"href":"https:\/\/www.inkultura-online.de\/politisch_unkorrekt\/wp-json\/wp\/v2\/media?parent=857"}],"wp:term":[{"taxonomy":"category","embeddable":true,"href":"https:\/\/www.inkultura-online.de\/politisch_unkorrekt\/wp-json\/wp\/v2\/categories?post=857"},{"taxonomy":"post_tag","embeddable":true,"href":"https:\/\/www.inkultura-online.de\/politisch_unkorrekt\/wp-json\/wp\/v2\/tags?post=857"}],"curies":[{"name":"wp","href":"https:\/\/api.w.org\/{rel}","templated":true}]}}