{"id":860,"date":"2015-12-24T12:36:43","date_gmt":"2015-12-24T10:36:43","guid":{"rendered":"http:\/\/www.inkultura-online.de\/politisch_unkorrekt\/?p=860"},"modified":"2015-12-24T12:36:43","modified_gmt":"2015-12-24T10:36:43","slug":"nichts-neues-vom-bundesgauckler","status":"publish","type":"post","link":"https:\/\/www.inkultura-online.de\/politisch_unkorrekt\/nichts-neues-vom-bundesgauckler\/","title":{"rendered":"Nichts Neues vom Bundesgauckler"},"content":{"rendered":"<p>Wie jedes Jahr darf der jeweilige Bundespr\u00e4sident seine Sicht der Welt in der Weihnachtsansprache an das Volk verk\u00fcnden. Seit gef\u00fchlt bleiernen unz\u00e4hligen Jahren pastoralisiert Joachim Gauck sein Lieblingsthema: Moslems und \u201eFl\u00fcchtlinge\u201c. Auch in seiner diesj\u00e4hrigen Ansprache werden diese im Mittelpunkt seiner Weltsicht stehen.<!--more--><\/p>\n<p>Merkels Herold f\u00fcr deren falsche und, in Bezug auf den unkontrollierten Zustrom illegal sich in Deutschland aufhaltender Personen sogar mit erheblicher krimineller Energie handelnde Kanzlerin, die Gesellschaft auf Dauer zersetzende Politik, haut auch dieses Jahr in die von ihm gewohnte Kerbe und schwadroniert von \u201eChancen\u201c und einer \u201eoffen gef\u00fchrten Debatte\u201c.<\/p>\n<p>Leider verga\u00df er zu erw\u00e4hnen, welche Chancen die millionenfache Landnahme f\u00fcr die autochthone Bev\u00f6lkerung bedeuten k\u00f6nnte. Ebenso ist es ein Hohn, wenn der Bundesgauckler zu einem \u201eMeinungsstreit\u201c aufruft, der offen ausgetragen werden muss. Da hat er die letzten Monate glatt verschlafen, denn alle diejenigen, die versuchen, eben diesen \u201eMeinungsstreit\u201c zu f\u00fchren, verortet der Mann des stets f\u00fcr ihn zu gro\u00dfen Anzugs, Bundesjustizminister Heiko Maas, in der Ecke der \u201ez\u00fcndelnden Biederm\u00e4nner\u201c, die es gilt mundtot zu machen. Nix da mit Gauck`scher Debatte.<\/p>\n<p>Typisch f\u00fcr das hirnlose Agieren deutscher Volksverr\u00e4ter, Verzeihung, Volksvertreter ist dann auch die Forderung des Schlossherrn von Bellevue, dass jetzt, nachdem die Katastrophe verursacht worden ist, \u201eL\u00f6sungen gefunden werden m\u00fcssten\u201c. Herr, lass Hirn vom Himmel fallen. Jeder normale, seines Geistes m\u00e4chtige B\u00fcrger macht sich vorher Gedanken dar\u00fcber, wie k\u00fcnftige Herausforderungen zu meistern w\u00e4ren. F\u00fcr die Politik gilt das anscheinend nicht, denn die l\u00f6st bevorzugt erst die Probleme aus und sucht dann nach L\u00f6sungen.<\/p>\n<p>G\u00e4be es nicht das Heer der n\u00fctzlichen Affen, die sich um \u201eFl\u00fcchtlinge\u201c k\u00fcmmern w\u00fcrden, dann w\u00e4re l\u00e4ngst das Desaster eingetreten. Doch was schert die Politik die Realit\u00e4t? Die wird doch, geht es um Migranten und unsere zuk\u00fcnftigen \u201eFachkr\u00e4fte\u201c, erbarmungslos der Ideologie angepasst. Was nicht passt, wird eben politisch angeordnet.<\/p>\n<p>Fr\u00f6hliche Weihnachten, liebe Volksverr\u00e4ter!<\/p>\n","protected":false},"excerpt":{"rendered":"<p>Wie jedes Jahr darf der jeweilige Bundespr\u00e4sident seine Sicht der Welt in der Weihnachtsansprache an das Volk verk\u00fcnden. Seit gef\u00fchlt bleiernen unz\u00e4hligen Jahren pastoralisiert Joachim Gauck sein Lieblingsthema: Moslems und \u201eFl\u00fcchtlinge\u201c. Auch in seiner diesj\u00e4hrigen Ansprache werden diese im Mittelpunkt &hellip; <a href=\"https:\/\/www.inkultura-online.de\/politisch_unkorrekt\/nichts-neues-vom-bundesgauckler\/\">Weiterlesen <span class=\"meta-nav\">&rarr;<\/span><\/a><\/p>\n","protected":false},"author":1,"featured_media":0,"comment_status":"open","ping_status":"open","sticky":false,"template":"","format":"standard","meta":{"footnotes":""},"categories":[2,3],"tags":[101,79,230,317,225],"class_list":["post-860","post","type-post","status-publish","format-standard","hentry","category-antipathie","category-die-duemmsten-sprueche-der-woche","tag-bundesgauckler","tag-fluechtlinge","tag-illegale","tag-landnahme","tag-volksverraeter"],"yoast_head":"<!-- This site is optimized with the Yoast SEO plugin v27.5 - https:\/\/yoast.com\/product\/yoast-seo-wordpress\/ -->\n<title>Nichts Neues vom Bundesgauckler - Zeitgeist? Frei!<\/title>\n<meta name=\"robots\" content=\"index, follow, max-snippet:-1, max-image-preview:large, max-video-preview:-1\" \/>\n<link rel=\"canonical\" href=\"https:\/\/www.inkultura-online.de\/politisch_unkorrekt\/nichts-neues-vom-bundesgauckler\/\" \/>\n<meta property=\"og:locale\" content=\"de_DE\" \/>\n<meta property=\"og:type\" content=\"article\" \/>\n<meta property=\"og:title\" content=\"Nichts Neues vom Bundesgauckler - Zeitgeist? Frei!\" \/>\n<meta property=\"og:description\" content=\"Wie jedes Jahr darf der jeweilige Bundespr\u00e4sident seine Sicht der Welt in der Weihnachtsansprache an das Volk verk\u00fcnden. Seit gef\u00fchlt bleiernen unz\u00e4hligen Jahren pastoralisiert Joachim Gauck sein Lieblingsthema: Moslems und \u201eFl\u00fcchtlinge\u201c. Auch in seiner diesj\u00e4hrigen Ansprache werden diese im Mittelpunkt &hellip; Weiterlesen &rarr;\" \/>\n<meta property=\"og:url\" content=\"https:\/\/www.inkultura-online.de\/politisch_unkorrekt\/nichts-neues-vom-bundesgauckler\/\" \/>\n<meta property=\"og:site_name\" content=\"Zeitgeist? Frei!\" \/>\n<meta property=\"article:published_time\" content=\"2015-12-24T10:36:43+00:00\" \/>\n<meta name=\"author\" content=\"Orator\" \/>\n<meta name=\"twitter:label1\" content=\"Verfasst von\" \/>\n\t<meta name=\"twitter:data1\" content=\"Orator\" \/>\n\t<meta name=\"twitter:label2\" content=\"Gesch\u00e4tzte Lesezeit\" \/>\n\t<meta name=\"twitter:data2\" content=\"2\u00a0Minuten\" \/>\n<script type=\"application\/ld+json\" class=\"yoast-schema-graph\">{\"@context\":\"https:\\\/\\\/schema.org\",\"@graph\":[{\"@type\":\"Article\",\"@id\":\"https:\\\/\\\/www.inkultura-online.de\\\/politisch_unkorrekt\\\/nichts-neues-vom-bundesgauckler\\\/#article\",\"isPartOf\":{\"@id\":\"https:\\\/\\\/www.inkultura-online.de\\\/politisch_unkorrekt\\\/nichts-neues-vom-bundesgauckler\\\/\"},\"author\":{\"name\":\"Orator\",\"@id\":\"https:\\\/\\\/www.inkultura-online.de\\\/politisch_unkorrekt\\\/#\\\/schema\\\/person\\\/5b30b80e385478896a1de221e1994d86\"},\"headline\":\"Nichts Neues vom Bundesgauckler\",\"datePublished\":\"2015-12-24T10:36:43+00:00\",\"mainEntityOfPage\":{\"@id\":\"https:\\\/\\\/www.inkultura-online.de\\\/politisch_unkorrekt\\\/nichts-neues-vom-bundesgauckler\\\/\"},\"wordCount\":346,\"commentCount\":0,\"publisher\":{\"@id\":\"https:\\\/\\\/www.inkultura-online.de\\\/politisch_unkorrekt\\\/#\\\/schema\\\/person\\\/5b30b80e385478896a1de221e1994d86\"},\"keywords\":[\"Bundesgauckler\",\"Fl\u00fcchtlinge\",\"Illegale\",\"Landnahme\",\"Volksverr\u00e4ter\"],\"articleSection\":[\"Antipathie\",\"Die d\u00fcmmsten Spr\u00fcche der Woche\"],\"inLanguage\":\"de\",\"potentialAction\":[{\"@type\":\"CommentAction\",\"name\":\"Comment\",\"target\":[\"https:\\\/\\\/www.inkultura-online.de\\\/politisch_unkorrekt\\\/nichts-neues-vom-bundesgauckler\\\/#respond\"]}]},{\"@type\":\"WebPage\",\"@id\":\"https:\\\/\\\/www.inkultura-online.de\\\/politisch_unkorrekt\\\/nichts-neues-vom-bundesgauckler\\\/\",\"url\":\"https:\\\/\\\/www.inkultura-online.de\\\/politisch_unkorrekt\\\/nichts-neues-vom-bundesgauckler\\\/\",\"name\":\"Nichts Neues vom Bundesgauckler - Zeitgeist? Frei!\",\"isPartOf\":{\"@id\":\"https:\\\/\\\/www.inkultura-online.de\\\/politisch_unkorrekt\\\/#website\"},\"datePublished\":\"2015-12-24T10:36:43+00:00\",\"breadcrumb\":{\"@id\":\"https:\\\/\\\/www.inkultura-online.de\\\/politisch_unkorrekt\\\/nichts-neues-vom-bundesgauckler\\\/#breadcrumb\"},\"inLanguage\":\"de\",\"potentialAction\":[{\"@type\":\"ReadAction\",\"target\":[\"https:\\\/\\\/www.inkultura-online.de\\\/politisch_unkorrekt\\\/nichts-neues-vom-bundesgauckler\\\/\"]}]},{\"@type\":\"BreadcrumbList\",\"@id\":\"https:\\\/\\\/www.inkultura-online.de\\\/politisch_unkorrekt\\\/nichts-neues-vom-bundesgauckler\\\/#breadcrumb\",\"itemListElement\":[{\"@type\":\"ListItem\",\"position\":1,\"name\":\"Home\",\"item\":\"https:\\\/\\\/www.inkultura-online.de\\\/politisch_unkorrekt\\\/\"},{\"@type\":\"ListItem\",\"position\":2,\"name\":\"Nichts Neues vom Bundesgauckler\"}]},{\"@type\":\"WebSite\",\"@id\":\"https:\\\/\\\/www.inkultura-online.de\\\/politisch_unkorrekt\\\/#website\",\"url\":\"https:\\\/\\\/www.inkultura-online.de\\\/politisch_unkorrekt\\\/\",\"name\":\"Zeitgeist? Frei!\",\"description\":\"Was Ihr den Geist der Zeiten hei\u00dft...\",\"publisher\":{\"@id\":\"https:\\\/\\\/www.inkultura-online.de\\\/politisch_unkorrekt\\\/#\\\/schema\\\/person\\\/5b30b80e385478896a1de221e1994d86\"},\"potentialAction\":[{\"@type\":\"SearchAction\",\"target\":{\"@type\":\"EntryPoint\",\"urlTemplate\":\"https:\\\/\\\/www.inkultura-online.de\\\/politisch_unkorrekt\\\/?s={search_term_string}\"},\"query-input\":{\"@type\":\"PropertyValueSpecification\",\"valueRequired\":true,\"valueName\":\"search_term_string\"}}],\"inLanguage\":\"de\"},{\"@type\":[\"Person\",\"Organization\"],\"@id\":\"https:\\\/\\\/www.inkultura-online.de\\\/politisch_unkorrekt\\\/#\\\/schema\\\/person\\\/5b30b80e385478896a1de221e1994d86\",\"name\":\"Orator\",\"image\":{\"@type\":\"ImageObject\",\"inLanguage\":\"de\",\"@id\":\"https:\\\/\\\/secure.gravatar.com\\\/avatar\\\/96e03166d31716e9c437060430eb7605c45a8ce6fb6dab483637ca6915dd0844?s=96&d=mm&r=g\",\"url\":\"https:\\\/\\\/secure.gravatar.com\\\/avatar\\\/96e03166d31716e9c437060430eb7605c45a8ce6fb6dab483637ca6915dd0844?s=96&d=mm&r=g\",\"contentUrl\":\"https:\\\/\\\/secure.gravatar.com\\\/avatar\\\/96e03166d31716e9c437060430eb7605c45a8ce6fb6dab483637ca6915dd0844?s=96&d=mm&r=g\",\"caption\":\"Orator\"},\"logo\":{\"@id\":\"https:\\\/\\\/secure.gravatar.com\\\/avatar\\\/96e03166d31716e9c437060430eb7605c45a8ce6fb6dab483637ca6915dd0844?s=96&d=mm&r=g\"},\"url\":\"https:\\\/\\\/www.inkultura-online.de\\\/politisch_unkorrekt\\\/author\\\/1korrektor21-2\\\/\"}]}<\/script>\n<!-- \/ Yoast SEO plugin. -->","yoast_head_json":{"title":"Nichts Neues vom Bundesgauckler - Zeitgeist? Frei!","robots":{"index":"index","follow":"follow","max-snippet":"max-snippet:-1","max-image-preview":"max-image-preview:large","max-video-preview":"max-video-preview:-1"},"canonical":"https:\/\/www.inkultura-online.de\/politisch_unkorrekt\/nichts-neues-vom-bundesgauckler\/","og_locale":"de_DE","og_type":"article","og_title":"Nichts Neues vom Bundesgauckler - Zeitgeist? Frei!","og_description":"Wie jedes Jahr darf der jeweilige Bundespr\u00e4sident seine Sicht der Welt in der Weihnachtsansprache an das Volk verk\u00fcnden. Seit gef\u00fchlt bleiernen unz\u00e4hligen Jahren pastoralisiert Joachim Gauck sein Lieblingsthema: Moslems und \u201eFl\u00fcchtlinge\u201c. Auch in seiner diesj\u00e4hrigen Ansprache werden diese im Mittelpunkt &hellip; Weiterlesen &rarr;","og_url":"https:\/\/www.inkultura-online.de\/politisch_unkorrekt\/nichts-neues-vom-bundesgauckler\/","og_site_name":"Zeitgeist? Frei!","article_published_time":"2015-12-24T10:36:43+00:00","author":"Orator","twitter_misc":{"Verfasst von":"Orator","Gesch\u00e4tzte Lesezeit":"2\u00a0Minuten"},"schema":{"@context":"https:\/\/schema.org","@graph":[{"@type":"Article","@id":"https:\/\/www.inkultura-online.de\/politisch_unkorrekt\/nichts-neues-vom-bundesgauckler\/#article","isPartOf":{"@id":"https:\/\/www.inkultura-online.de\/politisch_unkorrekt\/nichts-neues-vom-bundesgauckler\/"},"author":{"name":"Orator","@id":"https:\/\/www.inkultura-online.de\/politisch_unkorrekt\/#\/schema\/person\/5b30b80e385478896a1de221e1994d86"},"headline":"Nichts Neues vom Bundesgauckler","datePublished":"2015-12-24T10:36:43+00:00","mainEntityOfPage":{"@id":"https:\/\/www.inkultura-online.de\/politisch_unkorrekt\/nichts-neues-vom-bundesgauckler\/"},"wordCount":346,"commentCount":0,"publisher":{"@id":"https:\/\/www.inkultura-online.de\/politisch_unkorrekt\/#\/schema\/person\/5b30b80e385478896a1de221e1994d86"},"keywords":["Bundesgauckler","Fl\u00fcchtlinge","Illegale","Landnahme","Volksverr\u00e4ter"],"articleSection":["Antipathie","Die d\u00fcmmsten Spr\u00fcche der Woche"],"inLanguage":"de","potentialAction":[{"@type":"CommentAction","name":"Comment","target":["https:\/\/www.inkultura-online.de\/politisch_unkorrekt\/nichts-neues-vom-bundesgauckler\/#respond"]}]},{"@type":"WebPage","@id":"https:\/\/www.inkultura-online.de\/politisch_unkorrekt\/nichts-neues-vom-bundesgauckler\/","url":"https:\/\/www.inkultura-online.de\/politisch_unkorrekt\/nichts-neues-vom-bundesgauckler\/","name":"Nichts Neues vom Bundesgauckler - Zeitgeist? Frei!","isPartOf":{"@id":"https:\/\/www.inkultura-online.de\/politisch_unkorrekt\/#website"},"datePublished":"2015-12-24T10:36:43+00:00","breadcrumb":{"@id":"https:\/\/www.inkultura-online.de\/politisch_unkorrekt\/nichts-neues-vom-bundesgauckler\/#breadcrumb"},"inLanguage":"de","potentialAction":[{"@type":"ReadAction","target":["https:\/\/www.inkultura-online.de\/politisch_unkorrekt\/nichts-neues-vom-bundesgauckler\/"]}]},{"@type":"BreadcrumbList","@id":"https:\/\/www.inkultura-online.de\/politisch_unkorrekt\/nichts-neues-vom-bundesgauckler\/#breadcrumb","itemListElement":[{"@type":"ListItem","position":1,"name":"Home","item":"https:\/\/www.inkultura-online.de\/politisch_unkorrekt\/"},{"@type":"ListItem","position":2,"name":"Nichts Neues vom Bundesgauckler"}]},{"@type":"WebSite","@id":"https:\/\/www.inkultura-online.de\/politisch_unkorrekt\/#website","url":"https:\/\/www.inkultura-online.de\/politisch_unkorrekt\/","name":"Zeitgeist? Frei!","description":"Was Ihr den Geist der Zeiten hei\u00dft...","publisher":{"@id":"https:\/\/www.inkultura-online.de\/politisch_unkorrekt\/#\/schema\/person\/5b30b80e385478896a1de221e1994d86"},"potentialAction":[{"@type":"SearchAction","target":{"@type":"EntryPoint","urlTemplate":"https:\/\/www.inkultura-online.de\/politisch_unkorrekt\/?s={search_term_string}"},"query-input":{"@type":"PropertyValueSpecification","valueRequired":true,"valueName":"search_term_string"}}],"inLanguage":"de"},{"@type":["Person","Organization"],"@id":"https:\/\/www.inkultura-online.de\/politisch_unkorrekt\/#\/schema\/person\/5b30b80e385478896a1de221e1994d86","name":"Orator","image":{"@type":"ImageObject","inLanguage":"de","@id":"https:\/\/secure.gravatar.com\/avatar\/96e03166d31716e9c437060430eb7605c45a8ce6fb6dab483637ca6915dd0844?s=96&d=mm&r=g","url":"https:\/\/secure.gravatar.com\/avatar\/96e03166d31716e9c437060430eb7605c45a8ce6fb6dab483637ca6915dd0844?s=96&d=mm&r=g","contentUrl":"https:\/\/secure.gravatar.com\/avatar\/96e03166d31716e9c437060430eb7605c45a8ce6fb6dab483637ca6915dd0844?s=96&d=mm&r=g","caption":"Orator"},"logo":{"@id":"https:\/\/secure.gravatar.com\/avatar\/96e03166d31716e9c437060430eb7605c45a8ce6fb6dab483637ca6915dd0844?s=96&d=mm&r=g"},"url":"https:\/\/www.inkultura-online.de\/politisch_unkorrekt\/author\/1korrektor21-2\/"}]}},"_links":{"self":[{"href":"https:\/\/www.inkultura-online.de\/politisch_unkorrekt\/wp-json\/wp\/v2\/posts\/860","targetHints":{"allow":["GET"]}}],"collection":[{"href":"https:\/\/www.inkultura-online.de\/politisch_unkorrekt\/wp-json\/wp\/v2\/posts"}],"about":[{"href":"https:\/\/www.inkultura-online.de\/politisch_unkorrekt\/wp-json\/wp\/v2\/types\/post"}],"author":[{"embeddable":true,"href":"https:\/\/www.inkultura-online.de\/politisch_unkorrekt\/wp-json\/wp\/v2\/users\/1"}],"replies":[{"embeddable":true,"href":"https:\/\/www.inkultura-online.de\/politisch_unkorrekt\/wp-json\/wp\/v2\/comments?post=860"}],"version-history":[{"count":1,"href":"https:\/\/www.inkultura-online.de\/politisch_unkorrekt\/wp-json\/wp\/v2\/posts\/860\/revisions"}],"predecessor-version":[{"id":861,"href":"https:\/\/www.inkultura-online.de\/politisch_unkorrekt\/wp-json\/wp\/v2\/posts\/860\/revisions\/861"}],"wp:attachment":[{"href":"https:\/\/www.inkultura-online.de\/politisch_unkorrekt\/wp-json\/wp\/v2\/media?parent=860"}],"wp:term":[{"taxonomy":"category","embeddable":true,"href":"https:\/\/www.inkultura-online.de\/politisch_unkorrekt\/wp-json\/wp\/v2\/categories?post=860"},{"taxonomy":"post_tag","embeddable":true,"href":"https:\/\/www.inkultura-online.de\/politisch_unkorrekt\/wp-json\/wp\/v2\/tags?post=860"}],"curies":[{"name":"wp","href":"https:\/\/api.w.org\/{rel}","templated":true}]}}