{"id":873,"date":"2015-12-27T17:49:03","date_gmt":"2015-12-27T15:49:03","guid":{"rendered":"http:\/\/www.inkultura-online.de\/politisch_unkorrekt\/?p=873"},"modified":"2015-12-27T17:50:59","modified_gmt":"2015-12-27T15:50:59","slug":"bereicherung-nichts-als-bereicherung","status":"publish","type":"post","link":"https:\/\/www.inkultura-online.de\/politisch_unkorrekt\/bereicherung-nichts-als-bereicherung\/","title":{"rendered":"Bereicherung, nichts als Bereicherung"},"content":{"rendered":"<p>Zum Gl\u00fcck wird dem B\u00fcrger vom politisch-medialen Kartell immer wieder suggeriert, er habe den Zustrom von kulturfremden Personen oder den Aufenthalt nicht integrierbarer Nutznie\u00dfer unseres Sozialsystems unbedingt als Bereicherung aufzufassen. Widerspruch provoziert Beleidigungen seitens gew\u00e4hlter Volksverr\u00e4ter, Verzeihung, Volksvertreter. Pech nur, dass auch die zahlreichen Wiederholungen dieser Sprechblase dem Wahlvolk die kulturellen Bereicherer nicht n\u00e4her ans Herz bringen.<!--more--><\/p>\n<p>Wir erinnern uns, Sachsens Innenminister Markus Ulbig bezeichnet Pegida-Anh\u00e4nger als Ratten,\u00a0Cem \u00d6zdemir als Mischpoke, Sigmar Gabriel alle kritischen B\u00fcrger Deutschlands als Pack und aktuell Bundesfinanzminister Wolfgang Sch\u00e4uble die Mitglieder und Sympathisanten der AfD als Dumpfbacken.<\/p>\n<p>Ich vermute jetzt mal, dass diejenigen, die folgende Berichte &#8211; in den Qualit\u00e4tsmedien ver\u00f6ffentlicht! &#8211; nicht als herausragende Beispiele amtlich verordneter Bereicherung verstehen, sich unter die eben zitierten Untermenschengruppen einordnen m\u00fcssen.<\/p>\n<p>Berlin: <a href=\"http:\/\/www.tagesspiegel.de\/berlin\/polizei-justiz\/berlin-mitte-muslime-schlugen-auf-christen-ein\/12764906.html\" target=\"_blank\">Muslime schlugen auf Christen ein<\/a><\/p>\n<p>Berlin: <a href=\"http:\/\/www.spiegel.de\/panorama\/justiz\/berlin-toter-und-drei-verletze-im-wedding-a-1069602.html\" target=\"_blank\">Ein Toter und drei Verletzte bei Clanstreitigkeiten<\/a><\/p>\n<p>Bundesrepublik: <a href=\"http:\/\/www.faz.net\/aktuell\/politik\/ausland\/einbrueche-in-grossstaedten-nehmen-immer-weiter-zu-13982914.html\" target=\"_blank\">Wohnungseinbr\u00fcche k\u00f6nnen nicht mehr aufgekl\u00e4rt werden.<\/a><\/p>\n<p>Wenn ich mich selber in einer der Untermenschengruppen, die dem Regime die Treue verweigern einordnen darf, h\u00e4tte ich gerne die Nummer zwei.<\/p>\n","protected":false},"excerpt":{"rendered":"<p>Zum Gl\u00fcck wird dem B\u00fcrger vom politisch-medialen Kartell immer wieder suggeriert, er habe den Zustrom von kulturfremden Personen oder den Aufenthalt nicht integrierbarer Nutznie\u00dfer unseres Sozialsystems unbedingt als Bereicherung aufzufassen. Widerspruch provoziert Beleidigungen seitens gew\u00e4hlter Volksverr\u00e4ter, Verzeihung, Volksvertreter. Pech nur, &hellip; <a href=\"https:\/\/www.inkultura-online.de\/politisch_unkorrekt\/bereicherung-nichts-als-bereicherung\/\">Weiterlesen <span class=\"meta-nav\">&rarr;<\/span><\/a><\/p>\n","protected":false},"author":1,"featured_media":0,"comment_status":"open","ping_status":"open","sticky":false,"template":"","format":"standard","meta":{"footnotes":""},"categories":[378,1,444],"tags":[507,506,504,369,505,225],"class_list":["post-873","post","type-post","status-publish","format-standard","hentry","category-denunzianten","category-fundstuecke","category-gedanken-zum-tag","tag-bereicherung","tag-kulturfremde","tag-mischpoke","tag-pack","tag-ratten","tag-volksverraeter"],"yoast_head":"<!-- This site is optimized with the Yoast SEO plugin v27.5 - https:\/\/yoast.com\/product\/yoast-seo-wordpress\/ -->\n<title>Bereicherung, nichts als Bereicherung - Zeitgeist? Frei!<\/title>\n<meta name=\"robots\" content=\"index, follow, max-snippet:-1, max-image-preview:large, max-video-preview:-1\" \/>\n<link rel=\"canonical\" href=\"https:\/\/www.inkultura-online.de\/politisch_unkorrekt\/bereicherung-nichts-als-bereicherung\/\" \/>\n<meta property=\"og:locale\" content=\"de_DE\" \/>\n<meta property=\"og:type\" content=\"article\" \/>\n<meta property=\"og:title\" content=\"Bereicherung, nichts als Bereicherung - Zeitgeist? Frei!\" \/>\n<meta property=\"og:description\" content=\"Zum Gl\u00fcck wird dem B\u00fcrger vom politisch-medialen Kartell immer wieder suggeriert, er habe den Zustrom von kulturfremden Personen oder den Aufenthalt nicht integrierbarer Nutznie\u00dfer unseres Sozialsystems unbedingt als Bereicherung aufzufassen. Widerspruch provoziert Beleidigungen seitens gew\u00e4hlter Volksverr\u00e4ter, Verzeihung, Volksvertreter. Pech nur, &hellip; Weiterlesen &rarr;\" \/>\n<meta property=\"og:url\" content=\"https:\/\/www.inkultura-online.de\/politisch_unkorrekt\/bereicherung-nichts-als-bereicherung\/\" \/>\n<meta property=\"og:site_name\" content=\"Zeitgeist? Frei!\" \/>\n<meta property=\"article:published_time\" content=\"2015-12-27T15:49:03+00:00\" \/>\n<meta property=\"article:modified_time\" content=\"2015-12-27T15:50:59+00:00\" \/>\n<meta name=\"author\" content=\"Orator\" \/>\n<meta name=\"twitter:label1\" content=\"Verfasst von\" \/>\n\t<meta name=\"twitter:data1\" content=\"Orator\" \/>\n\t<meta name=\"twitter:label2\" content=\"Gesch\u00e4tzte Lesezeit\" \/>\n\t<meta name=\"twitter:data2\" content=\"1\u00a0Minute\" \/>\n<script type=\"application\/ld+json\" class=\"yoast-schema-graph\">{\"@context\":\"https:\\\/\\\/schema.org\",\"@graph\":[{\"@type\":\"Article\",\"@id\":\"https:\\\/\\\/www.inkultura-online.de\\\/politisch_unkorrekt\\\/bereicherung-nichts-als-bereicherung\\\/#article\",\"isPartOf\":{\"@id\":\"https:\\\/\\\/www.inkultura-online.de\\\/politisch_unkorrekt\\\/bereicherung-nichts-als-bereicherung\\\/\"},\"author\":{\"name\":\"Orator\",\"@id\":\"https:\\\/\\\/www.inkultura-online.de\\\/politisch_unkorrekt\\\/#\\\/schema\\\/person\\\/5b30b80e385478896a1de221e1994d86\"},\"headline\":\"Bereicherung, nichts als Bereicherung\",\"datePublished\":\"2015-12-27T15:49:03+00:00\",\"dateModified\":\"2015-12-27T15:50:59+00:00\",\"mainEntityOfPage\":{\"@id\":\"https:\\\/\\\/www.inkultura-online.de\\\/politisch_unkorrekt\\\/bereicherung-nichts-als-bereicherung\\\/\"},\"wordCount\":187,\"commentCount\":0,\"publisher\":{\"@id\":\"https:\\\/\\\/www.inkultura-online.de\\\/politisch_unkorrekt\\\/#\\\/schema\\\/person\\\/5b30b80e385478896a1de221e1994d86\"},\"keywords\":[\"Bereicherung\",\"Kulturfremde\",\"Mischpoke\",\"Pack\",\"Ratten\",\"Volksverr\u00e4ter\"],\"articleSection\":[\"Denunzianten und Volksverr\u00e4ter\",\"Fundst\u00fccke\",\"Gedanken zum Tag\"],\"inLanguage\":\"de\",\"potentialAction\":[{\"@type\":\"CommentAction\",\"name\":\"Comment\",\"target\":[\"https:\\\/\\\/www.inkultura-online.de\\\/politisch_unkorrekt\\\/bereicherung-nichts-als-bereicherung\\\/#respond\"]}]},{\"@type\":\"WebPage\",\"@id\":\"https:\\\/\\\/www.inkultura-online.de\\\/politisch_unkorrekt\\\/bereicherung-nichts-als-bereicherung\\\/\",\"url\":\"https:\\\/\\\/www.inkultura-online.de\\\/politisch_unkorrekt\\\/bereicherung-nichts-als-bereicherung\\\/\",\"name\":\"Bereicherung, nichts als Bereicherung - Zeitgeist? Frei!\",\"isPartOf\":{\"@id\":\"https:\\\/\\\/www.inkultura-online.de\\\/politisch_unkorrekt\\\/#website\"},\"datePublished\":\"2015-12-27T15:49:03+00:00\",\"dateModified\":\"2015-12-27T15:50:59+00:00\",\"breadcrumb\":{\"@id\":\"https:\\\/\\\/www.inkultura-online.de\\\/politisch_unkorrekt\\\/bereicherung-nichts-als-bereicherung\\\/#breadcrumb\"},\"inLanguage\":\"de\",\"potentialAction\":[{\"@type\":\"ReadAction\",\"target\":[\"https:\\\/\\\/www.inkultura-online.de\\\/politisch_unkorrekt\\\/bereicherung-nichts-als-bereicherung\\\/\"]}]},{\"@type\":\"BreadcrumbList\",\"@id\":\"https:\\\/\\\/www.inkultura-online.de\\\/politisch_unkorrekt\\\/bereicherung-nichts-als-bereicherung\\\/#breadcrumb\",\"itemListElement\":[{\"@type\":\"ListItem\",\"position\":1,\"name\":\"Home\",\"item\":\"https:\\\/\\\/www.inkultura-online.de\\\/politisch_unkorrekt\\\/\"},{\"@type\":\"ListItem\",\"position\":2,\"name\":\"Bereicherung, nichts als Bereicherung\"}]},{\"@type\":\"WebSite\",\"@id\":\"https:\\\/\\\/www.inkultura-online.de\\\/politisch_unkorrekt\\\/#website\",\"url\":\"https:\\\/\\\/www.inkultura-online.de\\\/politisch_unkorrekt\\\/\",\"name\":\"Zeitgeist? Frei!\",\"description\":\"Was Ihr den Geist der Zeiten hei\u00dft...\",\"publisher\":{\"@id\":\"https:\\\/\\\/www.inkultura-online.de\\\/politisch_unkorrekt\\\/#\\\/schema\\\/person\\\/5b30b80e385478896a1de221e1994d86\"},\"potentialAction\":[{\"@type\":\"SearchAction\",\"target\":{\"@type\":\"EntryPoint\",\"urlTemplate\":\"https:\\\/\\\/www.inkultura-online.de\\\/politisch_unkorrekt\\\/?s={search_term_string}\"},\"query-input\":{\"@type\":\"PropertyValueSpecification\",\"valueRequired\":true,\"valueName\":\"search_term_string\"}}],\"inLanguage\":\"de\"},{\"@type\":[\"Person\",\"Organization\"],\"@id\":\"https:\\\/\\\/www.inkultura-online.de\\\/politisch_unkorrekt\\\/#\\\/schema\\\/person\\\/5b30b80e385478896a1de221e1994d86\",\"name\":\"Orator\",\"image\":{\"@type\":\"ImageObject\",\"inLanguage\":\"de\",\"@id\":\"https:\\\/\\\/secure.gravatar.com\\\/avatar\\\/96e03166d31716e9c437060430eb7605c45a8ce6fb6dab483637ca6915dd0844?s=96&d=mm&r=g\",\"url\":\"https:\\\/\\\/secure.gravatar.com\\\/avatar\\\/96e03166d31716e9c437060430eb7605c45a8ce6fb6dab483637ca6915dd0844?s=96&d=mm&r=g\",\"contentUrl\":\"https:\\\/\\\/secure.gravatar.com\\\/avatar\\\/96e03166d31716e9c437060430eb7605c45a8ce6fb6dab483637ca6915dd0844?s=96&d=mm&r=g\",\"caption\":\"Orator\"},\"logo\":{\"@id\":\"https:\\\/\\\/secure.gravatar.com\\\/avatar\\\/96e03166d31716e9c437060430eb7605c45a8ce6fb6dab483637ca6915dd0844?s=96&d=mm&r=g\"},\"url\":\"https:\\\/\\\/www.inkultura-online.de\\\/politisch_unkorrekt\\\/author\\\/1korrektor21-2\\\/\"}]}<\/script>\n<!-- \/ Yoast SEO plugin. -->","yoast_head_json":{"title":"Bereicherung, nichts als Bereicherung - Zeitgeist? Frei!","robots":{"index":"index","follow":"follow","max-snippet":"max-snippet:-1","max-image-preview":"max-image-preview:large","max-video-preview":"max-video-preview:-1"},"canonical":"https:\/\/www.inkultura-online.de\/politisch_unkorrekt\/bereicherung-nichts-als-bereicherung\/","og_locale":"de_DE","og_type":"article","og_title":"Bereicherung, nichts als Bereicherung - Zeitgeist? Frei!","og_description":"Zum Gl\u00fcck wird dem B\u00fcrger vom politisch-medialen Kartell immer wieder suggeriert, er habe den Zustrom von kulturfremden Personen oder den Aufenthalt nicht integrierbarer Nutznie\u00dfer unseres Sozialsystems unbedingt als Bereicherung aufzufassen. Widerspruch provoziert Beleidigungen seitens gew\u00e4hlter Volksverr\u00e4ter, Verzeihung, Volksvertreter. Pech nur, &hellip; Weiterlesen &rarr;","og_url":"https:\/\/www.inkultura-online.de\/politisch_unkorrekt\/bereicherung-nichts-als-bereicherung\/","og_site_name":"Zeitgeist? Frei!","article_published_time":"2015-12-27T15:49:03+00:00","article_modified_time":"2015-12-27T15:50:59+00:00","author":"Orator","twitter_misc":{"Verfasst von":"Orator","Gesch\u00e4tzte Lesezeit":"1\u00a0Minute"},"schema":{"@context":"https:\/\/schema.org","@graph":[{"@type":"Article","@id":"https:\/\/www.inkultura-online.de\/politisch_unkorrekt\/bereicherung-nichts-als-bereicherung\/#article","isPartOf":{"@id":"https:\/\/www.inkultura-online.de\/politisch_unkorrekt\/bereicherung-nichts-als-bereicherung\/"},"author":{"name":"Orator","@id":"https:\/\/www.inkultura-online.de\/politisch_unkorrekt\/#\/schema\/person\/5b30b80e385478896a1de221e1994d86"},"headline":"Bereicherung, nichts als Bereicherung","datePublished":"2015-12-27T15:49:03+00:00","dateModified":"2015-12-27T15:50:59+00:00","mainEntityOfPage":{"@id":"https:\/\/www.inkultura-online.de\/politisch_unkorrekt\/bereicherung-nichts-als-bereicherung\/"},"wordCount":187,"commentCount":0,"publisher":{"@id":"https:\/\/www.inkultura-online.de\/politisch_unkorrekt\/#\/schema\/person\/5b30b80e385478896a1de221e1994d86"},"keywords":["Bereicherung","Kulturfremde","Mischpoke","Pack","Ratten","Volksverr\u00e4ter"],"articleSection":["Denunzianten und Volksverr\u00e4ter","Fundst\u00fccke","Gedanken zum Tag"],"inLanguage":"de","potentialAction":[{"@type":"CommentAction","name":"Comment","target":["https:\/\/www.inkultura-online.de\/politisch_unkorrekt\/bereicherung-nichts-als-bereicherung\/#respond"]}]},{"@type":"WebPage","@id":"https:\/\/www.inkultura-online.de\/politisch_unkorrekt\/bereicherung-nichts-als-bereicherung\/","url":"https:\/\/www.inkultura-online.de\/politisch_unkorrekt\/bereicherung-nichts-als-bereicherung\/","name":"Bereicherung, nichts als Bereicherung - Zeitgeist? Frei!","isPartOf":{"@id":"https:\/\/www.inkultura-online.de\/politisch_unkorrekt\/#website"},"datePublished":"2015-12-27T15:49:03+00:00","dateModified":"2015-12-27T15:50:59+00:00","breadcrumb":{"@id":"https:\/\/www.inkultura-online.de\/politisch_unkorrekt\/bereicherung-nichts-als-bereicherung\/#breadcrumb"},"inLanguage":"de","potentialAction":[{"@type":"ReadAction","target":["https:\/\/www.inkultura-online.de\/politisch_unkorrekt\/bereicherung-nichts-als-bereicherung\/"]}]},{"@type":"BreadcrumbList","@id":"https:\/\/www.inkultura-online.de\/politisch_unkorrekt\/bereicherung-nichts-als-bereicherung\/#breadcrumb","itemListElement":[{"@type":"ListItem","position":1,"name":"Home","item":"https:\/\/www.inkultura-online.de\/politisch_unkorrekt\/"},{"@type":"ListItem","position":2,"name":"Bereicherung, nichts als Bereicherung"}]},{"@type":"WebSite","@id":"https:\/\/www.inkultura-online.de\/politisch_unkorrekt\/#website","url":"https:\/\/www.inkultura-online.de\/politisch_unkorrekt\/","name":"Zeitgeist? Frei!","description":"Was Ihr den Geist der Zeiten hei\u00dft...","publisher":{"@id":"https:\/\/www.inkultura-online.de\/politisch_unkorrekt\/#\/schema\/person\/5b30b80e385478896a1de221e1994d86"},"potentialAction":[{"@type":"SearchAction","target":{"@type":"EntryPoint","urlTemplate":"https:\/\/www.inkultura-online.de\/politisch_unkorrekt\/?s={search_term_string}"},"query-input":{"@type":"PropertyValueSpecification","valueRequired":true,"valueName":"search_term_string"}}],"inLanguage":"de"},{"@type":["Person","Organization"],"@id":"https:\/\/www.inkultura-online.de\/politisch_unkorrekt\/#\/schema\/person\/5b30b80e385478896a1de221e1994d86","name":"Orator","image":{"@type":"ImageObject","inLanguage":"de","@id":"https:\/\/secure.gravatar.com\/avatar\/96e03166d31716e9c437060430eb7605c45a8ce6fb6dab483637ca6915dd0844?s=96&d=mm&r=g","url":"https:\/\/secure.gravatar.com\/avatar\/96e03166d31716e9c437060430eb7605c45a8ce6fb6dab483637ca6915dd0844?s=96&d=mm&r=g","contentUrl":"https:\/\/secure.gravatar.com\/avatar\/96e03166d31716e9c437060430eb7605c45a8ce6fb6dab483637ca6915dd0844?s=96&d=mm&r=g","caption":"Orator"},"logo":{"@id":"https:\/\/secure.gravatar.com\/avatar\/96e03166d31716e9c437060430eb7605c45a8ce6fb6dab483637ca6915dd0844?s=96&d=mm&r=g"},"url":"https:\/\/www.inkultura-online.de\/politisch_unkorrekt\/author\/1korrektor21-2\/"}]}},"_links":{"self":[{"href":"https:\/\/www.inkultura-online.de\/politisch_unkorrekt\/wp-json\/wp\/v2\/posts\/873","targetHints":{"allow":["GET"]}}],"collection":[{"href":"https:\/\/www.inkultura-online.de\/politisch_unkorrekt\/wp-json\/wp\/v2\/posts"}],"about":[{"href":"https:\/\/www.inkultura-online.de\/politisch_unkorrekt\/wp-json\/wp\/v2\/types\/post"}],"author":[{"embeddable":true,"href":"https:\/\/www.inkultura-online.de\/politisch_unkorrekt\/wp-json\/wp\/v2\/users\/1"}],"replies":[{"embeddable":true,"href":"https:\/\/www.inkultura-online.de\/politisch_unkorrekt\/wp-json\/wp\/v2\/comments?post=873"}],"version-history":[{"count":2,"href":"https:\/\/www.inkultura-online.de\/politisch_unkorrekt\/wp-json\/wp\/v2\/posts\/873\/revisions"}],"predecessor-version":[{"id":876,"href":"https:\/\/www.inkultura-online.de\/politisch_unkorrekt\/wp-json\/wp\/v2\/posts\/873\/revisions\/876"}],"wp:attachment":[{"href":"https:\/\/www.inkultura-online.de\/politisch_unkorrekt\/wp-json\/wp\/v2\/media?parent=873"}],"wp:term":[{"taxonomy":"category","embeddable":true,"href":"https:\/\/www.inkultura-online.de\/politisch_unkorrekt\/wp-json\/wp\/v2\/categories?post=873"},{"taxonomy":"post_tag","embeddable":true,"href":"https:\/\/www.inkultura-online.de\/politisch_unkorrekt\/wp-json\/wp\/v2\/tags?post=873"}],"curies":[{"name":"wp","href":"https:\/\/api.w.org\/{rel}","templated":true}]}}